{"id":63069,"date":"2013-06-30T07:51:01","date_gmt":"2013-06-30T10:51:01","guid":{"rendered":"http:\/\/franciscanos.org.br\/?p=63069"},"modified":"2020-07-09T12:04:17","modified_gmt":"2020-07-09T15:04:17","slug":"a-religiosidade-popular-nos-santos-juninos","status":"publish","type":"post","link":"https:\/\/franciscanos.org.br\/vidacrista\/a-religiosidade-popular-nos-santos-juninos\/","title":{"rendered":"A religiosidade popular nos Santos Juninos"},"content":{"rendered":"<div id=\"master\" style=\"color: #000000;\">\n<div id=\"conteudo\">\n<div id=\"texto\">\n<p style=\"text-align: left;\" align=\"center\"><strong><img decoding=\"async\" loading=\"lazy\" class=\"alignright size-full wp-image-63070\" src=\"http:\/\/franciscanos.org.br\/wp-content\/uploads\/2014\/06\/junho.jpg\" alt=\"junho\" width=\"450\" height=\"565\" \/>Frei Luiz Iakovacz<\/strong><\/p>\n<p style=\"text-align: left;\">Do primeiro ao \u00faltimo dia de junho, festas populares pululam em todos os recantos da sociedade: igrejas, escolas, associa\u00e7\u00f5es, entidades p\u00fablicas ou comerciais.<\/p>\n<p style=\"text-align: left;\">Por que toda essa efervesc\u00eancia? Porque h\u00e1 uma longa caminhada hist\u00f3rica, mesclando o popular com o religioso e vice-versa. Vejamos! Dos doze meses, junho \u00e9 o sexto, isto \u00e9, est\u00e1 no meio e \u00e9 nele que acontece o primeiro solst\u00edcio do ano. No Hemisf\u00e9rio Norte, inicia-se o ver\u00e3o com o dia mais longo do ano, enquanto o Hemisf\u00e9rio Sul entra no inverno, com seu dia mais curto. No frio, plantam-se trigo e colhem-se frutas, milho, batata, pinh\u00e3o; no ver\u00e3o, plantam-se e colhem-se feij\u00e3o, arroz,\u00a0 verduras, milho.<\/p>\n<p style=\"text-align: left;\">O agricultor festeja o plantio e a colheita no in\u00edcio do inverno e do ver\u00e3o.<\/p>\n<p style=\"text-align: left;\">Na Gr\u00e9cia antiga, junho era o m\u00eas recheado de festas e de Jogos Ol\u00edmpicos. O povo romano dizia que ele tem sua origem na deusa Juno, esposa de J\u00fapiter, padroeira do casamento; ela \u00e9 a protetora do lar e da mulher (fertilidade). Portanto, h\u00e1 um misto cultural interligando o religioso com a natureza e esta com aquele. Em ambos, festeja-se o in\u00edcio da vida (plantio, gravidez) e a gratid\u00e3o pelo fruto colhido.<\/p>\n<p style=\"text-align: left;\">A Igreja Cat\u00f3lica, em junho, celebra tr\u00eas santos que se tornaram os mais populares de todos: Santo Ant\u00f4nio (13), S\u00e3o Jo\u00e3o Batista (24) e S\u00e3o Pedro (29).<\/p>\n<p style=\"text-align: left;\">Santo Ant\u00f4nio, um apaixonado pela B\u00edblia, era dotado de extraordin\u00e1ria intelig\u00eancia e foi o pregador mais popular da It\u00e1lia, atraindo multid\u00f5es que, tocadas pela Palavra de Deus, se convertiam. Morreu jovem, aos 36 anos, e foi canonizado apenas 11 meses ap\u00f3s sua morte. J\u00e1 em vida era tido como \u201csanto milagreiro\u201d. Apesar da popularidade, n\u00e3o se envaideceu. Viveu uma vida simples, trabalhando na cozinha e limpando a casa onde morava; no meio do povo, escutava e atendia a todos, especialmente os mais humildes. Isto criou la\u00e7os afetivos t\u00e3o fortes que o pr\u00f3prio povo o invocava quando desaparecia qualquer coisa\u2026 Era ele que fazia encontrar o que \u201cestava perdido\u201d. Quando os pobres passavam priva\u00e7\u00f5es ou injusti\u00e7as, ele era o \u201cp\u00e3o dos pobres\u201d. H\u00e1 uma cren\u00e7a de colocar o \u201cp\u00e3o de Santo Ant\u00f4nio\u201d junto aos alimentos para que estes nunca faltem. O profeta Elias fez o mesmo com a vi\u00fava de Sarepta (cf. 1 Rs 17,7-16).<\/p>\n<p style=\"text-align: left;\">Diferentemente de Santo Ant\u00f4nio, Jo\u00e3o Batista viveu uma vida austera no deserto, vestindo roupas rudes e alimentando-se com gafanhotos e mel silvestre (cf. Mt 3,4). Mas, a maneira inusitada do seu nascimento \u2013 de um casal idoso e est\u00e9ril \u2013 trouxe uma alegria em toda a regi\u00e3o, que se reuniu para celebrar este extraordin\u00e1rio fato e, no oitavo dia, o circuncidou (cf. Lc 1,57-80).<\/p>\n<p style=\"text-align: left;\">Por que n\u00e3o pensar na possibilidade do povo, ao redor de uma fogueira \u2013 como j\u00e1 era costume -, partilhar os primeiros frutos da colheita, soltar foguetes e bal\u00f5es, dan\u00e7ar e festejar?<\/p>\n<p style=\"text-align: left;\">O povo \u00e9 muito imaginativo e come\u00e7a a dizer: \u201cIsabel combinou com Maria que, quando nascesse o menino, acenderia uma fogueira para avis\u00e1-la\u201d; \u201cos bal\u00f5es que sobem, levam os pedidos ao c\u00e9u\u201d; \u201cos fogos afugentam os maus esp\u00edritos e acordam S\u00e3o Jo\u00e3o\u201d; a dan\u00e7a faz parte da alegria e da festa partilhada.<\/p>\n<p style=\"text-align: left;\">S\u00e3o Pedro, o primeiro dos ap\u00f3stolos, \u00e9 representado com as chaves; \u00e9 ele que \u201cabre ou fecha a porta do c\u00e9u\u2026 \u00e9 ele que fecha ou abre a torneira para chover ou n\u00e3o\u201d. Como pescador, \u00e9 padroeiro deles e s\u00e3o eles que realizam a prociss\u00e3o fluvial ou mar\u00edtima. Como casado, \u00e9 padroeiro das vi\u00favas e a elas cabe organizar a festa.<\/p>\n<p style=\"text-align: left;\">Em suma, os 3 santos mexem com o dia a dia do povo, especialmente dos mais humildes. Mas o que \u201cpega mesmo\u201d \u00e9 o casamento, do qual Santo Ant\u00f4nio \u00e9 o referencial. Chega-se, at\u00e9, \u00e0 \u201ccerta viol\u00eancia\u201d, amarrando sua imagem de cabe\u00e7a para baixo ou separando o Menino Jesus de seus bra\u00e7os.<\/p>\n<p style=\"text-align: left;\">Ser\u00e1 maldade?! Com certeza, n\u00e3o! O casamento \u00e9 algo t\u00e3o forte no ser humano que a sociedade \u201cestranha\u201d quem n\u00e3o se casa. Querendo ou n\u00e3o, a religiosidade popular vem ao encontro do imagin\u00e1rio do povo, e \u00e9 criativa. Pode ser, at\u00e9, que \u201cacrescenta, mas n\u00e3o inventa\u201d. \u00c9 preciso acreditar mais na for\u00e7a do povo.<\/p>\n<\/div>\n<\/div>\n<\/div>\n","protected":false},"excerpt":{"rendered":"<p>Artigo de Frei Luiz Iakovacz<\/p>\n","protected":false},"author":1,"featured_media":185633,"comment_status":"closed","ping_status":"open","sticky":false,"template":"","format":"standard","meta":{"footnotes":""},"categories":[26],"tags":[208],"yoast_head":"<!-- This site is optimized with the Yoast SEO plugin v19.4 - https:\/\/yoast.com\/wordpress\/plugins\/seo\/ -->\n<title>A religiosidade popular nos Santos Juninos - Vida Crist\u00e3 - Franciscanos<\/title>\n<meta name=\"robots\" content=\"index, follow, max-snippet:-1, max-image-preview:large, max-video-preview:-1\" \/>\n<link rel=\"canonical\" href=\"https:\/\/franciscanos.org.br\/vidacrista\/a-religiosidade-popular-nos-santos-juninos\/\" \/>\n<meta property=\"og:locale\" content=\"pt_BR\" \/>\n<meta property=\"og:type\" content=\"article\" \/>\n<meta property=\"og:title\" content=\"A religiosidade popular nos Santos Juninos - Vida Crist\u00e3 - Franciscanos\" \/>\n<meta property=\"og:description\" content=\"Artigo de Frei Luiz Iakovacz\" \/>\n<meta property=\"og:url\" content=\"https:\/\/franciscanos.org.br\/vidacrista\/a-religiosidade-popular-nos-santos-juninos\/\" \/>\n<meta property=\"og:site_name\" content=\"Vida Crist\u00e3 - Franciscanos\" \/>\n<meta property=\"article:published_time\" content=\"2013-06-30T10:51:01+00:00\" \/>\n<meta property=\"article:modified_time\" content=\"2020-07-09T15:04:17+00:00\" \/>\n<meta property=\"og:image\" content=\"https:\/\/franciscanos.org.br\/vidacrista\/wp-content\/uploads\/2012\/06\/junho.jpg\" \/>\n\t<meta property=\"og:image:width\" content=\"800\" \/>\n\t<meta property=\"og:image:height\" content=\"599\" \/>\n\t<meta property=\"og:image:type\" content=\"image\/jpeg\" \/>\n<meta name=\"author\" content=\"admin\" \/>\n<meta name=\"twitter:card\" content=\"summary_large_image\" \/>\n<meta name=\"twitter:label1\" content=\"Escrito por\" \/>\n\t<meta name=\"twitter:data1\" content=\"admin\" \/>\n\t<meta name=\"twitter:label2\" content=\"Est. tempo de leitura\" \/>\n\t<meta name=\"twitter:data2\" content=\"4 minutos\" \/>\n<script type=\"application\/ld+json\" class=\"yoast-schema-graph\">{\"@context\":\"https:\/\/schema.org\",\"@graph\":[{\"@type\":\"WebSite\",\"@id\":\"https:\/\/franciscanos.org.br\/vidacrista\/#website\",\"url\":\"https:\/\/franciscanos.org.br\/vidacrista\/\",\"name\":\"Vida Crist\u00e3 - Franciscanos\",\"description\":\"Prov\u00edncia Franciscana da Imaculada Concei\u00e7\u00e3o do Brasil - Ordem dos Frades Menores\",\"potentialAction\":[{\"@type\":\"SearchAction\",\"target\":{\"@type\":\"EntryPoint\",\"urlTemplate\":\"https:\/\/franciscanos.org.br\/vidacrista\/?s={search_term_string}\"},\"query-input\":\"required name=search_term_string\"}],\"inLanguage\":\"pt-BR\"},{\"@type\":\"WebPage\",\"@id\":\"https:\/\/franciscanos.org.br\/vidacrista\/a-religiosidade-popular-nos-santos-juninos\/\",\"url\":\"https:\/\/franciscanos.org.br\/vidacrista\/a-religiosidade-popular-nos-santos-juninos\/\",\"name\":\"A religiosidade popular nos Santos Juninos - Vida Crist\u00e3 - Franciscanos\",\"isPartOf\":{\"@id\":\"https:\/\/franciscanos.org.br\/vidacrista\/#website\"},\"datePublished\":\"2013-06-30T10:51:01+00:00\",\"dateModified\":\"2020-07-09T15:04:17+00:00\",\"author\":{\"@id\":\"https:\/\/franciscanos.org.br\/vidacrista\/#\/schema\/person\/133632ca93cec555316a35f76ab4153b\"},\"breadcrumb\":{\"@id\":\"https:\/\/franciscanos.org.br\/vidacrista\/a-religiosidade-popular-nos-santos-juninos\/#breadcrumb\"},\"inLanguage\":\"pt-BR\",\"potentialAction\":[{\"@type\":\"ReadAction\",\"target\":[\"https:\/\/franciscanos.org.br\/vidacrista\/a-religiosidade-popular-nos-santos-juninos\/\"]}]},{\"@type\":\"BreadcrumbList\",\"@id\":\"https:\/\/franciscanos.org.br\/vidacrista\/a-religiosidade-popular-nos-santos-juninos\/#breadcrumb\",\"itemListElement\":[{\"@type\":\"ListItem\",\"position\":1,\"name\":\"Home\",\"item\":\"https:\/\/franciscanos.org.br\/vidacrista\/\"},{\"@type\":\"ListItem\",\"position\":2,\"name\":\"A religiosidade popular nos Santos Juninos\"}]},{\"@type\":\"Person\",\"@id\":\"https:\/\/franciscanos.org.br\/vidacrista\/#\/schema\/person\/133632ca93cec555316a35f76ab4153b\",\"name\":\"admin\",\"image\":{\"@type\":\"ImageObject\",\"inLanguage\":\"pt-BR\",\"@id\":\"https:\/\/franciscanos.org.br\/vidacrista\/#\/schema\/person\/image\/\",\"url\":\"https:\/\/secure.gravatar.com\/avatar\/e8495742d34d0ba6448ea1c628263b3e?s=96&d=mm&r=g\",\"contentUrl\":\"https:\/\/secure.gravatar.com\/avatar\/e8495742d34d0ba6448ea1c628263b3e?s=96&d=mm&r=g\",\"caption\":\"admin\"},\"url\":\"https:\/\/franciscanos.org.br\/vidacrista\/author\/admin\/\"}]}<\/script>\n<!-- \/ Yoast SEO plugin. -->","yoast_head_json":{"title":"A religiosidade popular nos Santos Juninos - Vida Crist\u00e3 - Franciscanos","robots":{"index":"index","follow":"follow","max-snippet":"max-snippet:-1","max-image-preview":"max-image-preview:large","max-video-preview":"max-video-preview:-1"},"canonical":"https:\/\/franciscanos.org.br\/vidacrista\/a-religiosidade-popular-nos-santos-juninos\/","og_locale":"pt_BR","og_type":"article","og_title":"A religiosidade popular nos Santos Juninos - Vida Crist\u00e3 - Franciscanos","og_description":"Artigo de Frei Luiz Iakovacz","og_url":"https:\/\/franciscanos.org.br\/vidacrista\/a-religiosidade-popular-nos-santos-juninos\/","og_site_name":"Vida Crist\u00e3 - Franciscanos","article_published_time":"2013-06-30T10:51:01+00:00","article_modified_time":"2020-07-09T15:04:17+00:00","og_image":[{"width":800,"height":599,"url":"https:\/\/franciscanos.org.br\/vidacrista\/wp-content\/uploads\/2012\/06\/junho.jpg","type":"image\/jpeg"}],"author":"admin","twitter_card":"summary_large_image","twitter_misc":{"Escrito por":"admin","Est. tempo de leitura":"4 minutos"},"schema":{"@context":"https:\/\/schema.org","@graph":[{"@type":"WebSite","@id":"https:\/\/franciscanos.org.br\/vidacrista\/#website","url":"https:\/\/franciscanos.org.br\/vidacrista\/","name":"Vida Crist\u00e3 - Franciscanos","description":"Prov\u00edncia Franciscana da Imaculada Concei\u00e7\u00e3o do Brasil - Ordem dos Frades Menores","potentialAction":[{"@type":"SearchAction","target":{"@type":"EntryPoint","urlTemplate":"https:\/\/franciscanos.org.br\/vidacrista\/?s={search_term_string}"},"query-input":"required name=search_term_string"}],"inLanguage":"pt-BR"},{"@type":"WebPage","@id":"https:\/\/franciscanos.org.br\/vidacrista\/a-religiosidade-popular-nos-santos-juninos\/","url":"https:\/\/franciscanos.org.br\/vidacrista\/a-religiosidade-popular-nos-santos-juninos\/","name":"A religiosidade popular nos Santos Juninos - Vida Crist\u00e3 - Franciscanos","isPartOf":{"@id":"https:\/\/franciscanos.org.br\/vidacrista\/#website"},"datePublished":"2013-06-30T10:51:01+00:00","dateModified":"2020-07-09T15:04:17+00:00","author":{"@id":"https:\/\/franciscanos.org.br\/vidacrista\/#\/schema\/person\/133632ca93cec555316a35f76ab4153b"},"breadcrumb":{"@id":"https:\/\/franciscanos.org.br\/vidacrista\/a-religiosidade-popular-nos-santos-juninos\/#breadcrumb"},"inLanguage":"pt-BR","potentialAction":[{"@type":"ReadAction","target":["https:\/\/franciscanos.org.br\/vidacrista\/a-religiosidade-popular-nos-santos-juninos\/"]}]},{"@type":"BreadcrumbList","@id":"https:\/\/franciscanos.org.br\/vidacrista\/a-religiosidade-popular-nos-santos-juninos\/#breadcrumb","itemListElement":[{"@type":"ListItem","position":1,"name":"Home","item":"https:\/\/franciscanos.org.br\/vidacrista\/"},{"@type":"ListItem","position":2,"name":"A religiosidade popular nos Santos Juninos"}]},{"@type":"Person","@id":"https:\/\/franciscanos.org.br\/vidacrista\/#\/schema\/person\/133632ca93cec555316a35f76ab4153b","name":"admin","image":{"@type":"ImageObject","inLanguage":"pt-BR","@id":"https:\/\/franciscanos.org.br\/vidacrista\/#\/schema\/person\/image\/","url":"https:\/\/secure.gravatar.com\/avatar\/e8495742d34d0ba6448ea1c628263b3e?s=96&d=mm&r=g","contentUrl":"https:\/\/secure.gravatar.com\/avatar\/e8495742d34d0ba6448ea1c628263b3e?s=96&d=mm&r=g","caption":"admin"},"url":"https:\/\/franciscanos.org.br\/vidacrista\/author\/admin\/"}]}},"_links":{"self":[{"href":"https:\/\/franciscanos.org.br\/vidacrista\/wp-json\/wp\/v2\/posts\/63069"}],"collection":[{"href":"https:\/\/franciscanos.org.br\/vidacrista\/wp-json\/wp\/v2\/posts"}],"about":[{"href":"https:\/\/franciscanos.org.br\/vidacrista\/wp-json\/wp\/v2\/types\/post"}],"author":[{"embeddable":true,"href":"https:\/\/franciscanos.org.br\/vidacrista\/wp-json\/wp\/v2\/users\/1"}],"replies":[{"embeddable":true,"href":"https:\/\/franciscanos.org.br\/vidacrista\/wp-json\/wp\/v2\/comments?post=63069"}],"version-history":[{"count":2,"href":"https:\/\/franciscanos.org.br\/vidacrista\/wp-json\/wp\/v2\/posts\/63069\/revisions"}],"predecessor-version":[{"id":186496,"href":"https:\/\/franciscanos.org.br\/vidacrista\/wp-json\/wp\/v2\/posts\/63069\/revisions\/186496"}],"wp:featuredmedia":[{"embeddable":true,"href":"https:\/\/franciscanos.org.br\/vidacrista\/wp-json\/wp\/v2\/media\/185633"}],"wp:attachment":[{"href":"https:\/\/franciscanos.org.br\/vidacrista\/wp-json\/wp\/v2\/media?parent=63069"}],"wp:term":[{"taxonomy":"category","embeddable":true,"href":"https:\/\/franciscanos.org.br\/vidacrista\/wp-json\/wp\/v2\/categories?post=63069"},{"taxonomy":"post_tag","embeddable":true,"href":"https:\/\/franciscanos.org.br\/vidacrista\/wp-json\/wp\/v2\/tags?post=63069"}],"curies":[{"name":"wp","href":"https:\/\/api.w.org\/{rel}","templated":true}]}}