{"id":63065,"date":"2016-06-30T07:48:44","date_gmt":"2016-06-30T10:48:44","guid":{"rendered":"http:\/\/franciscanos.org.br\/?p=63065"},"modified":"2020-07-09T12:04:55","modified_gmt":"2020-07-09T15:04:55","slug":"a-maria-de-jesus","status":"publish","type":"post","link":"https:\/\/franciscanos.org.br\/vidacrista\/a-maria-de-jesus\/","title":{"rendered":"A Maria de Jesus"},"content":{"rendered":"<div id=\"master\" style=\"color: #000000;\">\n<div id=\"conteudo\">\n<div id=\"texto\">\n<p style=\"text-align: left;\" align=\"center\"><strong><img decoding=\"async\" loading=\"lazy\" class=\"alignright size-full wp-image-63066\" src=\"http:\/\/franciscanos.org.br\/wp-content\/uploads\/2014\/06\/maria.jpg\" alt=\"maria\" width=\"450\" height=\"556\" \/>Frei Luiz Iakovacz<\/strong><\/p>\n<p style=\"text-align: left;\">N\u00f3s, cat\u00f3licos, veneramos Maria porque o anjo a saudou como \u201ccheia de gra\u00e7a\u201d (Lc 1,28); Isabel a proclamou \u201cbendita entre as mulheres\u201d (Lc 1,42) e as \u201cgera\u00e7\u00f5es me chamar\u00e3o bem-aventurada porque o Poderoso fez em mim maravilhas\u201d (Lc 1,48).<\/p>\n<p style=\"text-align: left;\">N\u00e3o s\u00f3 isso: ela \u00e9 M\u00e3e do Salvador (Lc 1,31).<\/p>\n<p style=\"text-align: left;\">Uma m\u00e3e carinhosa que, ao nascer o Filho, \u201cenvolveu-o em panos e o colocou numa manjedoura\u201d (Lc 2,7). N\u00e3o havia enxoval e nem cama\u2026 uma pobreza assumida, voluntariamente, pois ela disse ao anjo: \u201cEis aqui a serva do Senhor, fa\u00e7a-se em mim segundo a tua Palavra\u201d (Lc 1,38).<\/p>\n<p style=\"text-align: left;\">Uma m\u00e3e que, com Jos\u00e9, protege o Filho amea\u00e7ado de morte. Fugiram para o Egito, fora do alcance sanguin\u00e1rio de Herodes (cf. Mt 2,13-15).<\/p>\n<p style=\"text-align: left;\">Uma m\u00e3e que, com Jos\u00e9, procura seu Filho que n\u00e3o retornara com a caravana, por ocasi\u00e3o da festa da P\u00e1scoa. S\u00e3o tr\u00eas dias de aflitas buscas entre parentes, culminando com uma nova ida a Jerusal\u00e9m, numa dist\u00e2ncia de 150 Km (cf. Lc 2,41-52).<\/p>\n<p style=\"text-align: left;\">Uma m\u00e3e que educa seu Filho para que participe da comunidade, pois se ele tinha o costume de ir todo o s\u00e1bado \u00e0 sinagoga (cf. Lc 4,16-19), \u00e9 porque ela e Jos\u00e9 davam o exemplo. E se vemos Jesus em constante ora\u00e7\u00e3o, de noite, sozinho, numa montanha (cf. Lc 22,39; Mc 1,35), \u00e9 porque aprendeu em fam\u00edlia.<\/p>\n<p style=\"text-align: left;\">Uma m\u00e3e solid\u00e1ria que acompanhou o Filho na evangeliza\u00e7\u00e3o (cf. Jo 2,12), esteve com Ele na cruz (cf. Jo 19,25) e no in\u00edcio da Igreja (cf. At 1,14).<\/p>\n<p style=\"text-align: left;\">E Jesus\u2026 ser\u00e1 que educou sua m\u00e3e, tornando-a mais disc\u00edpula? Ela se deixou evangelizar?<\/p>\n<p style=\"text-align: left;\">V\u00e1rios textos b\u00edblicos mostram o discipulado de Maria. Quando os pastores foram visitar o rec\u00e9m-nascido e reconheceram Nele o Salvador do mundo, come\u00e7aram a divulgar esta Boa Not\u00edcia. Os ouvintes ficaram admirados desse fato e \u201cMaria conservava essas palavras e as meditava em seu cora\u00e7\u00e3o (Lc 2,19).<\/p>\n<p style=\"text-align: left;\">\u00a0Tamb\u00e9m, segundo alguns estudiosos, o reencontro dos pais com o Filho ap\u00f3s tr\u00eas dias de muitas buscas, por ocasi\u00e3o da festa da P\u00e1scoa, foi muito conflitivo. Maria, por\u00e9m, \u201cconservava a lembran\u00e7a de tudo isso no cora\u00e7\u00e3o\u201d (Lc 2,51).<\/p>\n<p style=\"text-align: left;\">Para o discipulado \u00e9 de fundamental import\u00e2ncia a \u201cacolhida no cora\u00e7\u00e3o\u201d, tanto de doutrinas como de fatos \u2013 mesmo aqueles que, inicialmente, s\u00e3o estranhos e exigentes. \u00c9 a pedagogia de Deus\u2026 mas o cora\u00e7\u00e3o que medita, ajuda a assimil\u00e1-los.<\/p>\n<p style=\"text-align: left;\">Aos 30 anos, Jesus iniciou sua vida p\u00fablica (cf. Lc 2,23). A prega\u00e7\u00e3o, juntamente com os milagres, causaram impacto t\u00e3o grande que estava sempre rodeado pela multid\u00e3o, e era solicitado por todos. Por duas vezes o evangelista Marcos diz que n\u00e3o tinha nem tempo para as refei\u00e7\u00f5es (cf. Mc 3,20; 6,31). Al\u00e9m disso, os fariseus e escribas, movidos de inveja acusavam Jesus de estar possu\u00eddo de Belzebu, pr\u00edncipe dos dem\u00f4nios, e em nome dele expulsava os pr\u00f3prios dem\u00f4nios. \u00c9 neste contexto conturbado que os familiares de Jesus \u201csa\u00edram para agarr\u00e1-lo, pois diziam: ele est\u00e1 louco\u201d (Mc 3,21).\u00a0 N\u00e3o puderam se aproximar por causa da multid\u00e3o. Avisaram-lhe, ent\u00e3o: \u201cTua m\u00e3e e teus irm\u00e3os est\u00e3o a\u00ed fora e te procuram\u201d. Ele respondeu: \u201cQuem \u00e9 minha m\u00e3e, meu irm\u00e3o, minha irm\u00e3\u201d? E, apontando para a multid\u00e3o, disse: \u201cQuem ouve minha Palavra e a pratica, este \u00e9 minha m\u00e3e, meu irm\u00e3o, minha irm\u00e3\u201d (Mc 3,31-35).<\/p>\n<p style=\"text-align: left;\">Num curso b\u00edblico que participei (CEBI), um renomado e s\u00e9rio exegeta \u2013 Frei Carlos Mesters \u2013 assim se expressou sobre esta passagem: pela vida e testemunho de Maria, tenho a convic\u00e7\u00e3o de que, n\u00e3o podendo chegar at\u00e9 seu Filho, colocou-se na \u00faltima fileira do povo e, num lugar mais elevado (cadeira), levantou os bra\u00e7os e fez \u201csinal de positivo\u201d quando falou: \u201cminha m\u00e3e \u00e9 todo aquele que faz a vontade do meu Pai\u201d!<\/p>\n<p style=\"text-align: left;\">\u00a0\u00c9 assim que Maria est\u00e1 no meio do povo, tanto nos momentos dif\u00edceis como nos alegres. Ela continua apregoando: \u201cFazei tudo o que Ele vos disser\u201d (Jo 2,5).<\/p>\n<p style=\"text-align: left;\">O Documento de Aparecida, com propriedade, afirma: \u201cMaria pertence ao povo e o povo a sente como m\u00e3e e irm\u00e3\u201d (DAp, 269). Na abertura desta mesma Confer\u00eancia, Bento XVI disse aos prelados e, consequentemente, a n\u00f3s: \u201cPermane\u00e7amos na escola de Maria\u201d.<\/p>\n<\/div>\n<\/div>\n<\/div>\n","protected":false},"excerpt":{"rendered":"<p>Artigo de Frei Luiz Iakovacz<\/p>\n","protected":false},"author":1,"featured_media":185635,"comment_status":"closed","ping_status":"open","sticky":false,"template":"","format":"standard","meta":{"footnotes":""},"categories":[26],"tags":[208],"yoast_head":"<!-- This site is optimized with the Yoast SEO plugin v19.4 - https:\/\/yoast.com\/wordpress\/plugins\/seo\/ -->\n<title>A Maria de Jesus - Vida Crist\u00e3 - Franciscanos<\/title>\n<meta name=\"robots\" content=\"index, follow, max-snippet:-1, max-image-preview:large, max-video-preview:-1\" \/>\n<link rel=\"canonical\" href=\"https:\/\/franciscanos.org.br\/vidacrista\/a-maria-de-jesus\/\" \/>\n<meta property=\"og:locale\" content=\"pt_BR\" \/>\n<meta property=\"og:type\" content=\"article\" \/>\n<meta property=\"og:title\" content=\"A Maria de Jesus - Vida Crist\u00e3 - Franciscanos\" \/>\n<meta property=\"og:description\" content=\"Artigo de Frei Luiz Iakovacz\" \/>\n<meta property=\"og:url\" content=\"https:\/\/franciscanos.org.br\/vidacrista\/a-maria-de-jesus\/\" \/>\n<meta property=\"og:site_name\" content=\"Vida Crist\u00e3 - Franciscanos\" \/>\n<meta property=\"article:published_time\" content=\"2016-06-30T10:48:44+00:00\" \/>\n<meta property=\"article:modified_time\" content=\"2020-07-09T15:04:55+00:00\" \/>\n<meta property=\"og:image\" content=\"https:\/\/franciscanos.org.br\/vidacrista\/wp-content\/uploads\/2012\/06\/maria.jpg\" \/>\n\t<meta property=\"og:image:width\" content=\"800\" \/>\n\t<meta property=\"og:image:height\" content=\"601\" \/>\n\t<meta property=\"og:image:type\" content=\"image\/jpeg\" \/>\n<meta name=\"author\" content=\"admin\" \/>\n<meta name=\"twitter:card\" content=\"summary_large_image\" \/>\n<meta name=\"twitter:label1\" content=\"Escrito por\" \/>\n\t<meta name=\"twitter:data1\" content=\"admin\" \/>\n\t<meta name=\"twitter:label2\" content=\"Est. tempo de leitura\" \/>\n\t<meta name=\"twitter:data2\" content=\"4 minutos\" \/>\n<script type=\"application\/ld+json\" class=\"yoast-schema-graph\">{\"@context\":\"https:\/\/schema.org\",\"@graph\":[{\"@type\":\"WebSite\",\"@id\":\"https:\/\/franciscanos.org.br\/vidacrista\/#website\",\"url\":\"https:\/\/franciscanos.org.br\/vidacrista\/\",\"name\":\"Vida Crist\u00e3 - Franciscanos\",\"description\":\"Prov\u00edncia Franciscana da Imaculada Concei\u00e7\u00e3o do Brasil - Ordem dos Frades Menores\",\"potentialAction\":[{\"@type\":\"SearchAction\",\"target\":{\"@type\":\"EntryPoint\",\"urlTemplate\":\"https:\/\/franciscanos.org.br\/vidacrista\/?s={search_term_string}\"},\"query-input\":\"required name=search_term_string\"}],\"inLanguage\":\"pt-BR\"},{\"@type\":\"WebPage\",\"@id\":\"https:\/\/franciscanos.org.br\/vidacrista\/a-maria-de-jesus\/\",\"url\":\"https:\/\/franciscanos.org.br\/vidacrista\/a-maria-de-jesus\/\",\"name\":\"A Maria de Jesus - Vida Crist\u00e3 - Franciscanos\",\"isPartOf\":{\"@id\":\"https:\/\/franciscanos.org.br\/vidacrista\/#website\"},\"datePublished\":\"2016-06-30T10:48:44+00:00\",\"dateModified\":\"2020-07-09T15:04:55+00:00\",\"author\":{\"@id\":\"https:\/\/franciscanos.org.br\/vidacrista\/#\/schema\/person\/133632ca93cec555316a35f76ab4153b\"},\"breadcrumb\":{\"@id\":\"https:\/\/franciscanos.org.br\/vidacrista\/a-maria-de-jesus\/#breadcrumb\"},\"inLanguage\":\"pt-BR\",\"potentialAction\":[{\"@type\":\"ReadAction\",\"target\":[\"https:\/\/franciscanos.org.br\/vidacrista\/a-maria-de-jesus\/\"]}]},{\"@type\":\"BreadcrumbList\",\"@id\":\"https:\/\/franciscanos.org.br\/vidacrista\/a-maria-de-jesus\/#breadcrumb\",\"itemListElement\":[{\"@type\":\"ListItem\",\"position\":1,\"name\":\"Home\",\"item\":\"https:\/\/franciscanos.org.br\/vidacrista\/\"},{\"@type\":\"ListItem\",\"position\":2,\"name\":\"A Maria de Jesus\"}]},{\"@type\":\"Person\",\"@id\":\"https:\/\/franciscanos.org.br\/vidacrista\/#\/schema\/person\/133632ca93cec555316a35f76ab4153b\",\"name\":\"admin\",\"image\":{\"@type\":\"ImageObject\",\"inLanguage\":\"pt-BR\",\"@id\":\"https:\/\/franciscanos.org.br\/vidacrista\/#\/schema\/person\/image\/\",\"url\":\"https:\/\/secure.gravatar.com\/avatar\/e8495742d34d0ba6448ea1c628263b3e?s=96&d=mm&r=g\",\"contentUrl\":\"https:\/\/secure.gravatar.com\/avatar\/e8495742d34d0ba6448ea1c628263b3e?s=96&d=mm&r=g\",\"caption\":\"admin\"},\"url\":\"https:\/\/franciscanos.org.br\/vidacrista\/author\/admin\/\"}]}<\/script>\n<!-- \/ Yoast SEO plugin. -->","yoast_head_json":{"title":"A Maria de Jesus - Vida Crist\u00e3 - Franciscanos","robots":{"index":"index","follow":"follow","max-snippet":"max-snippet:-1","max-image-preview":"max-image-preview:large","max-video-preview":"max-video-preview:-1"},"canonical":"https:\/\/franciscanos.org.br\/vidacrista\/a-maria-de-jesus\/","og_locale":"pt_BR","og_type":"article","og_title":"A Maria de Jesus - Vida Crist\u00e3 - Franciscanos","og_description":"Artigo de Frei Luiz Iakovacz","og_url":"https:\/\/franciscanos.org.br\/vidacrista\/a-maria-de-jesus\/","og_site_name":"Vida Crist\u00e3 - Franciscanos","article_published_time":"2016-06-30T10:48:44+00:00","article_modified_time":"2020-07-09T15:04:55+00:00","og_image":[{"width":800,"height":601,"url":"https:\/\/franciscanos.org.br\/vidacrista\/wp-content\/uploads\/2012\/06\/maria.jpg","type":"image\/jpeg"}],"author":"admin","twitter_card":"summary_large_image","twitter_misc":{"Escrito por":"admin","Est. tempo de leitura":"4 minutos"},"schema":{"@context":"https:\/\/schema.org","@graph":[{"@type":"WebSite","@id":"https:\/\/franciscanos.org.br\/vidacrista\/#website","url":"https:\/\/franciscanos.org.br\/vidacrista\/","name":"Vida Crist\u00e3 - Franciscanos","description":"Prov\u00edncia Franciscana da Imaculada Concei\u00e7\u00e3o do Brasil - Ordem dos Frades Menores","potentialAction":[{"@type":"SearchAction","target":{"@type":"EntryPoint","urlTemplate":"https:\/\/franciscanos.org.br\/vidacrista\/?s={search_term_string}"},"query-input":"required name=search_term_string"}],"inLanguage":"pt-BR"},{"@type":"WebPage","@id":"https:\/\/franciscanos.org.br\/vidacrista\/a-maria-de-jesus\/","url":"https:\/\/franciscanos.org.br\/vidacrista\/a-maria-de-jesus\/","name":"A Maria de Jesus - Vida Crist\u00e3 - Franciscanos","isPartOf":{"@id":"https:\/\/franciscanos.org.br\/vidacrista\/#website"},"datePublished":"2016-06-30T10:48:44+00:00","dateModified":"2020-07-09T15:04:55+00:00","author":{"@id":"https:\/\/franciscanos.org.br\/vidacrista\/#\/schema\/person\/133632ca93cec555316a35f76ab4153b"},"breadcrumb":{"@id":"https:\/\/franciscanos.org.br\/vidacrista\/a-maria-de-jesus\/#breadcrumb"},"inLanguage":"pt-BR","potentialAction":[{"@type":"ReadAction","target":["https:\/\/franciscanos.org.br\/vidacrista\/a-maria-de-jesus\/"]}]},{"@type":"BreadcrumbList","@id":"https:\/\/franciscanos.org.br\/vidacrista\/a-maria-de-jesus\/#breadcrumb","itemListElement":[{"@type":"ListItem","position":1,"name":"Home","item":"https:\/\/franciscanos.org.br\/vidacrista\/"},{"@type":"ListItem","position":2,"name":"A Maria de Jesus"}]},{"@type":"Person","@id":"https:\/\/franciscanos.org.br\/vidacrista\/#\/schema\/person\/133632ca93cec555316a35f76ab4153b","name":"admin","image":{"@type":"ImageObject","inLanguage":"pt-BR","@id":"https:\/\/franciscanos.org.br\/vidacrista\/#\/schema\/person\/image\/","url":"https:\/\/secure.gravatar.com\/avatar\/e8495742d34d0ba6448ea1c628263b3e?s=96&d=mm&r=g","contentUrl":"https:\/\/secure.gravatar.com\/avatar\/e8495742d34d0ba6448ea1c628263b3e?s=96&d=mm&r=g","caption":"admin"},"url":"https:\/\/franciscanos.org.br\/vidacrista\/author\/admin\/"}]}},"_links":{"self":[{"href":"https:\/\/franciscanos.org.br\/vidacrista\/wp-json\/wp\/v2\/posts\/63065"}],"collection":[{"href":"https:\/\/franciscanos.org.br\/vidacrista\/wp-json\/wp\/v2\/posts"}],"about":[{"href":"https:\/\/franciscanos.org.br\/vidacrista\/wp-json\/wp\/v2\/types\/post"}],"author":[{"embeddable":true,"href":"https:\/\/franciscanos.org.br\/vidacrista\/wp-json\/wp\/v2\/users\/1"}],"replies":[{"embeddable":true,"href":"https:\/\/franciscanos.org.br\/vidacrista\/wp-json\/wp\/v2\/comments?post=63065"}],"version-history":[{"count":2,"href":"https:\/\/franciscanos.org.br\/vidacrista\/wp-json\/wp\/v2\/posts\/63065\/revisions"}],"predecessor-version":[{"id":186497,"href":"https:\/\/franciscanos.org.br\/vidacrista\/wp-json\/wp\/v2\/posts\/63065\/revisions\/186497"}],"wp:featuredmedia":[{"embeddable":true,"href":"https:\/\/franciscanos.org.br\/vidacrista\/wp-json\/wp\/v2\/media\/185635"}],"wp:attachment":[{"href":"https:\/\/franciscanos.org.br\/vidacrista\/wp-json\/wp\/v2\/media?parent=63065"}],"wp:term":[{"taxonomy":"category","embeddable":true,"href":"https:\/\/franciscanos.org.br\/vidacrista\/wp-json\/wp\/v2\/categories?post=63065"},{"taxonomy":"post_tag","embeddable":true,"href":"https:\/\/franciscanos.org.br\/vidacrista\/wp-json\/wp\/v2\/tags?post=63065"}],"curies":[{"name":"wp","href":"https:\/\/api.w.org\/{rel}","templated":true}]}}