{"id":63057,"date":"2013-09-12T07:43:04","date_gmt":"2013-09-12T10:43:04","guid":{"rendered":"http:\/\/franciscanos.org.br\/?p=63057"},"modified":"2020-07-09T12:05:55","modified_gmt":"2020-07-09T15:05:55","slug":"bendita-cruz","status":"publish","type":"post","link":"https:\/\/franciscanos.org.br\/vidacrista\/bendita-cruz\/","title":{"rendered":"Bendita Cruz!"},"content":{"rendered":"<p style=\"color: #000000; text-align: left;\" align=\"center\"><strong><img decoding=\"async\" loading=\"lazy\" class=\"alignright size-full wp-image-63058\" src=\"http:\/\/franciscanos.org.br\/wp-content\/uploads\/2014\/06\/cruz.jpg\" alt=\"cruz\" width=\"500\" height=\"667\" \/>Frei Luiz Iakovacz<\/strong><\/p>\n<p style=\"color: #000000; text-align: left;\">Bendita cruz que fez o ap\u00f3stolo Paulo \u201ccair do cavalo\u201d e mudar seu jeito de pregar e viver. Ser\u00e1 isso verdade? Como e onde aconteceu?<\/p>\n<p style=\"color: #000000; text-align: left;\">De fato, essa reviravolta n\u00e3o se deu no caminho de Damasco (cf. At 9,1-30), mas no surpreendente fato ocorrido entre as cidades de Atenas e Corinto. O \u201cap\u00f3stolo das gentes\u201d, ao chegar em Atenas viu uma \u201ccidade cheia de \u00eddolos\u201d. Ficou revoltado e discutia na sinagoga e pra\u00e7as anunciando um \u00fanico Deus. Os fil\u00f3sofos se acercaram dele e o convidaram para que fosse ao Are\u00f3pago, que era o centro de debates e exposi\u00e7\u00e3o de doutrinas. Paulo aceitou e, \u201cde p\u00e9, no meio do Are\u00f3pago\u201d \u2013 fazendo uso da ret\u00f3rica e, at\u00e9 de poetas gregos -, exp\u00f4s a doutrina de um \u00fanico Deus, Criador de tudo e Senhor da hist\u00f3ria. No final dos tempos, Ele julgar\u00e1 o mundo com justi\u00e7a, atrav\u00e9s de seu Filho Ressuscitado. Quando concluiu, alguns ca\u00e7oavam e outros diziam \u201c\u2026 sobre isso, te ouviremos numa outra ocasi\u00e3o\u201d\u2026 numa linguagem de hoje seria o mesmo que dizer: \u201c\u2026tchau e b\u00ean\u00e7\u00e3o\u201d! S\u00f3 alguns aderiram a ele (cf. At 17, 16-34).<\/p>\n<p style=\"color: #000000; text-align: left;\">\u00a0\u201cA seguir, Paulo deixou Atenas e foi para Corinto\u201d (At 18,1). A\u00ed encontrou o casal \u00c1quila e Priscila e, por terem a mesma profiss\u00e3o (fabricantes de tendas), Paulo passou a morar com eles. (cf. At 18,3). Participava da sinagoga, aos s\u00e1bados e, numa noite, o Senhor lhe falou: \u201cN\u00e3o tenha medo, continue a falar. Eu estou contigo. Nessa cidade h\u00e1 um povo numeroso que me pertence\u201d (At 18,9-10).<\/p>\n<p style=\"color: #000000; text-align: left;\">Como ser\u00e1 que o ap\u00f3stolo se apresenta, ap\u00f3s o \u201cfracasso\u201d de Atenas?<\/p>\n<p style=\"color: #000000; text-align: left;\">Ele mesmo descreve: \u201cQuando fui ao encontro de voc\u00eas, n\u00e3o me apresentei com o prest\u00edgio da orat\u00f3ria ou da sabedoria para anunciar-lhes o mist\u00e9rio de Deus. Entre voc\u00eas, eu n\u00e3o quis saber outra coisa a n\u00e3o ser Jesus Cristo, e Jesus Cristo crucificado\u201d (1 Cor 2, 1-2). E continua: \u201cOs judeus pedem milagres, os gregos procuram a sabedoria, n\u00f3s, por\u00e9m, anunciamos Cristo crucificado, esc\u00e2ndalo para os judeus e loucura para os pag\u00e3os; mas, para os que creem, \u00e9 poder de Deus e sabedoria de Deus\u201d (1 Cor 1,22-24).<\/p>\n<p style=\"color: #000000; text-align: left;\">Essa cruz que Paulo vivenciou o colocou numa encruzilhada. Venceu-a porque n\u00e3o se \u201camoldou \u00e0s estruturas deste mundo, mas transformou-se pela renova\u00e7\u00e3o da mente a fim de discernir qual \u00e9 a vontade de Deus\u201d (Rm 12,2). O Documento de Aparecida chama este processo de \u201cconvers\u00e3o pastoral\u201d, t\u00e3o premente e necess\u00e1ria em nossos dias.<\/p>\n<p style=\"color: #000000; text-align: left;\">\u00a0Mas\u2026 \u00e9 preciso, tamb\u00e9m, proclamar: bendita a cruz f\u00edsica de Cristo porque, por e atrav\u00e9s dela, a Ressurrei\u00e7\u00e3o renovou e renova a humanidade:<\/p>\n<p style=\"color: #000000; padding-left: 30px; text-align: left;\">\u25cf da cruz nasce a vida nova de Saulo,<br \/>\n\u25cf da cruz nasce a convers\u00e3o de Agostinho,<br \/>\n\u25cf da cruz nasce a pobreza feliz de Francisco de Assis,<br \/>\n\u25cf da cruz nasce a bondade irradiante de Vicente de Paulo,<br \/>\n\u25cf da cruz nasce o hero\u00edsmo de Maximiliano Kolbe,<br \/>\n\u25cf da cruz nasce a caridade de Madre Teresa de Calcut\u00e1,<br \/>\n\u25cf da cruz nasce a coragem de Jo\u00e3o Paulo II,<br \/>\n\u25cf da cruz nasce a revolu\u00e7\u00e3o do amor!<\/p>\n<p style=\"color: #000000; text-align: left;\">Por isso a cruz n\u00e3o \u00e9 a morte de Deus, mas \u00e9 o nascimento do seu Amor no mundo. Bendita seja a cruz de Cristo!<\/p>\n","protected":false},"excerpt":{"rendered":"<p>Artigo de Frei Luiz Iakovacz<\/p>\n","protected":false},"author":1,"featured_media":185638,"comment_status":"closed","ping_status":"open","sticky":false,"template":"","format":"standard","meta":{"footnotes":""},"categories":[26],"tags":[208],"yoast_head":"<!-- This site is optimized with the Yoast SEO plugin v19.4 - https:\/\/yoast.com\/wordpress\/plugins\/seo\/ -->\n<title>Bendita Cruz! - Vida Crist\u00e3 - Franciscanos<\/title>\n<meta name=\"robots\" content=\"index, follow, max-snippet:-1, max-image-preview:large, max-video-preview:-1\" \/>\n<link rel=\"canonical\" href=\"https:\/\/franciscanos.org.br\/vidacrista\/bendita-cruz\/\" \/>\n<meta property=\"og:locale\" content=\"pt_BR\" \/>\n<meta property=\"og:type\" content=\"article\" \/>\n<meta property=\"og:title\" content=\"Bendita Cruz! - Vida Crist\u00e3 - Franciscanos\" \/>\n<meta property=\"og:description\" content=\"Artigo de Frei Luiz Iakovacz\" \/>\n<meta property=\"og:url\" content=\"https:\/\/franciscanos.org.br\/vidacrista\/bendita-cruz\/\" \/>\n<meta property=\"og:site_name\" content=\"Vida Crist\u00e3 - Franciscanos\" \/>\n<meta property=\"article:published_time\" content=\"2013-09-12T10:43:04+00:00\" \/>\n<meta property=\"article:modified_time\" content=\"2020-07-09T15:05:55+00:00\" \/>\n<meta property=\"og:image\" content=\"https:\/\/franciscanos.org.br\/vidacrista\/wp-content\/uploads\/2012\/06\/cruz.jpg\" \/>\n\t<meta property=\"og:image:width\" content=\"800\" \/>\n\t<meta property=\"og:image:height\" content=\"600\" \/>\n\t<meta property=\"og:image:type\" content=\"image\/jpeg\" \/>\n<meta name=\"author\" content=\"admin\" \/>\n<meta name=\"twitter:card\" content=\"summary_large_image\" \/>\n<meta name=\"twitter:label1\" content=\"Escrito por\" \/>\n\t<meta name=\"twitter:data1\" content=\"admin\" \/>\n\t<meta name=\"twitter:label2\" content=\"Est. tempo de leitura\" \/>\n\t<meta name=\"twitter:data2\" content=\"3 minutos\" \/>\n<script type=\"application\/ld+json\" class=\"yoast-schema-graph\">{\"@context\":\"https:\/\/schema.org\",\"@graph\":[{\"@type\":\"WebSite\",\"@id\":\"https:\/\/franciscanos.org.br\/vidacrista\/#website\",\"url\":\"https:\/\/franciscanos.org.br\/vidacrista\/\",\"name\":\"Vida Crist\u00e3 - Franciscanos\",\"description\":\"Prov\u00edncia Franciscana da Imaculada Concei\u00e7\u00e3o do Brasil - Ordem dos Frades Menores\",\"potentialAction\":[{\"@type\":\"SearchAction\",\"target\":{\"@type\":\"EntryPoint\",\"urlTemplate\":\"https:\/\/franciscanos.org.br\/vidacrista\/?s={search_term_string}\"},\"query-input\":\"required name=search_term_string\"}],\"inLanguage\":\"pt-BR\"},{\"@type\":\"WebPage\",\"@id\":\"https:\/\/franciscanos.org.br\/vidacrista\/bendita-cruz\/\",\"url\":\"https:\/\/franciscanos.org.br\/vidacrista\/bendita-cruz\/\",\"name\":\"Bendita Cruz! - Vida Crist\u00e3 - Franciscanos\",\"isPartOf\":{\"@id\":\"https:\/\/franciscanos.org.br\/vidacrista\/#website\"},\"datePublished\":\"2013-09-12T10:43:04+00:00\",\"dateModified\":\"2020-07-09T15:05:55+00:00\",\"author\":{\"@id\":\"https:\/\/franciscanos.org.br\/vidacrista\/#\/schema\/person\/133632ca93cec555316a35f76ab4153b\"},\"breadcrumb\":{\"@id\":\"https:\/\/franciscanos.org.br\/vidacrista\/bendita-cruz\/#breadcrumb\"},\"inLanguage\":\"pt-BR\",\"potentialAction\":[{\"@type\":\"ReadAction\",\"target\":[\"https:\/\/franciscanos.org.br\/vidacrista\/bendita-cruz\/\"]}]},{\"@type\":\"BreadcrumbList\",\"@id\":\"https:\/\/franciscanos.org.br\/vidacrista\/bendita-cruz\/#breadcrumb\",\"itemListElement\":[{\"@type\":\"ListItem\",\"position\":1,\"name\":\"Home\",\"item\":\"https:\/\/franciscanos.org.br\/vidacrista\/\"},{\"@type\":\"ListItem\",\"position\":2,\"name\":\"Bendita Cruz!\"}]},{\"@type\":\"Person\",\"@id\":\"https:\/\/franciscanos.org.br\/vidacrista\/#\/schema\/person\/133632ca93cec555316a35f76ab4153b\",\"name\":\"admin\",\"image\":{\"@type\":\"ImageObject\",\"inLanguage\":\"pt-BR\",\"@id\":\"https:\/\/franciscanos.org.br\/vidacrista\/#\/schema\/person\/image\/\",\"url\":\"https:\/\/secure.gravatar.com\/avatar\/e8495742d34d0ba6448ea1c628263b3e?s=96&d=mm&r=g\",\"contentUrl\":\"https:\/\/secure.gravatar.com\/avatar\/e8495742d34d0ba6448ea1c628263b3e?s=96&d=mm&r=g\",\"caption\":\"admin\"},\"url\":\"https:\/\/franciscanos.org.br\/vidacrista\/author\/admin\/\"}]}<\/script>\n<!-- \/ Yoast SEO plugin. -->","yoast_head_json":{"title":"Bendita Cruz! - Vida Crist\u00e3 - Franciscanos","robots":{"index":"index","follow":"follow","max-snippet":"max-snippet:-1","max-image-preview":"max-image-preview:large","max-video-preview":"max-video-preview:-1"},"canonical":"https:\/\/franciscanos.org.br\/vidacrista\/bendita-cruz\/","og_locale":"pt_BR","og_type":"article","og_title":"Bendita Cruz! - Vida Crist\u00e3 - Franciscanos","og_description":"Artigo de Frei Luiz Iakovacz","og_url":"https:\/\/franciscanos.org.br\/vidacrista\/bendita-cruz\/","og_site_name":"Vida Crist\u00e3 - Franciscanos","article_published_time":"2013-09-12T10:43:04+00:00","article_modified_time":"2020-07-09T15:05:55+00:00","og_image":[{"width":800,"height":600,"url":"https:\/\/franciscanos.org.br\/vidacrista\/wp-content\/uploads\/2012\/06\/cruz.jpg","type":"image\/jpeg"}],"author":"admin","twitter_card":"summary_large_image","twitter_misc":{"Escrito por":"admin","Est. tempo de leitura":"3 minutos"},"schema":{"@context":"https:\/\/schema.org","@graph":[{"@type":"WebSite","@id":"https:\/\/franciscanos.org.br\/vidacrista\/#website","url":"https:\/\/franciscanos.org.br\/vidacrista\/","name":"Vida Crist\u00e3 - Franciscanos","description":"Prov\u00edncia Franciscana da Imaculada Concei\u00e7\u00e3o do Brasil - Ordem dos Frades Menores","potentialAction":[{"@type":"SearchAction","target":{"@type":"EntryPoint","urlTemplate":"https:\/\/franciscanos.org.br\/vidacrista\/?s={search_term_string}"},"query-input":"required name=search_term_string"}],"inLanguage":"pt-BR"},{"@type":"WebPage","@id":"https:\/\/franciscanos.org.br\/vidacrista\/bendita-cruz\/","url":"https:\/\/franciscanos.org.br\/vidacrista\/bendita-cruz\/","name":"Bendita Cruz! - Vida Crist\u00e3 - Franciscanos","isPartOf":{"@id":"https:\/\/franciscanos.org.br\/vidacrista\/#website"},"datePublished":"2013-09-12T10:43:04+00:00","dateModified":"2020-07-09T15:05:55+00:00","author":{"@id":"https:\/\/franciscanos.org.br\/vidacrista\/#\/schema\/person\/133632ca93cec555316a35f76ab4153b"},"breadcrumb":{"@id":"https:\/\/franciscanos.org.br\/vidacrista\/bendita-cruz\/#breadcrumb"},"inLanguage":"pt-BR","potentialAction":[{"@type":"ReadAction","target":["https:\/\/franciscanos.org.br\/vidacrista\/bendita-cruz\/"]}]},{"@type":"BreadcrumbList","@id":"https:\/\/franciscanos.org.br\/vidacrista\/bendita-cruz\/#breadcrumb","itemListElement":[{"@type":"ListItem","position":1,"name":"Home","item":"https:\/\/franciscanos.org.br\/vidacrista\/"},{"@type":"ListItem","position":2,"name":"Bendita Cruz!"}]},{"@type":"Person","@id":"https:\/\/franciscanos.org.br\/vidacrista\/#\/schema\/person\/133632ca93cec555316a35f76ab4153b","name":"admin","image":{"@type":"ImageObject","inLanguage":"pt-BR","@id":"https:\/\/franciscanos.org.br\/vidacrista\/#\/schema\/person\/image\/","url":"https:\/\/secure.gravatar.com\/avatar\/e8495742d34d0ba6448ea1c628263b3e?s=96&d=mm&r=g","contentUrl":"https:\/\/secure.gravatar.com\/avatar\/e8495742d34d0ba6448ea1c628263b3e?s=96&d=mm&r=g","caption":"admin"},"url":"https:\/\/franciscanos.org.br\/vidacrista\/author\/admin\/"}]}},"_links":{"self":[{"href":"https:\/\/franciscanos.org.br\/vidacrista\/wp-json\/wp\/v2\/posts\/63057"}],"collection":[{"href":"https:\/\/franciscanos.org.br\/vidacrista\/wp-json\/wp\/v2\/posts"}],"about":[{"href":"https:\/\/franciscanos.org.br\/vidacrista\/wp-json\/wp\/v2\/types\/post"}],"author":[{"embeddable":true,"href":"https:\/\/franciscanos.org.br\/vidacrista\/wp-json\/wp\/v2\/users\/1"}],"replies":[{"embeddable":true,"href":"https:\/\/franciscanos.org.br\/vidacrista\/wp-json\/wp\/v2\/comments?post=63057"}],"version-history":[{"count":1,"href":"https:\/\/franciscanos.org.br\/vidacrista\/wp-json\/wp\/v2\/posts\/63057\/revisions"}],"predecessor-version":[{"id":185639,"href":"https:\/\/franciscanos.org.br\/vidacrista\/wp-json\/wp\/v2\/posts\/63057\/revisions\/185639"}],"wp:featuredmedia":[{"embeddable":true,"href":"https:\/\/franciscanos.org.br\/vidacrista\/wp-json\/wp\/v2\/media\/185638"}],"wp:attachment":[{"href":"https:\/\/franciscanos.org.br\/vidacrista\/wp-json\/wp\/v2\/media?parent=63057"}],"wp:term":[{"taxonomy":"category","embeddable":true,"href":"https:\/\/franciscanos.org.br\/vidacrista\/wp-json\/wp\/v2\/categories?post=63057"},{"taxonomy":"post_tag","embeddable":true,"href":"https:\/\/franciscanos.org.br\/vidacrista\/wp-json\/wp\/v2\/tags?post=63057"}],"curies":[{"name":"wp","href":"https:\/\/api.w.org\/{rel}","templated":true}]}}