{"id":57534,"date":"2014-04-30T13:32:42","date_gmt":"2014-04-30T16:32:42","guid":{"rendered":"http:\/\/new.franciscanos.org.br\/?p=57534"},"modified":"2020-05-22T10:02:30","modified_gmt":"2020-05-22T13:02:30","slug":"jesus-de-subida-em-subida","status":"publish","type":"post","link":"https:\/\/franciscanos.org.br\/vidacrista\/jesus-de-subida-em-subida\/","title":{"rendered":"&#8220;Jesus: de subida em subida&#8221;"},"content":{"rendered":"<p><img decoding=\"async\" loading=\"lazy\" src=\"http:\/\/franciscanos.org.br\/wp-content\/uploads\/2014\/04\/sexta2.jpg\" alt=\"sexta\" width=\"820\" height=\"607\" \/><\/p>\n<p><strong>Frei Almir Ribeiro Guimar\u00e3es<\/strong><\/p>\n<p>Nestes dias de maio estamos vivendo as alegrias do tempo pascal. Nos meados do m\u00eas passado,\u00a0 de modo especial\u00a0 durante os dias da Semana Santa, tivemos ocasi\u00e3o de nos debru\u00e7ar sobre o tema do amor de Cristo, amor crucificado que nos levou a viver as alegrias do tempo pascal.<\/p>\n<p>Retomamos aqui a preces das Laudes da quarta-feira santa. Elas nos ajudam a unir a dor da calv\u00e1rio \u00e0s alegrias da ressurrei\u00e7\u00e3o.\u00a0 Estas s\u00faplicas s\u00e3o dirigidas ao Senhor Jesus.<\/p>\n<p><i>\u25cfV\u00f3s que subistes a Jerusal\u00e9m para sofrer a Paix\u00e3o, e assim entrar na gl\u00f3ria, conduzi a vossa Igreja\u00a0 \u00e0\u00a0 P\u00e1scoa da eternidade.<\/i><\/p>\n<p>Ele estava\u00a0 em Bet\u00e2nia\u00a0 em casa de seus amigos, tentando aquecer o cora\u00e7\u00e3o antes da grande prova\u00e7\u00e3o. Saiu de Betfag\u00e9 para entrar\u00a0 na cidade santa. Os primeiros momentos foram de j\u00fabilo com o povo homenageando o Messias com hinos e c\u00e2nticos e atapetando o caminho com ramos de palmeiras e oliveiras. Um deslocamento geogr\u00e1fico\u00a0 rumo \u00e0 cidade santa que ficava em posi\u00e7\u00e3o geogr\u00e1fica mais alta do que a baixada de Betfag\u00e9.\u00a0 A prece\u00a0 em quest\u00e3o fala da paix\u00e3o cruel que leve\u00a0 \u00e0 p\u00e1scoa da eternidade. Somos caminhantes e viandantes.\u00a0 Temos a convic\u00e7\u00e3o de que a paix\u00e3o do Senhor,\u00a0 vivida tamb\u00e9m pelos de seu corpo na doen\u00e7a, na persegui\u00e7\u00e3o e\u00a0 em toda sorte de tribula\u00e7\u00e3o leva \u00e0 gl\u00f3ria.\u00a0 Somos aspirantes da gl\u00f3ria que j\u00e1 vivemos aqui e agora no lusco-fusco da f\u00e9.<\/p>\n<p><i>\u25cf V\u00f3s, que elevado na cruz, deixaste a lan\u00e7a do soldado vos traspassar, curai as nossas feridas.<\/i><\/p>\n<p>O mundo precisa da cura.\u00a0 Somos todos portadores de feridas que dificilmente cicatrizam sem aux\u00edlio\u00a0 de fora.\u00a0 H\u00e1 essa dureza de cora\u00e7\u00e3o, a indiferen\u00e7a para com os outros,\u00a0 a superficialidade de vida,\u00a0 o seguimento do Senhor de maneira irregular e claudicante,\u00a0 os momentos em que temos vergonha de anunciar e proclamar nossa f\u00e9.\u00a0 H\u00e1 esse preju\u00edzo que causamos aos outros por meio de palavras duras,\u00a0 de coisas ditas sem pensar,\u00a0 do sofrimento f\u00edsico e das desilus\u00f5es que causamos.\u00a0 Jesus, que havia subido a Jerusal\u00e9m, no calv\u00e1rio, \u00e9 elevado, seu corpo \u00e9 levantado e fica entre o c\u00e9u e a terra.\u00a0 Ele sobe. Nessa suplica pedimos ao que foi levantado da terra\u00a0 que cure nossas feridas, que coloque sobre elas \u00f3leo de seu perd\u00e3o, o lenitivo de sua miseric\u00f3rdia. O grande al\u00edvio se faz com o perd\u00e3o a n\u00f3s concedido por parte daquele que foi levantado. Aqui contemplamos mist\u00e9rio do cora\u00e7\u00e3o traspassado pela lan\u00e7a.<\/p>\n<p><i>\u25cf V\u00f3s que transformastes o madeiro da cruz em \u00e1rvore da vida\u00a0 concedei de seus frutos aos que renasceram pelo batismo.<\/i><\/p>\n<p>Houve aquela \u00e1rvore do \u00c9den. Nossos pais comeram fruto que n\u00e3o era para ser comido. H\u00e1 a lenha de uma outra \u00e1rvore, a \u00e1rvore da cruz, que substitui a primeira.\u00a0 Esta \u00faltima era a \u00e1rvore da perdi\u00e7\u00e3o.\u00a0 A cruz passou a ser a \u00e1rvore da reden\u00e7\u00e3o.\u00a0 Agora, simples instrumento de supl\u00edcio, a \u00e1rvore da cruz\u00a0 teve como fruto\u00a0 Jesus,\u00a0 nosso irm\u00e3o e\u00a0 Filho eterno do Pai, a dar a vida pelos seus. Aos que renascemos\u00a0 pelo batismo\u00a0 nos s\u00e3o prometidos frutos do renascimento, certeza da amizade com o Senhor,\u00a0 nossa deifica\u00e7\u00e3o. Um Deus que morre de amor\u00a0 cumula os seus de todos os bens.\u00a0 Esse que na cruz, que tem o peito dilacerado sobe para a gl\u00f3ria.<\/p>\n<p>Quando celebramos a primeira sexta-feira de cada m\u00eas n\u00e3o esquecemos o alto pre\u00e7o de nossa reden\u00e7\u00e3o.\u00a0 Nesse tempo pascal, lembramo-nos daquele que, curando nossas feridas,\u00a0 fez com que tiv\u00e9ssemos nossos olhos fitos nele que penetrou na gl\u00f3ria com seu corpo\u00a0 transfigurado e com o peito aberto transformado em asilo glorioso para que ainda caminham no vale das l\u00e1grimas.<\/p>\n","protected":false},"excerpt":{"rendered":"<p>1\u00aa Sexta-feira do M\u00eas<\/p>\n","protected":false},"author":1,"featured_media":184567,"comment_status":"closed","ping_status":"open","sticky":false,"template":"","format":"standard","meta":{"footnotes":""},"categories":[105],"tags":[106,112],"yoast_head":"<!-- This site is optimized with the Yoast SEO plugin v19.4 - https:\/\/yoast.com\/wordpress\/plugins\/seo\/ -->\n<title>&quot;Jesus: de subida em subida&quot; - Vida Crist\u00e3 - Franciscanos<\/title>\n<meta name=\"robots\" content=\"index, follow, max-snippet:-1, max-image-preview:large, max-video-preview:-1\" \/>\n<link rel=\"canonical\" href=\"https:\/\/franciscanos.org.br\/vidacrista\/jesus-de-subida-em-subida\/\" \/>\n<meta property=\"og:locale\" content=\"pt_BR\" \/>\n<meta property=\"og:type\" content=\"article\" \/>\n<meta property=\"og:title\" content=\"&quot;Jesus: de subida em subida&quot; - Vida Crist\u00e3 - Franciscanos\" \/>\n<meta property=\"og:description\" content=\"1\u00aa Sexta-feira do M\u00eas\" \/>\n<meta property=\"og:url\" content=\"https:\/\/franciscanos.org.br\/vidacrista\/jesus-de-subida-em-subida\/\" \/>\n<meta property=\"og:site_name\" content=\"Vida Crist\u00e3 - Franciscanos\" \/>\n<meta property=\"article:published_time\" content=\"2014-04-30T16:32:42+00:00\" \/>\n<meta property=\"article:modified_time\" content=\"2020-05-22T13:02:30+00:00\" \/>\n<meta property=\"og:image\" content=\"https:\/\/franciscanos.org.br\/vidacrista\/wp-content\/uploads\/2014\/04\/sexta2.jpg\" \/>\n\t<meta property=\"og:image:width\" content=\"800\" \/>\n\t<meta property=\"og:image:height\" content=\"600\" \/>\n\t<meta property=\"og:image:type\" content=\"image\/jpeg\" \/>\n<meta name=\"author\" content=\"admin\" \/>\n<meta name=\"twitter:card\" content=\"summary_large_image\" \/>\n<meta name=\"twitter:label1\" content=\"Escrito por\" \/>\n\t<meta name=\"twitter:data1\" content=\"admin\" \/>\n\t<meta name=\"twitter:label2\" content=\"Est. tempo de leitura\" \/>\n\t<meta name=\"twitter:data2\" content=\"3 minutos\" \/>\n<script type=\"application\/ld+json\" class=\"yoast-schema-graph\">{\"@context\":\"https:\/\/schema.org\",\"@graph\":[{\"@type\":\"WebSite\",\"@id\":\"https:\/\/franciscanos.org.br\/vidacrista\/#website\",\"url\":\"https:\/\/franciscanos.org.br\/vidacrista\/\",\"name\":\"Vida Crist\u00e3 - Franciscanos\",\"description\":\"Prov\u00edncia Franciscana da Imaculada Concei\u00e7\u00e3o do Brasil - Ordem dos Frades Menores\",\"potentialAction\":[{\"@type\":\"SearchAction\",\"target\":{\"@type\":\"EntryPoint\",\"urlTemplate\":\"https:\/\/franciscanos.org.br\/vidacrista\/?s={search_term_string}\"},\"query-input\":\"required name=search_term_string\"}],\"inLanguage\":\"pt-BR\"},{\"@type\":\"WebPage\",\"@id\":\"https:\/\/franciscanos.org.br\/vidacrista\/jesus-de-subida-em-subida\/\",\"url\":\"https:\/\/franciscanos.org.br\/vidacrista\/jesus-de-subida-em-subida\/\",\"name\":\"\\\"Jesus: de subida em subida\\\" - Vida Crist\u00e3 - Franciscanos\",\"isPartOf\":{\"@id\":\"https:\/\/franciscanos.org.br\/vidacrista\/#website\"},\"datePublished\":\"2014-04-30T16:32:42+00:00\",\"dateModified\":\"2020-05-22T13:02:30+00:00\",\"author\":{\"@id\":\"https:\/\/franciscanos.org.br\/vidacrista\/#\/schema\/person\/133632ca93cec555316a35f76ab4153b\"},\"breadcrumb\":{\"@id\":\"https:\/\/franciscanos.org.br\/vidacrista\/jesus-de-subida-em-subida\/#breadcrumb\"},\"inLanguage\":\"pt-BR\",\"potentialAction\":[{\"@type\":\"ReadAction\",\"target\":[\"https:\/\/franciscanos.org.br\/vidacrista\/jesus-de-subida-em-subida\/\"]}]},{\"@type\":\"BreadcrumbList\",\"@id\":\"https:\/\/franciscanos.org.br\/vidacrista\/jesus-de-subida-em-subida\/#breadcrumb\",\"itemListElement\":[{\"@type\":\"ListItem\",\"position\":1,\"name\":\"Home\",\"item\":\"https:\/\/franciscanos.org.br\/vidacrista\/\"},{\"@type\":\"ListItem\",\"position\":2,\"name\":\"&#8220;Jesus: de subida em subida&#8221;\"}]},{\"@type\":\"Person\",\"@id\":\"https:\/\/franciscanos.org.br\/vidacrista\/#\/schema\/person\/133632ca93cec555316a35f76ab4153b\",\"name\":\"admin\",\"image\":{\"@type\":\"ImageObject\",\"inLanguage\":\"pt-BR\",\"@id\":\"https:\/\/franciscanos.org.br\/vidacrista\/#\/schema\/person\/image\/\",\"url\":\"https:\/\/secure.gravatar.com\/avatar\/e8495742d34d0ba6448ea1c628263b3e?s=96&d=mm&r=g\",\"contentUrl\":\"https:\/\/secure.gravatar.com\/avatar\/e8495742d34d0ba6448ea1c628263b3e?s=96&d=mm&r=g\",\"caption\":\"admin\"},\"url\":\"https:\/\/franciscanos.org.br\/vidacrista\/author\/admin\/\"}]}<\/script>\n<!-- \/ Yoast SEO plugin. -->","yoast_head_json":{"title":"\"Jesus: de subida em subida\" - Vida Crist\u00e3 - Franciscanos","robots":{"index":"index","follow":"follow","max-snippet":"max-snippet:-1","max-image-preview":"max-image-preview:large","max-video-preview":"max-video-preview:-1"},"canonical":"https:\/\/franciscanos.org.br\/vidacrista\/jesus-de-subida-em-subida\/","og_locale":"pt_BR","og_type":"article","og_title":"\"Jesus: de subida em subida\" - Vida Crist\u00e3 - Franciscanos","og_description":"1\u00aa Sexta-feira do M\u00eas","og_url":"https:\/\/franciscanos.org.br\/vidacrista\/jesus-de-subida-em-subida\/","og_site_name":"Vida Crist\u00e3 - Franciscanos","article_published_time":"2014-04-30T16:32:42+00:00","article_modified_time":"2020-05-22T13:02:30+00:00","og_image":[{"width":800,"height":600,"url":"https:\/\/franciscanos.org.br\/vidacrista\/wp-content\/uploads\/2014\/04\/sexta2.jpg","type":"image\/jpeg"}],"author":"admin","twitter_card":"summary_large_image","twitter_misc":{"Escrito por":"admin","Est. tempo de leitura":"3 minutos"},"schema":{"@context":"https:\/\/schema.org","@graph":[{"@type":"WebSite","@id":"https:\/\/franciscanos.org.br\/vidacrista\/#website","url":"https:\/\/franciscanos.org.br\/vidacrista\/","name":"Vida Crist\u00e3 - Franciscanos","description":"Prov\u00edncia Franciscana da Imaculada Concei\u00e7\u00e3o do Brasil - Ordem dos Frades Menores","potentialAction":[{"@type":"SearchAction","target":{"@type":"EntryPoint","urlTemplate":"https:\/\/franciscanos.org.br\/vidacrista\/?s={search_term_string}"},"query-input":"required name=search_term_string"}],"inLanguage":"pt-BR"},{"@type":"WebPage","@id":"https:\/\/franciscanos.org.br\/vidacrista\/jesus-de-subida-em-subida\/","url":"https:\/\/franciscanos.org.br\/vidacrista\/jesus-de-subida-em-subida\/","name":"\"Jesus: de subida em subida\" - Vida Crist\u00e3 - Franciscanos","isPartOf":{"@id":"https:\/\/franciscanos.org.br\/vidacrista\/#website"},"datePublished":"2014-04-30T16:32:42+00:00","dateModified":"2020-05-22T13:02:30+00:00","author":{"@id":"https:\/\/franciscanos.org.br\/vidacrista\/#\/schema\/person\/133632ca93cec555316a35f76ab4153b"},"breadcrumb":{"@id":"https:\/\/franciscanos.org.br\/vidacrista\/jesus-de-subida-em-subida\/#breadcrumb"},"inLanguage":"pt-BR","potentialAction":[{"@type":"ReadAction","target":["https:\/\/franciscanos.org.br\/vidacrista\/jesus-de-subida-em-subida\/"]}]},{"@type":"BreadcrumbList","@id":"https:\/\/franciscanos.org.br\/vidacrista\/jesus-de-subida-em-subida\/#breadcrumb","itemListElement":[{"@type":"ListItem","position":1,"name":"Home","item":"https:\/\/franciscanos.org.br\/vidacrista\/"},{"@type":"ListItem","position":2,"name":"&#8220;Jesus: de subida em subida&#8221;"}]},{"@type":"Person","@id":"https:\/\/franciscanos.org.br\/vidacrista\/#\/schema\/person\/133632ca93cec555316a35f76ab4153b","name":"admin","image":{"@type":"ImageObject","inLanguage":"pt-BR","@id":"https:\/\/franciscanos.org.br\/vidacrista\/#\/schema\/person\/image\/","url":"https:\/\/secure.gravatar.com\/avatar\/e8495742d34d0ba6448ea1c628263b3e?s=96&d=mm&r=g","contentUrl":"https:\/\/secure.gravatar.com\/avatar\/e8495742d34d0ba6448ea1c628263b3e?s=96&d=mm&r=g","caption":"admin"},"url":"https:\/\/franciscanos.org.br\/vidacrista\/author\/admin\/"}]}},"_links":{"self":[{"href":"https:\/\/franciscanos.org.br\/vidacrista\/wp-json\/wp\/v2\/posts\/57534"}],"collection":[{"href":"https:\/\/franciscanos.org.br\/vidacrista\/wp-json\/wp\/v2\/posts"}],"about":[{"href":"https:\/\/franciscanos.org.br\/vidacrista\/wp-json\/wp\/v2\/types\/post"}],"author":[{"embeddable":true,"href":"https:\/\/franciscanos.org.br\/vidacrista\/wp-json\/wp\/v2\/users\/1"}],"replies":[{"embeddable":true,"href":"https:\/\/franciscanos.org.br\/vidacrista\/wp-json\/wp\/v2\/comments?post=57534"}],"version-history":[{"count":1,"href":"https:\/\/franciscanos.org.br\/vidacrista\/wp-json\/wp\/v2\/posts\/57534\/revisions"}],"predecessor-version":[{"id":178149,"href":"https:\/\/franciscanos.org.br\/vidacrista\/wp-json\/wp\/v2\/posts\/57534\/revisions\/178149"}],"wp:featuredmedia":[{"embeddable":true,"href":"https:\/\/franciscanos.org.br\/vidacrista\/wp-json\/wp\/v2\/media\/184567"}],"wp:attachment":[{"href":"https:\/\/franciscanos.org.br\/vidacrista\/wp-json\/wp\/v2\/media?parent=57534"}],"wp:term":[{"taxonomy":"category","embeddable":true,"href":"https:\/\/franciscanos.org.br\/vidacrista\/wp-json\/wp\/v2\/categories?post=57534"},{"taxonomy":"post_tag","embeddable":true,"href":"https:\/\/franciscanos.org.br\/vidacrista\/wp-json\/wp\/v2\/tags?post=57534"}],"curies":[{"name":"wp","href":"https:\/\/api.w.org\/{rel}","templated":true}]}}