{"id":55473,"date":"2014-04-03T13:39:36","date_gmt":"2014-04-03T16:39:36","guid":{"rendered":"http:\/\/new.franciscanos.org.br\/?p=55473"},"modified":"2019-03-02T09:43:23","modified_gmt":"2019-03-02T12:43:23","slug":"naquela-tarde-naquele-entardecer-de-tanta-solidao","status":"publish","type":"post","link":"https:\/\/franciscanos.org.br\/vidacrista\/naquela-tarde-naquele-entardecer-de-tanta-solidao\/","title":{"rendered":"Naquela tarde&#8230; Naquele entardecer de tanta solid\u00e3o"},"content":{"rendered":"<p><img decoding=\"async\" loading=\"lazy\" class=\"size-medium wp-image-178221 alignright\" src=\"https:\/\/franciscanos.org.br\/vidacrista\/wp-content\/uploads\/2015\/10\/sagrado_021015_1-253x450.jpg\" alt=\"\" width=\"253\" height=\"450\" \/>Desde a nossa mais tenra inf\u00e2ncia, n\u00f3s crist\u00e3os, temos o h\u00e1bito de contemplar a cruz do Senhor. De tantas \u00e1rvores da terra, alguns peda\u00e7os de madeira \u201ccompuseram\u201d a cruz. Uma haste vertical e outra horizontal. Madeira que veio da terra e foi novamente fincada na terra naquela tarde de tanta solid\u00e3o. Uma \u00e1rvore que teria um fruto inaudito: o Filho do Alt\u00edssimo feito dom para a vida do mundo. Um homem jovem, sem apoios, sem defensores, sem advogados. Fora dos muros de Jerusal\u00e9m. Um pequeno grupo de seguidores meio acovardados, umas mulheres fi\u00e9is, e o desrespeito para com um homem, o Homem. Ele tinha sido o desejo mais sonhado do Alt\u00edssimo. Deus quis viver nossa vida, comer nossa comida, sonhar nossos sonhos. Veio na simplicidade de uma crian\u00e7a, percorreu os caminhos da terra, abriu fendas em cora\u00e7\u00f5es empedernidos, reuniu pessoas, comp\u00f4s um grupo de seguidores.<\/p>\n<p>Deixou que os soldados abrissem uma brecha em seu cora\u00e7\u00e3o. \u00c9 rejeitado. Veio para o que era seu e os seus n\u00e3o o receberam. Sentiu dor profunda ao constatar que Jerusal\u00e9m ia se fechando aos seus apelos e pedidos de convers\u00e3o. O horizonte foi se obstruindo. O pr\u00f3prio Pai foi se fazendo ausente, mas nunca t\u00e3o pr\u00f3ximo do Filho, esse no qual ele havia colocado toda as suas complac\u00eancias. Os soldados estavam apressados em acabar com tudo aquilo. Era a v\u00e9spera da grande solenidade e todos queriam ir para o seio de suas fam\u00edlias para comerem a p\u00e1scoa. Mal sabiam eles que ali, na insignific\u00e2ncia daquele cen\u00e1rio estava surgindo a p\u00e1scoa nova, estava se oferecendo o verdadeiro cordeiro.<\/p>\n<p>Necess\u00e1rio se faz enaltecer esse momento. S\u00e3o Teodoro Estudita nos pega pela m\u00e3o e nos faz contemplar o Mist\u00e9rio da sexta-feira santa e o esplendor da cruz: \u201c\u00d3 precioso dom da cruz! Vede o esplendor de sua forma! N\u00e3o mostra apenas uma imagem mesclada de bem e de mal, como aquela \u00e1rvore do Para\u00edso, mas totalmente bela e magn\u00edfica para a vista e o paladar. \u00c9 uma \u00e1rvore que n\u00e3o gera a morte, mas a vida; que n\u00e3o difunde as trevas, mas a luz; que n\u00e3o expulsa do Para\u00edso, mas nele introduz. A esta \u00e1rvore subiu Cristo como um rei que sobe no carro triunfal, e venceu o dem\u00f4nio, detentor do poder da morte, para libertar o g\u00eanero humano da escravid\u00e3o do tirano. Sobre esta \u00e1rvore o Senhor, como um valente guerreiro, ferido durante o combate em suas m\u00e3os, nos p\u00e9s e em seu lado divino, curou as chagas de nossos pecados, isto \u00e9, curou a nossa natureza ferida pela serpente venenosa\u201d.<\/p>\n<p>S\u00e3o Teodoro lembra-nos mais uma vez o \u201clado divino\u201d, o lado do cora\u00e7\u00e3o, o esvaziamento do cora\u00e7\u00e3o, o amor que vai at\u00e9 o fim. A contempla\u00e7\u00e3o da cruz e do lado aberto de Jesus nos levam ao fundo de n\u00f3s e faz com que sejamos invadidos por um sentimento de perplexidade. Mais o Senhor n\u00e3o podia fazer. Somos renovados, renascemos desse lado aberto, arreganhadamente aberto.<\/p>\n<p>Naquela tarde&#8230; naquele entardecer de tanta solid\u00e3o e, ao mesmo tempo, tanto amor. Cada primeira sexta-feira do m\u00eas \u00e9 tempo de contemplar o amor do Senhor que prepara um abrigo para n\u00f3s na brecha de seu cora\u00e7\u00e3o.<\/p>\n<p><strong>Frei Almir Ribeiro Guimar\u00e3es<\/strong><\/p>\n","protected":false},"excerpt":{"rendered":"<p>1\u00aa Sexta-feira do M\u00eas<\/p>\n","protected":false},"author":1,"featured_media":178219,"comment_status":"closed","ping_status":"open","sticky":false,"template":"","format":"standard","meta":{"footnotes":""},"categories":[105],"tags":[106,112],"yoast_head":"<!-- This site is optimized with the Yoast SEO plugin v19.4 - https:\/\/yoast.com\/wordpress\/plugins\/seo\/ -->\n<title>Naquela tarde... Naquele entardecer de tanta solid\u00e3o - Vida Crist\u00e3 - Franciscanos<\/title>\n<meta name=\"robots\" content=\"index, follow, max-snippet:-1, max-image-preview:large, max-video-preview:-1\" \/>\n<link rel=\"canonical\" href=\"https:\/\/franciscanos.org.br\/vidacrista\/naquela-tarde-naquele-entardecer-de-tanta-solidao\/\" \/>\n<meta property=\"og:locale\" content=\"pt_BR\" \/>\n<meta property=\"og:type\" content=\"article\" \/>\n<meta property=\"og:title\" content=\"Naquela tarde... Naquele entardecer de tanta solid\u00e3o - Vida Crist\u00e3 - Franciscanos\" \/>\n<meta property=\"og:description\" content=\"1\u00aa Sexta-feira do M\u00eas\" \/>\n<meta property=\"og:url\" content=\"https:\/\/franciscanos.org.br\/vidacrista\/naquela-tarde-naquele-entardecer-de-tanta-solidao\/\" \/>\n<meta property=\"og:site_name\" content=\"Vida Crist\u00e3 - Franciscanos\" \/>\n<meta property=\"article:published_time\" content=\"2014-04-03T16:39:36+00:00\" \/>\n<meta property=\"article:modified_time\" content=\"2019-03-02T12:43:23+00:00\" \/>\n<meta property=\"og:image\" content=\"https:\/\/franciscanos.org.br\/vidacrista\/wp-content\/uploads\/2015\/10\/sagrado_021015.jpg\" \/>\n\t<meta property=\"og:image:width\" content=\"273\" \/>\n\t<meta property=\"og:image:height\" content=\"181\" \/>\n\t<meta property=\"og:image:type\" content=\"image\/jpeg\" \/>\n<meta name=\"author\" content=\"admin\" \/>\n<meta name=\"twitter:card\" content=\"summary_large_image\" \/>\n<meta name=\"twitter:label1\" content=\"Escrito por\" \/>\n\t<meta name=\"twitter:data1\" content=\"admin\" \/>\n\t<meta name=\"twitter:label2\" content=\"Est. tempo de leitura\" \/>\n\t<meta name=\"twitter:data2\" content=\"3 minutos\" \/>\n<script type=\"application\/ld+json\" class=\"yoast-schema-graph\">{\"@context\":\"https:\/\/schema.org\",\"@graph\":[{\"@type\":\"WebSite\",\"@id\":\"https:\/\/franciscanos.org.br\/vidacrista\/#website\",\"url\":\"https:\/\/franciscanos.org.br\/vidacrista\/\",\"name\":\"Vida Crist\u00e3 - Franciscanos\",\"description\":\"Prov\u00edncia Franciscana da Imaculada Concei\u00e7\u00e3o do Brasil - Ordem dos Frades Menores\",\"potentialAction\":[{\"@type\":\"SearchAction\",\"target\":{\"@type\":\"EntryPoint\",\"urlTemplate\":\"https:\/\/franciscanos.org.br\/vidacrista\/?s={search_term_string}\"},\"query-input\":\"required name=search_term_string\"}],\"inLanguage\":\"pt-BR\"},{\"@type\":\"WebPage\",\"@id\":\"https:\/\/franciscanos.org.br\/vidacrista\/naquela-tarde-naquele-entardecer-de-tanta-solidao\/\",\"url\":\"https:\/\/franciscanos.org.br\/vidacrista\/naquela-tarde-naquele-entardecer-de-tanta-solidao\/\",\"name\":\"Naquela tarde... Naquele entardecer de tanta solid\u00e3o - Vida Crist\u00e3 - Franciscanos\",\"isPartOf\":{\"@id\":\"https:\/\/franciscanos.org.br\/vidacrista\/#website\"},\"datePublished\":\"2014-04-03T16:39:36+00:00\",\"dateModified\":\"2019-03-02T12:43:23+00:00\",\"author\":{\"@id\":\"https:\/\/franciscanos.org.br\/vidacrista\/#\/schema\/person\/133632ca93cec555316a35f76ab4153b\"},\"breadcrumb\":{\"@id\":\"https:\/\/franciscanos.org.br\/vidacrista\/naquela-tarde-naquele-entardecer-de-tanta-solidao\/#breadcrumb\"},\"inLanguage\":\"pt-BR\",\"potentialAction\":[{\"@type\":\"ReadAction\",\"target\":[\"https:\/\/franciscanos.org.br\/vidacrista\/naquela-tarde-naquele-entardecer-de-tanta-solidao\/\"]}]},{\"@type\":\"BreadcrumbList\",\"@id\":\"https:\/\/franciscanos.org.br\/vidacrista\/naquela-tarde-naquele-entardecer-de-tanta-solidao\/#breadcrumb\",\"itemListElement\":[{\"@type\":\"ListItem\",\"position\":1,\"name\":\"Home\",\"item\":\"https:\/\/franciscanos.org.br\/vidacrista\/\"},{\"@type\":\"ListItem\",\"position\":2,\"name\":\"Naquela tarde&#8230; Naquele entardecer de tanta solid\u00e3o\"}]},{\"@type\":\"Person\",\"@id\":\"https:\/\/franciscanos.org.br\/vidacrista\/#\/schema\/person\/133632ca93cec555316a35f76ab4153b\",\"name\":\"admin\",\"image\":{\"@type\":\"ImageObject\",\"inLanguage\":\"pt-BR\",\"@id\":\"https:\/\/franciscanos.org.br\/vidacrista\/#\/schema\/person\/image\/\",\"url\":\"https:\/\/secure.gravatar.com\/avatar\/e8495742d34d0ba6448ea1c628263b3e?s=96&d=mm&r=g\",\"contentUrl\":\"https:\/\/secure.gravatar.com\/avatar\/e8495742d34d0ba6448ea1c628263b3e?s=96&d=mm&r=g\",\"caption\":\"admin\"},\"url\":\"https:\/\/franciscanos.org.br\/vidacrista\/author\/admin\/\"}]}<\/script>\n<!-- \/ Yoast SEO plugin. -->","yoast_head_json":{"title":"Naquela tarde... Naquele entardecer de tanta solid\u00e3o - Vida Crist\u00e3 - Franciscanos","robots":{"index":"index","follow":"follow","max-snippet":"max-snippet:-1","max-image-preview":"max-image-preview:large","max-video-preview":"max-video-preview:-1"},"canonical":"https:\/\/franciscanos.org.br\/vidacrista\/naquela-tarde-naquele-entardecer-de-tanta-solidao\/","og_locale":"pt_BR","og_type":"article","og_title":"Naquela tarde... Naquele entardecer de tanta solid\u00e3o - Vida Crist\u00e3 - Franciscanos","og_description":"1\u00aa Sexta-feira do M\u00eas","og_url":"https:\/\/franciscanos.org.br\/vidacrista\/naquela-tarde-naquele-entardecer-de-tanta-solidao\/","og_site_name":"Vida Crist\u00e3 - Franciscanos","article_published_time":"2014-04-03T16:39:36+00:00","article_modified_time":"2019-03-02T12:43:23+00:00","og_image":[{"width":273,"height":181,"url":"https:\/\/franciscanos.org.br\/vidacrista\/wp-content\/uploads\/2015\/10\/sagrado_021015.jpg","type":"image\/jpeg"}],"author":"admin","twitter_card":"summary_large_image","twitter_misc":{"Escrito por":"admin","Est. tempo de leitura":"3 minutos"},"schema":{"@context":"https:\/\/schema.org","@graph":[{"@type":"WebSite","@id":"https:\/\/franciscanos.org.br\/vidacrista\/#website","url":"https:\/\/franciscanos.org.br\/vidacrista\/","name":"Vida Crist\u00e3 - Franciscanos","description":"Prov\u00edncia Franciscana da Imaculada Concei\u00e7\u00e3o do Brasil - Ordem dos Frades Menores","potentialAction":[{"@type":"SearchAction","target":{"@type":"EntryPoint","urlTemplate":"https:\/\/franciscanos.org.br\/vidacrista\/?s={search_term_string}"},"query-input":"required name=search_term_string"}],"inLanguage":"pt-BR"},{"@type":"WebPage","@id":"https:\/\/franciscanos.org.br\/vidacrista\/naquela-tarde-naquele-entardecer-de-tanta-solidao\/","url":"https:\/\/franciscanos.org.br\/vidacrista\/naquela-tarde-naquele-entardecer-de-tanta-solidao\/","name":"Naquela tarde... Naquele entardecer de tanta solid\u00e3o - Vida Crist\u00e3 - Franciscanos","isPartOf":{"@id":"https:\/\/franciscanos.org.br\/vidacrista\/#website"},"datePublished":"2014-04-03T16:39:36+00:00","dateModified":"2019-03-02T12:43:23+00:00","author":{"@id":"https:\/\/franciscanos.org.br\/vidacrista\/#\/schema\/person\/133632ca93cec555316a35f76ab4153b"},"breadcrumb":{"@id":"https:\/\/franciscanos.org.br\/vidacrista\/naquela-tarde-naquele-entardecer-de-tanta-solidao\/#breadcrumb"},"inLanguage":"pt-BR","potentialAction":[{"@type":"ReadAction","target":["https:\/\/franciscanos.org.br\/vidacrista\/naquela-tarde-naquele-entardecer-de-tanta-solidao\/"]}]},{"@type":"BreadcrumbList","@id":"https:\/\/franciscanos.org.br\/vidacrista\/naquela-tarde-naquele-entardecer-de-tanta-solidao\/#breadcrumb","itemListElement":[{"@type":"ListItem","position":1,"name":"Home","item":"https:\/\/franciscanos.org.br\/vidacrista\/"},{"@type":"ListItem","position":2,"name":"Naquela tarde&#8230; Naquele entardecer de tanta solid\u00e3o"}]},{"@type":"Person","@id":"https:\/\/franciscanos.org.br\/vidacrista\/#\/schema\/person\/133632ca93cec555316a35f76ab4153b","name":"admin","image":{"@type":"ImageObject","inLanguage":"pt-BR","@id":"https:\/\/franciscanos.org.br\/vidacrista\/#\/schema\/person\/image\/","url":"https:\/\/secure.gravatar.com\/avatar\/e8495742d34d0ba6448ea1c628263b3e?s=96&d=mm&r=g","contentUrl":"https:\/\/secure.gravatar.com\/avatar\/e8495742d34d0ba6448ea1c628263b3e?s=96&d=mm&r=g","caption":"admin"},"url":"https:\/\/franciscanos.org.br\/vidacrista\/author\/admin\/"}]}},"_links":{"self":[{"href":"https:\/\/franciscanos.org.br\/vidacrista\/wp-json\/wp\/v2\/posts\/55473"}],"collection":[{"href":"https:\/\/franciscanos.org.br\/vidacrista\/wp-json\/wp\/v2\/posts"}],"about":[{"href":"https:\/\/franciscanos.org.br\/vidacrista\/wp-json\/wp\/v2\/types\/post"}],"author":[{"embeddable":true,"href":"https:\/\/franciscanos.org.br\/vidacrista\/wp-json\/wp\/v2\/users\/1"}],"replies":[{"embeddable":true,"href":"https:\/\/franciscanos.org.br\/vidacrista\/wp-json\/wp\/v2\/comments?post=55473"}],"version-history":[{"count":3,"href":"https:\/\/franciscanos.org.br\/vidacrista\/wp-json\/wp\/v2\/posts\/55473\/revisions"}],"predecessor-version":[{"id":178244,"href":"https:\/\/franciscanos.org.br\/vidacrista\/wp-json\/wp\/v2\/posts\/55473\/revisions\/178244"}],"wp:featuredmedia":[{"embeddable":true,"href":"https:\/\/franciscanos.org.br\/vidacrista\/wp-json\/wp\/v2\/media\/178219"}],"wp:attachment":[{"href":"https:\/\/franciscanos.org.br\/vidacrista\/wp-json\/wp\/v2\/media?parent=55473"}],"wp:term":[{"taxonomy":"category","embeddable":true,"href":"https:\/\/franciscanos.org.br\/vidacrista\/wp-json\/wp\/v2\/categories?post=55473"},{"taxonomy":"post_tag","embeddable":true,"href":"https:\/\/franciscanos.org.br\/vidacrista\/wp-json\/wp\/v2\/tags?post=55473"}],"curies":[{"name":"wp","href":"https:\/\/api.w.org\/{rel}","templated":true}]}}