{"id":51914,"date":"2014-02-04T01:11:52","date_gmt":"2014-02-04T03:11:52","guid":{"rendered":"http:\/\/new.franciscanos.org.br\/?p=51914"},"modified":"2019-03-01T13:21:00","modified_gmt":"2019-03-01T16:21:00","slug":"ficamos-fortes-na-fraqueza-de-jesus-texto-de-frei-almir","status":"publish","type":"post","link":"https:\/\/franciscanos.org.br\/vidacrista\/ficamos-fortes-na-fraqueza-de-jesus-texto-de-frei-almir\/","title":{"rendered":"&#8220;Ficamos fortes na fraqueza de Jesus&#8221;"},"content":{"rendered":"<p>M\u00eas a m\u00eas, sempre na primeira sexta-feira, costumamos fixar o nosso olhar na bondade ilimitada de Cristo Jesus que nos amou at\u00e9 o fim. Dirigimos nosso olhar contrito para a ferida aberta pelo soldado no lado do\u00a0 Senhor morto. Toda a cena do Calv\u00e1rio \u00e9 marcada pela fraqueza, por indescrit\u00edvel fragilidade. Um Deus forte e todo onipotente, em Jesus, torna-se fragilidade. A salva\u00e7\u00e3o que\u00a0 Jesus nos traz se opera na inani\u00e7\u00e3o e na impot\u00eancia. No momento em que os judeus, dentro dos muros da cidade de Jerusal\u00e9m, viviam a feliz e exultante alegria da festa da P\u00e1scoa, poucos se interessavam por esse mestre ambulante que estava sendo eliminado pelo supl\u00edcio da cruz fora dos muros. No final de tudo, o cora\u00e7\u00e3o, desse considerado como r\u00e9probo, ainda \u00e9 fissurado por uma lan\u00e7a. Esse cora\u00e7\u00e3o \u00e9 que contemplamos nesse nosso carinho pela primeira sexta-feira de cada m\u00eas.<\/p>\n<p><img decoding=\"async\" loading=\"lazy\" class=\"alignright size-full wp-image-52537\" src=\"http:\/\/franciscanos.org.br\/wp-content\/uploads\/2014\/02\/calvario.jpg\" alt=\"Crucificado\" width=\"400\" height=\"240\" \/>Admir\u00e1veis as palavras de Santo Agostinho a respeito da for\u00e7a e da fraqueza de Cristo Jesus. No texto que transcrevemos\u00a0 comenta o cansa\u00e7o de Jesus relatado no epis\u00f3dio do encontro com a samaritana. As palavras do g\u00eanio de Hipona podem ser aplicadas ao cansa\u00e7o\/debilidade experimentados pelo Senhor no alto da cruz e na exposi\u00e7\u00e3o ao mundo da fenda de seu peito aberta pela lan\u00e7a do soldado.<\/p>\n<p><em>\u201cQueres saber como \u00e9 forte o\u00a0 Filho de Deus?\u00a0 \u201cTudo o que foi criado\u00a0 foi criado por meio dele\u201d \u00a0(Jo 1,3),\u00a0 e tudo se esfor\u00e7o.\u00a0 O que pode ser \u00a0mais forte do que ele que tudo criou sem esfor\u00e7o?<\/em><\/p>\n<p><em>Queres conhecer a sua fraqueza? \u201cO Verbo se fez carne e habitou entre n\u00f3s\u201d (Jo 1,14).\u00a0 A for\u00e7a de Cristo te criou e a fragilidade de Cristo te recriou.\u00a0 A for\u00e7a de Cristo\u00a0 fez com que existisse o que n\u00e3o existia, a fraqueza de Cristo fez com que n\u00e3o se perdesse o que j\u00e1 existia. Fomos criados na for\u00e7a e\u00a0 fomos procurados em sua fraqueza. Com sua fraqueza nutre os fracos como a galinha alimenta os seus pintainhos. Ele mesmo se comparou a uma galinha: \u201cQuantas vezes quis eu reunir os teus filhos,\u00a0 Jerusal\u00e9m, como a galinha re\u00fane os seus pintinhos\u00a0 sob as suas asas e tu n\u00e3o quiseste\u201d (Mt 23, 37).\u00a0\u00a0 Cansado pelo caminhar\u00a0 que quer dizer sen\u00e3o estar cansado na carne? Jesus \u00e9 fraco na carne.\u00a0 Tu por\u00e9m n\u00e3o \u00e9s&#8230; Sede fortes na fraqueza\u00a0 \u201cporque a fraqueza de Deus \u00e9 mais forte que os homens\u201d (1Cor 1,25)\u201d\u00a0 (Coment\u00e1rio ao Evangelho de Jo\u00e3o\u00a0 15,6-7).<\/em><\/p>\n<p>Olhamos com gratid\u00e3o e ternura para esse Jesus\u00a0 que desce das alturas e se torna t\u00e3o pequeno, revestindo-se de tanta fragilidade. Pobre que nasce num canto pobre,\u00a0 fr\u00e1gil que nasce como uma indefesa crian\u00e7a, que precisa de leite e de cuidados, que n\u00e3o tem uma pedra onde reclinar a cabe\u00e7a\u00a0 nem uma toca para dormir, pobre\u00a0 que n\u00e3o encontra advogados que o defendam as f\u00faria dos fariseus,\u00a0 fr\u00e1gil, todo ferido no alto da cruz,\u00a0 pobre com todas as chagas do corpo e ainda com o peito dilacerado pela lan\u00e7a do soldado. Compreendemos perfeitamente o encanto de S\u00e3o Francisco com pres\u00e9pio\u00a0 do Menino das Palhas e sua dor com a paix\u00e3o do\u00a0 Senhor. Ele sa\u00eda pelas ruas chorando e dizendo:\u00a0 \u201cO Amor n\u00e3o \u00e9 amado&#8230;\u201d.<\/p>\n<p>Os verdadeiros devotos do Cora\u00e7\u00e3o de Jesus s\u00e3o aqueles que compreendem at\u00e9 que ponto Deus se tornou louco de amor e fazem de sua vida uma propaganda viva do amor de Deus por n\u00f3s.<\/p>\n<p><strong>Frei Almir Ribeiro Guimar\u00e3es<\/strong><\/p>\n","protected":false},"excerpt":{"rendered":"<p>1\u00aa Sexta-feira do M\u00eas<\/p>\n","protected":false},"author":1,"featured_media":178037,"comment_status":"closed","ping_status":"open","sticky":false,"template":"","format":"standard","meta":{"footnotes":""},"categories":[105],"tags":[106,112],"yoast_head":"<!-- This site is optimized with the Yoast SEO plugin v19.4 - https:\/\/yoast.com\/wordpress\/plugins\/seo\/ -->\n<title>&quot;Ficamos fortes na fraqueza de Jesus&quot; - Vida Crist\u00e3 - Franciscanos<\/title>\n<meta name=\"robots\" content=\"index, follow, max-snippet:-1, max-image-preview:large, max-video-preview:-1\" \/>\n<link rel=\"canonical\" href=\"https:\/\/franciscanos.org.br\/vidacrista\/ficamos-fortes-na-fraqueza-de-jesus-texto-de-frei-almir\/\" \/>\n<meta property=\"og:locale\" content=\"pt_BR\" \/>\n<meta property=\"og:type\" content=\"article\" \/>\n<meta property=\"og:title\" content=\"&quot;Ficamos fortes na fraqueza de Jesus&quot; - Vida Crist\u00e3 - Franciscanos\" \/>\n<meta property=\"og:description\" content=\"1\u00aa Sexta-feira do M\u00eas\" \/>\n<meta property=\"og:url\" content=\"https:\/\/franciscanos.org.br\/vidacrista\/ficamos-fortes-na-fraqueza-de-jesus-texto-de-frei-almir\/\" \/>\n<meta property=\"og:site_name\" content=\"Vida Crist\u00e3 - Franciscanos\" \/>\n<meta property=\"article:published_time\" content=\"2014-02-04T03:11:52+00:00\" \/>\n<meta property=\"article:modified_time\" content=\"2019-03-01T16:21:00+00:00\" \/>\n<meta property=\"og:image\" content=\"https:\/\/franciscanos.org.br\/vidacrista\/wp-content\/uploads\/2014\/02\/sagrado_040214.jpg\" \/>\n\t<meta property=\"og:image:width\" content=\"273\" \/>\n\t<meta property=\"og:image:height\" content=\"181\" \/>\n\t<meta property=\"og:image:type\" content=\"image\/jpeg\" \/>\n<meta name=\"author\" content=\"admin\" \/>\n<meta name=\"twitter:card\" content=\"summary_large_image\" \/>\n<meta name=\"twitter:label1\" content=\"Escrito por\" \/>\n\t<meta name=\"twitter:data1\" content=\"admin\" \/>\n\t<meta name=\"twitter:label2\" content=\"Est. tempo de leitura\" \/>\n\t<meta name=\"twitter:data2\" content=\"3 minutos\" \/>\n<script type=\"application\/ld+json\" class=\"yoast-schema-graph\">{\"@context\":\"https:\/\/schema.org\",\"@graph\":[{\"@type\":\"WebSite\",\"@id\":\"https:\/\/franciscanos.org.br\/vidacrista\/#website\",\"url\":\"https:\/\/franciscanos.org.br\/vidacrista\/\",\"name\":\"Vida Crist\u00e3 - Franciscanos\",\"description\":\"Prov\u00edncia Franciscana da Imaculada Concei\u00e7\u00e3o do Brasil - Ordem dos Frades Menores\",\"potentialAction\":[{\"@type\":\"SearchAction\",\"target\":{\"@type\":\"EntryPoint\",\"urlTemplate\":\"https:\/\/franciscanos.org.br\/vidacrista\/?s={search_term_string}\"},\"query-input\":\"required name=search_term_string\"}],\"inLanguage\":\"pt-BR\"},{\"@type\":\"WebPage\",\"@id\":\"https:\/\/franciscanos.org.br\/vidacrista\/ficamos-fortes-na-fraqueza-de-jesus-texto-de-frei-almir\/\",\"url\":\"https:\/\/franciscanos.org.br\/vidacrista\/ficamos-fortes-na-fraqueza-de-jesus-texto-de-frei-almir\/\",\"name\":\"\\\"Ficamos fortes na fraqueza de Jesus\\\" - Vida Crist\u00e3 - Franciscanos\",\"isPartOf\":{\"@id\":\"https:\/\/franciscanos.org.br\/vidacrista\/#website\"},\"datePublished\":\"2014-02-04T03:11:52+00:00\",\"dateModified\":\"2019-03-01T16:21:00+00:00\",\"author\":{\"@id\":\"https:\/\/franciscanos.org.br\/vidacrista\/#\/schema\/person\/133632ca93cec555316a35f76ab4153b\"},\"breadcrumb\":{\"@id\":\"https:\/\/franciscanos.org.br\/vidacrista\/ficamos-fortes-na-fraqueza-de-jesus-texto-de-frei-almir\/#breadcrumb\"},\"inLanguage\":\"pt-BR\",\"potentialAction\":[{\"@type\":\"ReadAction\",\"target\":[\"https:\/\/franciscanos.org.br\/vidacrista\/ficamos-fortes-na-fraqueza-de-jesus-texto-de-frei-almir\/\"]}]},{\"@type\":\"BreadcrumbList\",\"@id\":\"https:\/\/franciscanos.org.br\/vidacrista\/ficamos-fortes-na-fraqueza-de-jesus-texto-de-frei-almir\/#breadcrumb\",\"itemListElement\":[{\"@type\":\"ListItem\",\"position\":1,\"name\":\"Home\",\"item\":\"https:\/\/franciscanos.org.br\/vidacrista\/\"},{\"@type\":\"ListItem\",\"position\":2,\"name\":\"&#8220;Ficamos fortes na fraqueza de Jesus&#8221;\"}]},{\"@type\":\"Person\",\"@id\":\"https:\/\/franciscanos.org.br\/vidacrista\/#\/schema\/person\/133632ca93cec555316a35f76ab4153b\",\"name\":\"admin\",\"image\":{\"@type\":\"ImageObject\",\"inLanguage\":\"pt-BR\",\"@id\":\"https:\/\/franciscanos.org.br\/vidacrista\/#\/schema\/person\/image\/\",\"url\":\"https:\/\/secure.gravatar.com\/avatar\/e8495742d34d0ba6448ea1c628263b3e?s=96&d=mm&r=g\",\"contentUrl\":\"https:\/\/secure.gravatar.com\/avatar\/e8495742d34d0ba6448ea1c628263b3e?s=96&d=mm&r=g\",\"caption\":\"admin\"},\"url\":\"https:\/\/franciscanos.org.br\/vidacrista\/author\/admin\/\"}]}<\/script>\n<!-- \/ Yoast SEO plugin. -->","yoast_head_json":{"title":"\"Ficamos fortes na fraqueza de Jesus\" - Vida Crist\u00e3 - Franciscanos","robots":{"index":"index","follow":"follow","max-snippet":"max-snippet:-1","max-image-preview":"max-image-preview:large","max-video-preview":"max-video-preview:-1"},"canonical":"https:\/\/franciscanos.org.br\/vidacrista\/ficamos-fortes-na-fraqueza-de-jesus-texto-de-frei-almir\/","og_locale":"pt_BR","og_type":"article","og_title":"\"Ficamos fortes na fraqueza de Jesus\" - Vida Crist\u00e3 - Franciscanos","og_description":"1\u00aa Sexta-feira do M\u00eas","og_url":"https:\/\/franciscanos.org.br\/vidacrista\/ficamos-fortes-na-fraqueza-de-jesus-texto-de-frei-almir\/","og_site_name":"Vida Crist\u00e3 - Franciscanos","article_published_time":"2014-02-04T03:11:52+00:00","article_modified_time":"2019-03-01T16:21:00+00:00","og_image":[{"width":273,"height":181,"url":"https:\/\/franciscanos.org.br\/vidacrista\/wp-content\/uploads\/2014\/02\/sagrado_040214.jpg","type":"image\/jpeg"}],"author":"admin","twitter_card":"summary_large_image","twitter_misc":{"Escrito por":"admin","Est. tempo de leitura":"3 minutos"},"schema":{"@context":"https:\/\/schema.org","@graph":[{"@type":"WebSite","@id":"https:\/\/franciscanos.org.br\/vidacrista\/#website","url":"https:\/\/franciscanos.org.br\/vidacrista\/","name":"Vida Crist\u00e3 - Franciscanos","description":"Prov\u00edncia Franciscana da Imaculada Concei\u00e7\u00e3o do Brasil - Ordem dos Frades Menores","potentialAction":[{"@type":"SearchAction","target":{"@type":"EntryPoint","urlTemplate":"https:\/\/franciscanos.org.br\/vidacrista\/?s={search_term_string}"},"query-input":"required name=search_term_string"}],"inLanguage":"pt-BR"},{"@type":"WebPage","@id":"https:\/\/franciscanos.org.br\/vidacrista\/ficamos-fortes-na-fraqueza-de-jesus-texto-de-frei-almir\/","url":"https:\/\/franciscanos.org.br\/vidacrista\/ficamos-fortes-na-fraqueza-de-jesus-texto-de-frei-almir\/","name":"\"Ficamos fortes na fraqueza de Jesus\" - Vida Crist\u00e3 - Franciscanos","isPartOf":{"@id":"https:\/\/franciscanos.org.br\/vidacrista\/#website"},"datePublished":"2014-02-04T03:11:52+00:00","dateModified":"2019-03-01T16:21:00+00:00","author":{"@id":"https:\/\/franciscanos.org.br\/vidacrista\/#\/schema\/person\/133632ca93cec555316a35f76ab4153b"},"breadcrumb":{"@id":"https:\/\/franciscanos.org.br\/vidacrista\/ficamos-fortes-na-fraqueza-de-jesus-texto-de-frei-almir\/#breadcrumb"},"inLanguage":"pt-BR","potentialAction":[{"@type":"ReadAction","target":["https:\/\/franciscanos.org.br\/vidacrista\/ficamos-fortes-na-fraqueza-de-jesus-texto-de-frei-almir\/"]}]},{"@type":"BreadcrumbList","@id":"https:\/\/franciscanos.org.br\/vidacrista\/ficamos-fortes-na-fraqueza-de-jesus-texto-de-frei-almir\/#breadcrumb","itemListElement":[{"@type":"ListItem","position":1,"name":"Home","item":"https:\/\/franciscanos.org.br\/vidacrista\/"},{"@type":"ListItem","position":2,"name":"&#8220;Ficamos fortes na fraqueza de Jesus&#8221;"}]},{"@type":"Person","@id":"https:\/\/franciscanos.org.br\/vidacrista\/#\/schema\/person\/133632ca93cec555316a35f76ab4153b","name":"admin","image":{"@type":"ImageObject","inLanguage":"pt-BR","@id":"https:\/\/franciscanos.org.br\/vidacrista\/#\/schema\/person\/image\/","url":"https:\/\/secure.gravatar.com\/avatar\/e8495742d34d0ba6448ea1c628263b3e?s=96&d=mm&r=g","contentUrl":"https:\/\/secure.gravatar.com\/avatar\/e8495742d34d0ba6448ea1c628263b3e?s=96&d=mm&r=g","caption":"admin"},"url":"https:\/\/franciscanos.org.br\/vidacrista\/author\/admin\/"}]}},"_links":{"self":[{"href":"https:\/\/franciscanos.org.br\/vidacrista\/wp-json\/wp\/v2\/posts\/51914"}],"collection":[{"href":"https:\/\/franciscanos.org.br\/vidacrista\/wp-json\/wp\/v2\/posts"}],"about":[{"href":"https:\/\/franciscanos.org.br\/vidacrista\/wp-json\/wp\/v2\/types\/post"}],"author":[{"embeddable":true,"href":"https:\/\/franciscanos.org.br\/vidacrista\/wp-json\/wp\/v2\/users\/1"}],"replies":[{"embeddable":true,"href":"https:\/\/franciscanos.org.br\/vidacrista\/wp-json\/wp\/v2\/comments?post=51914"}],"version-history":[{"count":2,"href":"https:\/\/franciscanos.org.br\/vidacrista\/wp-json\/wp\/v2\/posts\/51914\/revisions"}],"predecessor-version":[{"id":178039,"href":"https:\/\/franciscanos.org.br\/vidacrista\/wp-json\/wp\/v2\/posts\/51914\/revisions\/178039"}],"wp:featuredmedia":[{"embeddable":true,"href":"https:\/\/franciscanos.org.br\/vidacrista\/wp-json\/wp\/v2\/media\/178037"}],"wp:attachment":[{"href":"https:\/\/franciscanos.org.br\/vidacrista\/wp-json\/wp\/v2\/media?parent=51914"}],"wp:term":[{"taxonomy":"category","embeddable":true,"href":"https:\/\/franciscanos.org.br\/vidacrista\/wp-json\/wp\/v2\/categories?post=51914"},{"taxonomy":"post_tag","embeddable":true,"href":"https:\/\/franciscanos.org.br\/vidacrista\/wp-json\/wp\/v2\/tags?post=51914"}],"curies":[{"name":"wp","href":"https:\/\/api.w.org\/{rel}","templated":true}]}}