{"id":51230,"date":"2013-12-04T09:48:48","date_gmt":"2013-12-04T11:48:48","guid":{"rendered":"http:\/\/new.franciscanos.org.br\/?p=51230"},"modified":"2020-05-22T10:18:37","modified_gmt":"2020-05-22T13:18:37","slug":"aquele-instante-de-silencio-texto-de-frei-almir","status":"publish","type":"post","link":"https:\/\/franciscanos.org.br\/vidacrista\/aquele-instante-de-silencio-texto-de-frei-almir\/","title":{"rendered":"Aquele instante de sil\u00eancio&#8230;"},"content":{"rendered":"<p><strong>Frei Almir Ribeiro Guimar\u00e3es<\/strong><\/p>\n<div id=\"attachment_51232\" style=\"width: 410px\" class=\"wp-caption alignright\"><img aria-describedby=\"caption-attachment-51232\" decoding=\"async\" loading=\"lazy\" class=\"size-full wp-image-51232\" src=\"http:\/\/franciscanos.org.br\/wp-content\/uploads\/2013\/12\/murilo.jpg\" alt=\"Imagem de Murillo\" width=\"400\" height=\"613\" \/><p id=\"caption-attachment-51232\" class=\"wp-caption-text\">Bartolom\u00e9 Esteban Murillo, pintor do barroco espanhol<\/p><\/div>\n<p>N\u00f3s, disc\u00edpulos do Senhor Jesus, que devotamos ao Cora\u00e7\u00e3o de Cristo toda venera\u00e7\u00e3o e adora\u00e7\u00e3o, gostamos de refletir sobre algumas situa\u00e7\u00f5es vividas\u00a0 nos \u00faltimos momentos de sua vida entre n\u00f3s. Contemplamos a solid\u00e3o de Gets\u00eamani e o abandono na cruz, antes que seu peito fosse aberto pela lan\u00e7a do soldado.<\/p>\n<p>Ficamos impressionados com a solid\u00e3o experimentada pelo Senhor no Jardim das\u00a0 Oliveiras. Jesus tem a impress\u00e3o que at\u00e9 mesmo o Pai foi se tornando distante. Jos\u00e9\u00a0 Antonio Pagola\u00a0 (<i>Jesus, Aproxima\u00e7\u00e3o hist\u00f3rica, Vozes<\/i>)\u00a0 descreve a cena com muita propriedade:\u00a0 \u201cA solid\u00e3o de Jesus \u00e9 total.\u00a0 Seu sofrimento e seus gritos\u00a0 n\u00e3o encontram eco em ningu\u00e9m:\u00a0 Deus n\u00e3o lhe responde; seus disc\u00edpulos \u201cdormem\u201d. Capturado\u00a0 pelas for\u00e7as de seguran\u00e7a do templo, Jesus n\u00e3o tem d\u00favida:\u00a0 o Pai n\u00e3o ouviu seus desejos de continuar vivendo; seus disc\u00edpulos fogem procurando a pr\u00f3pria seguran\u00e7a.\u00a0 Ele est\u00e1 s\u00f3!\u00a0 Os relatos deixam entrever essa solid\u00e3o ao longo de toda a sua paix\u00e3o. A aten\u00e7\u00e3o\u00a0 dos habitantes de Jerusal\u00e9m e daquela multid\u00e3o de peregrinos\u00a0 que enche as ruas n\u00e3o est\u00e1 naquele pequeno grupo\u00a0 que vai ser executado nas imedia\u00e7\u00f5es da cidade. No templo tudo \u00e9 agita\u00e7\u00e3o e az\u00e1fama. A estas horas, milhares de cordeiros est\u00e3o sendo sacrificados no recinto sagrado. As pessoas movimentam-se febrilmente concluindo os \u00faltimos preparativos para a ceia pascal. Somente os que se encontram em seu caminho com o cortejo dos condenados ou passam perto do\u00a0 G\u00f3lgota \u00a0ou prestam aten\u00e7\u00e3o. Como \u00e9 habitual nas sociedade antigas,\u00a0 s\u00e3o pessoas familiarizadas com o espet\u00e1culo de uma execu\u00e7\u00e3o p\u00fablica. Suas rea\u00e7\u00f5es s\u00e3o diversas: curiosidade, gritos, zombaria, desprezo e um que outro coment\u00e1rio de\u00a0 l\u00e1stima.\u00a0 Da cruz, \u00a0Jesus provavelmente s\u00f3 percebe rejei\u00e7\u00e3o e hostilidade\u201d\u00a0 (p. 479).\u00a0 E Jesus guarda sil\u00eancio.<\/p>\n<p>No alto da cruz, \u00a0Jesus continua fazendo a experi\u00eancia da aus\u00eancia do Pai. Escuta o sil\u00eancio do Pai. Segundo Eloi Leclerc\u00a0 (<i>Deus sem limites, Ed. Franciscana, Braga<\/i>), \u00a0Jesus n\u00e3o experimenta descren\u00e7a, mas f\u00e9, uma f\u00e9 mantida na mais escura das noites, no mais profundo dos abismos. O grito de Jesus com voz forte\u00a0 \u00e9 uma ora\u00e7\u00e3o. O seu relacionamento com o Pai n\u00e3o est\u00e1 interrompido. A comunica\u00e7\u00e3o continua com a ponte da f\u00e9. Essa ponte\u00a0 \u00e9 lan\u00e7ada sobre o abismo da aus\u00eancia.<\/p>\n<p>E. Leclerc observa que o mais importante n\u00e3o \u00e9 o grito, mas o longo momento de sil\u00eancio subsequente quando Jesus n\u00e3o pediu mais nada.\u00a0 Leclerc cita Georges Bernanos: \u201cNo alto da cruz, Jesus orou, gritou, chorou, suspirou, rangeu os dentes, como fazem os moribundos. Mas h\u00e1 coisa mais importante e preciosa: o minuto, o longo minuto de sil\u00eancio, depois do qual tudo foi consumado\u201d\u00a0 Nesse momento, nesse minuto em que Cristo \u00e9 o sil\u00eancio no meio do mundo, toda a humanidade se concentra nele, e por ele \u00e9 acolhida e nele recolhida.<\/p>\n<p>Ser\u00e1 preciso penetrar nesse sil\u00eancio.\u00a0 Temos de penetrar nesse sil\u00eancio para o entendermos. Quando a palavra se faz sil\u00eancio\u00a0 transforma-se em palavra. E o que diz esse sil\u00eancio? Que s\u00f3\u00a0 a pobreza, a pobreza imensa da noite pascal, se encontra \u00e0 altura do mist\u00e9rio de Deus.<\/p>\n<p>Bendito o sil\u00eancio de Jesus entre o grito forte brotou de seu peito e o inclinar a cabe\u00e7a na hora da morte.\u00a0 Os devotos do cora\u00e7\u00e3o de Jesus nada t\u00eam a fazer sen\u00e3o guardar um sil\u00eancio adorante diante do majestoso sil\u00eancio de Jesus\u00a0 quando, na f\u00e9, reencontrou o Pai que parecia ausente.<\/p>\n","protected":false},"excerpt":{"rendered":"<p>1\u00aa Sexta-feira do M\u00eas<\/p>\n","protected":false},"author":1,"featured_media":184578,"comment_status":"closed","ping_status":"open","sticky":false,"template":"","format":"standard","meta":{"footnotes":""},"categories":[105],"tags":[106,112],"yoast_head":"<!-- This site is optimized with the Yoast SEO plugin v19.4 - https:\/\/yoast.com\/wordpress\/plugins\/seo\/ -->\n<title>Aquele instante de sil\u00eancio... - Vida Crist\u00e3 - Franciscanos<\/title>\n<meta name=\"robots\" content=\"index, follow, max-snippet:-1, max-image-preview:large, max-video-preview:-1\" \/>\n<link rel=\"canonical\" href=\"https:\/\/franciscanos.org.br\/vidacrista\/aquele-instante-de-silencio-texto-de-frei-almir\/\" \/>\n<meta property=\"og:locale\" content=\"pt_BR\" \/>\n<meta property=\"og:type\" content=\"article\" \/>\n<meta property=\"og:title\" content=\"Aquele instante de sil\u00eancio... - Vida Crist\u00e3 - Franciscanos\" \/>\n<meta property=\"og:description\" content=\"1\u00aa Sexta-feira do M\u00eas\" \/>\n<meta property=\"og:url\" content=\"https:\/\/franciscanos.org.br\/vidacrista\/aquele-instante-de-silencio-texto-de-frei-almir\/\" \/>\n<meta property=\"og:site_name\" content=\"Vida Crist\u00e3 - Franciscanos\" \/>\n<meta property=\"article:published_time\" content=\"2013-12-04T11:48:48+00:00\" \/>\n<meta property=\"article:modified_time\" content=\"2020-05-22T13:18:37+00:00\" \/>\n<meta property=\"og:image\" content=\"https:\/\/franciscanos.org.br\/vidacrista\/wp-content\/uploads\/2013\/12\/murilo.jpg\" \/>\n\t<meta property=\"og:image:width\" content=\"800\" \/>\n\t<meta property=\"og:image:height\" content=\"600\" \/>\n\t<meta property=\"og:image:type\" content=\"image\/jpeg\" \/>\n<meta name=\"author\" content=\"admin\" \/>\n<meta name=\"twitter:card\" content=\"summary_large_image\" \/>\n<meta name=\"twitter:label1\" content=\"Escrito por\" \/>\n\t<meta name=\"twitter:data1\" content=\"admin\" \/>\n\t<meta name=\"twitter:label2\" content=\"Est. tempo de leitura\" \/>\n\t<meta name=\"twitter:data2\" content=\"3 minutos\" \/>\n<script type=\"application\/ld+json\" class=\"yoast-schema-graph\">{\"@context\":\"https:\/\/schema.org\",\"@graph\":[{\"@type\":\"WebSite\",\"@id\":\"https:\/\/franciscanos.org.br\/vidacrista\/#website\",\"url\":\"https:\/\/franciscanos.org.br\/vidacrista\/\",\"name\":\"Vida Crist\u00e3 - Franciscanos\",\"description\":\"Prov\u00edncia Franciscana da Imaculada Concei\u00e7\u00e3o do Brasil - Ordem dos Frades Menores\",\"potentialAction\":[{\"@type\":\"SearchAction\",\"target\":{\"@type\":\"EntryPoint\",\"urlTemplate\":\"https:\/\/franciscanos.org.br\/vidacrista\/?s={search_term_string}\"},\"query-input\":\"required name=search_term_string\"}],\"inLanguage\":\"pt-BR\"},{\"@type\":\"WebPage\",\"@id\":\"https:\/\/franciscanos.org.br\/vidacrista\/aquele-instante-de-silencio-texto-de-frei-almir\/\",\"url\":\"https:\/\/franciscanos.org.br\/vidacrista\/aquele-instante-de-silencio-texto-de-frei-almir\/\",\"name\":\"Aquele instante de sil\u00eancio... - Vida Crist\u00e3 - Franciscanos\",\"isPartOf\":{\"@id\":\"https:\/\/franciscanos.org.br\/vidacrista\/#website\"},\"datePublished\":\"2013-12-04T11:48:48+00:00\",\"dateModified\":\"2020-05-22T13:18:37+00:00\",\"author\":{\"@id\":\"https:\/\/franciscanos.org.br\/vidacrista\/#\/schema\/person\/133632ca93cec555316a35f76ab4153b\"},\"breadcrumb\":{\"@id\":\"https:\/\/franciscanos.org.br\/vidacrista\/aquele-instante-de-silencio-texto-de-frei-almir\/#breadcrumb\"},\"inLanguage\":\"pt-BR\",\"potentialAction\":[{\"@type\":\"ReadAction\",\"target\":[\"https:\/\/franciscanos.org.br\/vidacrista\/aquele-instante-de-silencio-texto-de-frei-almir\/\"]}]},{\"@type\":\"BreadcrumbList\",\"@id\":\"https:\/\/franciscanos.org.br\/vidacrista\/aquele-instante-de-silencio-texto-de-frei-almir\/#breadcrumb\",\"itemListElement\":[{\"@type\":\"ListItem\",\"position\":1,\"name\":\"Home\",\"item\":\"https:\/\/franciscanos.org.br\/vidacrista\/\"},{\"@type\":\"ListItem\",\"position\":2,\"name\":\"Aquele instante de sil\u00eancio&#8230;\"}]},{\"@type\":\"Person\",\"@id\":\"https:\/\/franciscanos.org.br\/vidacrista\/#\/schema\/person\/133632ca93cec555316a35f76ab4153b\",\"name\":\"admin\",\"image\":{\"@type\":\"ImageObject\",\"inLanguage\":\"pt-BR\",\"@id\":\"https:\/\/franciscanos.org.br\/vidacrista\/#\/schema\/person\/image\/\",\"url\":\"https:\/\/secure.gravatar.com\/avatar\/e8495742d34d0ba6448ea1c628263b3e?s=96&d=mm&r=g\",\"contentUrl\":\"https:\/\/secure.gravatar.com\/avatar\/e8495742d34d0ba6448ea1c628263b3e?s=96&d=mm&r=g\",\"caption\":\"admin\"},\"url\":\"https:\/\/franciscanos.org.br\/vidacrista\/author\/admin\/\"}]}<\/script>\n<!-- \/ Yoast SEO plugin. -->","yoast_head_json":{"title":"Aquele instante de sil\u00eancio... - Vida Crist\u00e3 - Franciscanos","robots":{"index":"index","follow":"follow","max-snippet":"max-snippet:-1","max-image-preview":"max-image-preview:large","max-video-preview":"max-video-preview:-1"},"canonical":"https:\/\/franciscanos.org.br\/vidacrista\/aquele-instante-de-silencio-texto-de-frei-almir\/","og_locale":"pt_BR","og_type":"article","og_title":"Aquele instante de sil\u00eancio... - Vida Crist\u00e3 - Franciscanos","og_description":"1\u00aa Sexta-feira do M\u00eas","og_url":"https:\/\/franciscanos.org.br\/vidacrista\/aquele-instante-de-silencio-texto-de-frei-almir\/","og_site_name":"Vida Crist\u00e3 - Franciscanos","article_published_time":"2013-12-04T11:48:48+00:00","article_modified_time":"2020-05-22T13:18:37+00:00","og_image":[{"width":800,"height":600,"url":"https:\/\/franciscanos.org.br\/vidacrista\/wp-content\/uploads\/2013\/12\/murilo.jpg","type":"image\/jpeg"}],"author":"admin","twitter_card":"summary_large_image","twitter_misc":{"Escrito por":"admin","Est. tempo de leitura":"3 minutos"},"schema":{"@context":"https:\/\/schema.org","@graph":[{"@type":"WebSite","@id":"https:\/\/franciscanos.org.br\/vidacrista\/#website","url":"https:\/\/franciscanos.org.br\/vidacrista\/","name":"Vida Crist\u00e3 - Franciscanos","description":"Prov\u00edncia Franciscana da Imaculada Concei\u00e7\u00e3o do Brasil - Ordem dos Frades Menores","potentialAction":[{"@type":"SearchAction","target":{"@type":"EntryPoint","urlTemplate":"https:\/\/franciscanos.org.br\/vidacrista\/?s={search_term_string}"},"query-input":"required name=search_term_string"}],"inLanguage":"pt-BR"},{"@type":"WebPage","@id":"https:\/\/franciscanos.org.br\/vidacrista\/aquele-instante-de-silencio-texto-de-frei-almir\/","url":"https:\/\/franciscanos.org.br\/vidacrista\/aquele-instante-de-silencio-texto-de-frei-almir\/","name":"Aquele instante de sil\u00eancio... - Vida Crist\u00e3 - Franciscanos","isPartOf":{"@id":"https:\/\/franciscanos.org.br\/vidacrista\/#website"},"datePublished":"2013-12-04T11:48:48+00:00","dateModified":"2020-05-22T13:18:37+00:00","author":{"@id":"https:\/\/franciscanos.org.br\/vidacrista\/#\/schema\/person\/133632ca93cec555316a35f76ab4153b"},"breadcrumb":{"@id":"https:\/\/franciscanos.org.br\/vidacrista\/aquele-instante-de-silencio-texto-de-frei-almir\/#breadcrumb"},"inLanguage":"pt-BR","potentialAction":[{"@type":"ReadAction","target":["https:\/\/franciscanos.org.br\/vidacrista\/aquele-instante-de-silencio-texto-de-frei-almir\/"]}]},{"@type":"BreadcrumbList","@id":"https:\/\/franciscanos.org.br\/vidacrista\/aquele-instante-de-silencio-texto-de-frei-almir\/#breadcrumb","itemListElement":[{"@type":"ListItem","position":1,"name":"Home","item":"https:\/\/franciscanos.org.br\/vidacrista\/"},{"@type":"ListItem","position":2,"name":"Aquele instante de sil\u00eancio&#8230;"}]},{"@type":"Person","@id":"https:\/\/franciscanos.org.br\/vidacrista\/#\/schema\/person\/133632ca93cec555316a35f76ab4153b","name":"admin","image":{"@type":"ImageObject","inLanguage":"pt-BR","@id":"https:\/\/franciscanos.org.br\/vidacrista\/#\/schema\/person\/image\/","url":"https:\/\/secure.gravatar.com\/avatar\/e8495742d34d0ba6448ea1c628263b3e?s=96&d=mm&r=g","contentUrl":"https:\/\/secure.gravatar.com\/avatar\/e8495742d34d0ba6448ea1c628263b3e?s=96&d=mm&r=g","caption":"admin"},"url":"https:\/\/franciscanos.org.br\/vidacrista\/author\/admin\/"}]}},"_links":{"self":[{"href":"https:\/\/franciscanos.org.br\/vidacrista\/wp-json\/wp\/v2\/posts\/51230"}],"collection":[{"href":"https:\/\/franciscanos.org.br\/vidacrista\/wp-json\/wp\/v2\/posts"}],"about":[{"href":"https:\/\/franciscanos.org.br\/vidacrista\/wp-json\/wp\/v2\/types\/post"}],"author":[{"embeddable":true,"href":"https:\/\/franciscanos.org.br\/vidacrista\/wp-json\/wp\/v2\/users\/1"}],"replies":[{"embeddable":true,"href":"https:\/\/franciscanos.org.br\/vidacrista\/wp-json\/wp\/v2\/comments?post=51230"}],"version-history":[{"count":1,"href":"https:\/\/franciscanos.org.br\/vidacrista\/wp-json\/wp\/v2\/posts\/51230\/revisions"}],"predecessor-version":[{"id":178146,"href":"https:\/\/franciscanos.org.br\/vidacrista\/wp-json\/wp\/v2\/posts\/51230\/revisions\/178146"}],"wp:featuredmedia":[{"embeddable":true,"href":"https:\/\/franciscanos.org.br\/vidacrista\/wp-json\/wp\/v2\/media\/184578"}],"wp:attachment":[{"href":"https:\/\/franciscanos.org.br\/vidacrista\/wp-json\/wp\/v2\/media?parent=51230"}],"wp:term":[{"taxonomy":"category","embeddable":true,"href":"https:\/\/franciscanos.org.br\/vidacrista\/wp-json\/wp\/v2\/categories?post=51230"},{"taxonomy":"post_tag","embeddable":true,"href":"https:\/\/franciscanos.org.br\/vidacrista\/wp-json\/wp\/v2\/tags?post=51230"}],"curies":[{"name":"wp","href":"https:\/\/api.w.org\/{rel}","templated":true}]}}