{"id":48504,"date":"2013-11-04T08:28:04","date_gmt":"2013-11-04T10:28:04","guid":{"rendered":"http:\/\/new.franciscanos.org.br\/?p=48504"},"modified":"2020-07-09T11:28:17","modified_gmt":"2020-07-09T14:28:17","slug":"ha-de-se-cuidar-da-amizade-e-do-amor-de-leonardo-boff","status":"publish","type":"post","link":"https:\/\/franciscanos.org.br\/vidacrista\/ha-de-se-cuidar-da-amizade-e-do-amor-de-leonardo-boff\/","title":{"rendered":"H\u00e1 de se cuidar da amizade e do amor"},"content":{"rendered":"<p><img decoding=\"async\" loading=\"lazy\" src=\"http:\/\/franciscanos.org.br\/wp-content\/uploads\/2013\/11\/boff.jpg\" alt=\"boff\" width=\"830\" height=\"435\" \/><\/p>\n<p><strong>Leonardo Boff<\/strong><\/p>\n<p>A amizade e o amor constituem as rela\u00e7\u00f5es maiores e mais realizadores que o ser humano, homem e mulher, pode\u00a0\u00a0experimentar e desfrutar. Mesmo o m\u00edstico mais ardente s\u00f3 consegue uma fus\u00e3o com a divindade atrav\u00e9s do caminho do amor. No dizer de S\u00e3o Jo\u00e3o da Cruz, trata-se da experi\u00eancia da \u201ca amada (a alma) no Amado transformada\u201d.<\/p>\n<p>H\u00e1 vasta literatura sobre estas duas experi\u00eancias de base. Aqui restringimo-nos ao m\u00ednimo. A amizade \u00e9 aquela rela\u00e7\u00e3o que nasce de uma ignota afinidade, de uma simpatia de todo inexplic\u00e1vel, de uma proximidade afetuosa para com a outra pessoa. Entre os amigos e amigas se cria uma como que comunidade de destino. A amizade vive do desinteresse, da confian\u00e7a e da lealdade. A amizade possui ra\u00edzes t\u00e3o profundas que, mesmo passados muitos anos, ao reencontrarem-se os amigos e amigas, os tempos se anulam e se reatam os la\u00e7os e at\u00e9\u00a0\u00a0se recordam da \u00faltima conversa havida h\u00e1 muito tempo.<\/p>\n<p>Cuidar da amizade \u00e9 preocupar-se com a vida, as penas e as alegrias do amigo e da amiga. \u00c9 oferecer-lhe um ombro quando a vulnerabilidade o visita e o desconsolo lhe oculta as estrelas-guias. \u00c9 no sofrimento e no fracasso existencial, profissional ou amoroso que se comprovam os verdadeiros amigos e amigas. Eles s\u00e3o como uma torre fort\u00edssima que defende\u00a0\u00a0o fr\u00e1gil castelo de nossas vidas peregrinas.<\/p>\n<p>A rela\u00e7\u00e3o mais profunda \u00e9 a experi\u00eancia do amor. Ela\u00a0\u00a0traz as mais felizes realiza\u00e7\u00f5es ou as mais dolorosas frustra\u00e7\u00f5es. Nada \u00e9 mais misterioso do que o amor. Ele vive do encontro entre duas pessoas que um dia cruzarem seus caminhos, se descobriram no olhar e na presen\u00e7a e viram nascer um sentimento de enamoramento, de atra\u00e7\u00e3o, de vontade de estar junto at\u00e9 resolverem fundir as vidas, unir os destinos, compartir as fragilidades e as benqueren\u00e7as da vida. Nada \u00e9 compar\u00e1vel \u00e0 felicidade de amar e de ser amado.\u00a0\u00a0E nada\u00a0\u00a0h\u00e1 de mais desalodor, nas palavras do poeta Ferreira Gullar, do que n\u00e3o poder dar amor a quem se ama.<\/p>\n<p>Todos esses\u00a0\u00a0valores, por serem os mais preciosos, s\u00e3o tamb\u00e9m os mais fr\u00e1geis\u00a0\u00a0porque\u00a0\u00a0mais expostos \u00e0s contradi\u00e7\u00f5es da humana exist\u00eancia.<\/p>\n<p>Cada qual \u00e9 portador de luz e de sombras, de hist\u00f3rias familiares e pessoais diferentes, cujas ra\u00edzes alcan\u00e7am arqu\u00e9tipos ancestrais, marcados por experi\u00eancias bem-sucedidas ou tr\u00e1gicas que deixaram marcas na mem\u00f3ria gen\u00e9tica de cada um.<\/p>\n<p>O amor \u00e9 uma arte combinat\u00f3ria de todos estes fatores, feita com sutileza que demanda capacidade de compreens\u00e3o, de ren\u00fancia, de paci\u00eancia e de perd\u00e3o e, ao mesmo tempo, comporta o desfrute\u00a0\u00a0comum do encontro amoroso, da intimidade sexual, da entrega confiante de um ao outro. A experi\u00eancia do amor serviu de base para entendermos a natureza de Deus: Ele \u00e9 amor essencial e incondicional.<\/p>\n<p>Mas o amor sozinho n\u00e3o\u00a0\u00a0basta. Por isso S\u00e3o Paulo em seu famoso hino ao amor, elenca os ac\u00f3litos do amor sem os quais ele n\u00e3o consegue subsistir e irradiar. O amor tem que ser\u00a0<i>paciente, benigno, n\u00e3o ser ciumento, nem gabar-se, nem ensoberbecer-se, n\u00e3o procurar seus interesses, n\u00e3o se ressentir do mal&#8230;o amor tudo sofre, tudo cr\u00ea, tudo espera e tudo suporta&#8230;o amor nunca se acaba(<\/i>1Cor 13, 4-7). Cuidar destes acompanhates do amor \u00e9 fornecer o h\u00famus necess\u00e1rio para que o amor seja sempre vivo e n\u00e3o morra pela indiferen\u00e7a. O que se op\u00f5e ao amor n\u00e3o \u00e9 o \u00f3dio mas a indiferen\u00e7a.<\/p>\n<p>Quanto mais algu\u00e9m \u00e9 capaz de uma entrega total, maior e mais forte \u00e9 o amor. Tal entrega sup\u00f5e extrema coragem, uma experi\u00eancia de morte pois n\u00e3o ret\u00e9m nada para si e mergulha totalmente no outro. O homem possui especial dificuldade para esta atitude extrema, talvez pela heran\u00e7a de machismo, patriarcalismo e racionalismo de s\u00e9culos que carrega dentro de si e que lhe\u00a0\u00a0limita a capacidade desta\u00a0\u00a0confian\u00e7a extrema.<\/p>\n<p>A mulher \u00e9 mais radical: vai at\u00e9 o extremo da entrega no amor, sem resto e sem reten\u00e7\u00e3o. Por isso seu amor \u00e9 mais pleno e realizador e, quando se frustra, a vida revela contornos de trag\u00e9dia e de um vazio abissal.<\/p>\n<p>O segredo maior para cuidar do amor reside no singelo cuidado da ternura.\u00a0\u00a0A ternura vive de gentileza, de pequenos gestos que revelam o carinho, de sacramentos tang\u00edveis, como recolher uma concha na praia e lev\u00e1-la \u00e0 pessoa amada e dizer-lhe que, naquele momento, pensou carinhosamente nela.<\/p>\n<p>Tais \u201cbanalidades\u201d t\u00eam um peso maior que a mais preciosa j\u00f3ia. Assim como uma estrela n\u00e3o brilha sem uma atmosfera ao seu redor, da mesma forma, o amor n\u00e3o vive\u00a0\u00a0sem um aura de enternecimento, de afeto e de cuidado.<\/p>\n<p>Amor e cuidado formam um casal insepar\u00e1vel. Se houver um div\u00f3rcio entre eles, ou um ou outro morre de solid\u00e3o. O amor e o\u00a0\u00a0cuidado constituem uma arte. Tudo o que cuidamos tamb\u00e9m amamos. E tudo o que amamos tamb\u00e9m cuidamos.<\/p>\n<p>Tudo o que vive tem que ser alimentado e sustentado. O mesmo\u00a0\u00a0vale para o amor e para o cuidado. O amor e\u00a0\u00a0o cuidado se alimentam da afetuosa preocupa\u00e7\u00e3o de um para com o outro. A dor e a alegria de um \u00e9 a alegria e a dor do outro.<\/p>\n<p>Para fortalecer a fragilidade natural do amor precisamos de Algu\u00e9m maior, suave e amoroso, a quem sempre podemos invocar. Da\u00ed a import\u00e2ncia dos que se amam, de reservarem algum tempo de abertura e de comunh\u00e3o com esse Maior, cuja natureza \u00e9 de amor, aquele amor, que segundo Dante Alignieri da Divina Com\u00e9dia \u201cmove o c\u00e9u e as outras estrelas\u201d\u00a0\u00a0e n\u00f3s acrescentamos: que comove os nossos cora\u00e7\u00f5es.<\/p>\n<p><strong>(*) Leonardo Boff<\/strong> \u00e9 autor de\u00a0<i>\u00a0O Cuidado necess\u00e1rio<\/i>, Vozes 2012.<\/p>\n","protected":false},"excerpt":{"rendered":"<p>Artigo de Leonardo Boff<\/p>\n","protected":false},"author":1,"featured_media":0,"comment_status":"closed","ping_status":"open","sticky":false,"template":"","format":"standard","meta":{"footnotes":""},"categories":[26],"tags":[59],"yoast_head":"<!-- This site is optimized with the Yoast SEO plugin v19.4 - https:\/\/yoast.com\/wordpress\/plugins\/seo\/ -->\n<title>H\u00e1 de se cuidar da amizade e do amor - Vida Crist\u00e3 - Franciscanos<\/title>\n<meta name=\"robots\" content=\"index, follow, max-snippet:-1, max-image-preview:large, max-video-preview:-1\" \/>\n<link rel=\"canonical\" href=\"https:\/\/franciscanos.org.br\/vidacrista\/ha-de-se-cuidar-da-amizade-e-do-amor-de-leonardo-boff\/\" \/>\n<meta property=\"og:locale\" content=\"pt_BR\" \/>\n<meta property=\"og:type\" content=\"article\" \/>\n<meta property=\"og:title\" content=\"H\u00e1 de se cuidar da amizade e do amor - Vida Crist\u00e3 - Franciscanos\" \/>\n<meta property=\"og:description\" content=\"Artigo de Leonardo Boff\" \/>\n<meta property=\"og:url\" content=\"https:\/\/franciscanos.org.br\/vidacrista\/ha-de-se-cuidar-da-amizade-e-do-amor-de-leonardo-boff\/\" \/>\n<meta property=\"og:site_name\" content=\"Vida Crist\u00e3 - Franciscanos\" \/>\n<meta property=\"article:published_time\" content=\"2013-11-04T10:28:04+00:00\" \/>\n<meta property=\"article:modified_time\" content=\"2020-07-09T14:28:17+00:00\" \/>\n<meta property=\"og:image\" content=\"http:\/\/franciscanos.org.br\/wp-content\/uploads\/2013\/11\/boff.jpg\" \/>\n<meta name=\"author\" content=\"admin\" \/>\n<meta name=\"twitter:card\" content=\"summary_large_image\" \/>\n<meta name=\"twitter:label1\" content=\"Escrito por\" \/>\n\t<meta name=\"twitter:data1\" content=\"admin\" \/>\n\t<meta name=\"twitter:label2\" content=\"Est. tempo de leitura\" \/>\n\t<meta name=\"twitter:data2\" content=\"5 minutos\" \/>\n<script type=\"application\/ld+json\" class=\"yoast-schema-graph\">{\"@context\":\"https:\/\/schema.org\",\"@graph\":[{\"@type\":\"WebSite\",\"@id\":\"https:\/\/franciscanos.org.br\/vidacrista\/#website\",\"url\":\"https:\/\/franciscanos.org.br\/vidacrista\/\",\"name\":\"Vida Crist\u00e3 - Franciscanos\",\"description\":\"Prov\u00edncia Franciscana da Imaculada Concei\u00e7\u00e3o do Brasil - Ordem dos Frades Menores\",\"potentialAction\":[{\"@type\":\"SearchAction\",\"target\":{\"@type\":\"EntryPoint\",\"urlTemplate\":\"https:\/\/franciscanos.org.br\/vidacrista\/?s={search_term_string}\"},\"query-input\":\"required name=search_term_string\"}],\"inLanguage\":\"pt-BR\"},{\"@type\":\"WebPage\",\"@id\":\"https:\/\/franciscanos.org.br\/vidacrista\/ha-de-se-cuidar-da-amizade-e-do-amor-de-leonardo-boff\/\",\"url\":\"https:\/\/franciscanos.org.br\/vidacrista\/ha-de-se-cuidar-da-amizade-e-do-amor-de-leonardo-boff\/\",\"name\":\"H\u00e1 de se cuidar da amizade e do amor - Vida Crist\u00e3 - Franciscanos\",\"isPartOf\":{\"@id\":\"https:\/\/franciscanos.org.br\/vidacrista\/#website\"},\"datePublished\":\"2013-11-04T10:28:04+00:00\",\"dateModified\":\"2020-07-09T14:28:17+00:00\",\"author\":{\"@id\":\"https:\/\/franciscanos.org.br\/vidacrista\/#\/schema\/person\/133632ca93cec555316a35f76ab4153b\"},\"breadcrumb\":{\"@id\":\"https:\/\/franciscanos.org.br\/vidacrista\/ha-de-se-cuidar-da-amizade-e-do-amor-de-leonardo-boff\/#breadcrumb\"},\"inLanguage\":\"pt-BR\",\"potentialAction\":[{\"@type\":\"ReadAction\",\"target\":[\"https:\/\/franciscanos.org.br\/vidacrista\/ha-de-se-cuidar-da-amizade-e-do-amor-de-leonardo-boff\/\"]}]},{\"@type\":\"BreadcrumbList\",\"@id\":\"https:\/\/franciscanos.org.br\/vidacrista\/ha-de-se-cuidar-da-amizade-e-do-amor-de-leonardo-boff\/#breadcrumb\",\"itemListElement\":[{\"@type\":\"ListItem\",\"position\":1,\"name\":\"Home\",\"item\":\"https:\/\/franciscanos.org.br\/vidacrista\/\"},{\"@type\":\"ListItem\",\"position\":2,\"name\":\"H\u00e1 de se cuidar da amizade e do amor\"}]},{\"@type\":\"Person\",\"@id\":\"https:\/\/franciscanos.org.br\/vidacrista\/#\/schema\/person\/133632ca93cec555316a35f76ab4153b\",\"name\":\"admin\",\"image\":{\"@type\":\"ImageObject\",\"inLanguage\":\"pt-BR\",\"@id\":\"https:\/\/franciscanos.org.br\/vidacrista\/#\/schema\/person\/image\/\",\"url\":\"https:\/\/secure.gravatar.com\/avatar\/e8495742d34d0ba6448ea1c628263b3e?s=96&d=mm&r=g\",\"contentUrl\":\"https:\/\/secure.gravatar.com\/avatar\/e8495742d34d0ba6448ea1c628263b3e?s=96&d=mm&r=g\",\"caption\":\"admin\"},\"url\":\"https:\/\/franciscanos.org.br\/vidacrista\/author\/admin\/\"}]}<\/script>\n<!-- \/ Yoast SEO plugin. -->","yoast_head_json":{"title":"H\u00e1 de se cuidar da amizade e do amor - Vida Crist\u00e3 - Franciscanos","robots":{"index":"index","follow":"follow","max-snippet":"max-snippet:-1","max-image-preview":"max-image-preview:large","max-video-preview":"max-video-preview:-1"},"canonical":"https:\/\/franciscanos.org.br\/vidacrista\/ha-de-se-cuidar-da-amizade-e-do-amor-de-leonardo-boff\/","og_locale":"pt_BR","og_type":"article","og_title":"H\u00e1 de se cuidar da amizade e do amor - Vida Crist\u00e3 - Franciscanos","og_description":"Artigo de Leonardo Boff","og_url":"https:\/\/franciscanos.org.br\/vidacrista\/ha-de-se-cuidar-da-amizade-e-do-amor-de-leonardo-boff\/","og_site_name":"Vida Crist\u00e3 - Franciscanos","article_published_time":"2013-11-04T10:28:04+00:00","article_modified_time":"2020-07-09T14:28:17+00:00","og_image":[{"url":"http:\/\/franciscanos.org.br\/wp-content\/uploads\/2013\/11\/boff.jpg"}],"author":"admin","twitter_card":"summary_large_image","twitter_misc":{"Escrito por":"admin","Est. tempo de leitura":"5 minutos"},"schema":{"@context":"https:\/\/schema.org","@graph":[{"@type":"WebSite","@id":"https:\/\/franciscanos.org.br\/vidacrista\/#website","url":"https:\/\/franciscanos.org.br\/vidacrista\/","name":"Vida Crist\u00e3 - Franciscanos","description":"Prov\u00edncia Franciscana da Imaculada Concei\u00e7\u00e3o do Brasil - Ordem dos Frades Menores","potentialAction":[{"@type":"SearchAction","target":{"@type":"EntryPoint","urlTemplate":"https:\/\/franciscanos.org.br\/vidacrista\/?s={search_term_string}"},"query-input":"required name=search_term_string"}],"inLanguage":"pt-BR"},{"@type":"WebPage","@id":"https:\/\/franciscanos.org.br\/vidacrista\/ha-de-se-cuidar-da-amizade-e-do-amor-de-leonardo-boff\/","url":"https:\/\/franciscanos.org.br\/vidacrista\/ha-de-se-cuidar-da-amizade-e-do-amor-de-leonardo-boff\/","name":"H\u00e1 de se cuidar da amizade e do amor - Vida Crist\u00e3 - Franciscanos","isPartOf":{"@id":"https:\/\/franciscanos.org.br\/vidacrista\/#website"},"datePublished":"2013-11-04T10:28:04+00:00","dateModified":"2020-07-09T14:28:17+00:00","author":{"@id":"https:\/\/franciscanos.org.br\/vidacrista\/#\/schema\/person\/133632ca93cec555316a35f76ab4153b"},"breadcrumb":{"@id":"https:\/\/franciscanos.org.br\/vidacrista\/ha-de-se-cuidar-da-amizade-e-do-amor-de-leonardo-boff\/#breadcrumb"},"inLanguage":"pt-BR","potentialAction":[{"@type":"ReadAction","target":["https:\/\/franciscanos.org.br\/vidacrista\/ha-de-se-cuidar-da-amizade-e-do-amor-de-leonardo-boff\/"]}]},{"@type":"BreadcrumbList","@id":"https:\/\/franciscanos.org.br\/vidacrista\/ha-de-se-cuidar-da-amizade-e-do-amor-de-leonardo-boff\/#breadcrumb","itemListElement":[{"@type":"ListItem","position":1,"name":"Home","item":"https:\/\/franciscanos.org.br\/vidacrista\/"},{"@type":"ListItem","position":2,"name":"H\u00e1 de se cuidar da amizade e do amor"}]},{"@type":"Person","@id":"https:\/\/franciscanos.org.br\/vidacrista\/#\/schema\/person\/133632ca93cec555316a35f76ab4153b","name":"admin","image":{"@type":"ImageObject","inLanguage":"pt-BR","@id":"https:\/\/franciscanos.org.br\/vidacrista\/#\/schema\/person\/image\/","url":"https:\/\/secure.gravatar.com\/avatar\/e8495742d34d0ba6448ea1c628263b3e?s=96&d=mm&r=g","contentUrl":"https:\/\/secure.gravatar.com\/avatar\/e8495742d34d0ba6448ea1c628263b3e?s=96&d=mm&r=g","caption":"admin"},"url":"https:\/\/franciscanos.org.br\/vidacrista\/author\/admin\/"}]}},"_links":{"self":[{"href":"https:\/\/franciscanos.org.br\/vidacrista\/wp-json\/wp\/v2\/posts\/48504"}],"collection":[{"href":"https:\/\/franciscanos.org.br\/vidacrista\/wp-json\/wp\/v2\/posts"}],"about":[{"href":"https:\/\/franciscanos.org.br\/vidacrista\/wp-json\/wp\/v2\/types\/post"}],"author":[{"embeddable":true,"href":"https:\/\/franciscanos.org.br\/vidacrista\/wp-json\/wp\/v2\/users\/1"}],"replies":[{"embeddable":true,"href":"https:\/\/franciscanos.org.br\/vidacrista\/wp-json\/wp\/v2\/comments?post=48504"}],"version-history":[{"count":2,"href":"https:\/\/franciscanos.org.br\/vidacrista\/wp-json\/wp\/v2\/posts\/48504\/revisions"}],"predecessor-version":[{"id":186470,"href":"https:\/\/franciscanos.org.br\/vidacrista\/wp-json\/wp\/v2\/posts\/48504\/revisions\/186470"}],"wp:attachment":[{"href":"https:\/\/franciscanos.org.br\/vidacrista\/wp-json\/wp\/v2\/media?parent=48504"}],"wp:term":[{"taxonomy":"category","embeddable":true,"href":"https:\/\/franciscanos.org.br\/vidacrista\/wp-json\/wp\/v2\/categories?post=48504"},{"taxonomy":"post_tag","embeddable":true,"href":"https:\/\/franciscanos.org.br\/vidacrista\/wp-json\/wp\/v2\/tags?post=48504"}],"curies":[{"name":"wp","href":"https:\/\/api.w.org\/{rel}","templated":true}]}}