{"id":48286,"date":"2013-10-31T09:45:23","date_gmt":"2013-10-31T11:45:23","guid":{"rendered":"http:\/\/new.franciscanos.org.br\/?p=48286"},"modified":"2020-07-09T11:28:38","modified_gmt":"2020-07-09T14:28:38","slug":"a-transfiguracao-na-morte-de-leonardo-boff","status":"publish","type":"post","link":"https:\/\/franciscanos.org.br\/vidacrista\/a-transfiguracao-na-morte-de-leonardo-boff\/","title":{"rendered":"A transfigura\u00e7\u00e3o na morte"},"content":{"rendered":"<p><strong><img decoding=\"async\" loading=\"lazy\" class=\"alignright size-full wp-image-48287\" src=\"http:\/\/franciscanos.org.br\/wp-content\/uploads\/2013\/10\/sf1.jpg\" alt=\"sf\" width=\"500\" height=\"744\" \/>Leonardo Boff<\/strong>\u00a0(*)<\/p>\n<p>O dia dos mortos, dois de novembro, \u00e9 sempre\u00a0 ocasi\u00e3o para pensarmos na morte. Trata-se de um tema existencial. N\u00e3o se pode falar da morte de uma maneira exterior a n\u00f3s mesmos, porque todos n\u00f3s somos acompanhados por esta realidade que, segundo Freud, \u00e9 a\u00a0 mais dif\u00edcil de ser digerida pelo aparelho ps\u00edquico humano. Especialmente nossa cultura procura afast\u00e1-la, o mais poss\u00edvel, do horizonte, pois ela nega todo seu projeto assentado sobre a vida material e seu desfrute <i>etsi mors non daretur, <\/i>como se ela n\u00e3o existisse.<\/p>\n<p>No entanto, o sentido que damos \u00e0 morte \u00e9 o sentido que n\u00f3s damos \u00e0 vida. Se decidimos que a vida se resume entre o nascimento e a morte e esta det\u00e9m a \u00faltima palavra, ent\u00e3o a morte ganha um sentido, diria, tr\u00e1gico, porque com ela tudo termina no p\u00f3 c\u00f3smico. Mas se interpretarmos a morte como uma inven\u00e7\u00e3o da vida, como parte da vida, ent\u00e3o n\u00e3o a morte mas a vida constitui a grande interroga\u00e7\u00e3o.<\/p>\n<p>Em termos evolutivos, sabemos que, atingido certo grau elevado de complexidade, ela irrompe como um imperativo c\u00f3smico, no dizer do pr\u00eamio Nobel de biologia Christian de Duve que escreveu uma das mais brilhantes biografias da vida sob o t\u00edtulo <i>Poeira Vital\u00a0 <\/i>(1984). Mas ele mesmo assevera: podemos descrever as condi\u00e7\u00f5es de seu surgimento, mas n\u00e3o podemosdefinir o que ela seja.<\/p>\n<p>Na minha percep\u00e7\u00e3o, a vida n\u00e3o \u00e9 nem temporal, nem material, nem espiritual. A vida \u00e9 simplesmente eterna. Ela se aninha em n\u00f3s e, passado certo\u00a0 lapso temporal, ela segue seu curso pela eternidade afora. N\u00f3s n\u00e3o acabamos na morte. Transformamo-nos pela morte, pois ela representa a porta de ingresso ao mundo que n\u00e3o conhece a morte, onde n\u00e3o h\u00e1 o tempo mas s\u00f3 a eternidade.<\/p>\n<p>Consintam-me testemunhar duas experi\u00eancias pessoais de morte, bem diversas da vis\u00e3o dram\u00e1tica que a nossa cultura nos legou. Venho da cultura espiritual franciscana. Nos meus quase 30 anos de frade, pude vivenciar a morte como S\u00e3o Francisco a vivenciou.<\/p>\n<p>A primeira experi\u00eancia era aquela que, como frades, faz\u00edamos toda sexta feira, \u00e0s 19h30 da noite: \u201cO exerc\u00edcio da boa morte\u201d.\u00a0 Deitava-se na cama com h\u00e1bito e tudo. Cada um se colocava diante de Deus e fazia um balan\u00e7o de toda a sua vida, regredindo at\u00e9 onde a mem\u00f3ria pudesse alcan\u00e7ar. Coloc\u00e1vamos tudo, \u00e0 luz de Deus e a\u00ed, tranquilamente, reflet\u00edamos sobre o porqu\u00ea da vida e o porqu\u00ea dos zigue-sagues deste mundo. No final, algu\u00e9m recitava em voz alta no corredor o famoso salmo 50 do <i>Miserere<\/i> no qual o rei Davi suplicava o perd\u00e3o a Deus de seus pecados. E tamb\u00e9m se proclamavam as consoladoras palavras da ep\u00edstola de S\u00e3o Jo\u00e3o: \u201cSe o teu cora\u00e7\u00e3o te acusa,\u00a0 saiba que Deus \u00e9 maior do que o teu cora\u00e7\u00e3o\u201d.<\/p>\n<p>\u00c9ramos, assim, educados para uma entrega total, um encontro face a face com a morte diante de Deus. Era um entregar-se confiante, como quem se sabe na palma da m\u00e3o de Deus. Depois, \u00edamos alegremente para a recrea\u00e7\u00e3o, tomar algum refresco, jogar xadrez ou simplesmente conversar. Esse exerc\u00edcio\u00a0 tinha como efeito um sentimento de grande liberta\u00e7\u00e3o. A morte era vista como a irm\u00e3 que nos abria a porta para a Casa do Pai.<\/p>\n<p>A outra experi\u00eancia diz respeito ao dia da morte e do sepultamento de algum confrade. Quando morria algu\u00e9m, fazia-se festa no convento, com recrea\u00e7\u00e3o \u00e0 noite com comes e bebes. O mesmo ocorria depois de seu sepultamento. Todos se reuniam e celebravam a passagem, a P\u00e1scoa e o Natal, o <b>vere dies natalis <\/b>(o verdadeiro dia do nascimento) do falecido. Pensava-se: ele na vida foi, aos poucos, nascendo e nascendo at\u00e9 acabar de nascer em Deus. Por isso havia festa no c\u00e9u e na terra. Esse rito \u00e9 sagrado\u00a0 e celebrado\u00a0 em todos os conventos franciscanos.<\/p>\n<p>O frade que deixou esse mundo, entrava na comunh\u00e3o dos santos, est\u00e1 vivo, n\u00e3o \u00e9 um ausente, apenas um invis\u00edvel. H\u00e1 celebra\u00e7\u00e3o\u00a0 mais digna da morte do que esta inventada por S\u00e3o Francisco de Assis que chamava a todos os seres de irm\u00e3os e irm\u00e3s e tamb\u00e9m a morte de irm\u00e3?<\/p>\n<p>A percep\u00e7\u00e3o da morte \u00e9 outra. As pessoas s\u00e3o induzidas a conviver com a morte, n\u00e3o como uma bruxa que vem e arrebata a vida, mas como a irm\u00e3 que vem abrir a porta para um n\u00edvel mais alto de vida em Deus.<\/p>\n<p>Cada cultura tem a sua interpreta\u00e7\u00e3o da morte. Estive h\u00e1 tempos entre os<b> Mapuches, <\/b>no sul da Patag\u00f4nia argentina, falando com os <i>lomkos<\/i>, os s\u00e1bios da tribo. Eles t\u00eam bem outra compreens\u00e3o da morte. A morte significa passar para o outro lado, para o lado onde est\u00e3o os anci\u00e3os. N\u00e3o \u00e9 abandonar a vida, \u00e9 deixar seu lado vis\u00edvel para entrar no lado invis\u00edvel e conviver com os anci\u00e3os. De l\u00e1 acompanham as fam\u00edlias, os entes queridos e outros pr\u00f3ximos, iluminando-os. A morte n\u00e3o tem nenhuma dramaticidade. Ela pertence \u00e0 vida, \u00e9 o seu outro lado.<\/p>\n<p>Poder\u00edamos passar por v\u00e1rias outras culturas para conhecer-lhes o sentido da vida e da morte. Mas fiquemos no nosso tempo moderno. H\u00e1 um fil\u00f3sofo que trabalhou positivamente o tema da\u00a0 morte: Martin Heidegger. Em sua anal\u00edtica existencial afirma que a condi\u00e7\u00e3o humana, em grau zero, \u00e9 a de que somos um ser no mundo, este n\u00e3o como lugar geogr\u00e1fico, mas como o conjunto das rela\u00e7\u00f5es que nos permitem produzir e reproduzir a vida. A <i>condition humaine<\/i> \u00e9 estar no mundo com os outros, cheios de cuidados e abertos para a morte. A morte \u00e9 vista n\u00e3o como uma trag\u00e9dia e sim como a derradeira express\u00e3o da liberdade humana, enquanto o \u00faltimo ato de entrega. Essa entrega sem resto abre a possibilidade para um mergulho total na realidade e no Ser. \u00c9 uma esp\u00e9cie de volta ao seio de onde viemos como entes mas que buscam o Ser. E finalmente, ao morrer, somos acolhidos pelo Ser. E a\u00ed j\u00e1 n\u00e3o falamos porque n\u00e3o precisamos mais de palavras. \u00c9 o puro viver pela alegria de viver e de ser no Ser. Para o homem religioso, este Ser n\u00e3o \u00e9 outro sen\u00e3o o Supremo Ser, o Deus vivo que n\u00f3s d\u00e1 a plenitude da vida.<\/p>\n<p><strong>(*) Leonardo Boff<\/strong> escreveu<i> Vida para al\u00e9m da morte<\/i>, Vozes 2012.<\/p>\n","protected":false},"excerpt":{"rendered":"<p>Artigo de Leonardo Boff<\/p>\n","protected":false},"author":1,"featured_media":185476,"comment_status":"closed","ping_status":"open","sticky":false,"template":"","format":"standard","meta":{"footnotes":""},"categories":[26],"tags":[59],"yoast_head":"<!-- This site is optimized with the Yoast SEO plugin v19.4 - https:\/\/yoast.com\/wordpress\/plugins\/seo\/ -->\n<title>A transfigura\u00e7\u00e3o na morte - Vida Crist\u00e3 - Franciscanos<\/title>\n<meta name=\"robots\" content=\"index, follow, max-snippet:-1, max-image-preview:large, max-video-preview:-1\" \/>\n<link rel=\"canonical\" href=\"https:\/\/franciscanos.org.br\/vidacrista\/a-transfiguracao-na-morte-de-leonardo-boff\/\" \/>\n<meta property=\"og:locale\" content=\"pt_BR\" \/>\n<meta property=\"og:type\" content=\"article\" \/>\n<meta property=\"og:title\" content=\"A transfigura\u00e7\u00e3o na morte - Vida Crist\u00e3 - Franciscanos\" \/>\n<meta property=\"og:description\" content=\"Artigo de Leonardo Boff\" \/>\n<meta property=\"og:url\" content=\"https:\/\/franciscanos.org.br\/vidacrista\/a-transfiguracao-na-morte-de-leonardo-boff\/\" \/>\n<meta property=\"og:site_name\" content=\"Vida Crist\u00e3 - Franciscanos\" \/>\n<meta property=\"article:published_time\" content=\"2013-10-31T11:45:23+00:00\" \/>\n<meta property=\"article:modified_time\" content=\"2020-07-09T14:28:38+00:00\" \/>\n<meta property=\"og:image\" content=\"https:\/\/franciscanos.org.br\/vidacrista\/wp-content\/uploads\/2013\/10\/sf1.jpg\" \/>\n\t<meta property=\"og:image:width\" content=\"800\" \/>\n\t<meta property=\"og:image:height\" content=\"600\" \/>\n\t<meta property=\"og:image:type\" content=\"image\/jpeg\" \/>\n<meta name=\"author\" content=\"admin\" \/>\n<meta name=\"twitter:card\" content=\"summary_large_image\" \/>\n<meta name=\"twitter:label1\" content=\"Escrito por\" \/>\n\t<meta name=\"twitter:data1\" content=\"admin\" \/>\n\t<meta name=\"twitter:label2\" content=\"Est. tempo de leitura\" \/>\n\t<meta name=\"twitter:data2\" content=\"6 minutos\" \/>\n<script type=\"application\/ld+json\" class=\"yoast-schema-graph\">{\"@context\":\"https:\/\/schema.org\",\"@graph\":[{\"@type\":\"WebSite\",\"@id\":\"https:\/\/franciscanos.org.br\/vidacrista\/#website\",\"url\":\"https:\/\/franciscanos.org.br\/vidacrista\/\",\"name\":\"Vida Crist\u00e3 - Franciscanos\",\"description\":\"Prov\u00edncia Franciscana da Imaculada Concei\u00e7\u00e3o do Brasil - Ordem dos Frades Menores\",\"potentialAction\":[{\"@type\":\"SearchAction\",\"target\":{\"@type\":\"EntryPoint\",\"urlTemplate\":\"https:\/\/franciscanos.org.br\/vidacrista\/?s={search_term_string}\"},\"query-input\":\"required name=search_term_string\"}],\"inLanguage\":\"pt-BR\"},{\"@type\":\"WebPage\",\"@id\":\"https:\/\/franciscanos.org.br\/vidacrista\/a-transfiguracao-na-morte-de-leonardo-boff\/\",\"url\":\"https:\/\/franciscanos.org.br\/vidacrista\/a-transfiguracao-na-morte-de-leonardo-boff\/\",\"name\":\"A transfigura\u00e7\u00e3o na morte - Vida Crist\u00e3 - Franciscanos\",\"isPartOf\":{\"@id\":\"https:\/\/franciscanos.org.br\/vidacrista\/#website\"},\"datePublished\":\"2013-10-31T11:45:23+00:00\",\"dateModified\":\"2020-07-09T14:28:38+00:00\",\"author\":{\"@id\":\"https:\/\/franciscanos.org.br\/vidacrista\/#\/schema\/person\/133632ca93cec555316a35f76ab4153b\"},\"breadcrumb\":{\"@id\":\"https:\/\/franciscanos.org.br\/vidacrista\/a-transfiguracao-na-morte-de-leonardo-boff\/#breadcrumb\"},\"inLanguage\":\"pt-BR\",\"potentialAction\":[{\"@type\":\"ReadAction\",\"target\":[\"https:\/\/franciscanos.org.br\/vidacrista\/a-transfiguracao-na-morte-de-leonardo-boff\/\"]}]},{\"@type\":\"BreadcrumbList\",\"@id\":\"https:\/\/franciscanos.org.br\/vidacrista\/a-transfiguracao-na-morte-de-leonardo-boff\/#breadcrumb\",\"itemListElement\":[{\"@type\":\"ListItem\",\"position\":1,\"name\":\"Home\",\"item\":\"https:\/\/franciscanos.org.br\/vidacrista\/\"},{\"@type\":\"ListItem\",\"position\":2,\"name\":\"A transfigura\u00e7\u00e3o na morte\"}]},{\"@type\":\"Person\",\"@id\":\"https:\/\/franciscanos.org.br\/vidacrista\/#\/schema\/person\/133632ca93cec555316a35f76ab4153b\",\"name\":\"admin\",\"image\":{\"@type\":\"ImageObject\",\"inLanguage\":\"pt-BR\",\"@id\":\"https:\/\/franciscanos.org.br\/vidacrista\/#\/schema\/person\/image\/\",\"url\":\"https:\/\/secure.gravatar.com\/avatar\/e8495742d34d0ba6448ea1c628263b3e?s=96&d=mm&r=g\",\"contentUrl\":\"https:\/\/secure.gravatar.com\/avatar\/e8495742d34d0ba6448ea1c628263b3e?s=96&d=mm&r=g\",\"caption\":\"admin\"},\"url\":\"https:\/\/franciscanos.org.br\/vidacrista\/author\/admin\/\"}]}<\/script>\n<!-- \/ Yoast SEO plugin. -->","yoast_head_json":{"title":"A transfigura\u00e7\u00e3o na morte - Vida Crist\u00e3 - Franciscanos","robots":{"index":"index","follow":"follow","max-snippet":"max-snippet:-1","max-image-preview":"max-image-preview:large","max-video-preview":"max-video-preview:-1"},"canonical":"https:\/\/franciscanos.org.br\/vidacrista\/a-transfiguracao-na-morte-de-leonardo-boff\/","og_locale":"pt_BR","og_type":"article","og_title":"A transfigura\u00e7\u00e3o na morte - Vida Crist\u00e3 - Franciscanos","og_description":"Artigo de Leonardo Boff","og_url":"https:\/\/franciscanos.org.br\/vidacrista\/a-transfiguracao-na-morte-de-leonardo-boff\/","og_site_name":"Vida Crist\u00e3 - Franciscanos","article_published_time":"2013-10-31T11:45:23+00:00","article_modified_time":"2020-07-09T14:28:38+00:00","og_image":[{"width":800,"height":600,"url":"https:\/\/franciscanos.org.br\/vidacrista\/wp-content\/uploads\/2013\/10\/sf1.jpg","type":"image\/jpeg"}],"author":"admin","twitter_card":"summary_large_image","twitter_misc":{"Escrito por":"admin","Est. tempo de leitura":"6 minutos"},"schema":{"@context":"https:\/\/schema.org","@graph":[{"@type":"WebSite","@id":"https:\/\/franciscanos.org.br\/vidacrista\/#website","url":"https:\/\/franciscanos.org.br\/vidacrista\/","name":"Vida Crist\u00e3 - Franciscanos","description":"Prov\u00edncia Franciscana da Imaculada Concei\u00e7\u00e3o do Brasil - Ordem dos Frades Menores","potentialAction":[{"@type":"SearchAction","target":{"@type":"EntryPoint","urlTemplate":"https:\/\/franciscanos.org.br\/vidacrista\/?s={search_term_string}"},"query-input":"required name=search_term_string"}],"inLanguage":"pt-BR"},{"@type":"WebPage","@id":"https:\/\/franciscanos.org.br\/vidacrista\/a-transfiguracao-na-morte-de-leonardo-boff\/","url":"https:\/\/franciscanos.org.br\/vidacrista\/a-transfiguracao-na-morte-de-leonardo-boff\/","name":"A transfigura\u00e7\u00e3o na morte - Vida Crist\u00e3 - Franciscanos","isPartOf":{"@id":"https:\/\/franciscanos.org.br\/vidacrista\/#website"},"datePublished":"2013-10-31T11:45:23+00:00","dateModified":"2020-07-09T14:28:38+00:00","author":{"@id":"https:\/\/franciscanos.org.br\/vidacrista\/#\/schema\/person\/133632ca93cec555316a35f76ab4153b"},"breadcrumb":{"@id":"https:\/\/franciscanos.org.br\/vidacrista\/a-transfiguracao-na-morte-de-leonardo-boff\/#breadcrumb"},"inLanguage":"pt-BR","potentialAction":[{"@type":"ReadAction","target":["https:\/\/franciscanos.org.br\/vidacrista\/a-transfiguracao-na-morte-de-leonardo-boff\/"]}]},{"@type":"BreadcrumbList","@id":"https:\/\/franciscanos.org.br\/vidacrista\/a-transfiguracao-na-morte-de-leonardo-boff\/#breadcrumb","itemListElement":[{"@type":"ListItem","position":1,"name":"Home","item":"https:\/\/franciscanos.org.br\/vidacrista\/"},{"@type":"ListItem","position":2,"name":"A transfigura\u00e7\u00e3o na morte"}]},{"@type":"Person","@id":"https:\/\/franciscanos.org.br\/vidacrista\/#\/schema\/person\/133632ca93cec555316a35f76ab4153b","name":"admin","image":{"@type":"ImageObject","inLanguage":"pt-BR","@id":"https:\/\/franciscanos.org.br\/vidacrista\/#\/schema\/person\/image\/","url":"https:\/\/secure.gravatar.com\/avatar\/e8495742d34d0ba6448ea1c628263b3e?s=96&d=mm&r=g","contentUrl":"https:\/\/secure.gravatar.com\/avatar\/e8495742d34d0ba6448ea1c628263b3e?s=96&d=mm&r=g","caption":"admin"},"url":"https:\/\/franciscanos.org.br\/vidacrista\/author\/admin\/"}]}},"_links":{"self":[{"href":"https:\/\/franciscanos.org.br\/vidacrista\/wp-json\/wp\/v2\/posts\/48286"}],"collection":[{"href":"https:\/\/franciscanos.org.br\/vidacrista\/wp-json\/wp\/v2\/posts"}],"about":[{"href":"https:\/\/franciscanos.org.br\/vidacrista\/wp-json\/wp\/v2\/types\/post"}],"author":[{"embeddable":true,"href":"https:\/\/franciscanos.org.br\/vidacrista\/wp-json\/wp\/v2\/users\/1"}],"replies":[{"embeddable":true,"href":"https:\/\/franciscanos.org.br\/vidacrista\/wp-json\/wp\/v2\/comments?post=48286"}],"version-history":[{"count":2,"href":"https:\/\/franciscanos.org.br\/vidacrista\/wp-json\/wp\/v2\/posts\/48286\/revisions"}],"predecessor-version":[{"id":186471,"href":"https:\/\/franciscanos.org.br\/vidacrista\/wp-json\/wp\/v2\/posts\/48286\/revisions\/186471"}],"wp:featuredmedia":[{"embeddable":true,"href":"https:\/\/franciscanos.org.br\/vidacrista\/wp-json\/wp\/v2\/media\/185476"}],"wp:attachment":[{"href":"https:\/\/franciscanos.org.br\/vidacrista\/wp-json\/wp\/v2\/media?parent=48286"}],"wp:term":[{"taxonomy":"category","embeddable":true,"href":"https:\/\/franciscanos.org.br\/vidacrista\/wp-json\/wp\/v2\/categories?post=48286"},{"taxonomy":"post_tag","embeddable":true,"href":"https:\/\/franciscanos.org.br\/vidacrista\/wp-json\/wp\/v2\/tags?post=48286"}],"curies":[{"name":"wp","href":"https:\/\/api.w.org\/{rel}","templated":true}]}}