{"id":47259,"date":"2013-10-28T14:22:00","date_gmt":"2013-10-28T16:22:00","guid":{"rendered":"http:\/\/new.franciscanos.org.br\/?p=47259"},"modified":"2020-05-22T10:03:44","modified_gmt":"2020-05-22T13:03:44","slug":"entre-o-amado-e-o-amante-texto-de-frei-almir-guimaraes","status":"publish","type":"post","link":"https:\/\/franciscanos.org.br\/vidacrista\/entre-o-amado-e-o-amante-texto-de-frei-almir-guimaraes\/","title":{"rendered":"&#8220;Entre o amado e o amante&#8221;"},"content":{"rendered":"<p><strong><img decoding=\"async\" loading=\"lazy\" class=\"alignright size-full wp-image-48015\" src=\"http:\/\/franciscanos.org.br\/wp-content\/uploads\/2013\/10\/primeira_sexta.jpg\" alt=\"primeira_sexta\" width=\"326\" height=\"562\" \/>Frei Almir Ribeiro Guimar\u00e3es<\/strong><\/p>\n<p>Jesus no alto da cruz!\u00a0 Jesus abandonado.\u00a0 Jesus sozinho.\u00a0 Jesus e seu cora\u00e7\u00e3o dilacerado. Jesus que cativa e que ama.\u00a0 Jesus que pede a resposta de amor numa vida de entrega a ele, de seguimento de seus passos. A devo\u00e7\u00e3o ao Cora\u00e7\u00e3o do Redentor \u00e9 feita para pessoas que amam de verdade, que sabem dar a vida pelos outros, como esse Amado no alto da cruz.<\/p>\n<p>Quero partilhar com todos um texto de Baldu\u00edno de Cantu\u00e1ria (sec.XII)\u00a0 <i>(L.Horas IV, p. 60<\/i>). \u00c9 a fala de Jesus, o Amado,\u00a0 que busca o amante.\u00a0 Estamos diante da loucura do amor.<\/p>\n<p>A fala do Amado:<\/p>\n<blockquote><p><i>\u201cAma-me como eu te amo. Conserva-me em tua mente e em tua mem\u00f3ria; em tua vontade, em teu suspiro; no gemido e no solu\u00e7o. Lembra-te \u00f3 homem, de que forma te fiz, quando te pus acima das outras criaturas, com que dignidade te enobreci, como te coroei de gl\u00f3ria e de honra, coloquei-te pouco abaixo dos anjos, como tudo submeti a teus p\u00e9s.\u00a0 Lembra-te n\u00e3o apenas de quanto\u00a0 fiz por ti, mas quantas crueldades e afrontas\u00a0 por ti suportei. Reconhece que ages mal\u00a0 contra mim quando n\u00e3o me amas. Que assim te ama, sen\u00e3o eu?\u00a0 Quem te criou, sen\u00e3o eu?\u00a0 Quem te remiu sen\u00e3o eu?\u201d<\/i><\/p><\/blockquote>\n<p>A fala do Amante:<\/p>\n<blockquote><p><i>\u201cArranca de mim, Senhor, o cora\u00e7\u00e3o de pedra. Tira o cora\u00e7\u00e3o de pedra, tira o cora\u00e7\u00e3o incircunciso;\u00a0 d\u00e1-me um cora\u00e7\u00e3o novo, cora\u00e7\u00e3o de carne, cora\u00e7\u00e3o puro!\u00a0 Tu, purificador\u00a0 dos cora\u00e7\u00f5es e amante dos cora\u00e7\u00f5es\u00a0 puros,\u00a0 apossa-te de cora\u00e7\u00e3o e nele habita, envolvendo-o e enchendo-o. Tu,\u00a0 superior ao que tenho de mais alto, interior ao que tenho de mais \u00edntimo!\u00a0 Tu, forma da beleza e selo da santidade, marca meu cora\u00e7\u00e3o com tua imagem. Sela meu cora\u00e7\u00e3o\u00a0 sob\u00a0 tua miseric\u00f3rdia, Deus de meu cora\u00e7\u00e3o e meu quinh\u00e3o, Deus para sempre (cf. Sl 72,26). Am\u00e9m\u201d.<\/i><\/p><\/blockquote>\n<p>O amante contempla o amado do cora\u00e7\u00e3o dilacerado.\u00a0 Une-se ao Cristo esposo na solid\u00e3o e no abandono da cruz:<\/p>\n<p>\u201cO que d\u00e1 valor redentor ao supl\u00edcio da cruz \u00e9 o amor e n\u00e3o o sofrimento. O que salva a humanidade\u00a0 n\u00e3o \u00e9\u00a0 algum \u201cmisterioso\u201d poder salvador\u00a0 contido no sangue derramado\u00a0 diante de Deus. Por si mesmo, o sofrimento \u00e9 mau, n\u00e3o tem nenhuma for\u00e7a redentora. N\u00e3o agrada a Deus ver Jesus sofrendo. A \u00fanica coisa que salva no Calv\u00e1rio \u00e9 o amor\u00a0 insond\u00e1vel de Deus, encarnado no sofrimento e na morte de seu\u00a0 Filho. N\u00e3o h\u00e1 nenhuma for\u00e7a salvadora, a n\u00e3o ser o amor.<\/p>\n<p>O sofrimento continua sendo mau, mas precisamente por isso transforma-se na experi\u00eancia humana mais s\u00f3lida e real\u00a0 para viver e expressar o amor. Por isso, os primeiros crist\u00e3os viram em Jesus Crucificado a express\u00e3o mais realista e extrema\u00a0 do amor incondicional de Deus para com a humanidade, o sinal misterioso e insond\u00e1vel de seu perd\u00e3o, compaix\u00e3o e ternura redentora.\u00a0 Somente o amor incr\u00edvel de Deus pode explicar o que aconteceu na cruz. Somente a sombra luminosa da cruz p\u00f4de surgir a transcendental e milagrosa afirma\u00e7\u00e3o\u00a0 crist\u00e3: \u201cDeus e amor\u201d.\u00a0 E isto Paulo intui quando escreve comovido: O Filho do Homem me amou e se entregou por mim\u201d. <i>(Jesus &#8211; Aproxima\u00e7\u00e3o hist\u00f3rica &#8211; Vozes, 2010, p. n 520).<\/i><\/p>\n","protected":false},"excerpt":{"rendered":"<p>Primeira Sexta-feira<\/p>\n","protected":false},"author":1,"featured_media":184568,"comment_status":"closed","ping_status":"open","sticky":false,"template":"","format":"standard","meta":{"footnotes":""},"categories":[105],"tags":[106,112],"yoast_head":"<!-- This site is optimized with the Yoast SEO plugin v19.4 - https:\/\/yoast.com\/wordpress\/plugins\/seo\/ -->\n<title>&quot;Entre o amado e o amante&quot; - Vida Crist\u00e3 - Franciscanos<\/title>\n<meta name=\"robots\" content=\"index, follow, max-snippet:-1, max-image-preview:large, max-video-preview:-1\" \/>\n<link rel=\"canonical\" href=\"https:\/\/franciscanos.org.br\/vidacrista\/entre-o-amado-e-o-amante-texto-de-frei-almir-guimaraes\/\" \/>\n<meta property=\"og:locale\" content=\"pt_BR\" \/>\n<meta property=\"og:type\" content=\"article\" \/>\n<meta property=\"og:title\" content=\"&quot;Entre o amado e o amante&quot; - Vida Crist\u00e3 - Franciscanos\" \/>\n<meta property=\"og:description\" content=\"Primeira Sexta-feira\" \/>\n<meta property=\"og:url\" content=\"https:\/\/franciscanos.org.br\/vidacrista\/entre-o-amado-e-o-amante-texto-de-frei-almir-guimaraes\/\" \/>\n<meta property=\"og:site_name\" content=\"Vida Crist\u00e3 - Franciscanos\" \/>\n<meta property=\"article:published_time\" content=\"2013-10-28T16:22:00+00:00\" \/>\n<meta property=\"article:modified_time\" content=\"2020-05-22T13:03:44+00:00\" \/>\n<meta property=\"og:image\" content=\"https:\/\/franciscanos.org.br\/vidacrista\/wp-content\/uploads\/2013\/10\/primeira_sexta-1.jpg\" \/>\n\t<meta property=\"og:image:width\" content=\"800\" \/>\n\t<meta property=\"og:image:height\" content=\"599\" \/>\n\t<meta property=\"og:image:type\" content=\"image\/jpeg\" \/>\n<meta name=\"author\" content=\"admin\" \/>\n<meta name=\"twitter:card\" content=\"summary_large_image\" \/>\n<meta name=\"twitter:label1\" content=\"Escrito por\" \/>\n\t<meta name=\"twitter:data1\" content=\"admin\" \/>\n\t<meta name=\"twitter:label2\" content=\"Est. tempo de leitura\" \/>\n\t<meta name=\"twitter:data2\" content=\"3 minutos\" \/>\n<script type=\"application\/ld+json\" class=\"yoast-schema-graph\">{\"@context\":\"https:\/\/schema.org\",\"@graph\":[{\"@type\":\"WebSite\",\"@id\":\"https:\/\/franciscanos.org.br\/vidacrista\/#website\",\"url\":\"https:\/\/franciscanos.org.br\/vidacrista\/\",\"name\":\"Vida Crist\u00e3 - Franciscanos\",\"description\":\"Prov\u00edncia Franciscana da Imaculada Concei\u00e7\u00e3o do Brasil - Ordem dos Frades Menores\",\"potentialAction\":[{\"@type\":\"SearchAction\",\"target\":{\"@type\":\"EntryPoint\",\"urlTemplate\":\"https:\/\/franciscanos.org.br\/vidacrista\/?s={search_term_string}\"},\"query-input\":\"required name=search_term_string\"}],\"inLanguage\":\"pt-BR\"},{\"@type\":\"WebPage\",\"@id\":\"https:\/\/franciscanos.org.br\/vidacrista\/entre-o-amado-e-o-amante-texto-de-frei-almir-guimaraes\/\",\"url\":\"https:\/\/franciscanos.org.br\/vidacrista\/entre-o-amado-e-o-amante-texto-de-frei-almir-guimaraes\/\",\"name\":\"\\\"Entre o amado e o amante\\\" - Vida Crist\u00e3 - Franciscanos\",\"isPartOf\":{\"@id\":\"https:\/\/franciscanos.org.br\/vidacrista\/#website\"},\"datePublished\":\"2013-10-28T16:22:00+00:00\",\"dateModified\":\"2020-05-22T13:03:44+00:00\",\"author\":{\"@id\":\"https:\/\/franciscanos.org.br\/vidacrista\/#\/schema\/person\/133632ca93cec555316a35f76ab4153b\"},\"breadcrumb\":{\"@id\":\"https:\/\/franciscanos.org.br\/vidacrista\/entre-o-amado-e-o-amante-texto-de-frei-almir-guimaraes\/#breadcrumb\"},\"inLanguage\":\"pt-BR\",\"potentialAction\":[{\"@type\":\"ReadAction\",\"target\":[\"https:\/\/franciscanos.org.br\/vidacrista\/entre-o-amado-e-o-amante-texto-de-frei-almir-guimaraes\/\"]}]},{\"@type\":\"BreadcrumbList\",\"@id\":\"https:\/\/franciscanos.org.br\/vidacrista\/entre-o-amado-e-o-amante-texto-de-frei-almir-guimaraes\/#breadcrumb\",\"itemListElement\":[{\"@type\":\"ListItem\",\"position\":1,\"name\":\"Home\",\"item\":\"https:\/\/franciscanos.org.br\/vidacrista\/\"},{\"@type\":\"ListItem\",\"position\":2,\"name\":\"&#8220;Entre o amado e o amante&#8221;\"}]},{\"@type\":\"Person\",\"@id\":\"https:\/\/franciscanos.org.br\/vidacrista\/#\/schema\/person\/133632ca93cec555316a35f76ab4153b\",\"name\":\"admin\",\"image\":{\"@type\":\"ImageObject\",\"inLanguage\":\"pt-BR\",\"@id\":\"https:\/\/franciscanos.org.br\/vidacrista\/#\/schema\/person\/image\/\",\"url\":\"https:\/\/secure.gravatar.com\/avatar\/e8495742d34d0ba6448ea1c628263b3e?s=96&d=mm&r=g\",\"contentUrl\":\"https:\/\/secure.gravatar.com\/avatar\/e8495742d34d0ba6448ea1c628263b3e?s=96&d=mm&r=g\",\"caption\":\"admin\"},\"url\":\"https:\/\/franciscanos.org.br\/vidacrista\/author\/admin\/\"}]}<\/script>\n<!-- \/ Yoast SEO plugin. -->","yoast_head_json":{"title":"\"Entre o amado e o amante\" - Vida Crist\u00e3 - Franciscanos","robots":{"index":"index","follow":"follow","max-snippet":"max-snippet:-1","max-image-preview":"max-image-preview:large","max-video-preview":"max-video-preview:-1"},"canonical":"https:\/\/franciscanos.org.br\/vidacrista\/entre-o-amado-e-o-amante-texto-de-frei-almir-guimaraes\/","og_locale":"pt_BR","og_type":"article","og_title":"\"Entre o amado e o amante\" - Vida Crist\u00e3 - Franciscanos","og_description":"Primeira Sexta-feira","og_url":"https:\/\/franciscanos.org.br\/vidacrista\/entre-o-amado-e-o-amante-texto-de-frei-almir-guimaraes\/","og_site_name":"Vida Crist\u00e3 - Franciscanos","article_published_time":"2013-10-28T16:22:00+00:00","article_modified_time":"2020-05-22T13:03:44+00:00","og_image":[{"width":800,"height":599,"url":"https:\/\/franciscanos.org.br\/vidacrista\/wp-content\/uploads\/2013\/10\/primeira_sexta-1.jpg","type":"image\/jpeg"}],"author":"admin","twitter_card":"summary_large_image","twitter_misc":{"Escrito por":"admin","Est. tempo de leitura":"3 minutos"},"schema":{"@context":"https:\/\/schema.org","@graph":[{"@type":"WebSite","@id":"https:\/\/franciscanos.org.br\/vidacrista\/#website","url":"https:\/\/franciscanos.org.br\/vidacrista\/","name":"Vida Crist\u00e3 - Franciscanos","description":"Prov\u00edncia Franciscana da Imaculada Concei\u00e7\u00e3o do Brasil - Ordem dos Frades Menores","potentialAction":[{"@type":"SearchAction","target":{"@type":"EntryPoint","urlTemplate":"https:\/\/franciscanos.org.br\/vidacrista\/?s={search_term_string}"},"query-input":"required name=search_term_string"}],"inLanguage":"pt-BR"},{"@type":"WebPage","@id":"https:\/\/franciscanos.org.br\/vidacrista\/entre-o-amado-e-o-amante-texto-de-frei-almir-guimaraes\/","url":"https:\/\/franciscanos.org.br\/vidacrista\/entre-o-amado-e-o-amante-texto-de-frei-almir-guimaraes\/","name":"\"Entre o amado e o amante\" - Vida Crist\u00e3 - Franciscanos","isPartOf":{"@id":"https:\/\/franciscanos.org.br\/vidacrista\/#website"},"datePublished":"2013-10-28T16:22:00+00:00","dateModified":"2020-05-22T13:03:44+00:00","author":{"@id":"https:\/\/franciscanos.org.br\/vidacrista\/#\/schema\/person\/133632ca93cec555316a35f76ab4153b"},"breadcrumb":{"@id":"https:\/\/franciscanos.org.br\/vidacrista\/entre-o-amado-e-o-amante-texto-de-frei-almir-guimaraes\/#breadcrumb"},"inLanguage":"pt-BR","potentialAction":[{"@type":"ReadAction","target":["https:\/\/franciscanos.org.br\/vidacrista\/entre-o-amado-e-o-amante-texto-de-frei-almir-guimaraes\/"]}]},{"@type":"BreadcrumbList","@id":"https:\/\/franciscanos.org.br\/vidacrista\/entre-o-amado-e-o-amante-texto-de-frei-almir-guimaraes\/#breadcrumb","itemListElement":[{"@type":"ListItem","position":1,"name":"Home","item":"https:\/\/franciscanos.org.br\/vidacrista\/"},{"@type":"ListItem","position":2,"name":"&#8220;Entre o amado e o amante&#8221;"}]},{"@type":"Person","@id":"https:\/\/franciscanos.org.br\/vidacrista\/#\/schema\/person\/133632ca93cec555316a35f76ab4153b","name":"admin","image":{"@type":"ImageObject","inLanguage":"pt-BR","@id":"https:\/\/franciscanos.org.br\/vidacrista\/#\/schema\/person\/image\/","url":"https:\/\/secure.gravatar.com\/avatar\/e8495742d34d0ba6448ea1c628263b3e?s=96&d=mm&r=g","contentUrl":"https:\/\/secure.gravatar.com\/avatar\/e8495742d34d0ba6448ea1c628263b3e?s=96&d=mm&r=g","caption":"admin"},"url":"https:\/\/franciscanos.org.br\/vidacrista\/author\/admin\/"}]}},"_links":{"self":[{"href":"https:\/\/franciscanos.org.br\/vidacrista\/wp-json\/wp\/v2\/posts\/47259"}],"collection":[{"href":"https:\/\/franciscanos.org.br\/vidacrista\/wp-json\/wp\/v2\/posts"}],"about":[{"href":"https:\/\/franciscanos.org.br\/vidacrista\/wp-json\/wp\/v2\/types\/post"}],"author":[{"embeddable":true,"href":"https:\/\/franciscanos.org.br\/vidacrista\/wp-json\/wp\/v2\/users\/1"}],"replies":[{"embeddable":true,"href":"https:\/\/franciscanos.org.br\/vidacrista\/wp-json\/wp\/v2\/comments?post=47259"}],"version-history":[{"count":1,"href":"https:\/\/franciscanos.org.br\/vidacrista\/wp-json\/wp\/v2\/posts\/47259\/revisions"}],"predecessor-version":[{"id":178006,"href":"https:\/\/franciscanos.org.br\/vidacrista\/wp-json\/wp\/v2\/posts\/47259\/revisions\/178006"}],"wp:featuredmedia":[{"embeddable":true,"href":"https:\/\/franciscanos.org.br\/vidacrista\/wp-json\/wp\/v2\/media\/184568"}],"wp:attachment":[{"href":"https:\/\/franciscanos.org.br\/vidacrista\/wp-json\/wp\/v2\/media?parent=47259"}],"wp:term":[{"taxonomy":"category","embeddable":true,"href":"https:\/\/franciscanos.org.br\/vidacrista\/wp-json\/wp\/v2\/categories?post=47259"},{"taxonomy":"post_tag","embeddable":true,"href":"https:\/\/franciscanos.org.br\/vidacrista\/wp-json\/wp\/v2\/tags?post=47259"}],"curies":[{"name":"wp","href":"https:\/\/api.w.org\/{rel}","templated":true}]}}