{"id":46981,"date":"2013-10-10T07:19:38","date_gmt":"2013-10-10T10:19:38","guid":{"rendered":"http:\/\/new.franciscanos.org.br\/?p=46981"},"modified":"2020-07-09T11:34:21","modified_gmt":"2020-07-09T14:34:21","slug":"com-o-papa-francisco-o-terceiro-mundo-no-vaticano","status":"publish","type":"post","link":"https:\/\/franciscanos.org.br\/vidacrista\/com-o-papa-francisco-o-terceiro-mundo-no-vaticano\/","title":{"rendered":"Com o Papa Francisco: o Terceiro Mundo no Vaticano"},"content":{"rendered":"<p>&nbsp;<\/p>\n<p><img decoding=\"async\" loading=\"lazy\" class=\"alignnone size-full wp-image-186473\" src=\"https:\/\/franciscanos.org.br\/vidacrista\/wp-content\/uploads\/2013\/10\/papa_0907.jpg\" alt=\"\" width=\"840\" height=\"450\" srcset=\"https:\/\/franciscanos.org.br\/vidacrista\/wp-content\/uploads\/2013\/10\/papa_0907.jpg 840w, https:\/\/franciscanos.org.br\/vidacrista\/wp-content\/uploads\/2013\/10\/papa_0907-450x241.jpg 450w, https:\/\/franciscanos.org.br\/vidacrista\/wp-content\/uploads\/2013\/10\/papa_0907-768x411.jpg 768w, https:\/\/franciscanos.org.br\/vidacrista\/wp-content\/uploads\/2013\/10\/papa_0907-150x80.jpg 150w\" sizes=\"(max-width: 840px) 100vw, 840px\" \/><\/p>\n<p><strong>Leonardo Boff (*)<\/strong><\/p>\n<p>S\u00e3o not\u00f3rias as muitas inova\u00e7\u00f5es que o Papa Francisco, bispo de Roma como gosta de ser chamado, introduziu nos h\u00e1bitos papais e no estilo de presidir a Igreja na ternura, na compreens\u00e3o, no di\u00e1logo e na compaix\u00e3o.<\/p>\n<p>N\u00e3o s\u00e3o poucos os que ficam perplexos, pois estavam habituados ao estilo cl\u00e1ssico\u00a0\u00a0dos papas, esquecidos de que este estilo \u00e9 herdado dos imperadores romanos pag\u00e3os, desde o nome de \u201cpapa\u201d at\u00e9 o manto sobre os ombros (mozetta), todo adornado, s\u00edmbolo do absoluto poder imperial, prontamente rejeitado por Francisco.<\/p>\n<p>Vale lembrar sempre de novo que o atual Papa vem de fora, da periferia da Igreja central europ\u00e9ia. Carrega outra experi\u00eancia eclesial, com novos costumes e outra forma de sentir o mundo com suas contradi\u00e7\u00f5es. Ele conscientemente o expressou em sua longa entrevista \u00e0 revista dos jesu\u00edtas\u00a0<i>Civilt\u00e0 Catolica<\/i>: \u201cAs Igrejas jovens desenvolvem uma s\u00edntese de f\u00e9, cultura e vida em devir, e, portanto, diferente da desenvolvida pelas Igrejas mais antigas\u201d. Estas n\u00e3o s\u00e3o marcadas pelo devir mas pela estabilidade e custa-lhes incorporar elementos novos provindos da cultura moderna secular e democr\u00e1tica.<\/p>\n<p>Aqui, o Papa Francisco enfatiza a diferen\u00e7a. Tem consci\u00eancia de que\u00a0\u00a0vem de outra maneira de ser Igreja, madurada no Terceiro Mundo. Este se caracteriza pelas profundas injusti\u00e7as sociais, pelo n\u00famero absurdo\u00a0\u00a0de favelas que circundam quase todas as cidades, pelas culturas origin\u00e1rias sempre desprezadas e pela heran\u00e7a da escravid\u00e3o dos afrodescendentes, submetidos a grandes discrimina\u00e7\u00f5es. A Igreja entendeu que al\u00e9m de sua miss\u00e3o especificamente religiosa, n\u00e3o pode furtar-se a uma miss\u00e3o social urgente: estar do lado dos fracos e oprimidos e empenhar-se por sua liberta\u00e7\u00e3o. Nos v\u00e1rios encontros continentais dos bispos latinoamericanos e caribenhos (Celam) amadureceu a op\u00e7\u00e3o preferencial pelos pobres\u00a0\u00a0contra sua pobreza e a evangeliza\u00e7\u00e3o libertadora.<\/p>\n<p>O Papa Francisco vem deste caldo cultural e eclesial. Aqui tais op\u00e7\u00f5es com suas reflex\u00f5es teol\u00f3gicas, com as formas de viver a f\u00e9 em redes de comunidades e com celebra\u00e7\u00f5es que incorporam o estilo popular de rezar a Deus, s\u00e3o coisas evidentes. Mas n\u00e3o o s\u00e3o para os crist\u00e3os da velha cristandade europ\u00e9ia, carregada de tradi\u00e7\u00f5es, teologias, catedrais e um sentimento do mundo impregnado pelo estilo greco-romano-germ\u00e2nico de articular a mensagem crist\u00e3. Por vir de uma Igreja que deu centralidade aos pobres, visitou primeiramente os refugiados na ilha de Lampedusa, depois em Roma no centro dos jesu\u00edtas e, em seguida, os desempregados da C\u00f3rsega. Isso \u00e9 natural para ele, mas \u00e9 quase um \u201cesc\u00e2ndalo\u201d para os curiais e in\u00e9dito para os demais crist\u00e3os europeus. A op\u00e7\u00e3o pelos pobres, reafirmada pelos \u00faltimos papas, era s\u00f3 ret\u00f3rica e conceptual. N\u00e3o havia o encontro com o pobre real e sofredor. Com Francisco se d\u00e1 exatamente o contrario: o an\u00fancio \u00e9 pr\u00e1tica afetiva e efetiva.<\/p>\n<p>Talvez estas palavras de Francisco esclare\u00e7am seu modo de viver e de ver a miss\u00e3o da Igreja:<b><i>\u00a0<\/i><\/b>\u201cEu vejo a Igreja como um hospital de campanha ap\u00f3s uma batalha. \u00c9 in\u00fatil perguntar a um ferido grave se tem colesterol e glicose altos! \u00c9 preciso curar as feridas. Depois se poder\u00e1 falar de todo o restante\u201d.\u00a0\u201cA Igreja\u201d\u00a0\u2013 prossegue \u2013 \u201cpor vezes se fechou em pequenas coisas, pequenos preceitos. A coisa mais importante, ao inv\u00e9s, \u00e9 o primeiro an\u00fancio:\u00a0\u2018Jesus o salvou!\u2019. Portanto, os ministros da Igreja, em primeiro lugar, devem ser ministros de miseric\u00f3rdia e\u00a0as reformas organizativas e estruturais s\u00e3o secund\u00e1rias, ou seja, v\u00eam depois porque\u00a0a primeira reforma deve ser a da atitude. Os ministros do Evangelho devem ser pessoas capazes de aquecer o cora\u00e7\u00e3o das pessoas, de caminhar com elas na noite, de saber dialogar e tamb\u00e9m entrar na noite delas, na escurid\u00e3o delas sem perder-se. O povo de Deus\u201d\u00a0\u2013 conclui \u2013 \u201cquer pastores e n\u00e3o funcion\u00e1rios ou cl\u00e9rigos de Estado\u201d. No Brasil, falando aos bispos latino-americanos, cobrou-lhes fazer a \u201crevolu\u00e7\u00e3o da ternura\u201d.<\/p>\n<p>Portanto, a centralidade n\u00e3o \u00e9 ocupada pela doutrina e pela disciplina, t\u00e3o dominantes nos \u00faltimos tempos, mas na pessoa humana na suas buscas e indaga\u00e7\u00f5es seja ela crente ou n\u00e3o, como o mostrou em di\u00e1logo com o n\u00e3o crente e\u00a0\u00a0ex-editor do di\u00e1rio romano\u00a0<i>La Reppubblica<\/i>, Eug\u00eanio Scalfari. S\u00e3o novos ares que sopram das novas igrejas perif\u00e9ricas que arejam toda a Igreja. A primavera de fato est\u00e1 chegando, promissora.<\/p>\n<p><em>Imagem: Vatican News na Audi\u00eancia das quartas-feiras<\/em><\/p>\n<hr \/>\n<p><strong>Leonardo Boff<\/strong> <em>escreveu\u00a0Francisco de Assis e \u00a0Francisco de Roma. Mar de Id\u00e9ias, Rio 2013.<\/em><\/p>\n","protected":false},"excerpt":{"rendered":"<p>Artigo de Leonardo Boff<\/p>\n","protected":false},"author":1,"featured_media":186474,"comment_status":"closed","ping_status":"open","sticky":false,"template":"","format":"standard","meta":{"footnotes":""},"categories":[26],"tags":[59],"yoast_head":"<!-- This site is optimized with the Yoast SEO plugin v19.4 - https:\/\/yoast.com\/wordpress\/plugins\/seo\/ -->\n<title>Com o Papa Francisco: o Terceiro Mundo no Vaticano - Vida Crist\u00e3 - Franciscanos<\/title>\n<meta name=\"robots\" content=\"index, follow, max-snippet:-1, max-image-preview:large, max-video-preview:-1\" \/>\n<link rel=\"canonical\" href=\"https:\/\/franciscanos.org.br\/vidacrista\/com-o-papa-francisco-o-terceiro-mundo-no-vaticano\/\" \/>\n<meta property=\"og:locale\" content=\"pt_BR\" \/>\n<meta property=\"og:type\" content=\"article\" \/>\n<meta property=\"og:title\" content=\"Com o Papa Francisco: o Terceiro Mundo no Vaticano - Vida Crist\u00e3 - Franciscanos\" \/>\n<meta property=\"og:description\" content=\"Artigo de Leonardo Boff\" \/>\n<meta property=\"og:url\" content=\"https:\/\/franciscanos.org.br\/vidacrista\/com-o-papa-francisco-o-terceiro-mundo-no-vaticano\/\" \/>\n<meta property=\"og:site_name\" content=\"Vida Crist\u00e3 - Franciscanos\" \/>\n<meta property=\"article:published_time\" content=\"2013-10-10T10:19:38+00:00\" \/>\n<meta property=\"article:modified_time\" content=\"2020-07-09T14:34:21+00:00\" \/>\n<meta property=\"og:image\" content=\"https:\/\/franciscanos.org.br\/vidacrista\/wp-content\/uploads\/2013\/10\/papa_0907d.jpg\" \/>\n\t<meta property=\"og:image:width\" content=\"800\" \/>\n\t<meta property=\"og:image:height\" content=\"601\" \/>\n\t<meta property=\"og:image:type\" content=\"image\/jpeg\" \/>\n<meta name=\"author\" content=\"admin\" \/>\n<meta name=\"twitter:card\" content=\"summary_large_image\" \/>\n<meta name=\"twitter:label1\" content=\"Escrito por\" \/>\n\t<meta name=\"twitter:data1\" content=\"admin\" \/>\n\t<meta name=\"twitter:label2\" content=\"Est. tempo de leitura\" \/>\n\t<meta name=\"twitter:data2\" content=\"4 minutos\" \/>\n<script type=\"application\/ld+json\" class=\"yoast-schema-graph\">{\"@context\":\"https:\/\/schema.org\",\"@graph\":[{\"@type\":\"WebSite\",\"@id\":\"https:\/\/franciscanos.org.br\/vidacrista\/#website\",\"url\":\"https:\/\/franciscanos.org.br\/vidacrista\/\",\"name\":\"Vida Crist\u00e3 - Franciscanos\",\"description\":\"Prov\u00edncia Franciscana da Imaculada Concei\u00e7\u00e3o do Brasil - Ordem dos Frades Menores\",\"potentialAction\":[{\"@type\":\"SearchAction\",\"target\":{\"@type\":\"EntryPoint\",\"urlTemplate\":\"https:\/\/franciscanos.org.br\/vidacrista\/?s={search_term_string}\"},\"query-input\":\"required name=search_term_string\"}],\"inLanguage\":\"pt-BR\"},{\"@type\":\"WebPage\",\"@id\":\"https:\/\/franciscanos.org.br\/vidacrista\/com-o-papa-francisco-o-terceiro-mundo-no-vaticano\/\",\"url\":\"https:\/\/franciscanos.org.br\/vidacrista\/com-o-papa-francisco-o-terceiro-mundo-no-vaticano\/\",\"name\":\"Com o Papa Francisco: o Terceiro Mundo no Vaticano - Vida Crist\u00e3 - Franciscanos\",\"isPartOf\":{\"@id\":\"https:\/\/franciscanos.org.br\/vidacrista\/#website\"},\"datePublished\":\"2013-10-10T10:19:38+00:00\",\"dateModified\":\"2020-07-09T14:34:21+00:00\",\"author\":{\"@id\":\"https:\/\/franciscanos.org.br\/vidacrista\/#\/schema\/person\/133632ca93cec555316a35f76ab4153b\"},\"breadcrumb\":{\"@id\":\"https:\/\/franciscanos.org.br\/vidacrista\/com-o-papa-francisco-o-terceiro-mundo-no-vaticano\/#breadcrumb\"},\"inLanguage\":\"pt-BR\",\"potentialAction\":[{\"@type\":\"ReadAction\",\"target\":[\"https:\/\/franciscanos.org.br\/vidacrista\/com-o-papa-francisco-o-terceiro-mundo-no-vaticano\/\"]}]},{\"@type\":\"BreadcrumbList\",\"@id\":\"https:\/\/franciscanos.org.br\/vidacrista\/com-o-papa-francisco-o-terceiro-mundo-no-vaticano\/#breadcrumb\",\"itemListElement\":[{\"@type\":\"ListItem\",\"position\":1,\"name\":\"Home\",\"item\":\"https:\/\/franciscanos.org.br\/vidacrista\/\"},{\"@type\":\"ListItem\",\"position\":2,\"name\":\"Com o Papa Francisco: o Terceiro Mundo no Vaticano\"}]},{\"@type\":\"Person\",\"@id\":\"https:\/\/franciscanos.org.br\/vidacrista\/#\/schema\/person\/133632ca93cec555316a35f76ab4153b\",\"name\":\"admin\",\"image\":{\"@type\":\"ImageObject\",\"inLanguage\":\"pt-BR\",\"@id\":\"https:\/\/franciscanos.org.br\/vidacrista\/#\/schema\/person\/image\/\",\"url\":\"https:\/\/secure.gravatar.com\/avatar\/e8495742d34d0ba6448ea1c628263b3e?s=96&d=mm&r=g\",\"contentUrl\":\"https:\/\/secure.gravatar.com\/avatar\/e8495742d34d0ba6448ea1c628263b3e?s=96&d=mm&r=g\",\"caption\":\"admin\"},\"url\":\"https:\/\/franciscanos.org.br\/vidacrista\/author\/admin\/\"}]}<\/script>\n<!-- \/ Yoast SEO plugin. -->","yoast_head_json":{"title":"Com o Papa Francisco: o Terceiro Mundo no Vaticano - Vida Crist\u00e3 - Franciscanos","robots":{"index":"index","follow":"follow","max-snippet":"max-snippet:-1","max-image-preview":"max-image-preview:large","max-video-preview":"max-video-preview:-1"},"canonical":"https:\/\/franciscanos.org.br\/vidacrista\/com-o-papa-francisco-o-terceiro-mundo-no-vaticano\/","og_locale":"pt_BR","og_type":"article","og_title":"Com o Papa Francisco: o Terceiro Mundo no Vaticano - Vida Crist\u00e3 - Franciscanos","og_description":"Artigo de Leonardo Boff","og_url":"https:\/\/franciscanos.org.br\/vidacrista\/com-o-papa-francisco-o-terceiro-mundo-no-vaticano\/","og_site_name":"Vida Crist\u00e3 - Franciscanos","article_published_time":"2013-10-10T10:19:38+00:00","article_modified_time":"2020-07-09T14:34:21+00:00","og_image":[{"width":800,"height":601,"url":"https:\/\/franciscanos.org.br\/vidacrista\/wp-content\/uploads\/2013\/10\/papa_0907d.jpg","type":"image\/jpeg"}],"author":"admin","twitter_card":"summary_large_image","twitter_misc":{"Escrito por":"admin","Est. tempo de leitura":"4 minutos"},"schema":{"@context":"https:\/\/schema.org","@graph":[{"@type":"WebSite","@id":"https:\/\/franciscanos.org.br\/vidacrista\/#website","url":"https:\/\/franciscanos.org.br\/vidacrista\/","name":"Vida Crist\u00e3 - Franciscanos","description":"Prov\u00edncia Franciscana da Imaculada Concei\u00e7\u00e3o do Brasil - Ordem dos Frades Menores","potentialAction":[{"@type":"SearchAction","target":{"@type":"EntryPoint","urlTemplate":"https:\/\/franciscanos.org.br\/vidacrista\/?s={search_term_string}"},"query-input":"required name=search_term_string"}],"inLanguage":"pt-BR"},{"@type":"WebPage","@id":"https:\/\/franciscanos.org.br\/vidacrista\/com-o-papa-francisco-o-terceiro-mundo-no-vaticano\/","url":"https:\/\/franciscanos.org.br\/vidacrista\/com-o-papa-francisco-o-terceiro-mundo-no-vaticano\/","name":"Com o Papa Francisco: o Terceiro Mundo no Vaticano - Vida Crist\u00e3 - Franciscanos","isPartOf":{"@id":"https:\/\/franciscanos.org.br\/vidacrista\/#website"},"datePublished":"2013-10-10T10:19:38+00:00","dateModified":"2020-07-09T14:34:21+00:00","author":{"@id":"https:\/\/franciscanos.org.br\/vidacrista\/#\/schema\/person\/133632ca93cec555316a35f76ab4153b"},"breadcrumb":{"@id":"https:\/\/franciscanos.org.br\/vidacrista\/com-o-papa-francisco-o-terceiro-mundo-no-vaticano\/#breadcrumb"},"inLanguage":"pt-BR","potentialAction":[{"@type":"ReadAction","target":["https:\/\/franciscanos.org.br\/vidacrista\/com-o-papa-francisco-o-terceiro-mundo-no-vaticano\/"]}]},{"@type":"BreadcrumbList","@id":"https:\/\/franciscanos.org.br\/vidacrista\/com-o-papa-francisco-o-terceiro-mundo-no-vaticano\/#breadcrumb","itemListElement":[{"@type":"ListItem","position":1,"name":"Home","item":"https:\/\/franciscanos.org.br\/vidacrista\/"},{"@type":"ListItem","position":2,"name":"Com o Papa Francisco: o Terceiro Mundo no Vaticano"}]},{"@type":"Person","@id":"https:\/\/franciscanos.org.br\/vidacrista\/#\/schema\/person\/133632ca93cec555316a35f76ab4153b","name":"admin","image":{"@type":"ImageObject","inLanguage":"pt-BR","@id":"https:\/\/franciscanos.org.br\/vidacrista\/#\/schema\/person\/image\/","url":"https:\/\/secure.gravatar.com\/avatar\/e8495742d34d0ba6448ea1c628263b3e?s=96&d=mm&r=g","contentUrl":"https:\/\/secure.gravatar.com\/avatar\/e8495742d34d0ba6448ea1c628263b3e?s=96&d=mm&r=g","caption":"admin"},"url":"https:\/\/franciscanos.org.br\/vidacrista\/author\/admin\/"}]}},"_links":{"self":[{"href":"https:\/\/franciscanos.org.br\/vidacrista\/wp-json\/wp\/v2\/posts\/46981"}],"collection":[{"href":"https:\/\/franciscanos.org.br\/vidacrista\/wp-json\/wp\/v2\/posts"}],"about":[{"href":"https:\/\/franciscanos.org.br\/vidacrista\/wp-json\/wp\/v2\/types\/post"}],"author":[{"embeddable":true,"href":"https:\/\/franciscanos.org.br\/vidacrista\/wp-json\/wp\/v2\/users\/1"}],"replies":[{"embeddable":true,"href":"https:\/\/franciscanos.org.br\/vidacrista\/wp-json\/wp\/v2\/comments?post=46981"}],"version-history":[{"count":5,"href":"https:\/\/franciscanos.org.br\/vidacrista\/wp-json\/wp\/v2\/posts\/46981\/revisions"}],"predecessor-version":[{"id":186476,"href":"https:\/\/franciscanos.org.br\/vidacrista\/wp-json\/wp\/v2\/posts\/46981\/revisions\/186476"}],"wp:featuredmedia":[{"embeddable":true,"href":"https:\/\/franciscanos.org.br\/vidacrista\/wp-json\/wp\/v2\/media\/186474"}],"wp:attachment":[{"href":"https:\/\/franciscanos.org.br\/vidacrista\/wp-json\/wp\/v2\/media?parent=46981"}],"wp:term":[{"taxonomy":"category","embeddable":true,"href":"https:\/\/franciscanos.org.br\/vidacrista\/wp-json\/wp\/v2\/categories?post=46981"},{"taxonomy":"post_tag","embeddable":true,"href":"https:\/\/franciscanos.org.br\/vidacrista\/wp-json\/wp\/v2\/tags?post=46981"}],"curies":[{"name":"wp","href":"https:\/\/api.w.org\/{rel}","templated":true}]}}