{"id":44945,"date":"2013-09-04T07:45:35","date_gmt":"2013-09-04T10:45:35","guid":{"rendered":"http:\/\/new.franciscanos.org.br\/?p=44945"},"modified":"2021-01-21T10:18:01","modified_gmt":"2021-01-21T13:18:01","slug":"os-profetas-leem-o-presente-e-antecipam-o-futuro-2","status":"publish","type":"post","link":"https:\/\/franciscanos.org.br\/vidacrista\/os-profetas-leem-o-presente-e-antecipam-o-futuro-2\/","title":{"rendered":"Os profetas leem o presente e antecipam o futuro"},"content":{"rendered":"<p>&nbsp;<\/p>\n<div id=\"attachment_186327\" style=\"width: 850px\" class=\"wp-caption alignnone\"><img aria-describedby=\"caption-attachment-186327\" decoding=\"async\" loading=\"lazy\" class=\"wp-image-186327 size-full\" src=\"https:\/\/franciscanos.org.br\/vidacrista\/wp-content\/uploads\/2013\/09\/artigo_0506.jpg\" alt=\"\" width=\"840\" height=\"450\" srcset=\"https:\/\/franciscanos.org.br\/vidacrista\/wp-content\/uploads\/2013\/09\/artigo_0506.jpg 840w, https:\/\/franciscanos.org.br\/vidacrista\/wp-content\/uploads\/2013\/09\/artigo_0506-450x241.jpg 450w, https:\/\/franciscanos.org.br\/vidacrista\/wp-content\/uploads\/2013\/09\/artigo_0506-768x411.jpg 768w, https:\/\/franciscanos.org.br\/vidacrista\/wp-content\/uploads\/2013\/09\/artigo_0506-150x80.jpg 150w\" sizes=\"(max-width: 840px) 100vw, 840px\" \/><p id=\"caption-attachment-186327\" class=\"wp-caption-text\">\u00a0 \u00a0 \u00a0 \u00a0 \u00a0 \u00a0 \u00a0 \u00a0 \u00a0 \u00a0 \u00a0 \u00a0 \u00a0 \u00a0 \u00a0 \u00a0 \u00a0 \u00a0 \u00a0 \u00a0 \u00a0 \u00a0 \u00a0 \u00a0 \u00a0 \u00a0 \u00a0 \u00a0 \u00a0 \u00a0 \u00a0<em> Foto: \u00a0Divulga\u00e7\u00e3o\/ Defesa Civil de Santa Catarina Geral<\/em><\/p><\/div>\n<p><strong>Por Leonardo Boff (*)<\/strong><\/p>\n<p>Profeta no sentido b\u00edblico n\u00e3o \u00e9 em primeiro lugar aquele que prev\u00ea o futuro. \u00c9 aquele que analisa o presente, identifica tend\u00eancias, geralmente, desviantes, faz advert\u00eancias e at\u00e9 amea\u00e7as. Anuncia o ju\u00edzo de Deus sobre o curso presente da hist\u00f3ria e faz promessas de libera\u00e7\u00e3o das calamidades.<\/p>\n<p>A partir da capta\u00e7\u00e3o das tend\u00eancias, faz previs\u00f5es para o futuro. No fundo afirma: se continuar este tipo de comportamento dos dirigentes e do povo\u00a0\u00a0ocorrer\u00e3o fatalmente desgra\u00e7as. Estas s\u00e3o consequ\u00eancias das viola\u00e7\u00f5es de leis sagradas. E ai e projetam cen\u00e1rios dram\u00e1ticos que possuem uma fun\u00e7\u00e3o pedag\u00f3gica: trazer todos \u00e0 raz\u00e3o e \u00e0 observ\u00e2ncia do que \u00e9 justo e reto diante de Deus e da natureza.<\/p>\n<p>Lendo alguns profetas do Antigo Testamento e mesmo advert\u00eancias de Jesus sobre a situa\u00e7\u00e3o dos tempos futuros, quase espontaneamente nos lembramos de nossos dirigentes e de seu comportamento irrespons\u00e1vel face aos dramas que se est\u00e3o preparando para a Terra, para a biosfera e para o eventual destino de nossa civiliza\u00e7\u00e3o.<\/p>\n<p>H\u00e1 dias em algumas partes do norte do mundo se rompeu a barreira tida como a linha vermelha que deveria ser respeitada a todo o custo: n\u00e3o permitir que a presen\u00e7a de di\u00f3xido de carbono na atmosfera chegasse a 400 partes por um milh\u00e3o. E lamentavelmente chegou. Atingido este n\u00edvel, dificilmente o clima aquecido voltar\u00e1 atr\u00e1s. Estabilizar-se-\u00e1 e poder\u00e1\u00a0\u00a0tomar um curso de alta. A Terra ficar\u00e1 aquecida por volta de dois graus Celsius ou mais. Muitos organismos vivos n\u00e3o conseguem adaptar-se, n\u00e3o tem como minimizar os efeitos negativos e acabam desaparecendo. A desertifica\u00e7\u00e3o se acelerar\u00e1; safras ser\u00e3o perdidas; milhares de pessoas dever\u00e3o abandonar seus lugares por causa do calor insuport\u00e1vel para poder\u00a0\u00a0sobreviver e garantir sua alimenta\u00e7\u00e3o.<\/p>\n<p>\u00c9 num contexto assim que leio\u00a0\u00a0trechos do profeta Isa\u00edas. Viveu no s\u00e9culo VIII\u00ba a. C. num dos per\u00edodos mais conturbados da hist\u00f3ria. Israel se encontrava exprimida entre duas pot\u00eancias, Egito e Ass\u00edria, que disputavam a hegemonia. Ora era invadido por uma destas pot\u00eancias ora por outra deixando um rastro de devasta\u00e7\u00e3o e de morte.<\/p>\n<p>Neste contexto dram\u00e1tico, Isa\u00edas escreve um inteiro cap\u00edtulo, o 24\u00ba, todo numa linha de devasta\u00e7\u00e3o ecol\u00f3gica. As descri\u00e7\u00f5es\u00a0\u00a0se assemelham ao que pode acontecer conosco se as na\u00e7\u00f5es do mundo n\u00e3o se organizarem para deter o aquecimento global, especialmente, aquele abrupto j\u00e1 advertido por not\u00e1veis cientistas e que poder\u00e1 ocorrer antes do final deste s\u00e9culo. Se ele efetivamente ocorrer, a esp\u00e9cie humana correr\u00e1 grande risco de dizima\u00e7\u00e3o e de destrui\u00e7\u00e3o de grande parte da biosfera.<\/p>\n<p>Devemos tomar a s\u00e9rio os profetas. Eles decifram tend\u00eancias numa perspectiva que vai para al\u00e9m do espa\u00e7o e do tempo. Por isso tamb\u00e9m a nossa gera\u00e7\u00e3o poder\u00e1 estar inclu\u00edda\u00a0\u00a0em suas amea\u00e7as. Transcrevo alguns trechos do cap\u00edtulo 24 como advert\u00eancia e material de medita\u00e7\u00e3o:<\/p>\n<p>\u201cO mesmo acontecer\u00e1 ao credor e ao devedor: a Terra ser\u00e1 totalmente devastada. Ela foi profanada pelos seus habitantes porque transgrediram as leis, passaram por cima dos preceitos, romperam a alian\u00e7a eterna. Por esta raz\u00e3o, a maldi\u00e7\u00e3o devorou\u00a0\u00a0a Terra e s\u00e3o culpados os que nela habitam\u2026A Terra se quebra, \u00e9 abalada violentamente e \u00e9 fortemente sacudida. A Terra cambaleia\u00a0\u00a0como um b\u00eabado, \u00e9 agitada como uma choupana\u2026A lua sera confundida e o sol ter\u00e1 vergonha\u201d.<\/p>\n<p>Jesus, o derradeiro e maior de todos os profetas adverte: \u201cUma na\u00e7\u00e3o se levantar\u00e1 contra outra e um reino contra outro. Haver\u00e1 fome e peste e terremotos em diversos lugares\u201d(Mateus 24, 7). \u201cNa Terra ang\u00fastia tomar\u00e1 conta das na\u00e7\u00f5es perturbadas pelo bramor do mar e das ondas. As pessoas desmaiar\u00e3o de medo e de\u00a0\u00a0ansiedade pelo que vir\u00e1 sobre toda a Terra pois as\u00a0\u00a0for\u00e7as do c\u00e9u ser\u00e3o abaladas (Lucas 22, 25-27).<\/p>\n<p>N\u00e3o ocorrem cenas semelhantes nos tsunamis do sudeste da \u00c1sia, em Fukushima no Jap\u00e3o, nos grandes tornados e tuf\u00f5es como o Kathrina e o Sandy nos Estados Unidos e em outros lugares do planeta? As pessoas n\u00e3o s\u00e3o tomadas de pavor ao assistir a devasta\u00e7\u00e3o\u00a0\u00a0ao ver os solos cobertos de cadaveres? Estas cat\u00e1strofes n\u00e3o ocorrem por acaso mas acontecem porque rompemos a alian\u00e7a sagrada com a Terra e seus ciclos. S\u00e3o sinais e analogias que nos chamam \u00e0 responsabilidade.<\/p>\n<p>Curiosamente, apesar de todos os cen\u00e1rios de dizima\u00e7\u00f5es, a palavra prof\u00e9tica sempre termina com a esperan\u00e7a. Diz o profeta Isa\u00edas: \u201cDeus tirar\u00e1 o v\u00e9u de tristeza que cobre todas as na\u00e7\u00f5es. Ele enxugar\u00e1 as l\u00e1grimas de todas as faces\u2026 Naquele dia se dir\u00e1: este \u00e9 o nosso Deus; nos esperamos nele e ele nos salvar\u00e1\u201d (25,7.9). E Jesus arremata\u00a0\u00a0prometendo: \u201cQuando come\u00e7arem a acontecer estas coisas, tomai \u00e2nimo\u00a0\u00a0e levantai a cabe\u00e7a porque se aproxima a liberta\u00e7\u00e3o\u201d (Lucas 21,28).<\/p>\n<p>Depois destas palavras prof\u00e9ticas n\u00e3o cabe\u00a0\u00a0coment\u00e1rio; apenas o sil\u00eancio pesaroso e\u00a0\u00a0meditativo.<\/p>\n<hr \/>\n<p>&nbsp;<\/p>\n<p><strong>(*) Leonardo Boff,<\/strong><em> te\u00f3logo, \u00e9 autor de \u201cSaber Cuidar. \u00c9tica do humano &#8211; compaix\u00e3o pela terra\u201d, Petr\u00f3polis, Vozes.<\/em><\/p>\n","protected":false},"excerpt":{"rendered":"<p>Artigo de Leonardo Boff (*)<\/p>\n","protected":false},"author":1,"featured_media":186328,"comment_status":"closed","ping_status":"open","sticky":false,"template":"","format":"standard","meta":{"footnotes":""},"categories":[26],"tags":[59],"yoast_head":"<!-- This site is optimized with the Yoast SEO plugin v19.4 - https:\/\/yoast.com\/wordpress\/plugins\/seo\/ -->\n<title>Os profetas leem o presente e antecipam o futuro - Vida Crist\u00e3 - Franciscanos<\/title>\n<meta name=\"robots\" content=\"index, follow, max-snippet:-1, max-image-preview:large, max-video-preview:-1\" \/>\n<link rel=\"canonical\" href=\"https:\/\/franciscanos.org.br\/vidacrista\/os-profetas-leem-o-presente-e-antecipam-o-futuro-2\/\" \/>\n<meta property=\"og:locale\" content=\"pt_BR\" \/>\n<meta property=\"og:type\" content=\"article\" \/>\n<meta property=\"og:title\" content=\"Os profetas leem o presente e antecipam o futuro - Vida Crist\u00e3 - Franciscanos\" \/>\n<meta property=\"og:description\" content=\"Artigo de Leonardo Boff (*)\" \/>\n<meta property=\"og:url\" content=\"https:\/\/franciscanos.org.br\/vidacrista\/os-profetas-leem-o-presente-e-antecipam-o-futuro-2\/\" \/>\n<meta property=\"og:site_name\" content=\"Vida Crist\u00e3 - Franciscanos\" \/>\n<meta property=\"article:published_time\" content=\"2013-09-04T10:45:35+00:00\" \/>\n<meta property=\"article:modified_time\" content=\"2021-01-21T13:18:01+00:00\" \/>\n<meta property=\"og:image\" content=\"https:\/\/franciscanos.org.br\/vidacrista\/wp-content\/uploads\/2013\/09\/artigo_0506d.jpg\" \/>\n\t<meta property=\"og:image:width\" content=\"800\" \/>\n\t<meta property=\"og:image:height\" content=\"599\" \/>\n\t<meta property=\"og:image:type\" content=\"image\/jpeg\" \/>\n<meta name=\"author\" content=\"admin\" \/>\n<meta name=\"twitter:card\" content=\"summary_large_image\" \/>\n<meta name=\"twitter:label1\" content=\"Escrito por\" \/>\n\t<meta name=\"twitter:data1\" content=\"admin\" \/>\n\t<meta name=\"twitter:label2\" content=\"Est. tempo de leitura\" \/>\n\t<meta name=\"twitter:data2\" content=\"5 minutos\" \/>\n<script type=\"application\/ld+json\" class=\"yoast-schema-graph\">{\"@context\":\"https:\/\/schema.org\",\"@graph\":[{\"@type\":\"WebSite\",\"@id\":\"https:\/\/franciscanos.org.br\/vidacrista\/#website\",\"url\":\"https:\/\/franciscanos.org.br\/vidacrista\/\",\"name\":\"Vida Crist\u00e3 - Franciscanos\",\"description\":\"Prov\u00edncia Franciscana da Imaculada Concei\u00e7\u00e3o do Brasil - Ordem dos Frades Menores\",\"potentialAction\":[{\"@type\":\"SearchAction\",\"target\":{\"@type\":\"EntryPoint\",\"urlTemplate\":\"https:\/\/franciscanos.org.br\/vidacrista\/?s={search_term_string}\"},\"query-input\":\"required name=search_term_string\"}],\"inLanguage\":\"pt-BR\"},{\"@type\":\"WebPage\",\"@id\":\"https:\/\/franciscanos.org.br\/vidacrista\/os-profetas-leem-o-presente-e-antecipam-o-futuro-2\/\",\"url\":\"https:\/\/franciscanos.org.br\/vidacrista\/os-profetas-leem-o-presente-e-antecipam-o-futuro-2\/\",\"name\":\"Os profetas leem o presente e antecipam o futuro - Vida Crist\u00e3 - Franciscanos\",\"isPartOf\":{\"@id\":\"https:\/\/franciscanos.org.br\/vidacrista\/#website\"},\"datePublished\":\"2013-09-04T10:45:35+00:00\",\"dateModified\":\"2021-01-21T13:18:01+00:00\",\"author\":{\"@id\":\"https:\/\/franciscanos.org.br\/vidacrista\/#\/schema\/person\/133632ca93cec555316a35f76ab4153b\"},\"breadcrumb\":{\"@id\":\"https:\/\/franciscanos.org.br\/vidacrista\/os-profetas-leem-o-presente-e-antecipam-o-futuro-2\/#breadcrumb\"},\"inLanguage\":\"pt-BR\",\"potentialAction\":[{\"@type\":\"ReadAction\",\"target\":[\"https:\/\/franciscanos.org.br\/vidacrista\/os-profetas-leem-o-presente-e-antecipam-o-futuro-2\/\"]}]},{\"@type\":\"BreadcrumbList\",\"@id\":\"https:\/\/franciscanos.org.br\/vidacrista\/os-profetas-leem-o-presente-e-antecipam-o-futuro-2\/#breadcrumb\",\"itemListElement\":[{\"@type\":\"ListItem\",\"position\":1,\"name\":\"Home\",\"item\":\"https:\/\/franciscanos.org.br\/vidacrista\/\"},{\"@type\":\"ListItem\",\"position\":2,\"name\":\"Os profetas leem o presente e antecipam o futuro\"}]},{\"@type\":\"Person\",\"@id\":\"https:\/\/franciscanos.org.br\/vidacrista\/#\/schema\/person\/133632ca93cec555316a35f76ab4153b\",\"name\":\"admin\",\"image\":{\"@type\":\"ImageObject\",\"inLanguage\":\"pt-BR\",\"@id\":\"https:\/\/franciscanos.org.br\/vidacrista\/#\/schema\/person\/image\/\",\"url\":\"https:\/\/secure.gravatar.com\/avatar\/e8495742d34d0ba6448ea1c628263b3e?s=96&d=mm&r=g\",\"contentUrl\":\"https:\/\/secure.gravatar.com\/avatar\/e8495742d34d0ba6448ea1c628263b3e?s=96&d=mm&r=g\",\"caption\":\"admin\"},\"url\":\"https:\/\/franciscanos.org.br\/vidacrista\/author\/admin\/\"}]}<\/script>\n<!-- \/ Yoast SEO plugin. -->","yoast_head_json":{"title":"Os profetas leem o presente e antecipam o futuro - Vida Crist\u00e3 - Franciscanos","robots":{"index":"index","follow":"follow","max-snippet":"max-snippet:-1","max-image-preview":"max-image-preview:large","max-video-preview":"max-video-preview:-1"},"canonical":"https:\/\/franciscanos.org.br\/vidacrista\/os-profetas-leem-o-presente-e-antecipam-o-futuro-2\/","og_locale":"pt_BR","og_type":"article","og_title":"Os profetas leem o presente e antecipam o futuro - Vida Crist\u00e3 - Franciscanos","og_description":"Artigo de Leonardo Boff (*)","og_url":"https:\/\/franciscanos.org.br\/vidacrista\/os-profetas-leem-o-presente-e-antecipam-o-futuro-2\/","og_site_name":"Vida Crist\u00e3 - Franciscanos","article_published_time":"2013-09-04T10:45:35+00:00","article_modified_time":"2021-01-21T13:18:01+00:00","og_image":[{"width":800,"height":599,"url":"https:\/\/franciscanos.org.br\/vidacrista\/wp-content\/uploads\/2013\/09\/artigo_0506d.jpg","type":"image\/jpeg"}],"author":"admin","twitter_card":"summary_large_image","twitter_misc":{"Escrito por":"admin","Est. tempo de leitura":"5 minutos"},"schema":{"@context":"https:\/\/schema.org","@graph":[{"@type":"WebSite","@id":"https:\/\/franciscanos.org.br\/vidacrista\/#website","url":"https:\/\/franciscanos.org.br\/vidacrista\/","name":"Vida Crist\u00e3 - Franciscanos","description":"Prov\u00edncia Franciscana da Imaculada Concei\u00e7\u00e3o do Brasil - Ordem dos Frades Menores","potentialAction":[{"@type":"SearchAction","target":{"@type":"EntryPoint","urlTemplate":"https:\/\/franciscanos.org.br\/vidacrista\/?s={search_term_string}"},"query-input":"required name=search_term_string"}],"inLanguage":"pt-BR"},{"@type":"WebPage","@id":"https:\/\/franciscanos.org.br\/vidacrista\/os-profetas-leem-o-presente-e-antecipam-o-futuro-2\/","url":"https:\/\/franciscanos.org.br\/vidacrista\/os-profetas-leem-o-presente-e-antecipam-o-futuro-2\/","name":"Os profetas leem o presente e antecipam o futuro - Vida Crist\u00e3 - Franciscanos","isPartOf":{"@id":"https:\/\/franciscanos.org.br\/vidacrista\/#website"},"datePublished":"2013-09-04T10:45:35+00:00","dateModified":"2021-01-21T13:18:01+00:00","author":{"@id":"https:\/\/franciscanos.org.br\/vidacrista\/#\/schema\/person\/133632ca93cec555316a35f76ab4153b"},"breadcrumb":{"@id":"https:\/\/franciscanos.org.br\/vidacrista\/os-profetas-leem-o-presente-e-antecipam-o-futuro-2\/#breadcrumb"},"inLanguage":"pt-BR","potentialAction":[{"@type":"ReadAction","target":["https:\/\/franciscanos.org.br\/vidacrista\/os-profetas-leem-o-presente-e-antecipam-o-futuro-2\/"]}]},{"@type":"BreadcrumbList","@id":"https:\/\/franciscanos.org.br\/vidacrista\/os-profetas-leem-o-presente-e-antecipam-o-futuro-2\/#breadcrumb","itemListElement":[{"@type":"ListItem","position":1,"name":"Home","item":"https:\/\/franciscanos.org.br\/vidacrista\/"},{"@type":"ListItem","position":2,"name":"Os profetas leem o presente e antecipam o futuro"}]},{"@type":"Person","@id":"https:\/\/franciscanos.org.br\/vidacrista\/#\/schema\/person\/133632ca93cec555316a35f76ab4153b","name":"admin","image":{"@type":"ImageObject","inLanguage":"pt-BR","@id":"https:\/\/franciscanos.org.br\/vidacrista\/#\/schema\/person\/image\/","url":"https:\/\/secure.gravatar.com\/avatar\/e8495742d34d0ba6448ea1c628263b3e?s=96&d=mm&r=g","contentUrl":"https:\/\/secure.gravatar.com\/avatar\/e8495742d34d0ba6448ea1c628263b3e?s=96&d=mm&r=g","caption":"admin"},"url":"https:\/\/franciscanos.org.br\/vidacrista\/author\/admin\/"}]}},"_links":{"self":[{"href":"https:\/\/franciscanos.org.br\/vidacrista\/wp-json\/wp\/v2\/posts\/44945"}],"collection":[{"href":"https:\/\/franciscanos.org.br\/vidacrista\/wp-json\/wp\/v2\/posts"}],"about":[{"href":"https:\/\/franciscanos.org.br\/vidacrista\/wp-json\/wp\/v2\/types\/post"}],"author":[{"embeddable":true,"href":"https:\/\/franciscanos.org.br\/vidacrista\/wp-json\/wp\/v2\/users\/1"}],"replies":[{"embeddable":true,"href":"https:\/\/franciscanos.org.br\/vidacrista\/wp-json\/wp\/v2\/comments?post=44945"}],"version-history":[{"count":4,"href":"https:\/\/franciscanos.org.br\/vidacrista\/wp-json\/wp\/v2\/posts\/44945\/revisions"}],"predecessor-version":[{"id":188883,"href":"https:\/\/franciscanos.org.br\/vidacrista\/wp-json\/wp\/v2\/posts\/44945\/revisions\/188883"}],"wp:featuredmedia":[{"embeddable":true,"href":"https:\/\/franciscanos.org.br\/vidacrista\/wp-json\/wp\/v2\/media\/186328"}],"wp:attachment":[{"href":"https:\/\/franciscanos.org.br\/vidacrista\/wp-json\/wp\/v2\/media?parent=44945"}],"wp:term":[{"taxonomy":"category","embeddable":true,"href":"https:\/\/franciscanos.org.br\/vidacrista\/wp-json\/wp\/v2\/categories?post=44945"},{"taxonomy":"post_tag","embeddable":true,"href":"https:\/\/franciscanos.org.br\/vidacrista\/wp-json\/wp\/v2\/tags?post=44945"}],"curies":[{"name":"wp","href":"https:\/\/api.w.org\/{rel}","templated":true}]}}