{"id":43383,"date":"2013-08-12T07:38:02","date_gmt":"2013-08-12T10:38:02","guid":{"rendered":"http:\/\/new.franciscanos.org.br\/?p=43383"},"modified":"2020-06-15T08:12:10","modified_gmt":"2020-06-15T11:12:10","slug":"um-concilio-de-toda-a-cristandade","status":"publish","type":"post","link":"https:\/\/franciscanos.org.br\/vidacrista\/um-concilio-de-toda-a-cristandade\/","title":{"rendered":"Um Conc\u00edlio de toda a cristandade?"},"content":{"rendered":"<p><img decoding=\"async\" loading=\"lazy\" src=\"http:\/\/franciscanos.org.br\/wp-content\/uploads\/2013\/08\/concilio.jpg\" alt=\"concilio\" width=\"830\" height=\"350\" \/><\/p>\n<p><strong>Por Leonardo Boff (*)<\/strong><\/p>\n<p>Celebramos 50 anos da morte do Papa Jo\u00e3o XXIII (1881-1963), seguramente o Papa mais importante do s\u00e9culo XX. A ele se deve a renova\u00e7\u00e3o da Igreja Cat\u00f3lica que tentou definir o seu lugar dentro do mundo moderno. No dia 25 de janeiro de 1959, sem avisar a ningu\u00e9m, declarou diante dos Cardeais estupefatos, reunidos na abadia beneditina de S\u00e3o Paulo junto aos muros, que iria convocar um Conc\u00edlio Ecum\u00eamico. Por sua pr\u00f3pria conta havia feito um ju\u00edzo cr\u00edtico sobre a situa\u00e7\u00e3o do mundo e da Igreja. Percebera que est\u00e1vamos diante de uma nova fase hist\u00f3rica: a fase do mundo moderno com sua ci\u00eancia, t\u00e9cnica, com suas liberdades e direitos. A Igreja precisava situar-se positivamente dentro deste fato emergente. At\u00e9 ent\u00e3o, a atitude era\u00a0\u00a0de desconfian\u00e7a e de condena\u00e7\u00e3o. O Papa entendeu que este comportamento levava a Igreja ao\u00a0\u00a0isolamento e \u00e0 estagna\u00e7\u00e3o para seu pr\u00f3prio dano.<\/p>\n<p>Ele repetiu a velho dito: \u201cV<i>ox temporis vox Dei\u00a0<\/i>(\u201ca voz do\u00a0\u00a0tempo \u00e9 a voz de Deus\u201d); \u201cisso n\u00e3o significa\u201d, disse ele, \u201cque tudo no mundo, assim como se encontra, representa a voz de Deus; significa que tudo carrega uma mensagem de Deus, se boa para ser seguida, se ruim\u00a0\u00a0para ser mudada\u201d.<\/p>\n<p>Efetivamente, o Conc\u00edlio Vaticano II se realizou em Roma (1962-1965); o Papa o\u00a0\u00a0abriu mas morreu antes de sua conclus\u00e3o (1963). Seu esp\u00edrito, entretanto, marcou todo o evento, com consequ\u00eancias at\u00e9 os dias de hoje.<\/p>\n<p>Dois eram seus <i>mottos<\/i> principais:\u00a0A<i>ggio<\/i><i>r<\/i><i>namento<\/i>\u00a0e\u00a0<i>Conc\u00edlio pastoral<\/i>.\u00a0<i>Aggiornamento\u00a0<\/i>\u00e9 dizer: sim para o novo, sim para a atualiza\u00e7\u00e3o da Igreja em sua linguagem, em sua estrutura\u00a0\u00a0e em sua forma de se apresentar no mundo.\u00a0<i>Conc\u00edlio pastoral\u00a0<\/i>queria exprimir\u00a0\u00a0uma rela\u00e7\u00e3o para com as pessoas e para com o mundo\u00a0\u00a0de abertura, de di\u00e1logo, de acolhida e de fraternidade. Portanto, nada de condena\u00e7\u00f5es do modernismo e da \u201cnouvelle th\u00e9ologie\u201d como se fizera furiosamente antes. Em vez de doutrinas, di\u00e1logo, m\u00fatuo aprendizado e trocas.<\/p>\n<p>Talvez esta afirma\u00e7\u00e3o de Jo\u00e3o XXIII resuma todo o seu esp\u00edrito: \u201cA vida do crist\u00e3o n\u00e3o \u00e9 uma cole\u00e7\u00e3o de antiguidades. N\u00e3o se trata de visitar um museu ou uma academia do passado. Isto, sem d\u00favida, pode ser \u00fatil \u2014 como o \u00e9 a visita aos monumentos antigos \u2014 mas n\u00e3o \u00e9 suficiente. Vive-se para progredir, embora tirando seu proveito das pr\u00e1ticas, e mesmo das experi\u00eancias do passado, para ir sempre mais longe na trilha que Nosso Senhor nos mostra\u201d.<\/p>\n<p>De fato, o Conc\u00edlio colocou a Igreja dentro do mundo moderno, participando de seus avatares e de suas conquistas. A Igreja da Am\u00e9rica Latina logo percebeu que n\u00e3o havia apenas o mundo moderno mas o submundo sobre o qual pouco se disse no Conc\u00edlio. Em Medellin (1969) e Puebla (1979) viu-se que a miss\u00e3o da Igreja no submundo, feito de pobreza e de opress\u00e3o, deve ser de promo\u00e7\u00e3o da justi\u00e7a social e de liberta\u00e7\u00e3o.<\/p>\n<p>Passaram-se j\u00e1 50 anos do Conc\u00edlio. O mundo e o submundo mudaram muito. Surgiram novos desafios: da globaliza\u00e7\u00e3o econ\u00f4mico-financeira e a consequente consci\u00eancia planet\u00e1ria, a dissolu\u00e7\u00e3o do imp\u00e9rio sovi\u00e9tico,\u00a0\u00a0as novas formas de comunica\u00e7\u00e3o social (internet, redes sociais e outras) que unificaram o mundo, a eros\u00e3o da biodiversidade, a percep\u00e7\u00e3o dos limites da Terra e da possibilidade de exterm\u00ednio da esp\u00e9cie humana\u00a0\u00a0e com ela do projeto planet\u00e1rio humano.<\/p>\n<p>S\u00f3 com as categorias do Conc\u00edlio Vaticano II n\u00e3o daremos mais conta\u00a0\u00a0desta nova realidade amea\u00e7adora. Tudo aponta para a necessidade de um novo Conc\u00edlio Ecum\u00eanico. Agora n\u00e3o se trata apenas de convocar s\u00f3 os bispos da Igreja Cat\u00f3lica. Face aos perigos que nos amea\u00e7am, todo o Cristianismo, com suas igrejas, est\u00e1 sendo desafiado. Precisamos tomar a s\u00e9rio a alian\u00e7a que o grande bi\u00f3logo E. Wilson prop\u00f4s entre as Igrejas e as religi\u00f5es e a tecnoci\u00eancia, caso quisermos salvar a vida no planeta (cf.\u00a0<i>A Cria\u00e7\u00e3o :como salvar a vida na Terra 2008).<\/i>\u00a0Como estas for\u00e7as religiosas podem contribuir para que tenhamos ainda futuro? A subsist\u00eancia da vida na Terra \u00e9 o pressuposto de tudo. Sem ela se anulam todo os projetos e tudo perde sentido. Os crist\u00e3os dever\u00e3o esquecer suas diferen\u00e7as e pol\u00eamicas e se unir para essa miss\u00e3o salvadora.<\/p>\n<p>O Papa Francisco tem todas as condi\u00e7\u00f5es para convocar o conjunto das express\u00f5es crist\u00e3s, de homens e de mulheres, assessorados por pessoas de not\u00f3rio saber, mesmo n\u00e3o religiosas, para identificar o tipo de colabora\u00e7\u00e3o que podemos oferecer na linha de uma nova consci\u00eancia de respeito, de venera\u00e7\u00e3o, de cuidado de todos os ecossistemas, de compaix\u00e3o, de solidariedade, de sobriedade compartida e de irrestrita responsabilidade pois todos somos interdependentes.<\/p>\n<p>O Papa Francisco, com seu modo de ser\u00a0\u00a0e de pensar, despertou em todos n\u00f3s a raz\u00e3o cordial, sens\u00edvel e espiritual. Agregada \u00e0 raz\u00e3o intelectual, protegeremos e cuidaremos, cuidaremos e amaremos essa \u00fanica Casa Comum que o universo e Deus nos legaram. S\u00f3 assim nos salvaremos.<\/p>\n<p><strong>(*) Leonardo Boff escreveu:\u00a0<i>Proteger a Terra-cuidar da vida: como escapar do fim do mundo,<\/i>\u00a0Record 2011.\u00a0<\/strong><\/p>\n","protected":false},"excerpt":{"rendered":"<p>Artigo de Leonardo Boff<\/p>\n","protected":false},"author":1,"featured_media":185518,"comment_status":"closed","ping_status":"open","sticky":false,"template":"","format":"standard","meta":{"footnotes":""},"categories":[26],"tags":[40],"yoast_head":"<!-- This site is optimized with the Yoast SEO plugin v19.4 - https:\/\/yoast.com\/wordpress\/plugins\/seo\/ -->\n<title>Um Conc\u00edlio de toda a cristandade? - Vida Crist\u00e3 - Franciscanos<\/title>\n<meta name=\"robots\" content=\"index, follow, max-snippet:-1, max-image-preview:large, max-video-preview:-1\" \/>\n<link rel=\"canonical\" href=\"https:\/\/franciscanos.org.br\/vidacrista\/um-concilio-de-toda-a-cristandade\/\" \/>\n<meta property=\"og:locale\" content=\"pt_BR\" \/>\n<meta property=\"og:type\" content=\"article\" \/>\n<meta property=\"og:title\" content=\"Um Conc\u00edlio de toda a cristandade? - Vida Crist\u00e3 - Franciscanos\" \/>\n<meta property=\"og:description\" content=\"Artigo de Leonardo Boff\" \/>\n<meta property=\"og:url\" content=\"https:\/\/franciscanos.org.br\/vidacrista\/um-concilio-de-toda-a-cristandade\/\" \/>\n<meta property=\"og:site_name\" content=\"Vida Crist\u00e3 - Franciscanos\" \/>\n<meta property=\"article:published_time\" content=\"2013-08-12T10:38:02+00:00\" \/>\n<meta property=\"article:modified_time\" content=\"2020-06-15T11:12:10+00:00\" \/>\n<meta property=\"og:image\" content=\"https:\/\/franciscanos.org.br\/vidacrista\/wp-content\/uploads\/2013\/08\/concilio.jpg\" \/>\n\t<meta property=\"og:image:width\" content=\"800\" \/>\n\t<meta property=\"og:image:height\" content=\"601\" \/>\n\t<meta property=\"og:image:type\" content=\"image\/jpeg\" \/>\n<meta name=\"author\" content=\"admin\" \/>\n<meta name=\"twitter:card\" content=\"summary_large_image\" \/>\n<meta name=\"twitter:label1\" content=\"Escrito por\" \/>\n\t<meta name=\"twitter:data1\" content=\"admin\" \/>\n\t<meta name=\"twitter:label2\" content=\"Est. tempo de leitura\" \/>\n\t<meta name=\"twitter:data2\" content=\"5 minutos\" \/>\n<script type=\"application\/ld+json\" class=\"yoast-schema-graph\">{\"@context\":\"https:\/\/schema.org\",\"@graph\":[{\"@type\":\"WebSite\",\"@id\":\"https:\/\/franciscanos.org.br\/vidacrista\/#website\",\"url\":\"https:\/\/franciscanos.org.br\/vidacrista\/\",\"name\":\"Vida Crist\u00e3 - Franciscanos\",\"description\":\"Prov\u00edncia Franciscana da Imaculada Concei\u00e7\u00e3o do Brasil - Ordem dos Frades Menores\",\"potentialAction\":[{\"@type\":\"SearchAction\",\"target\":{\"@type\":\"EntryPoint\",\"urlTemplate\":\"https:\/\/franciscanos.org.br\/vidacrista\/?s={search_term_string}\"},\"query-input\":\"required name=search_term_string\"}],\"inLanguage\":\"pt-BR\"},{\"@type\":\"WebPage\",\"@id\":\"https:\/\/franciscanos.org.br\/vidacrista\/um-concilio-de-toda-a-cristandade\/\",\"url\":\"https:\/\/franciscanos.org.br\/vidacrista\/um-concilio-de-toda-a-cristandade\/\",\"name\":\"Um Conc\u00edlio de toda a cristandade? - Vida Crist\u00e3 - Franciscanos\",\"isPartOf\":{\"@id\":\"https:\/\/franciscanos.org.br\/vidacrista\/#website\"},\"datePublished\":\"2013-08-12T10:38:02+00:00\",\"dateModified\":\"2020-06-15T11:12:10+00:00\",\"author\":{\"@id\":\"https:\/\/franciscanos.org.br\/vidacrista\/#\/schema\/person\/133632ca93cec555316a35f76ab4153b\"},\"breadcrumb\":{\"@id\":\"https:\/\/franciscanos.org.br\/vidacrista\/um-concilio-de-toda-a-cristandade\/#breadcrumb\"},\"inLanguage\":\"pt-BR\",\"potentialAction\":[{\"@type\":\"ReadAction\",\"target\":[\"https:\/\/franciscanos.org.br\/vidacrista\/um-concilio-de-toda-a-cristandade\/\"]}]},{\"@type\":\"BreadcrumbList\",\"@id\":\"https:\/\/franciscanos.org.br\/vidacrista\/um-concilio-de-toda-a-cristandade\/#breadcrumb\",\"itemListElement\":[{\"@type\":\"ListItem\",\"position\":1,\"name\":\"Home\",\"item\":\"https:\/\/franciscanos.org.br\/vidacrista\/\"},{\"@type\":\"ListItem\",\"position\":2,\"name\":\"Um Conc\u00edlio de toda a cristandade?\"}]},{\"@type\":\"Person\",\"@id\":\"https:\/\/franciscanos.org.br\/vidacrista\/#\/schema\/person\/133632ca93cec555316a35f76ab4153b\",\"name\":\"admin\",\"image\":{\"@type\":\"ImageObject\",\"inLanguage\":\"pt-BR\",\"@id\":\"https:\/\/franciscanos.org.br\/vidacrista\/#\/schema\/person\/image\/\",\"url\":\"https:\/\/secure.gravatar.com\/avatar\/e8495742d34d0ba6448ea1c628263b3e?s=96&d=mm&r=g\",\"contentUrl\":\"https:\/\/secure.gravatar.com\/avatar\/e8495742d34d0ba6448ea1c628263b3e?s=96&d=mm&r=g\",\"caption\":\"admin\"},\"url\":\"https:\/\/franciscanos.org.br\/vidacrista\/author\/admin\/\"}]}<\/script>\n<!-- \/ Yoast SEO plugin. -->","yoast_head_json":{"title":"Um Conc\u00edlio de toda a cristandade? - Vida Crist\u00e3 - Franciscanos","robots":{"index":"index","follow":"follow","max-snippet":"max-snippet:-1","max-image-preview":"max-image-preview:large","max-video-preview":"max-video-preview:-1"},"canonical":"https:\/\/franciscanos.org.br\/vidacrista\/um-concilio-de-toda-a-cristandade\/","og_locale":"pt_BR","og_type":"article","og_title":"Um Conc\u00edlio de toda a cristandade? - Vida Crist\u00e3 - Franciscanos","og_description":"Artigo de Leonardo Boff","og_url":"https:\/\/franciscanos.org.br\/vidacrista\/um-concilio-de-toda-a-cristandade\/","og_site_name":"Vida Crist\u00e3 - Franciscanos","article_published_time":"2013-08-12T10:38:02+00:00","article_modified_time":"2020-06-15T11:12:10+00:00","og_image":[{"width":800,"height":601,"url":"https:\/\/franciscanos.org.br\/vidacrista\/wp-content\/uploads\/2013\/08\/concilio.jpg","type":"image\/jpeg"}],"author":"admin","twitter_card":"summary_large_image","twitter_misc":{"Escrito por":"admin","Est. tempo de leitura":"5 minutos"},"schema":{"@context":"https:\/\/schema.org","@graph":[{"@type":"WebSite","@id":"https:\/\/franciscanos.org.br\/vidacrista\/#website","url":"https:\/\/franciscanos.org.br\/vidacrista\/","name":"Vida Crist\u00e3 - Franciscanos","description":"Prov\u00edncia Franciscana da Imaculada Concei\u00e7\u00e3o do Brasil - Ordem dos Frades Menores","potentialAction":[{"@type":"SearchAction","target":{"@type":"EntryPoint","urlTemplate":"https:\/\/franciscanos.org.br\/vidacrista\/?s={search_term_string}"},"query-input":"required name=search_term_string"}],"inLanguage":"pt-BR"},{"@type":"WebPage","@id":"https:\/\/franciscanos.org.br\/vidacrista\/um-concilio-de-toda-a-cristandade\/","url":"https:\/\/franciscanos.org.br\/vidacrista\/um-concilio-de-toda-a-cristandade\/","name":"Um Conc\u00edlio de toda a cristandade? - Vida Crist\u00e3 - Franciscanos","isPartOf":{"@id":"https:\/\/franciscanos.org.br\/vidacrista\/#website"},"datePublished":"2013-08-12T10:38:02+00:00","dateModified":"2020-06-15T11:12:10+00:00","author":{"@id":"https:\/\/franciscanos.org.br\/vidacrista\/#\/schema\/person\/133632ca93cec555316a35f76ab4153b"},"breadcrumb":{"@id":"https:\/\/franciscanos.org.br\/vidacrista\/um-concilio-de-toda-a-cristandade\/#breadcrumb"},"inLanguage":"pt-BR","potentialAction":[{"@type":"ReadAction","target":["https:\/\/franciscanos.org.br\/vidacrista\/um-concilio-de-toda-a-cristandade\/"]}]},{"@type":"BreadcrumbList","@id":"https:\/\/franciscanos.org.br\/vidacrista\/um-concilio-de-toda-a-cristandade\/#breadcrumb","itemListElement":[{"@type":"ListItem","position":1,"name":"Home","item":"https:\/\/franciscanos.org.br\/vidacrista\/"},{"@type":"ListItem","position":2,"name":"Um Conc\u00edlio de toda a cristandade?"}]},{"@type":"Person","@id":"https:\/\/franciscanos.org.br\/vidacrista\/#\/schema\/person\/133632ca93cec555316a35f76ab4153b","name":"admin","image":{"@type":"ImageObject","inLanguage":"pt-BR","@id":"https:\/\/franciscanos.org.br\/vidacrista\/#\/schema\/person\/image\/","url":"https:\/\/secure.gravatar.com\/avatar\/e8495742d34d0ba6448ea1c628263b3e?s=96&d=mm&r=g","contentUrl":"https:\/\/secure.gravatar.com\/avatar\/e8495742d34d0ba6448ea1c628263b3e?s=96&d=mm&r=g","caption":"admin"},"url":"https:\/\/franciscanos.org.br\/vidacrista\/author\/admin\/"}]}},"_links":{"self":[{"href":"https:\/\/franciscanos.org.br\/vidacrista\/wp-json\/wp\/v2\/posts\/43383"}],"collection":[{"href":"https:\/\/franciscanos.org.br\/vidacrista\/wp-json\/wp\/v2\/posts"}],"about":[{"href":"https:\/\/franciscanos.org.br\/vidacrista\/wp-json\/wp\/v2\/types\/post"}],"author":[{"embeddable":true,"href":"https:\/\/franciscanos.org.br\/vidacrista\/wp-json\/wp\/v2\/users\/1"}],"replies":[{"embeddable":true,"href":"https:\/\/franciscanos.org.br\/vidacrista\/wp-json\/wp\/v2\/comments?post=43383"}],"version-history":[{"count":1,"href":"https:\/\/franciscanos.org.br\/vidacrista\/wp-json\/wp\/v2\/posts\/43383\/revisions"}],"predecessor-version":[{"id":185519,"href":"https:\/\/franciscanos.org.br\/vidacrista\/wp-json\/wp\/v2\/posts\/43383\/revisions\/185519"}],"wp:featuredmedia":[{"embeddable":true,"href":"https:\/\/franciscanos.org.br\/vidacrista\/wp-json\/wp\/v2\/media\/185518"}],"wp:attachment":[{"href":"https:\/\/franciscanos.org.br\/vidacrista\/wp-json\/wp\/v2\/media?parent=43383"}],"wp:term":[{"taxonomy":"category","embeddable":true,"href":"https:\/\/franciscanos.org.br\/vidacrista\/wp-json\/wp\/v2\/categories?post=43383"},{"taxonomy":"post_tag","embeddable":true,"href":"https:\/\/franciscanos.org.br\/vidacrista\/wp-json\/wp\/v2\/tags?post=43383"}],"curies":[{"name":"wp","href":"https:\/\/api.w.org\/{rel}","templated":true}]}}