{"id":4305,"date":"2011-10-25T15:50:08","date_gmt":"2011-10-25T15:50:08","guid":{"rendered":"http:\/\/new.franciscanos.org.br\/?p=4305"},"modified":"2021-09-02T10:49:49","modified_gmt":"2021-09-02T13:49:49","slug":"mensagem-do-santo-padre-para-o-46%c2%ba-dia-mundial-de-oracao-pelas-vocacoes","status":"publish","type":"post","link":"https:\/\/franciscanos.org.br\/vidacrista\/mensagem-do-santo-padre-para-o-46%c2%ba-dia-mundial-de-oracao-pelas-vocacoes\/","title":{"rendered":"Mensagem do Papa Bento XVI para o 46\u00ba Dia Mundial de Ora\u00e7\u00e3o pelas Voca\u00e7\u00f5es"},"content":{"rendered":"<div id=\"attachment_190454\" style=\"width: 900px\" class=\"wp-caption alignnone\"><img aria-describedby=\"caption-attachment-190454\" decoding=\"async\" loading=\"lazy\" class=\"wp-image-190454 size-full\" src=\"https:\/\/franciscanos.org.br\/vidacrista\/wp-content\/uploads\/2011\/10\/angola_missao_mensagem_0209.jpg\" alt=\"\" width=\"890\" height=\"563\" srcset=\"https:\/\/franciscanos.org.br\/vidacrista\/wp-content\/uploads\/2011\/10\/angola_missao_mensagem_0209.jpg 890w, https:\/\/franciscanos.org.br\/vidacrista\/wp-content\/uploads\/2011\/10\/angola_missao_mensagem_0209-450x285.jpg 450w, https:\/\/franciscanos.org.br\/vidacrista\/wp-content\/uploads\/2011\/10\/angola_missao_mensagem_0209-768x486.jpg 768w, https:\/\/franciscanos.org.br\/vidacrista\/wp-content\/uploads\/2011\/10\/angola_missao_mensagem_0209-150x95.jpg 150w\" sizes=\"(max-width: 890px) 100vw, 890px\" \/><p id=\"caption-attachment-190454\" class=\"wp-caption-text\">\u00a0 \u00a0 \u00a0 \u00a0 \u00a0 \u00a0 \u00a0 \u00a0 \u00a0 \u00a0 \u00a0 \u00a0 \u00a0 \u00a0 \u00a0 \u00a0 \u00a0 \u00a0 \u00a0 \u00a0 \u00a0 \u00a0 \u00a0 \u00a0 \u00a0 \u00a0 \u00a0 \u00a0 \u00a0 \u00a0 \u00a0 \u00a0 \u00a0 \u00a0 \u00a0 \u00a0<em> \u00a0 \u00a0 Imagem: Miss\u00e3o de Angola (Acervo Prov\u00edncia)<\/em><\/p><\/div>\n<p>&nbsp;<\/p>\n<p><strong>(3 DE MAIO DE 2009 &#8211; IV DOMINGO DE P\u00c1SCOA)<\/strong><br \/>\n<strong>Tema: \u00abA confian\u00e7a na iniciativa de Deus e a resposta humana\u00bb<\/strong><\/p>\n<p>Venerados irm\u00e3os no episcopado e no sacerd\u00f3cio,<br \/>\nqueridos irm\u00e3os e irm\u00e3s!<\/p>\n<p>Por ocasi\u00e3o do pr\u00f3ximo Dia Mundial de Ora\u00e7\u00e3o pelas Voca\u00e7\u00f5es ao sacerd\u00f3cio e \u00e0 vida consagrada, que ser\u00e1 celebrado no IV Domingo de P\u00e1scoa, dia 3 de Maio de 2009, desejo convidar todo o Povo de Deus a refletir sobre o tema: A confian\u00e7a na iniciativa de Deus e a resposta humana. N\u00e3o cessa de ressoar na Igreja esta exorta\u00e7\u00e3o de Jesus aos seus disc\u00edpulos: \u00abRogai ao Senhor da messe que envie trabalhadores para a sua messe\u00bb (Mt 9, 38). Pedi! O premente apelo do Senhor p\u00f5e em evid\u00eancia que a ora\u00e7\u00e3o pelas voca\u00e7\u00f5es deve ser cont\u00ednua e confiante. De facto, s\u00f3 animada pela ora\u00e7\u00e3o \u00e9 que a comunidade crist\u00e3 pode realmente \u00abter maior f\u00e9 e esperan\u00e7a na iniciativa divina\u00bb (<em>Exort. ap. p\u00f3s-sinodal Sacramentum caritatis<\/em>, 26).<\/p>\n<p>A voca\u00e7\u00e3o ao sacerd\u00f3cio e \u00e0 vida consagrada constitui um dom divino especial, que se insere no vasto projeto de amor e salva\u00e7\u00e3o que Deus tem para cada pessoa e para a humanidade inteira. O ap\u00f3stolo Paulo \u2013 que recordamos de modo particular durante este Ano Paulino comemorativo dos dois mil anos do seu nascimento \u2013, ao escrever aos Ef\u00e9sios, afirma: \u00abBendito seja o Deus e Pai de Nosso Senhor Jesus Cristo, que, do alto dos c\u00e9us, nos aben\u00e7oou com toda a esp\u00e9cie de b\u00ean\u00e7\u00e3os espirituais em Cristo. Foi assim que n\u2019Ele nos escolheu antes da constitui\u00e7\u00e3o do mundo, para sermos santos e imaculados diante dos seus olhos\u00bb (Ef 1, 3-4). Dentro da voca\u00e7\u00e3o universal \u00e0 santidade, sobressai a peculiar iniciativa de Deus ter escolhido alguns para seguirem mais de perto o seu Filho Jesus Cristo tornando-se seus ministros e testemunhas privilegiadas. O divino Mestre chamou pessoalmente os Ap\u00f3stolos \u00abpara andarem com Ele e para os enviar a pregar, com o poder de expulsar dem\u00f4nios\u00bb (Mc 3, 14-15); eles, por sua vez, agregaram a si mesmos outros disc\u00edpulos, fi\u00e9is colaboradores no minist\u00e9rio mission\u00e1rio. E assim no decorrer dos s\u00e9culos, respondendo \u00e0 voca\u00e7\u00e3o do Senhor e d\u00f3ceis \u00e0 a\u00e7\u00e3o do Esp\u00edrito Santo, fileiras inumer\u00e1veis de presb\u00edteros e pessoas consagradas puseram-se ao servi\u00e7o total do Evangelho na Igreja. D\u00eamos gra\u00e7as ao Senhor, que continua hoje tamb\u00e9m a convocar trabalhadores para a sua vinha. Se \u00e9 verdade que, em algumas regi\u00f5es, se regista uma preocupante car\u00eancia de presb\u00edteros e que n\u00e3o faltam dificuldades e obst\u00e1culos no caminho da Igreja, sustenta-nos a certeza inabal\u00e1vel de que esta \u00e9 guiada firmemente nas sendas do tempo rumo \u00e0 realiza\u00e7\u00e3o definitiva do Reino por Ele, o Senhor, que livremente escolhe e convida a segui-Lo pessoas de qualquer cultura e idade, segundo os insond\u00e1veis des\u00edgnios do seu amor misericordioso.<\/p>\n<p>Por conseguinte o nosso primeiro dever \u00e9 manter viva, atrav\u00e9s de uma ora\u00e7\u00e3o incessante, esta invoca\u00e7\u00e3o da iniciativa divina nas fam\u00edlias e nas par\u00f3quias, nos movimentos e nas associa\u00e7\u00f5es empenhados no apostolado, nas comunidades religiosas e em todas as articula\u00e7\u00f5es da vida diocesana. Devemos rezar para que todo o povo crist\u00e3o cres\u00e7a na confian\u00e7a em Deus, sabendo que o \u00abSenhor da messe\u00bb n\u00e3o cessa de pedir a alguns que livremente disponibilizem a sua exist\u00eancia para colaborar mais intimamente com Ele na obra da salva\u00e7\u00e3o. Entretanto, por parte daqueles que s\u00e3o chamados, exige-se-lhes escuta atenta e prudente discernimento, generosa e pronta ades\u00e3o ao projeto divino, s\u00e9rio aprofundamento do que \u00e9 pr\u00f3prio da voca\u00e7\u00e3o sacerdotal e religiosa para lhe corresponder de modo respons\u00e1vel e convicto. A prop\u00f3sito, o Catecismo da Igreja Cat\u00f3lica recorda que a livre iniciativa de Deus requer a resposta livre do ser humano. Uma resposta positiva que sempre pressup\u00f5e a aceita\u00e7\u00e3o e partilha do projeto que Deus tem para cada um; uma resposta que acolhe a iniciativa amorosa do Senhor e se torna, para quem \u00e9 chamado, exig\u00eancia moral vinculativa, homenagem de gratid\u00e3o a Deus e coopera\u00e7\u00e3o total no plano que Ele prossegue na hist\u00f3ria (cf. n. 2062).<\/p>\n<p>Ao contemplar o mist\u00e9rio eucar\u00edstico \u2013 onde se exprime sumamente o dom concedido livremente pelo Pai na Pessoa do Filho Unig\u00eanito pela salva\u00e7\u00e3o dos homens, e a disponibilidade plena e d\u00f3cil de Cristo para beber completamente o \u00abc\u00e1lice\u00bb da vontade de Deus (cf. Mt 26, 39) \u2013 compreendemos melhor como \u00aba confian\u00e7a na iniciativa de Deus\u00bb molde e d\u00ea valor \u00e0 \u00abresposta humana\u00bb. Na Eucaristia, dom perfeito que realiza o amoroso projeto da reden\u00e7\u00e3o do mundo, Jesus imola-Se livremente pela salva\u00e7\u00e3o da humanidade. \u00abA Igreja \u2013 escreveu o meu amado predecessor Jo\u00e3o Paulo II \u2013 recebeu a Eucaristia de Cristo seu Senhor, n\u00e3o como um dom, embora precioso, entre muitos outros, mas como o dom por excel\u00eancia, porque dom d\u2019Ele mesmo, da sua Pessoa na humanidade sagrada, e tamb\u00e9m da sua obra de salva\u00e7\u00e3o\u00bb <em>(Carta enc. Ecclesia de Eucharistia,<\/em> 11).<\/p>\n<p>Quem est\u00e1 destinado a perpetuar este mist\u00e9rio salv\u00edfico ao longo dos s\u00e9culos, at\u00e9 ao regresso glorioso do Senhor, s\u00e3o os presb\u00edteros, que podem precisamente contemplar em Cristo eucar\u00edstico o modelo ex\u00edmio de um \u00abdi\u00e1logo vocacional\u00bb entre a livre iniciativa do Pai e a resposta confiante de Cristo. Na celebra\u00e7\u00e3o eucar\u00edstica, \u00e9 o pr\u00f3prio Cristo que age naqueles que Ele escolhe como seus ministros; sustenta-os para que a sua resposta cres\u00e7a numa dimens\u00e3o de confian\u00e7a e de gratid\u00e3o que dissipe todo o medo, mesmo quando se faz mais intensa a experi\u00eancia da pr\u00f3pria fraqueza (cf. Rm 8, 26-30), ou o ambiente se torna mais hirto de incompreens\u00e3o ou at\u00e9 de persegui\u00e7\u00e3o (cf. Rm 8, 35-39).<\/p>\n<p>A consci\u00eancia de sermos salvos pelo amor de Cristo, que cada Eucaristia alimenta nos crentes e de modo especial nos sacerdotes, n\u00e3o pode deixar de suscitar neles um confiante abandono a Cristo que deu a vida por n\u00f3s. Deste modo, acreditar no Senhor e aceitar o seu dom leva a entregar-se a Ele com \u00e2nimo agradecido aderindo ao seu projecto salv\u00edfico. Se tal acontecer, o \u00abvocacionado\u00bb de bom grado abandona tudo e entra na escola do divino Mestre; inicia-se ent\u00e3o um fecundo di\u00e1logo entre Deus e a pessoa, um misterioso encontro entre o amor do Senhor que chama e a liberdade do ser humano que Lhe responde no amor, sentindo ressoar no seu esp\u00edrito as palavras de Jesus: \u00abN\u00e3o fostes v\u00f3s que Me escolhestes, fui Eu que vos escolhi e vos nomeei para irdes e dardes fruto, e o vosso fruto permanecer\u00bb (Jo 15, 16).<\/p>\n<p>Este amoroso enlace entre a iniciativa divina e a resposta humana est\u00e1 presente tamb\u00e9m, de forma admir\u00e1vel, na voca\u00e7\u00e3o \u00e0 vida consagrada. Recorda o Conc\u00edlio Vaticano II: \u00abOs conselhos evang\u00e9licos de castidade consagrada a Deus, de pobreza e de obedi\u00eancia, visto que fundados sobre a palavra e o exemplo de Cristo e recomendados pelos Ap\u00f3stolos, pelos Padres, Doutores e Pastores da Igreja, s\u00e3o um dom divino, que a mesma Igreja recebeu do seu Senhor e com a sua gra\u00e7a sempre conserva\u00bb <em>(Const. dogm. Lumen gentium,<\/em> 43). Temos de novo aqui Jesus como o modelo exemplar de total e confiante ades\u00e3o \u00e0 vontade do Pai para onde deve olhar a pessoa consagrada. Atra\u00eddos por Ele muitos homens e mulheres, desde os primeiros s\u00e9culos do cristianismo, abandonaram a fam\u00edlia, os haveres, as riquezas materiais e tudo aquilo que humanamente \u00e9 desej\u00e1vel, para seguir generosamente a Cristo e viver sem reservas o seu Evangelho, que se tornou para eles escola de radical santidade. Ainda hoje s\u00e3o muitos os que percorrem este itiner\u00e1rio exigente de perfei\u00e7\u00e3o evang\u00e9lica, e realizam a sua voca\u00e7\u00e3o na profiss\u00e3o dos conselhos evang\u00e9licos. O testemunho destes nossos irm\u00e3os e irm\u00e3s, tanto nos mosteiros de vida contemplativa como nos institutos e nas congrega\u00e7\u00f5es de vida apost\u00f3lica, recorda ao povo de Deus \u00abaquele mist\u00e9rio do Reino de Deus que j\u00e1 actua na hist\u00f3ria, mas aguarda a sua plena realiza\u00e7\u00e3o nos c\u00e9us\u00bb (<em>Exort. ap. p\u00f3s-sinodal Vita consecrata, 1).<\/em><\/p>\n<p><em>Quem pode considerar-se digno de ingressar no minist\u00e9rio sacerdotal? Quem pode abra\u00e7ar a vida consagrada contando apen<\/em>as com os seus recursos humanos? Mais uma vez conv\u00e9m reafirmar que a resposta da pessoa \u00e0 voca\u00e7\u00e3o divina \u2013 sempre que se esteja consciente de que \u00e9 Deus a tomar a iniciativa e \u00e9 Ele tamb\u00e9m a levar a bom termo o seu projecto salv\u00edfico \u2013 n\u00e3o se reveste jamais do c\u00e1lculo medroso do servo pregui\u00e7oso, que por medo escondeu na terra o talento que lhe fora confiado (cf. Mt 25, 14-30), mas exprime-se numa pronta ades\u00e3o ao convite do Senhor, como fez Pedro quando, apesar de ter trabalhado toda a noite sem nada apanhar, n\u00e3o hesitou em lan\u00e7ar novamente as redes confiando na palavra d\u2019Ele (cf. Lc 5, 5). Sem abdicar de forma alguma da responsabilidade pessoal, a resposta livre do homem a Deus torna-se assim \u00abcorresponsabilidade\u00bb, responsabilidade em e com Cristo, em virtude da ac\u00e7\u00e3o do seu Santo Esp\u00edrito; faz-se comunh\u00e3o com Aquele que nos torna capazes de dar muito fruto (cf. Jo 15, 5).<\/p>\n<p>Emblem\u00e1tica resposta humana, repleta de confian\u00e7a na iniciativa de Deus, \u00e9 o \u00abAm\u00e9n\u00bb generoso e total da Virgem de Nazar\u00e9, pronunciado com humilde e decidida ades\u00e3o aos des\u00edgnios do Alt\u00edssimo, que lhe foram comunicados pelo mensageiro celeste (cf. Lc 1, 38). O seu \u00absim\u00bb pronto permitiu-Lhe tornar-Se a M\u00e3e de Deus, a M\u00e3e do nosso Salvador. Maria, depois deste primeiro \u00abfiat\u00bb, teve de o repetir muitas outras vezes at\u00e9 ao momento culminante da crucifix\u00e3o de Jesus, quando \u00abestava junto \u00e0 cruz\u00bb, como refere o evangelista Jo\u00e3o, compartilhando o sofrimento atroz do seu Filho inocente. E foi precisamente da cruz que Jesus agonizante no-La deu como M\u00e3e e a Ela nos entregou como filhos (cf. Jo 19, 26-27) \u2013 M\u00e3e especialmente dos sacerdotes e das pessoas consagradas. A Ela quero confiar todos quantos sentem o chamamento de Deus para caminhar pela senda do sacerd\u00f3cio ministerial ou da vida consagrada.<\/p>\n<p>Queridos amigos, n\u00e3o desanimeis perante as dificuldades e as d\u00favidas; confiai em Deus e segui fielmente Jesus e sereis as testemunhas da alegria que brota da uni\u00e3o \u00edntima com Ele. \u00c0 imita\u00e7\u00e3o da Virgem Maria, que as gera\u00e7\u00f5es proclamam bem-aventurada porque acreditou (cf. Lc 1, 48), empenhai-vos com toda a energia espiritual na realiza\u00e7\u00e3o do projeto salv\u00edfico do Pai celeste, cultivando no vosso cora\u00e7\u00e3o, como Ela, a capacidade de maravilhar-se e adorar Aquele que tem o poder de fazer \u00abgrandes coisas\u00bb, porque Santo \u00e9 o seu nome (cf. Lc 1, 49).<\/p>\n<p>Vaticano, 20 de Janeiro de 2009.<\/p>\n<p><strong>BENEDICTUS PP. XVI<\/strong><\/p>\n","protected":false},"excerpt":{"rendered":"<p>46\u00ba Dia Mundial de Ora\u00e7\u00e3o pelas Voca\u00e7\u00f5es<\/p>\n","protected":false},"author":1,"featured_media":190454,"comment_status":"open","ping_status":"open","sticky":false,"template":"","format":"standard","meta":{"footnotes":""},"categories":[22],"tags":[321],"yoast_head":"<!-- This site is optimized with the Yoast SEO plugin v19.4 - https:\/\/yoast.com\/wordpress\/plugins\/seo\/ -->\n<title>Mensagem do Papa Bento XVI para o 46\u00ba Dia Mundial de Ora\u00e7\u00e3o pelas Voca\u00e7\u00f5es - Vida Crist\u00e3 - Franciscanos<\/title>\n<meta name=\"robots\" content=\"index, follow, max-snippet:-1, max-image-preview:large, max-video-preview:-1\" \/>\n<link rel=\"canonical\" href=\"https:\/\/franciscanos.org.br\/vidacrista\/mensagem-do-santo-padre-para-o-46\u00ba-dia-mundial-de-oracao-pelas-vocacoes\/\" \/>\n<meta property=\"og:locale\" content=\"pt_BR\" \/>\n<meta property=\"og:type\" content=\"article\" \/>\n<meta property=\"og:title\" content=\"Mensagem do Papa Bento XVI para o 46\u00ba Dia Mundial de Ora\u00e7\u00e3o pelas Voca\u00e7\u00f5es - Vida Crist\u00e3 - Franciscanos\" \/>\n<meta property=\"og:description\" content=\"46\u00ba Dia Mundial de Ora\u00e7\u00e3o pelas Voca\u00e7\u00f5es\" \/>\n<meta property=\"og:url\" content=\"https:\/\/franciscanos.org.br\/vidacrista\/mensagem-do-santo-padre-para-o-46\u00ba-dia-mundial-de-oracao-pelas-vocacoes\/\" \/>\n<meta property=\"og:site_name\" content=\"Vida Crist\u00e3 - Franciscanos\" \/>\n<meta property=\"article:published_time\" content=\"2011-10-25T15:50:08+00:00\" \/>\n<meta property=\"article:modified_time\" content=\"2021-09-02T13:49:49+00:00\" \/>\n<meta property=\"og:image\" content=\"https:\/\/franciscanos.org.br\/vidacrista\/wp-content\/uploads\/2011\/10\/angola_missao_mensagem_0209.jpg\" \/>\n\t<meta property=\"og:image:width\" content=\"890\" \/>\n\t<meta property=\"og:image:height\" content=\"563\" \/>\n\t<meta property=\"og:image:type\" content=\"image\/jpeg\" \/>\n<meta name=\"author\" content=\"admin\" \/>\n<meta name=\"twitter:card\" content=\"summary_large_image\" \/>\n<meta name=\"twitter:label1\" content=\"Escrito por\" \/>\n\t<meta name=\"twitter:data1\" content=\"admin\" \/>\n\t<meta name=\"twitter:label2\" content=\"Est. tempo de leitura\" \/>\n\t<meta name=\"twitter:data2\" content=\"9 minutos\" \/>\n<script type=\"application\/ld+json\" class=\"yoast-schema-graph\">{\"@context\":\"https:\/\/schema.org\",\"@graph\":[{\"@type\":\"WebSite\",\"@id\":\"https:\/\/franciscanos.org.br\/vidacrista\/#website\",\"url\":\"https:\/\/franciscanos.org.br\/vidacrista\/\",\"name\":\"Vida Crist\u00e3 - Franciscanos\",\"description\":\"Prov\u00edncia Franciscana da Imaculada Concei\u00e7\u00e3o do Brasil - Ordem dos Frades Menores\",\"potentialAction\":[{\"@type\":\"SearchAction\",\"target\":{\"@type\":\"EntryPoint\",\"urlTemplate\":\"https:\/\/franciscanos.org.br\/vidacrista\/?s={search_term_string}\"},\"query-input\":\"required name=search_term_string\"}],\"inLanguage\":\"pt-BR\"},{\"@type\":\"WebPage\",\"@id\":\"https:\/\/franciscanos.org.br\/vidacrista\/mensagem-do-santo-padre-para-o-46%c2%ba-dia-mundial-de-oracao-pelas-vocacoes\/\",\"url\":\"https:\/\/franciscanos.org.br\/vidacrista\/mensagem-do-santo-padre-para-o-46%c2%ba-dia-mundial-de-oracao-pelas-vocacoes\/\",\"name\":\"Mensagem do Papa Bento XVI para o 46\u00ba Dia Mundial de Ora\u00e7\u00e3o pelas Voca\u00e7\u00f5es - Vida Crist\u00e3 - Franciscanos\",\"isPartOf\":{\"@id\":\"https:\/\/franciscanos.org.br\/vidacrista\/#website\"},\"datePublished\":\"2011-10-25T15:50:08+00:00\",\"dateModified\":\"2021-09-02T13:49:49+00:00\",\"author\":{\"@id\":\"https:\/\/franciscanos.org.br\/vidacrista\/#\/schema\/person\/133632ca93cec555316a35f76ab4153b\"},\"breadcrumb\":{\"@id\":\"https:\/\/franciscanos.org.br\/vidacrista\/mensagem-do-santo-padre-para-o-46%c2%ba-dia-mundial-de-oracao-pelas-vocacoes\/#breadcrumb\"},\"inLanguage\":\"pt-BR\",\"potentialAction\":[{\"@type\":\"ReadAction\",\"target\":[\"https:\/\/franciscanos.org.br\/vidacrista\/mensagem-do-santo-padre-para-o-46%c2%ba-dia-mundial-de-oracao-pelas-vocacoes\/\"]}]},{\"@type\":\"BreadcrumbList\",\"@id\":\"https:\/\/franciscanos.org.br\/vidacrista\/mensagem-do-santo-padre-para-o-46%c2%ba-dia-mundial-de-oracao-pelas-vocacoes\/#breadcrumb\",\"itemListElement\":[{\"@type\":\"ListItem\",\"position\":1,\"name\":\"Home\",\"item\":\"https:\/\/franciscanos.org.br\/vidacrista\/\"},{\"@type\":\"ListItem\",\"position\":2,\"name\":\"Mensagem do Papa Bento XVI para o 46\u00ba Dia Mundial de Ora\u00e7\u00e3o pelas Voca\u00e7\u00f5es\"}]},{\"@type\":\"Person\",\"@id\":\"https:\/\/franciscanos.org.br\/vidacrista\/#\/schema\/person\/133632ca93cec555316a35f76ab4153b\",\"name\":\"admin\",\"image\":{\"@type\":\"ImageObject\",\"inLanguage\":\"pt-BR\",\"@id\":\"https:\/\/franciscanos.org.br\/vidacrista\/#\/schema\/person\/image\/\",\"url\":\"https:\/\/secure.gravatar.com\/avatar\/e8495742d34d0ba6448ea1c628263b3e?s=96&d=mm&r=g\",\"contentUrl\":\"https:\/\/secure.gravatar.com\/avatar\/e8495742d34d0ba6448ea1c628263b3e?s=96&d=mm&r=g\",\"caption\":\"admin\"},\"url\":\"https:\/\/franciscanos.org.br\/vidacrista\/author\/admin\/\"}]}<\/script>\n<!-- \/ Yoast SEO plugin. -->","yoast_head_json":{"title":"Mensagem do Papa Bento XVI para o 46\u00ba Dia Mundial de Ora\u00e7\u00e3o pelas Voca\u00e7\u00f5es - Vida Crist\u00e3 - Franciscanos","robots":{"index":"index","follow":"follow","max-snippet":"max-snippet:-1","max-image-preview":"max-image-preview:large","max-video-preview":"max-video-preview:-1"},"canonical":"https:\/\/franciscanos.org.br\/vidacrista\/mensagem-do-santo-padre-para-o-46\u00ba-dia-mundial-de-oracao-pelas-vocacoes\/","og_locale":"pt_BR","og_type":"article","og_title":"Mensagem do Papa Bento XVI para o 46\u00ba Dia Mundial de Ora\u00e7\u00e3o pelas Voca\u00e7\u00f5es - Vida Crist\u00e3 - Franciscanos","og_description":"46\u00ba Dia Mundial de Ora\u00e7\u00e3o pelas Voca\u00e7\u00f5es","og_url":"https:\/\/franciscanos.org.br\/vidacrista\/mensagem-do-santo-padre-para-o-46\u00ba-dia-mundial-de-oracao-pelas-vocacoes\/","og_site_name":"Vida Crist\u00e3 - Franciscanos","article_published_time":"2011-10-25T15:50:08+00:00","article_modified_time":"2021-09-02T13:49:49+00:00","og_image":[{"width":890,"height":563,"url":"https:\/\/franciscanos.org.br\/vidacrista\/wp-content\/uploads\/2011\/10\/angola_missao_mensagem_0209.jpg","type":"image\/jpeg"}],"author":"admin","twitter_card":"summary_large_image","twitter_misc":{"Escrito por":"admin","Est. tempo de leitura":"9 minutos"},"schema":{"@context":"https:\/\/schema.org","@graph":[{"@type":"WebSite","@id":"https:\/\/franciscanos.org.br\/vidacrista\/#website","url":"https:\/\/franciscanos.org.br\/vidacrista\/","name":"Vida Crist\u00e3 - Franciscanos","description":"Prov\u00edncia Franciscana da Imaculada Concei\u00e7\u00e3o do Brasil - Ordem dos Frades Menores","potentialAction":[{"@type":"SearchAction","target":{"@type":"EntryPoint","urlTemplate":"https:\/\/franciscanos.org.br\/vidacrista\/?s={search_term_string}"},"query-input":"required name=search_term_string"}],"inLanguage":"pt-BR"},{"@type":"WebPage","@id":"https:\/\/franciscanos.org.br\/vidacrista\/mensagem-do-santo-padre-para-o-46%c2%ba-dia-mundial-de-oracao-pelas-vocacoes\/","url":"https:\/\/franciscanos.org.br\/vidacrista\/mensagem-do-santo-padre-para-o-46%c2%ba-dia-mundial-de-oracao-pelas-vocacoes\/","name":"Mensagem do Papa Bento XVI para o 46\u00ba Dia Mundial de Ora\u00e7\u00e3o pelas Voca\u00e7\u00f5es - Vida Crist\u00e3 - Franciscanos","isPartOf":{"@id":"https:\/\/franciscanos.org.br\/vidacrista\/#website"},"datePublished":"2011-10-25T15:50:08+00:00","dateModified":"2021-09-02T13:49:49+00:00","author":{"@id":"https:\/\/franciscanos.org.br\/vidacrista\/#\/schema\/person\/133632ca93cec555316a35f76ab4153b"},"breadcrumb":{"@id":"https:\/\/franciscanos.org.br\/vidacrista\/mensagem-do-santo-padre-para-o-46%c2%ba-dia-mundial-de-oracao-pelas-vocacoes\/#breadcrumb"},"inLanguage":"pt-BR","potentialAction":[{"@type":"ReadAction","target":["https:\/\/franciscanos.org.br\/vidacrista\/mensagem-do-santo-padre-para-o-46%c2%ba-dia-mundial-de-oracao-pelas-vocacoes\/"]}]},{"@type":"BreadcrumbList","@id":"https:\/\/franciscanos.org.br\/vidacrista\/mensagem-do-santo-padre-para-o-46%c2%ba-dia-mundial-de-oracao-pelas-vocacoes\/#breadcrumb","itemListElement":[{"@type":"ListItem","position":1,"name":"Home","item":"https:\/\/franciscanos.org.br\/vidacrista\/"},{"@type":"ListItem","position":2,"name":"Mensagem do Papa Bento XVI para o 46\u00ba Dia Mundial de Ora\u00e7\u00e3o pelas Voca\u00e7\u00f5es"}]},{"@type":"Person","@id":"https:\/\/franciscanos.org.br\/vidacrista\/#\/schema\/person\/133632ca93cec555316a35f76ab4153b","name":"admin","image":{"@type":"ImageObject","inLanguage":"pt-BR","@id":"https:\/\/franciscanos.org.br\/vidacrista\/#\/schema\/person\/image\/","url":"https:\/\/secure.gravatar.com\/avatar\/e8495742d34d0ba6448ea1c628263b3e?s=96&d=mm&r=g","contentUrl":"https:\/\/secure.gravatar.com\/avatar\/e8495742d34d0ba6448ea1c628263b3e?s=96&d=mm&r=g","caption":"admin"},"url":"https:\/\/franciscanos.org.br\/vidacrista\/author\/admin\/"}]}},"_links":{"self":[{"href":"https:\/\/franciscanos.org.br\/vidacrista\/wp-json\/wp\/v2\/posts\/4305"}],"collection":[{"href":"https:\/\/franciscanos.org.br\/vidacrista\/wp-json\/wp\/v2\/posts"}],"about":[{"href":"https:\/\/franciscanos.org.br\/vidacrista\/wp-json\/wp\/v2\/types\/post"}],"author":[{"embeddable":true,"href":"https:\/\/franciscanos.org.br\/vidacrista\/wp-json\/wp\/v2\/users\/1"}],"replies":[{"embeddable":true,"href":"https:\/\/franciscanos.org.br\/vidacrista\/wp-json\/wp\/v2\/comments?post=4305"}],"version-history":[{"count":4,"href":"https:\/\/franciscanos.org.br\/vidacrista\/wp-json\/wp\/v2\/posts\/4305\/revisions"}],"predecessor-version":[{"id":190455,"href":"https:\/\/franciscanos.org.br\/vidacrista\/wp-json\/wp\/v2\/posts\/4305\/revisions\/190455"}],"wp:featuredmedia":[{"embeddable":true,"href":"https:\/\/franciscanos.org.br\/vidacrista\/wp-json\/wp\/v2\/media\/190454"}],"wp:attachment":[{"href":"https:\/\/franciscanos.org.br\/vidacrista\/wp-json\/wp\/v2\/media?parent=4305"}],"wp:term":[{"taxonomy":"category","embeddable":true,"href":"https:\/\/franciscanos.org.br\/vidacrista\/wp-json\/wp\/v2\/categories?post=4305"},{"taxonomy":"post_tag","embeddable":true,"href":"https:\/\/franciscanos.org.br\/vidacrista\/wp-json\/wp\/v2\/tags?post=4305"}],"curies":[{"name":"wp","href":"https:\/\/api.w.org\/{rel}","templated":true}]}}