{"id":41862,"date":"2013-09-03T03:59:08","date_gmt":"2013-09-03T06:59:08","guid":{"rendered":"http:\/\/new.franciscanos.org.br\/?p=41862"},"modified":"2019-03-01T13:20:47","modified_gmt":"2019-03-01T16:20:47","slug":"o-lado-divino-do-senhor-reflexao-de-frei-almir","status":"publish","type":"post","link":"https:\/\/franciscanos.org.br\/vidacrista\/o-lado-divino-do-senhor-reflexao-de-frei-almir\/","title":{"rendered":"&#8220;O lado divino do Senhor&#8221;"},"content":{"rendered":"<blockquote><p><i>Sobre esta \u00e1rvore o Senhor, como um valente guerreiro, ferido diante combate em suas m\u00e3os, nos p\u00e9s e em seu lado divino, curou as chagas de nossos pecados, isto \u00e9, curou a nossa natureza ferida pela serpente venenosa<\/i> (Teodoro Estudita, Liturgia das Horas\u00a0 II, p. 610)<\/p><\/blockquote>\n<p><b><a href=\"http:\/\/franciscanos.org.br\/wp-content\/uploads\/2013\/09\/cruxifixo.jpg\"><img decoding=\"async\" loading=\"lazy\" class=\"alignright size-full wp-image-44934\" src=\"http:\/\/franciscanos.org.br\/wp-content\/uploads\/2013\/09\/cruxifixo.jpg\" alt=\"Cruxifixo\" width=\"400\" height=\"438\" \/><\/a>1.<\/b> O valente guerreiro caminhou a passos decididos rumo a Jerusal\u00e9m onde haveriam de se dar os acontecimentos \u00faltimos de sua trajet\u00f3ria. Abandonado por todos, aparentemente at\u00e9 mesmo pelo pr\u00f3prio Pai,\u00a0 Jesus experimenta o frio da solid\u00e3o.\u00a0 Houve feridas em seu interior:\u00a0 a incompreens\u00e3o dos religiosos de seu povo, a indiferen\u00e7a de tantos, a nega\u00e7\u00e3o dos pr\u00f3ximos mais pr\u00f3ximos. Houve a cruz e as feridas de seus membros:\u00a0 m\u00e3os, p\u00e9s e a ferida do seu lado divino. Os m\u00edsticos sempre ficaram fascinados com essa ferida do lado divino.<\/p>\n<p><b>2.<\/b> Triste o espet\u00e1culo dos feridos, de tantos feridos. Nos campos de guerra, nos combates na grande cidade, em assaltos e\u00a0 acidentes encontramos muitos feridos. Corpos despeda\u00e7ados, sangue misturado da lama e vida se esvaindo&#8230; A dor das feridas \u00e9 indescrit\u00edvel. Aquele serzinho sonhado pelos pais, educado com amor, pessoa que foi crescendo, agora \u00e9 adulto.\u00a0 Foi ele enviado com colegas, como soldado, \u00a0para defender a p\u00e1tria em campos de guerra.\u00a0 E na vastid\u00e3o de um campo ou no meio de p\u00e2ntanos alguns morrem e muitos outros saem feridos.\u00a0 Uns sem bra\u00e7os, outros com as v\u00edsceras expostas, outros com chagas purulentas&#8230;Esses tantos feridos.<\/p>\n<p><b>3.<\/b> O filho de Maria tem seu corpo cheio de chagas.\u00a0 Sofre nas m\u00e3os e nos p\u00e9s.\u00a0 Sofre de solid\u00e3o. Teodoro Estudita (sec. IX) se extasia diante do tema da cruz, do lenho da cruz, da \u00e1rvore nova. Nela foi al\u00e7ado Jesus, \u00e1rvore que tem como fruto, o mais belo de\u00a0 todos os filhos dos homens e ao mesmo aquele mais parecia com verme. A \u00e1rvore do para\u00edso levou \u00e0 morte.\u00a0 Esta nova \u00e1rvore,\u00a0 a \u00e1rvore do homem das chagas, do valente guerreiro, \u00e9\u00a0 a \u00e1rvore da vida. \u201c\u00c9 uma \u00e1rvore que n\u00e3o\u00a0 gera a morte, mas a vida, que n\u00e3o difunde as trevas, mas a luz; que n\u00e3o expulsa do Para\u00edso, mas nele introduz.\u00a0 A esta \u00e1rvore subiu Cristo, como um rei que sobe num carro triunfal, e venceu o dem\u00f4nio, detentor\u00a0 do poder da morte, para libertar o g\u00eanero humano da escravid\u00e3o do tirano\u201d (p. 610).<\/p>\n<p><b>4.<\/b> H\u00e1 esses seres humanos\u00a0 jogados nos campos de guerra depois de uma batalha, derrotados, mortos, recolhidos para serem sepultados. Antes que ele, o mais belo de todos os filhos dos homens, desfigurado por sua paix\u00e3o, fosse tirado da cruz e levado para o sepulcro, seu lado foi aberto, sa\u00edram sangue e \u00e1gua, frutos que saboreamos na mesa da eucaristia e na piscina do batismo. Somos seres fortalecidos e criaturas l\u00edmpidas e tudo devemos ao lado divino de Jesus.<\/p>\n<p><b>5.<\/b> Na hist\u00f3ria da salva\u00e7\u00e3o muitos personagens j\u00e1 haviam prenunciado a cruz do lado aberto. No\u00e9 escapara da morte numa fr\u00e1gil arca de madeira. Mois\u00e9s destr\u00f3i as serpentes venenosas com sua vara. Abra\u00e3o prenunciou o cruz quando colocou seu filho amarrado sobre um feixe de lenha. Sobre a cruz, o lado divino de Jesus nos curou da morte e nos levou rumo \u00e0 vida:\u00a0 \u201cPela cruz a morte foi destru\u00edda e Ad\u00e3o recuperou a vida. Pela cruz todos os ap\u00f3stolos foram glorificados, todos os m\u00e1rtires coroados e\u00a0 todos os que creem, santificados.\u00a0 Pela Cruz fomos revestidos de Cristo, ao nos despojarmos do homem velho. Pela cruz, n\u00f3s ovelhas de Cristo, fomos reunidos num s\u00f3 rebanho e destinados \u00e0s moradas celestes\u201d (p. 611).<\/p>\n<p><b>6.<\/b> \u201cSenhor Jesus, vivo e ressuscitado. No mist\u00e9rio da f\u00e9, vejo uma claridade em teu lado, lado aberto e transfigurado, lado reluzente, lado do valente guerreiro que morreu de amor para o amor fosse derramado em nossos cora\u00e7\u00f5es. Tu nos deste a alegria de viver\u201d.<\/p>\n<p><strong>Frei Almir Ribeiro Guimar\u00e3es<\/strong><\/p>\n","protected":false},"excerpt":{"rendered":"<p>1\u00aa Sexta-feira do M\u00eas<\/p>\n","protected":false},"author":1,"featured_media":177999,"comment_status":"closed","ping_status":"open","sticky":false,"template":"","format":"standard","meta":{"footnotes":""},"categories":[105],"tags":[106,112],"yoast_head":"<!-- This site is optimized with the Yoast SEO plugin v19.4 - https:\/\/yoast.com\/wordpress\/plugins\/seo\/ -->\n<title>&quot;O lado divino do Senhor&quot; - Vida Crist\u00e3 - Franciscanos<\/title>\n<meta name=\"robots\" content=\"index, follow, max-snippet:-1, max-image-preview:large, max-video-preview:-1\" \/>\n<link rel=\"canonical\" href=\"https:\/\/franciscanos.org.br\/vidacrista\/o-lado-divino-do-senhor-reflexao-de-frei-almir\/\" \/>\n<meta property=\"og:locale\" content=\"pt_BR\" \/>\n<meta property=\"og:type\" content=\"article\" \/>\n<meta property=\"og:title\" content=\"&quot;O lado divino do Senhor&quot; - Vida Crist\u00e3 - Franciscanos\" \/>\n<meta property=\"og:description\" content=\"1\u00aa Sexta-feira do M\u00eas\" \/>\n<meta property=\"og:url\" content=\"https:\/\/franciscanos.org.br\/vidacrista\/o-lado-divino-do-senhor-reflexao-de-frei-almir\/\" \/>\n<meta property=\"og:site_name\" content=\"Vida Crist\u00e3 - Franciscanos\" \/>\n<meta property=\"article:published_time\" content=\"2013-09-03T06:59:08+00:00\" \/>\n<meta property=\"article:modified_time\" content=\"2019-03-01T16:20:47+00:00\" \/>\n<meta property=\"og:image\" content=\"https:\/\/franciscanos.org.br\/vidacrista\/wp-content\/uploads\/2013\/09\/cruxifixo_010319.jpg\" \/>\n\t<meta property=\"og:image:width\" content=\"273\" \/>\n\t<meta property=\"og:image:height\" content=\"181\" \/>\n\t<meta property=\"og:image:type\" content=\"image\/jpeg\" \/>\n<meta name=\"author\" content=\"admin\" \/>\n<meta name=\"twitter:card\" content=\"summary_large_image\" \/>\n<meta name=\"twitter:label1\" content=\"Escrito por\" \/>\n\t<meta name=\"twitter:data1\" content=\"admin\" \/>\n\t<meta name=\"twitter:label2\" content=\"Est. tempo de leitura\" \/>\n\t<meta name=\"twitter:data2\" content=\"3 minutos\" \/>\n<script type=\"application\/ld+json\" class=\"yoast-schema-graph\">{\"@context\":\"https:\/\/schema.org\",\"@graph\":[{\"@type\":\"WebSite\",\"@id\":\"https:\/\/franciscanos.org.br\/vidacrista\/#website\",\"url\":\"https:\/\/franciscanos.org.br\/vidacrista\/\",\"name\":\"Vida Crist\u00e3 - Franciscanos\",\"description\":\"Prov\u00edncia Franciscana da Imaculada Concei\u00e7\u00e3o do Brasil - Ordem dos Frades Menores\",\"potentialAction\":[{\"@type\":\"SearchAction\",\"target\":{\"@type\":\"EntryPoint\",\"urlTemplate\":\"https:\/\/franciscanos.org.br\/vidacrista\/?s={search_term_string}\"},\"query-input\":\"required name=search_term_string\"}],\"inLanguage\":\"pt-BR\"},{\"@type\":\"WebPage\",\"@id\":\"https:\/\/franciscanos.org.br\/vidacrista\/o-lado-divino-do-senhor-reflexao-de-frei-almir\/\",\"url\":\"https:\/\/franciscanos.org.br\/vidacrista\/o-lado-divino-do-senhor-reflexao-de-frei-almir\/\",\"name\":\"\\\"O lado divino do Senhor\\\" - Vida Crist\u00e3 - Franciscanos\",\"isPartOf\":{\"@id\":\"https:\/\/franciscanos.org.br\/vidacrista\/#website\"},\"datePublished\":\"2013-09-03T06:59:08+00:00\",\"dateModified\":\"2019-03-01T16:20:47+00:00\",\"author\":{\"@id\":\"https:\/\/franciscanos.org.br\/vidacrista\/#\/schema\/person\/133632ca93cec555316a35f76ab4153b\"},\"breadcrumb\":{\"@id\":\"https:\/\/franciscanos.org.br\/vidacrista\/o-lado-divino-do-senhor-reflexao-de-frei-almir\/#breadcrumb\"},\"inLanguage\":\"pt-BR\",\"potentialAction\":[{\"@type\":\"ReadAction\",\"target\":[\"https:\/\/franciscanos.org.br\/vidacrista\/o-lado-divino-do-senhor-reflexao-de-frei-almir\/\"]}]},{\"@type\":\"BreadcrumbList\",\"@id\":\"https:\/\/franciscanos.org.br\/vidacrista\/o-lado-divino-do-senhor-reflexao-de-frei-almir\/#breadcrumb\",\"itemListElement\":[{\"@type\":\"ListItem\",\"position\":1,\"name\":\"Home\",\"item\":\"https:\/\/franciscanos.org.br\/vidacrista\/\"},{\"@type\":\"ListItem\",\"position\":2,\"name\":\"&#8220;O lado divino do Senhor&#8221;\"}]},{\"@type\":\"Person\",\"@id\":\"https:\/\/franciscanos.org.br\/vidacrista\/#\/schema\/person\/133632ca93cec555316a35f76ab4153b\",\"name\":\"admin\",\"image\":{\"@type\":\"ImageObject\",\"inLanguage\":\"pt-BR\",\"@id\":\"https:\/\/franciscanos.org.br\/vidacrista\/#\/schema\/person\/image\/\",\"url\":\"https:\/\/secure.gravatar.com\/avatar\/e8495742d34d0ba6448ea1c628263b3e?s=96&d=mm&r=g\",\"contentUrl\":\"https:\/\/secure.gravatar.com\/avatar\/e8495742d34d0ba6448ea1c628263b3e?s=96&d=mm&r=g\",\"caption\":\"admin\"},\"url\":\"https:\/\/franciscanos.org.br\/vidacrista\/author\/admin\/\"}]}<\/script>\n<!-- \/ Yoast SEO plugin. -->","yoast_head_json":{"title":"\"O lado divino do Senhor\" - Vida Crist\u00e3 - Franciscanos","robots":{"index":"index","follow":"follow","max-snippet":"max-snippet:-1","max-image-preview":"max-image-preview:large","max-video-preview":"max-video-preview:-1"},"canonical":"https:\/\/franciscanos.org.br\/vidacrista\/o-lado-divino-do-senhor-reflexao-de-frei-almir\/","og_locale":"pt_BR","og_type":"article","og_title":"\"O lado divino do Senhor\" - Vida Crist\u00e3 - Franciscanos","og_description":"1\u00aa Sexta-feira do M\u00eas","og_url":"https:\/\/franciscanos.org.br\/vidacrista\/o-lado-divino-do-senhor-reflexao-de-frei-almir\/","og_site_name":"Vida Crist\u00e3 - Franciscanos","article_published_time":"2013-09-03T06:59:08+00:00","article_modified_time":"2019-03-01T16:20:47+00:00","og_image":[{"width":273,"height":181,"url":"https:\/\/franciscanos.org.br\/vidacrista\/wp-content\/uploads\/2013\/09\/cruxifixo_010319.jpg","type":"image\/jpeg"}],"author":"admin","twitter_card":"summary_large_image","twitter_misc":{"Escrito por":"admin","Est. tempo de leitura":"3 minutos"},"schema":{"@context":"https:\/\/schema.org","@graph":[{"@type":"WebSite","@id":"https:\/\/franciscanos.org.br\/vidacrista\/#website","url":"https:\/\/franciscanos.org.br\/vidacrista\/","name":"Vida Crist\u00e3 - Franciscanos","description":"Prov\u00edncia Franciscana da Imaculada Concei\u00e7\u00e3o do Brasil - Ordem dos Frades Menores","potentialAction":[{"@type":"SearchAction","target":{"@type":"EntryPoint","urlTemplate":"https:\/\/franciscanos.org.br\/vidacrista\/?s={search_term_string}"},"query-input":"required name=search_term_string"}],"inLanguage":"pt-BR"},{"@type":"WebPage","@id":"https:\/\/franciscanos.org.br\/vidacrista\/o-lado-divino-do-senhor-reflexao-de-frei-almir\/","url":"https:\/\/franciscanos.org.br\/vidacrista\/o-lado-divino-do-senhor-reflexao-de-frei-almir\/","name":"\"O lado divino do Senhor\" - Vida Crist\u00e3 - Franciscanos","isPartOf":{"@id":"https:\/\/franciscanos.org.br\/vidacrista\/#website"},"datePublished":"2013-09-03T06:59:08+00:00","dateModified":"2019-03-01T16:20:47+00:00","author":{"@id":"https:\/\/franciscanos.org.br\/vidacrista\/#\/schema\/person\/133632ca93cec555316a35f76ab4153b"},"breadcrumb":{"@id":"https:\/\/franciscanos.org.br\/vidacrista\/o-lado-divino-do-senhor-reflexao-de-frei-almir\/#breadcrumb"},"inLanguage":"pt-BR","potentialAction":[{"@type":"ReadAction","target":["https:\/\/franciscanos.org.br\/vidacrista\/o-lado-divino-do-senhor-reflexao-de-frei-almir\/"]}]},{"@type":"BreadcrumbList","@id":"https:\/\/franciscanos.org.br\/vidacrista\/o-lado-divino-do-senhor-reflexao-de-frei-almir\/#breadcrumb","itemListElement":[{"@type":"ListItem","position":1,"name":"Home","item":"https:\/\/franciscanos.org.br\/vidacrista\/"},{"@type":"ListItem","position":2,"name":"&#8220;O lado divino do Senhor&#8221;"}]},{"@type":"Person","@id":"https:\/\/franciscanos.org.br\/vidacrista\/#\/schema\/person\/133632ca93cec555316a35f76ab4153b","name":"admin","image":{"@type":"ImageObject","inLanguage":"pt-BR","@id":"https:\/\/franciscanos.org.br\/vidacrista\/#\/schema\/person\/image\/","url":"https:\/\/secure.gravatar.com\/avatar\/e8495742d34d0ba6448ea1c628263b3e?s=96&d=mm&r=g","contentUrl":"https:\/\/secure.gravatar.com\/avatar\/e8495742d34d0ba6448ea1c628263b3e?s=96&d=mm&r=g","caption":"admin"},"url":"https:\/\/franciscanos.org.br\/vidacrista\/author\/admin\/"}]}},"_links":{"self":[{"href":"https:\/\/franciscanos.org.br\/vidacrista\/wp-json\/wp\/v2\/posts\/41862"}],"collection":[{"href":"https:\/\/franciscanos.org.br\/vidacrista\/wp-json\/wp\/v2\/posts"}],"about":[{"href":"https:\/\/franciscanos.org.br\/vidacrista\/wp-json\/wp\/v2\/types\/post"}],"author":[{"embeddable":true,"href":"https:\/\/franciscanos.org.br\/vidacrista\/wp-json\/wp\/v2\/users\/1"}],"replies":[{"embeddable":true,"href":"https:\/\/franciscanos.org.br\/vidacrista\/wp-json\/wp\/v2\/comments?post=41862"}],"version-history":[{"count":1,"href":"https:\/\/franciscanos.org.br\/vidacrista\/wp-json\/wp\/v2\/posts\/41862\/revisions"}],"predecessor-version":[{"id":178000,"href":"https:\/\/franciscanos.org.br\/vidacrista\/wp-json\/wp\/v2\/posts\/41862\/revisions\/178000"}],"wp:featuredmedia":[{"embeddable":true,"href":"https:\/\/franciscanos.org.br\/vidacrista\/wp-json\/wp\/v2\/media\/177999"}],"wp:attachment":[{"href":"https:\/\/franciscanos.org.br\/vidacrista\/wp-json\/wp\/v2\/media?parent=41862"}],"wp:term":[{"taxonomy":"category","embeddable":true,"href":"https:\/\/franciscanos.org.br\/vidacrista\/wp-json\/wp\/v2\/categories?post=41862"},{"taxonomy":"post_tag","embeddable":true,"href":"https:\/\/franciscanos.org.br\/vidacrista\/wp-json\/wp\/v2\/tags?post=41862"}],"curies":[{"name":"wp","href":"https:\/\/api.w.org\/{rel}","templated":true}]}}