{"id":39896,"date":"2013-07-04T06:13:41","date_gmt":"2013-07-04T09:13:41","guid":{"rendered":"http:\/\/new.franciscanos.org.br\/?p=39896"},"modified":"2020-06-15T12:36:18","modified_gmt":"2020-06-15T15:36:18","slug":"o-adoravel-lado-aberto-do-senhor","status":"publish","type":"post","link":"https:\/\/franciscanos.org.br\/vidacrista\/o-adoravel-lado-aberto-do-senhor\/","title":{"rendered":"&#8220;O ador\u00e1vel lado aberto do Senhor&#8221;"},"content":{"rendered":"<blockquote><p><img decoding=\"async\" loading=\"lazy\" class=\"alignright size-full wp-image-40938\" src=\"http:\/\/franciscanos.org.br\/wp-content\/uploads\/2013\/07\/sagradocor.gif\" alt=\"sagradocor\" width=\"400\" height=\"566\" \/>Os soldados foram e quebraram as pernas de um e, depois do outro, que foram crucificados com\u00a0 Jesus. Ao se aproximarem de Jesus, e vendo que j\u00e1 estava morto, n\u00e3o lhe quebraram as pernas;\u00a0 mas um soldado abriu-lhe o lado com uma lan\u00e7a, e logo depois saiu \u00e1gua e sangue. Aquele que viu, d\u00e1 testemunho e seu testemunho \u00e9 verdadeiro; e ele sabe que fala a verdade, para que v\u00f3s tamb\u00e9m acrediteis. Isso aconteceu para que se\u00a0 cumprisse a Escritura que diz:<i> N\u00e3o quebrar\u00e3o nenhum de seus ossos.<\/i>\u00a0E outra Escritura ainda diz: <i>Olhar\u00e3o para aquele que traspassaram <\/i>\u00a0(Jo 19, 32-37).<\/p><\/blockquote>\n<p><b>1.<\/b> A cena realmente chama aten\u00e7\u00e3o. Jesus j\u00e1 estava morto, tendo exalado o \u00faltimo suspiro (Jo 19,30). Por que o interesse do evangelista em continuar a narra\u00e7\u00e3o? Jesus estava morto. Era um cad\u00e1ver a ser retirado do pat\u00edbulo. O olhar da f\u00e9, no entanto, continua sua contempla\u00e7\u00e3o e perquiri\u00e7\u00e3o. A\u00ed est\u00e1 o mist\u00e9rio do corpo de Jesus, insepar\u00e1vel de sua pessoa e de sua obra. A obra de Jesus j\u00e1 havia revelado des\u00edgnios insond\u00e1veis. Com o toque da lan\u00e7a\u00a0 haver-se-ia de descobrir a interioridade de seu corpo. Um corpo cujos ossos n\u00e3o foram quebrados, como um verdadeiro cordeiro pascal. Um corpo do qual \u00a0emana aquilo que tinha sido o motor interno de toda a sua vida:\u00a0 sangue e \u00e1gua.<\/p>\n<p><b>2. <\/b>O sangue, para a Escritura, representa a vida (cf. Gn 9,3-6). Desta maneira, o sangue de Jesus que mana do lado aberto \u00e9 sua vida\u00a0 plenamente doada at\u00e9 o final, mostrando que tudo se havia cumprido e que, desta forma, no alto da cruz, atrairia todos a si (Jo 12,32). Tamb\u00e9m brota a \u00e1gua do Esp\u00edrito que o Senhor d\u00e1 aos seus, o mais excelente de seus dons, atrav\u00e9s do qual os disc\u00edpulos continuar\u00e3o sua vida em Cristo. Na for\u00e7a do Esp\u00edrito passar\u00e3o a\u00a0 glorificar o Pai, depois do desaparecimento de Jesus. Bel\u00edssimos dons do sangue e da \u00e1gua.<\/p>\n<p><b>3. <\/b>Para captar o alcance destas imagens, importante levar em conta as duas cita\u00e7\u00f5es b\u00edblicas. A primeira alude ao Cordeiro Pascal, dando a entender que Jesus \u00e9 o verdadeiro Cordeiro Pascal, imolado, que salva os homens do pecado numa nova p\u00e1scoa. A segunda remete para Zacarias. Ao ser sido traspassado, Jesus se manifesta como verdadeiro Messias, cuja morte\u00a0 vinha j\u00e1 prefigurada em diversos textos do Novo Testamento. A figura do Messias aproxima-se daquela do Servo de Jav\u00e9\u00a0 que, entregando sua vida a Deus, manifesta e revela o Amor de Deus. Por meio de Cristo, mediador, esse amor se derrama sobre o povo. Esse Jesus que se acerca de Deus passa\u00a0 pelo momento da entrega sacrifical da vida. Paradoxalmente de sua morte brota a vida, pela efus\u00e3o do Esp\u00edrito que mana do cora\u00e7\u00e3o dilacerado.<\/p>\n<p><b>4. <\/b>O vers\u00edculo 37 transcreve Zacarias 12,10.\u00a0 Trata-se de\u00a0 um olhar de f\u00e9.\u00a0 Esse olhar alimenta a f\u00e9. Olhar que contempla\u00a0 o mist\u00e9rio do amor e da reden\u00e7\u00e3o. Olhando, reconhecemos o amor que verte sangue. Pode-se considerar a f\u00e9 como um saber olhar. Bento XVI, na mensagem da quaresma de 2007, intitulada \u00a0\u00abH\u00e3o-de olhar para aquele que trespassaram\u00bb, escreve:\u00a0 \u201cNa cruz, \u00a0o pr\u00f3prio\u00a0 Deus mendiga o amor de sua criatura.\u00a0 Tem sede do amor de cada um de n\u00f3s\u201d.<\/p>\n<p><b>5. <\/b>A Escritura,\u00a0 de modo especial\u00a0 o evangelho de Jo\u00e3o, \u00a0se refere\u00a0 de modo bastante claro\u00a0 ao cora\u00e7\u00e3o de Jesus\u00a0 como fonte de \u00e1guas vivas.\u00a0 Estas fontes simbolizam o Esp\u00edrito Santo\u00a0 que se derrama no cora\u00e7\u00e3o dos fi\u00e9is.\u00a0 As \u00e1guas brotam do interior de\u00a0 Jesus, do centro de sua vida, de seu cora\u00e7\u00e3o.<\/p>\n<p><b>6.<\/b> \u201cCora\u00e7\u00e3o\u201d\u00a0 \u00e9 uma palavra primordial\u00a0 em muitas culturas. Alguns a designam de \u201cproto-palavra\u201d, que nos coloca diante do fundamental, do b\u00e1sico e fundamental, do origin\u00e1rio e profundo\u00a0 nunca penetr\u00e1vel pelo racioc\u00ednio. O cora\u00e7\u00e3o descreve a pessoa em seu conjunto, em sua verdade e autenticidade.\u00a0 Muitas vezes, o cora\u00e7\u00e3o se\u00a0 situa no relacionamento com Deus.\u00a0 Deus conhece e perscruta o cora\u00e7\u00e3o humano (cf. Jr 17,10).<\/p>\n<p><strong>Obs.:<\/strong>\u00a0 Esta reflex\u00e3o se inspirou em\u00a0 <em>El coraz\u00f3n de Jes\u00fas; manantial\u00a0 que sacia la sed<\/em>,\u00a0 Gabino Ur\u00edbarri, SJ,\u00a0 \u00a0in Sal Terrae\u00a0 965\u00a0 (2008), p. 507-509.<\/p>\n<p><strong>Frei Almir Ribeiro Guimar\u00e3es<\/strong><\/p>\n","protected":false},"excerpt":{"rendered":"<p>Reflex\u00e3o de Frei Almir Ribeiro Guimar\u00e3es<\/p>\n","protected":false},"author":1,"featured_media":185678,"comment_status":"closed","ping_status":"open","sticky":false,"template":"","format":"standard","meta":{"footnotes":""},"categories":[105],"tags":[106,112],"yoast_head":"<!-- This site is optimized with the Yoast SEO plugin v19.4 - https:\/\/yoast.com\/wordpress\/plugins\/seo\/ -->\n<title>&quot;O ador\u00e1vel lado aberto do Senhor&quot; - Vida Crist\u00e3 - Franciscanos<\/title>\n<meta name=\"robots\" content=\"index, follow, max-snippet:-1, max-image-preview:large, max-video-preview:-1\" \/>\n<link rel=\"canonical\" href=\"https:\/\/franciscanos.org.br\/vidacrista\/o-adoravel-lado-aberto-do-senhor\/\" \/>\n<meta property=\"og:locale\" content=\"pt_BR\" \/>\n<meta property=\"og:type\" content=\"article\" \/>\n<meta property=\"og:title\" content=\"&quot;O ador\u00e1vel lado aberto do Senhor&quot; - Vida Crist\u00e3 - Franciscanos\" \/>\n<meta property=\"og:description\" content=\"Reflex\u00e3o de Frei Almir Ribeiro Guimar\u00e3es\" \/>\n<meta property=\"og:url\" content=\"https:\/\/franciscanos.org.br\/vidacrista\/o-adoravel-lado-aberto-do-senhor\/\" \/>\n<meta property=\"og:site_name\" content=\"Vida Crist\u00e3 - Franciscanos\" \/>\n<meta property=\"article:published_time\" content=\"2013-07-04T09:13:41+00:00\" \/>\n<meta property=\"article:modified_time\" content=\"2020-06-15T15:36:18+00:00\" \/>\n<meta property=\"og:image\" content=\"https:\/\/franciscanos.org.br\/vidacrista\/wp-content\/uploads\/2013\/07\/sagradocor.gif\" \/>\n\t<meta property=\"og:image:width\" content=\"800\" \/>\n\t<meta property=\"og:image:height\" content=\"599\" \/>\n\t<meta property=\"og:image:type\" content=\"image\/gif\" \/>\n<meta name=\"author\" content=\"admin\" \/>\n<meta name=\"twitter:card\" content=\"summary_large_image\" \/>\n<meta name=\"twitter:label1\" content=\"Escrito por\" \/>\n\t<meta name=\"twitter:data1\" content=\"admin\" \/>\n\t<meta name=\"twitter:label2\" content=\"Est. tempo de leitura\" \/>\n\t<meta name=\"twitter:data2\" content=\"4 minutos\" \/>\n<script type=\"application\/ld+json\" class=\"yoast-schema-graph\">{\"@context\":\"https:\/\/schema.org\",\"@graph\":[{\"@type\":\"WebSite\",\"@id\":\"https:\/\/franciscanos.org.br\/vidacrista\/#website\",\"url\":\"https:\/\/franciscanos.org.br\/vidacrista\/\",\"name\":\"Vida Crist\u00e3 - Franciscanos\",\"description\":\"Prov\u00edncia Franciscana da Imaculada Concei\u00e7\u00e3o do Brasil - Ordem dos Frades Menores\",\"potentialAction\":[{\"@type\":\"SearchAction\",\"target\":{\"@type\":\"EntryPoint\",\"urlTemplate\":\"https:\/\/franciscanos.org.br\/vidacrista\/?s={search_term_string}\"},\"query-input\":\"required name=search_term_string\"}],\"inLanguage\":\"pt-BR\"},{\"@type\":\"WebPage\",\"@id\":\"https:\/\/franciscanos.org.br\/vidacrista\/o-adoravel-lado-aberto-do-senhor\/\",\"url\":\"https:\/\/franciscanos.org.br\/vidacrista\/o-adoravel-lado-aberto-do-senhor\/\",\"name\":\"\\\"O ador\u00e1vel lado aberto do Senhor\\\" - Vida Crist\u00e3 - Franciscanos\",\"isPartOf\":{\"@id\":\"https:\/\/franciscanos.org.br\/vidacrista\/#website\"},\"datePublished\":\"2013-07-04T09:13:41+00:00\",\"dateModified\":\"2020-06-15T15:36:18+00:00\",\"author\":{\"@id\":\"https:\/\/franciscanos.org.br\/vidacrista\/#\/schema\/person\/133632ca93cec555316a35f76ab4153b\"},\"breadcrumb\":{\"@id\":\"https:\/\/franciscanos.org.br\/vidacrista\/o-adoravel-lado-aberto-do-senhor\/#breadcrumb\"},\"inLanguage\":\"pt-BR\",\"potentialAction\":[{\"@type\":\"ReadAction\",\"target\":[\"https:\/\/franciscanos.org.br\/vidacrista\/o-adoravel-lado-aberto-do-senhor\/\"]}]},{\"@type\":\"BreadcrumbList\",\"@id\":\"https:\/\/franciscanos.org.br\/vidacrista\/o-adoravel-lado-aberto-do-senhor\/#breadcrumb\",\"itemListElement\":[{\"@type\":\"ListItem\",\"position\":1,\"name\":\"Home\",\"item\":\"https:\/\/franciscanos.org.br\/vidacrista\/\"},{\"@type\":\"ListItem\",\"position\":2,\"name\":\"&#8220;O ador\u00e1vel lado aberto do Senhor&#8221;\"}]},{\"@type\":\"Person\",\"@id\":\"https:\/\/franciscanos.org.br\/vidacrista\/#\/schema\/person\/133632ca93cec555316a35f76ab4153b\",\"name\":\"admin\",\"image\":{\"@type\":\"ImageObject\",\"inLanguage\":\"pt-BR\",\"@id\":\"https:\/\/franciscanos.org.br\/vidacrista\/#\/schema\/person\/image\/\",\"url\":\"https:\/\/secure.gravatar.com\/avatar\/e8495742d34d0ba6448ea1c628263b3e?s=96&d=mm&r=g\",\"contentUrl\":\"https:\/\/secure.gravatar.com\/avatar\/e8495742d34d0ba6448ea1c628263b3e?s=96&d=mm&r=g\",\"caption\":\"admin\"},\"url\":\"https:\/\/franciscanos.org.br\/vidacrista\/author\/admin\/\"}]}<\/script>\n<!-- \/ Yoast SEO plugin. -->","yoast_head_json":{"title":"\"O ador\u00e1vel lado aberto do Senhor\" - Vida Crist\u00e3 - Franciscanos","robots":{"index":"index","follow":"follow","max-snippet":"max-snippet:-1","max-image-preview":"max-image-preview:large","max-video-preview":"max-video-preview:-1"},"canonical":"https:\/\/franciscanos.org.br\/vidacrista\/o-adoravel-lado-aberto-do-senhor\/","og_locale":"pt_BR","og_type":"article","og_title":"\"O ador\u00e1vel lado aberto do Senhor\" - Vida Crist\u00e3 - Franciscanos","og_description":"Reflex\u00e3o de Frei Almir Ribeiro Guimar\u00e3es","og_url":"https:\/\/franciscanos.org.br\/vidacrista\/o-adoravel-lado-aberto-do-senhor\/","og_site_name":"Vida Crist\u00e3 - Franciscanos","article_published_time":"2013-07-04T09:13:41+00:00","article_modified_time":"2020-06-15T15:36:18+00:00","og_image":[{"width":800,"height":599,"url":"https:\/\/franciscanos.org.br\/vidacrista\/wp-content\/uploads\/2013\/07\/sagradocor.gif","type":"image\/gif"}],"author":"admin","twitter_card":"summary_large_image","twitter_misc":{"Escrito por":"admin","Est. tempo de leitura":"4 minutos"},"schema":{"@context":"https:\/\/schema.org","@graph":[{"@type":"WebSite","@id":"https:\/\/franciscanos.org.br\/vidacrista\/#website","url":"https:\/\/franciscanos.org.br\/vidacrista\/","name":"Vida Crist\u00e3 - Franciscanos","description":"Prov\u00edncia Franciscana da Imaculada Concei\u00e7\u00e3o do Brasil - Ordem dos Frades Menores","potentialAction":[{"@type":"SearchAction","target":{"@type":"EntryPoint","urlTemplate":"https:\/\/franciscanos.org.br\/vidacrista\/?s={search_term_string}"},"query-input":"required name=search_term_string"}],"inLanguage":"pt-BR"},{"@type":"WebPage","@id":"https:\/\/franciscanos.org.br\/vidacrista\/o-adoravel-lado-aberto-do-senhor\/","url":"https:\/\/franciscanos.org.br\/vidacrista\/o-adoravel-lado-aberto-do-senhor\/","name":"\"O ador\u00e1vel lado aberto do Senhor\" - Vida Crist\u00e3 - Franciscanos","isPartOf":{"@id":"https:\/\/franciscanos.org.br\/vidacrista\/#website"},"datePublished":"2013-07-04T09:13:41+00:00","dateModified":"2020-06-15T15:36:18+00:00","author":{"@id":"https:\/\/franciscanos.org.br\/vidacrista\/#\/schema\/person\/133632ca93cec555316a35f76ab4153b"},"breadcrumb":{"@id":"https:\/\/franciscanos.org.br\/vidacrista\/o-adoravel-lado-aberto-do-senhor\/#breadcrumb"},"inLanguage":"pt-BR","potentialAction":[{"@type":"ReadAction","target":["https:\/\/franciscanos.org.br\/vidacrista\/o-adoravel-lado-aberto-do-senhor\/"]}]},{"@type":"BreadcrumbList","@id":"https:\/\/franciscanos.org.br\/vidacrista\/o-adoravel-lado-aberto-do-senhor\/#breadcrumb","itemListElement":[{"@type":"ListItem","position":1,"name":"Home","item":"https:\/\/franciscanos.org.br\/vidacrista\/"},{"@type":"ListItem","position":2,"name":"&#8220;O ador\u00e1vel lado aberto do Senhor&#8221;"}]},{"@type":"Person","@id":"https:\/\/franciscanos.org.br\/vidacrista\/#\/schema\/person\/133632ca93cec555316a35f76ab4153b","name":"admin","image":{"@type":"ImageObject","inLanguage":"pt-BR","@id":"https:\/\/franciscanos.org.br\/vidacrista\/#\/schema\/person\/image\/","url":"https:\/\/secure.gravatar.com\/avatar\/e8495742d34d0ba6448ea1c628263b3e?s=96&d=mm&r=g","contentUrl":"https:\/\/secure.gravatar.com\/avatar\/e8495742d34d0ba6448ea1c628263b3e?s=96&d=mm&r=g","caption":"admin"},"url":"https:\/\/franciscanos.org.br\/vidacrista\/author\/admin\/"}]}},"_links":{"self":[{"href":"https:\/\/franciscanos.org.br\/vidacrista\/wp-json\/wp\/v2\/posts\/39896"}],"collection":[{"href":"https:\/\/franciscanos.org.br\/vidacrista\/wp-json\/wp\/v2\/posts"}],"about":[{"href":"https:\/\/franciscanos.org.br\/vidacrista\/wp-json\/wp\/v2\/types\/post"}],"author":[{"embeddable":true,"href":"https:\/\/franciscanos.org.br\/vidacrista\/wp-json\/wp\/v2\/users\/1"}],"replies":[{"embeddable":true,"href":"https:\/\/franciscanos.org.br\/vidacrista\/wp-json\/wp\/v2\/comments?post=39896"}],"version-history":[{"count":2,"href":"https:\/\/franciscanos.org.br\/vidacrista\/wp-json\/wp\/v2\/posts\/39896\/revisions"}],"predecessor-version":[{"id":185679,"href":"https:\/\/franciscanos.org.br\/vidacrista\/wp-json\/wp\/v2\/posts\/39896\/revisions\/185679"}],"wp:featuredmedia":[{"embeddable":true,"href":"https:\/\/franciscanos.org.br\/vidacrista\/wp-json\/wp\/v2\/media\/185678"}],"wp:attachment":[{"href":"https:\/\/franciscanos.org.br\/vidacrista\/wp-json\/wp\/v2\/media?parent=39896"}],"wp:term":[{"taxonomy":"category","embeddable":true,"href":"https:\/\/franciscanos.org.br\/vidacrista\/wp-json\/wp\/v2\/categories?post=39896"},{"taxonomy":"post_tag","embeddable":true,"href":"https:\/\/franciscanos.org.br\/vidacrista\/wp-json\/wp\/v2\/tags?post=39896"}],"curies":[{"name":"wp","href":"https:\/\/api.w.org\/{rel}","templated":true}]}}