{"id":39775,"date":"2013-06-06T07:28:37","date_gmt":"2013-06-06T10:28:37","guid":{"rendered":"http:\/\/new.franciscanos.org.br\/?p=39775"},"modified":"2020-07-09T11:43:33","modified_gmt":"2020-07-09T14:43:33","slug":"ser-radicalmente-pobre-para-ser-plenamente-irmao-de-leonardo-boff","status":"publish","type":"post","link":"https:\/\/franciscanos.org.br\/vidacrista\/ser-radicalmente-pobre-para-ser-plenamente-irmao-de-leonardo-boff\/","title":{"rendered":"Ser radicalmente pobre para ser plenamente irm\u00e3o"},"content":{"rendered":"<p><strong><a href=\"http:\/\/franciscanos.org.br\/wp-content\/uploads\/2013\/06\/fracico_xto.jpg\"><img decoding=\"async\" loading=\"lazy\" class=\"alignright size-full wp-image-39777\" src=\"http:\/\/franciscanos.org.br\/wp-content\/uploads\/2013\/06\/fracico_xto.jpg\" alt=\"fracico_xto\" width=\"500\" height=\"634\" \/><\/a>Leonardo Boff (*)<\/strong><\/p>\n<p>Uma\u00a0\u00a0das primeiras palavras do Papa Francisco foi: \u201cgostaria de uma Igreja pobre para os pobres\u201d. Este desiderato est\u00e1 na linha do esp\u00edrito de S\u00e3o Francisco, chamado de\u00a0<i>Poverello<\/i>, o Pobrezinho de Assis. Ele n\u00e3o pretendeu gestar uma Igreja pobre para os pobres, pois isso seria irrealiz\u00e1vel dentro do regime de cristandade, onde a Igreja detinha todo o poder. Mas criou ao seu redor um movimento e uma comunidade de pobres com os pobres e como os pobres.<\/p>\n<p>Em termos de extra\u00e7\u00e3o de classe, Francisco pertencia \u00e0 afluente burguesia local. Seu pai era um rico mercador de tecidos. Como jovem liderava um grupo de amigos bo\u00eamios &#8211;\u00a0<i>jeunesse dor\u00e9e &#8211;<\/i>\u00a0que viviam em festas e cantando os jograis do Sul da Fran\u00e7a. J\u00e1 adulto, passou por uma forte crise existencial. De dentro desta crise irrompeu nele uma inexplic\u00e1vel miseric\u00f3rdia e amor pelos pobres,\u00a0\u00a0especialmente, pelos hansenianos, incomunic\u00e1veis, fora da cidade. Largou a fam\u00edlia e os neg\u00f3cios, assumiu a radical pobreza evang\u00e9lica e foi morar com os hansenianos. O Jesus pobre e crucificado e os pobres reais foram os m\u00f3veis de sua mudan\u00e7a de vida. Passou dois anos em ora\u00e7\u00f5es e penit\u00eancias, at\u00e9 que interiormente ouviu um chamado do Crucificado: \u201cFrancisco, vai e reconstr\u00f3i a minha Igreja que est\u00e1 em ruinas\u201d.<\/p>\n<p>Custou a entender que n\u00e3o se tratava de algo material, mas de uma miss\u00e3o espiritual. Saiu pelos caminhos pregando nos burgos o evangelho em l\u00edngua popular. Mas o faz com tanta jovialidade, \u201cgrazie\u201d e\u00a0for\u00e7a de convencimento que fascinou alguns de seus antigos companheiros. Em 1209 conseguiu do Papa Inoc\u00eancio III a aprova\u00e7\u00e3o de sua \u201cloucura\u201d evang\u00e9lica. Come\u00e7ou o movimento franciscano que em menos de vinte anos\u00a0chegou a mais de cinco mil seguidores.<\/p>\n<p>Quatro eixos estruturam o movimento: o amor apaixonado ao Cristo crucificado, o amor terno e fra-terno para com os pobres, a \u201csenhora dama\u201d pobreza, a genu\u00edna simplicidade e a grande humildade.<\/p>\n<p>Deixando de lado os outros eixos, tentemos compreender como Francisco via e convivia com os pobres. Nada fez\u00a0<i>para\u00a0<\/i>os pobres (algum lazareto ou obra assistencial); muito fez\u00a0<i>com\u00a0<\/i>os pobres, pois os inclu\u00eda na prega\u00e7\u00e3o do evangelho e onde podia estava junto deles; mas fez mais: viveu\u00a0<i>como\u00a0<\/i>os pobres. Assumiu sua vida, seus costumes, beijava-os, limpava suas feridas e comia com eles. Fez-se um pobre entre os pobres. E se encontrasse algu\u00e9m mais pobre que ele, dava-lhe parte de sua roupa para ser realmente o mais pobre dos pobres.<\/p>\n<p>A pobreza n\u00e3o consiste em n\u00e3o ter, mas na capacidade de dar e mais uma vez dar at\u00e9 se expropriar de tudo. N\u00e3o \u00e9 um caminho asc\u00e9tico. Mas a media\u00e7\u00e3o para uma excel\u00eancia incompar\u00e1vel: a identifica\u00e7\u00e3o com o Cristo pobre e com os pobres com os quais estabeleceu uma rela\u00e7\u00e3o de fraternidade.<\/p>\n<p>Francisco havia intu\u00eddo que as posses se colocam entre as pessoas, impedindo o olho no olho e o cora\u00e7\u00e3o com o cora\u00e7\u00e3o. S\u00e3o os interesses, o que fica entre (<i>inter-esse<\/i>) as pessoas, que criam obst\u00e1culos \u00e0 fraternidade. A pobreza \u00e9 o permanente esfor\u00e7o de remover as posses e interesses de qualquer tipo\u00a0para que da\u00ed resulte a verdadeira fraternidade. Ser radicalmente pobre para poder ser plenamente irm\u00e3o: este \u00e9 o projeto de Francisco; da\u00ed a import\u00e2ncia da radical pobreza.<\/p>\n<p>Convenhamos que a pobreza assim extrema era pesada e dura. Ningu\u00e9m vive s\u00f3 de m\u00edstica. A exist\u00eancia no corpo e no mundo coloca exig\u00eancias que n\u00e3o podem ser contrafeitas. Como humanizar esta desumaniza\u00e7\u00e3o real que comporta este tipo de pobreza? As fontes da \u00e9poca testemunham que os frades pareciam \u201c<i>silvestres homines<\/i>\u00a0(uns selvagens) que comem pouqu\u00edssimo, andam descal\u00e7os e se vestem com as piores roupas\u201d. Mas, por espanto dizem, nunca perdem a alegria e o bom humor.<\/p>\n<p>\u00c9 neste contexto de extrema pobreza que Francisco valoriza a fraternidade. A pobreza de cada um \u00e9 um desafio para o outro cuidar dele e o buscar, pela esmola ou pelo trabalho, o m\u00ednimo necess\u00e1rio, dar-lhe abrigo e seguran\u00e7a. Com isso o\u00a0<i>ter\u00a0<\/i>\u00e9 desbancado em sua pretens\u00e3o de conferir seguran\u00e7a e humaniza\u00e7\u00e3o. Francisco quer\u00a0que cada frade cumpra a miss\u00e3o de m\u00e3e para com o outro, pois as m\u00e3es sabem cuidar, especialmente, dos doentes. S\u00f3 o cuidado rec\u00edproco humaniza a exist\u00eancia como bem o mostrou M. Heidegger em seu\u00a0<i>Ser e Tempo<\/i>.<\/p>\n<p>Para quem vivia totalmente desprotegido, a fraternidade significava efetivamente tudo. O bi\u00f3grafo Tom\u00e1s de Celano descreve a jovialidade e alegria no meio da rude pobreza. Assinala: \u201ccheios de saudade\u00a0procuravam encontrar-se; felizes eram quando podiam estar juntos; a separa\u00e7\u00e3o era dolorosa, amarga a partida, triste a separa\u00e7\u00e3o\u201d. O despojamento total os abria para o desfrute das belezas do mundo, pois n\u00e3o as queriam possuir, apenas saborear.<\/p>\n<p>S\u00e3o muitas as li\u00e7\u00f5es que se poderiam tirar desta aventura espiritual. Fiquemos apenas numa: para Francisco as rela\u00e7\u00f5es humanas devem se construir sempre a partir dos que n\u00e3o s\u00e3o e n\u00e3o tem na vis\u00e3o dos poderosos. Devem ser abra\u00e7ados como irm\u00e3os. S\u00f3 uma fraternidade que vem de baixo e que a partir da\u00ed engloba os demais, \u00e9 verdadeiramente humana e tem sustentabilidade. A Igreja, como a temos hoje, nunca ser\u00e1\u00a0<i>como\u00a0<\/i>os pobres. Mas pode ser\u00a0<i>para<\/i>\u00a0e\u00a0<i>com\u00a0<\/i>os pobres como o sonha o Papa Francisco.<\/p>\n<hr \/>\n<p><strong>(*) Leonardo Boff <\/strong><em>\u00e9 autor de \u201cS\u00e3o Francisco de Assis: ternura e vigor\u201d, da Editora Vozes 1999.<\/em><\/p>\n","protected":false},"excerpt":{"rendered":"<p>Artigo de Leonardo Boff<\/p>\n","protected":false},"author":1,"featured_media":185534,"comment_status":"closed","ping_status":"open","sticky":false,"template":"","format":"standard","meta":{"footnotes":""},"categories":[26],"tags":[59],"yoast_head":"<!-- This site is optimized with the Yoast SEO plugin v19.4 - https:\/\/yoast.com\/wordpress\/plugins\/seo\/ -->\n<title>Ser radicalmente pobre para ser plenamente irm\u00e3o - Vida Crist\u00e3 - Franciscanos<\/title>\n<meta name=\"robots\" content=\"index, follow, max-snippet:-1, max-image-preview:large, max-video-preview:-1\" \/>\n<link rel=\"canonical\" href=\"https:\/\/franciscanos.org.br\/vidacrista\/ser-radicalmente-pobre-para-ser-plenamente-irmao-de-leonardo-boff\/\" \/>\n<meta property=\"og:locale\" content=\"pt_BR\" \/>\n<meta property=\"og:type\" content=\"article\" \/>\n<meta property=\"og:title\" content=\"Ser radicalmente pobre para ser plenamente irm\u00e3o - Vida Crist\u00e3 - Franciscanos\" \/>\n<meta property=\"og:description\" content=\"Artigo de Leonardo Boff\" \/>\n<meta property=\"og:url\" content=\"https:\/\/franciscanos.org.br\/vidacrista\/ser-radicalmente-pobre-para-ser-plenamente-irmao-de-leonardo-boff\/\" \/>\n<meta property=\"og:site_name\" content=\"Vida Crist\u00e3 - Franciscanos\" \/>\n<meta property=\"article:published_time\" content=\"2013-06-06T10:28:37+00:00\" \/>\n<meta property=\"article:modified_time\" content=\"2020-07-09T14:43:33+00:00\" \/>\n<meta property=\"og:image\" content=\"https:\/\/franciscanos.org.br\/vidacrista\/wp-content\/uploads\/2013\/06\/fracico_xto.jpg\" \/>\n\t<meta property=\"og:image:width\" content=\"800\" \/>\n\t<meta property=\"og:image:height\" content=\"600\" \/>\n\t<meta property=\"og:image:type\" content=\"image\/jpeg\" \/>\n<meta name=\"author\" content=\"admin\" \/>\n<meta name=\"twitter:card\" content=\"summary_large_image\" \/>\n<meta name=\"twitter:label1\" content=\"Escrito por\" \/>\n\t<meta name=\"twitter:data1\" content=\"admin\" \/>\n\t<meta name=\"twitter:label2\" content=\"Est. tempo de leitura\" \/>\n\t<meta name=\"twitter:data2\" content=\"5 minutos\" \/>\n<script type=\"application\/ld+json\" class=\"yoast-schema-graph\">{\"@context\":\"https:\/\/schema.org\",\"@graph\":[{\"@type\":\"WebSite\",\"@id\":\"https:\/\/franciscanos.org.br\/vidacrista\/#website\",\"url\":\"https:\/\/franciscanos.org.br\/vidacrista\/\",\"name\":\"Vida Crist\u00e3 - Franciscanos\",\"description\":\"Prov\u00edncia Franciscana da Imaculada Concei\u00e7\u00e3o do Brasil - Ordem dos Frades Menores\",\"potentialAction\":[{\"@type\":\"SearchAction\",\"target\":{\"@type\":\"EntryPoint\",\"urlTemplate\":\"https:\/\/franciscanos.org.br\/vidacrista\/?s={search_term_string}\"},\"query-input\":\"required name=search_term_string\"}],\"inLanguage\":\"pt-BR\"},{\"@type\":\"WebPage\",\"@id\":\"https:\/\/franciscanos.org.br\/vidacrista\/ser-radicalmente-pobre-para-ser-plenamente-irmao-de-leonardo-boff\/\",\"url\":\"https:\/\/franciscanos.org.br\/vidacrista\/ser-radicalmente-pobre-para-ser-plenamente-irmao-de-leonardo-boff\/\",\"name\":\"Ser radicalmente pobre para ser plenamente irm\u00e3o - Vida Crist\u00e3 - Franciscanos\",\"isPartOf\":{\"@id\":\"https:\/\/franciscanos.org.br\/vidacrista\/#website\"},\"datePublished\":\"2013-06-06T10:28:37+00:00\",\"dateModified\":\"2020-07-09T14:43:33+00:00\",\"author\":{\"@id\":\"https:\/\/franciscanos.org.br\/vidacrista\/#\/schema\/person\/133632ca93cec555316a35f76ab4153b\"},\"breadcrumb\":{\"@id\":\"https:\/\/franciscanos.org.br\/vidacrista\/ser-radicalmente-pobre-para-ser-plenamente-irmao-de-leonardo-boff\/#breadcrumb\"},\"inLanguage\":\"pt-BR\",\"potentialAction\":[{\"@type\":\"ReadAction\",\"target\":[\"https:\/\/franciscanos.org.br\/vidacrista\/ser-radicalmente-pobre-para-ser-plenamente-irmao-de-leonardo-boff\/\"]}]},{\"@type\":\"BreadcrumbList\",\"@id\":\"https:\/\/franciscanos.org.br\/vidacrista\/ser-radicalmente-pobre-para-ser-plenamente-irmao-de-leonardo-boff\/#breadcrumb\",\"itemListElement\":[{\"@type\":\"ListItem\",\"position\":1,\"name\":\"Home\",\"item\":\"https:\/\/franciscanos.org.br\/vidacrista\/\"},{\"@type\":\"ListItem\",\"position\":2,\"name\":\"Ser radicalmente pobre para ser plenamente irm\u00e3o\"}]},{\"@type\":\"Person\",\"@id\":\"https:\/\/franciscanos.org.br\/vidacrista\/#\/schema\/person\/133632ca93cec555316a35f76ab4153b\",\"name\":\"admin\",\"image\":{\"@type\":\"ImageObject\",\"inLanguage\":\"pt-BR\",\"@id\":\"https:\/\/franciscanos.org.br\/vidacrista\/#\/schema\/person\/image\/\",\"url\":\"https:\/\/secure.gravatar.com\/avatar\/e8495742d34d0ba6448ea1c628263b3e?s=96&d=mm&r=g\",\"contentUrl\":\"https:\/\/secure.gravatar.com\/avatar\/e8495742d34d0ba6448ea1c628263b3e?s=96&d=mm&r=g\",\"caption\":\"admin\"},\"url\":\"https:\/\/franciscanos.org.br\/vidacrista\/author\/admin\/\"}]}<\/script>\n<!-- \/ Yoast SEO plugin. -->","yoast_head_json":{"title":"Ser radicalmente pobre para ser plenamente irm\u00e3o - Vida Crist\u00e3 - Franciscanos","robots":{"index":"index","follow":"follow","max-snippet":"max-snippet:-1","max-image-preview":"max-image-preview:large","max-video-preview":"max-video-preview:-1"},"canonical":"https:\/\/franciscanos.org.br\/vidacrista\/ser-radicalmente-pobre-para-ser-plenamente-irmao-de-leonardo-boff\/","og_locale":"pt_BR","og_type":"article","og_title":"Ser radicalmente pobre para ser plenamente irm\u00e3o - Vida Crist\u00e3 - Franciscanos","og_description":"Artigo de Leonardo Boff","og_url":"https:\/\/franciscanos.org.br\/vidacrista\/ser-radicalmente-pobre-para-ser-plenamente-irmao-de-leonardo-boff\/","og_site_name":"Vida Crist\u00e3 - Franciscanos","article_published_time":"2013-06-06T10:28:37+00:00","article_modified_time":"2020-07-09T14:43:33+00:00","og_image":[{"width":800,"height":600,"url":"https:\/\/franciscanos.org.br\/vidacrista\/wp-content\/uploads\/2013\/06\/fracico_xto.jpg","type":"image\/jpeg"}],"author":"admin","twitter_card":"summary_large_image","twitter_misc":{"Escrito por":"admin","Est. tempo de leitura":"5 minutos"},"schema":{"@context":"https:\/\/schema.org","@graph":[{"@type":"WebSite","@id":"https:\/\/franciscanos.org.br\/vidacrista\/#website","url":"https:\/\/franciscanos.org.br\/vidacrista\/","name":"Vida Crist\u00e3 - Franciscanos","description":"Prov\u00edncia Franciscana da Imaculada Concei\u00e7\u00e3o do Brasil - Ordem dos Frades Menores","potentialAction":[{"@type":"SearchAction","target":{"@type":"EntryPoint","urlTemplate":"https:\/\/franciscanos.org.br\/vidacrista\/?s={search_term_string}"},"query-input":"required name=search_term_string"}],"inLanguage":"pt-BR"},{"@type":"WebPage","@id":"https:\/\/franciscanos.org.br\/vidacrista\/ser-radicalmente-pobre-para-ser-plenamente-irmao-de-leonardo-boff\/","url":"https:\/\/franciscanos.org.br\/vidacrista\/ser-radicalmente-pobre-para-ser-plenamente-irmao-de-leonardo-boff\/","name":"Ser radicalmente pobre para ser plenamente irm\u00e3o - Vida Crist\u00e3 - Franciscanos","isPartOf":{"@id":"https:\/\/franciscanos.org.br\/vidacrista\/#website"},"datePublished":"2013-06-06T10:28:37+00:00","dateModified":"2020-07-09T14:43:33+00:00","author":{"@id":"https:\/\/franciscanos.org.br\/vidacrista\/#\/schema\/person\/133632ca93cec555316a35f76ab4153b"},"breadcrumb":{"@id":"https:\/\/franciscanos.org.br\/vidacrista\/ser-radicalmente-pobre-para-ser-plenamente-irmao-de-leonardo-boff\/#breadcrumb"},"inLanguage":"pt-BR","potentialAction":[{"@type":"ReadAction","target":["https:\/\/franciscanos.org.br\/vidacrista\/ser-radicalmente-pobre-para-ser-plenamente-irmao-de-leonardo-boff\/"]}]},{"@type":"BreadcrumbList","@id":"https:\/\/franciscanos.org.br\/vidacrista\/ser-radicalmente-pobre-para-ser-plenamente-irmao-de-leonardo-boff\/#breadcrumb","itemListElement":[{"@type":"ListItem","position":1,"name":"Home","item":"https:\/\/franciscanos.org.br\/vidacrista\/"},{"@type":"ListItem","position":2,"name":"Ser radicalmente pobre para ser plenamente irm\u00e3o"}]},{"@type":"Person","@id":"https:\/\/franciscanos.org.br\/vidacrista\/#\/schema\/person\/133632ca93cec555316a35f76ab4153b","name":"admin","image":{"@type":"ImageObject","inLanguage":"pt-BR","@id":"https:\/\/franciscanos.org.br\/vidacrista\/#\/schema\/person\/image\/","url":"https:\/\/secure.gravatar.com\/avatar\/e8495742d34d0ba6448ea1c628263b3e?s=96&d=mm&r=g","contentUrl":"https:\/\/secure.gravatar.com\/avatar\/e8495742d34d0ba6448ea1c628263b3e?s=96&d=mm&r=g","caption":"admin"},"url":"https:\/\/franciscanos.org.br\/vidacrista\/author\/admin\/"}]}},"_links":{"self":[{"href":"https:\/\/franciscanos.org.br\/vidacrista\/wp-json\/wp\/v2\/posts\/39775"}],"collection":[{"href":"https:\/\/franciscanos.org.br\/vidacrista\/wp-json\/wp\/v2\/posts"}],"about":[{"href":"https:\/\/franciscanos.org.br\/vidacrista\/wp-json\/wp\/v2\/types\/post"}],"author":[{"embeddable":true,"href":"https:\/\/franciscanos.org.br\/vidacrista\/wp-json\/wp\/v2\/users\/1"}],"replies":[{"embeddable":true,"href":"https:\/\/franciscanos.org.br\/vidacrista\/wp-json\/wp\/v2\/comments?post=39775"}],"version-history":[{"count":2,"href":"https:\/\/franciscanos.org.br\/vidacrista\/wp-json\/wp\/v2\/posts\/39775\/revisions"}],"predecessor-version":[{"id":186482,"href":"https:\/\/franciscanos.org.br\/vidacrista\/wp-json\/wp\/v2\/posts\/39775\/revisions\/186482"}],"wp:featuredmedia":[{"embeddable":true,"href":"https:\/\/franciscanos.org.br\/vidacrista\/wp-json\/wp\/v2\/media\/185534"}],"wp:attachment":[{"href":"https:\/\/franciscanos.org.br\/vidacrista\/wp-json\/wp\/v2\/media?parent=39775"}],"wp:term":[{"taxonomy":"category","embeddable":true,"href":"https:\/\/franciscanos.org.br\/vidacrista\/wp-json\/wp\/v2\/categories?post=39775"},{"taxonomy":"post_tag","embeddable":true,"href":"https:\/\/franciscanos.org.br\/vidacrista\/wp-json\/wp\/v2\/tags?post=39775"}],"curies":[{"name":"wp","href":"https:\/\/api.w.org\/{rel}","templated":true}]}}