{"id":39182,"date":"2013-06-06T02:22:05","date_gmt":"2013-06-06T05:22:05","guid":{"rendered":"http:\/\/new.franciscanos.org.br\/?p=39182"},"modified":"2020-05-22T13:08:32","modified_gmt":"2020-05-22T16:08:32","slug":"um-coracao-que-nao-cabia-no-peito-3","status":"publish","type":"post","link":"https:\/\/franciscanos.org.br\/vidacrista\/um-coracao-que-nao-cabia-no-peito-3\/","title":{"rendered":"&#8220;Um cora\u00e7\u00e3o que n\u00e3o cabia no peito&#8221;"},"content":{"rendered":"<blockquote>\n<p style=\"text-align: left;\" align=\"right\"><i>Elevado na Cruz, entregou-se a n\u00f3s com\u00a0 imenso amor.\u00a0 E de seu lado aberto pela lan\u00e7a fez jorrar, com a \u00e1gua e o sangue, os sacramentos da Igreja\u00a0 para que todos, atra\u00eddos ao seu Cora\u00e7\u00e3o, pudessem\u00a0 beber com perene alegria na fonte salvadora<\/i>\u00a0 (Pref\u00e1cio\u00a0 do Sagrado Cora\u00e7\u00e3o de Jesus)<\/p>\n<\/blockquote>\n<p style=\"text-align: left;\" align=\"right\">\u00a0Somos disc\u00edpulos do Senhor. Muitos nascemos em fam\u00edlias crist\u00e3s e, desde nossa mais tenra inf\u00e2ncia, aprendemos a contemplar imagens e gravuras do Cora\u00e7\u00e3o de nosso Mestre e Senhor. Ousaria afirmar que uma das primeiras manifesta\u00e7\u00f5es do Senhor ao nosso cora\u00e7\u00e3o se deram atrav\u00e9s do olhar que lan\u00e7amos para estas gravuras, por meio da quais o Senhor nos olhou. Quem sabe, ainda em nosso ber\u00e7o, com poucos meses de vida, \u00a0j\u00e1 aninh\u00e1vamos dentro de n\u00f3s\u00a0 esse\u00a0 Jesus com tra\u00e7os de grande amor e de infinita miseric\u00f3rdia. Somos crist\u00e3os, encontramos abrigo na fresta do peito aberto do Senhor.<\/p>\n<p style=\"text-align: left;\"><img decoding=\"async\" loading=\"lazy\" class=\" wp-image-178250 alignleft\" src=\"https:\/\/franciscanos.org.br\/vidacrista\/wp-content\/uploads\/2013\/06\/sagrado_060613_1-e1551531312501-296x450.jpg\" alt=\"\" width=\"339\" height=\"515\" srcset=\"https:\/\/franciscanos.org.br\/vidacrista\/wp-content\/uploads\/2013\/06\/sagrado_060613_1-e1551531312501-296x450.jpg 296w, https:\/\/franciscanos.org.br\/vidacrista\/wp-content\/uploads\/2013\/06\/sagrado_060613_1-e1551531312501-768x1168.jpg 768w, https:\/\/franciscanos.org.br\/vidacrista\/wp-content\/uploads\/2013\/06\/sagrado_060613_1-e1551531312501-673x1024.jpg 673w, https:\/\/franciscanos.org.br\/vidacrista\/wp-content\/uploads\/2013\/06\/sagrado_060613_1-e1551531312501-150x228.jpg 150w, https:\/\/franciscanos.org.br\/vidacrista\/wp-content\/uploads\/2013\/06\/sagrado_060613_1-e1551531312501.jpg 840w\" sizes=\"(max-width: 339px) 100vw, 339px\" \/>Antes de mais nada fazemos uma\u00a0 observa\u00e7\u00e3o quase trivial. Gostamos de dizer a quem amamos de verdade: \u201cEu te amo de todo o meu cora\u00e7\u00e3o!\u201d Uma tal declara\u00e7\u00e3o n\u00e3o pode ser entendida como mera express\u00e3o de sentimentalismo. Quando queremos bem a algu\u00e9m de verdade queremos significar que a pessoa pode contar conosco, com nossos cuidados, nossa ajuda, nosso apre\u00e7o, com o que tivermos de melhor. Ela pode bater \u00e0 porta quando quiser, poder\u00e1 receber ajuda na solu\u00e7\u00e3o de seus impasses e, eventualmente, estamos at\u00e9 prontos para perdoar. Os que amamos de todo o cora\u00e7\u00e3o n\u00e3o esquecemos, est\u00e3o presentes em nossas ora\u00e7\u00f5es,\u00a0 eles contam aos nossos olhos. De alguma forma, podemos dizer damos a vida por eles.<\/p>\n<p style=\"text-align: left;\">Ora, declara\u00e7\u00f5es e posturas de Jesus, consignadas nos evangelhos, est\u00e3o\u00a0 a nos dizer que\u00a0 Jesus \u00e9 a express\u00e3o mais n\u00edtida e acabada de um Senhor grande e belo que nos ama. Ele veio na noite dos tempos viver nossa vida,\u00a0 percorrer os caminhos que s\u00e3o os nossos, beber da \u00e1gua de nossas fontes, olhar e contemplar os dourados campos de trigais, anunciar um tempo de gra\u00e7a, pedir a transforma\u00e7\u00e3o de nosso interior,\u00a0 que deixemos as desaven\u00e7as e tentemos fazer e construir uma terra de irm\u00e3os e de reconcilia\u00e7\u00e3o. Com amor eterno, esse Jesus, express\u00e3o acabada do amor do Pai, se volta para n\u00f3s.<\/p>\n<p style=\"text-align: left;\">Encanta-nos ouvir a \u00a0par\u00e1bola do samaritano que \u00e9 bom. Ele vai pelos caminhos do mundo. V\u00ea o que se passa \u00e0 sua volta. Observa com um cora\u00e7\u00e3o pleno de aten\u00e7\u00e3o. V\u00ea esse ser humano entre a vida e a morte, na desesperan\u00e7a. Toma o tempo necess\u00e1rio. Desce da montaria. Socorre o indigente. Leva-o\u00a0 para um espa\u00e7o onde possa ser curado. Cobre as despesas. Promete ao dono da hospedaria voltar e pagar novas despesas. Ama desinteressadamente.\u00a0 A tradi\u00e7\u00e3o sempre identificou este homem com o Cristo que ama os jogados \u00e0 beira da estrada. Muitos fazemos essa experi\u00eancia, a de perdi\u00e7\u00e3o, de morte \u00e0 vista de um universo sem\u00a0 luz. Fazemos a dolorida experi\u00eancia do pecado e da solid\u00e3o. O\u00a0 samaritano bom \u00e9 aquele que tem o peito aberto e\u00a0 nos prodiga o perd\u00e3o, levanta-nos do des\u00e2nimo e nos leva para albergue do seu cora\u00e7\u00e3o aberto pela lan\u00e7a do soldado.\u00a0 L\u00e1 \u00e9 a hospedaria.\u00a0 Os custos pelo cuidar de n\u00f3s foram vultosos e pagos no madeiro da cruz.<\/p>\n<p style=\"text-align: left;\">Outra cena. Outro momento em que a bondade do Senhor se manifesta. Uma cena entre muit\u00edssimas outras. Aquele homem devia ser jovem. Havia escutado o Mestre e se encantado com seus gestos e suas palavras. Chega perto e pergunta: \u201cMestre, que\u00a0 devo fazer para ingressar nesse mundo de beleza que \u00e9 o teu?&#8221;.\u00a0 \u201cTu simplesmente observar\u00e1s os mandamentos do amor\u201d, respondeu o\u00a0 Mestre.\u00a0 E o jovem:\u00a0 \u201cDesde a minha inf\u00e2ncia observo de cora\u00e7\u00e3o os mandamentos\u201d.\u00a0 E Jesus o olhou com amor. Um\u00a0 homem reto que tocou o cora\u00e7\u00e3o do Senhor, o cora\u00e7\u00e3o daquele que veio para amar de\u00a0 todo o cora\u00e7\u00e3o. Pena que esse jovem n\u00e3o tenha tido a coragem de\u00a0 ir at\u00e9 o fim, de deixar tudo e seguir com toda radicalidade o Mestre que tinha um cora\u00e7\u00e3o que n\u00e3o cabia em seu peito.<\/p>\n<p style=\"text-align: left;\">Uma terceira cena. Esta se passa no espa\u00e7o do Calv\u00e1rio.\u00a0 Jesus e salteadores tinham sido presos a cruzes. O Mestre\u00a0 n\u00e3o\u00a0 tem mais posi\u00e7\u00e3o na cruz. N\u00e3o sabe at\u00e9 quando poder\u00e1 aguentar. Um ladr\u00e3o dirige-lhe a palavra. Pede-lhe um passaporte\u00a0 para entrar no mundo novo de que falava o Mestre da cruz do centro.\u00a0 \u201cHoje mesmo estar\u00e1s comigo no mundo novo, tudo que andaste\u00a0 por caminhos travessos.\u00a0 Passada esta tormenta\u00a0 estaremos juntos no mundo do meu Pai\u201d.<\/p>\n<p style=\"text-align: left;\">Comemorar a solenidade do Cora\u00e7\u00e3o do\u00a0 Redentor \u00e9 contemplar esses gestos de bondade do Deus belo que foram colocados por\u00a0 Jesus. \u00c9 ter a certeza de que continuamos sendo lavados pela \u00e1gua do Cora\u00e7\u00e3o e alimentados pelo sangue que correu dessa santa e aben\u00e7oada\u00a0 Fenda\u00a0 na estalagem da Igreja.<\/p>\n<p style=\"text-align: left;\">Os que t\u00eam consci\u00eancia de terem sido objeto do amor deste\u00a0 imenso Cora\u00e7\u00e3o entram\u00a0 num caminho de arrependimento e gastam o tempo de sua vida em\u00a0 tornar o Amor amado. Celebrar a solenidade do Cora\u00e7\u00e3o do\u00a0 Senhor \u00e9 tomar consci\u00eancia de que este peito amou desmedidamente.<\/p>\n<p style=\"text-align: left;\">Os homens, contemplando o peito aberto de Jesus na Cruz, \u00a0puderam compreender at\u00e9 que ponto Deus nos ama. \u201cNo Calv\u00e1rio tudo parecia acabado; e \u00e9 verdade para os que crucificaram\u00a0 Jesus;\u00a0 mas o disc\u00edpulo amado compreende que tudo come\u00e7a agora num plano mais elevado. V\u00ea o pleno significado daquele sacrif\u00edcio: o verdadeiro Cordeiro foi imolado\u00a0 na verdadeira P\u00e1scoa para a mais verdadeira e plena liberta\u00e7\u00e3o dos homens da escravid\u00e3o do \u00f3dio, do mal, do pecado: \u201cAquele era um dia solene!\u201d \u00c9 o amor que triunfa, que \u201cse abre\u201d (o cora\u00e7\u00e3o traspassado \u00e9 o s\u00edmbolo disso) para derramar\u00a0 sobre os homens as fontes da gra\u00e7a (o sangue e a \u00e1gua,\u00a0 s\u00edmbolo dos sacramentos)\u00a0 e finalmente os homens ver\u00e3o e compreender\u00e3o com que Deus os amou (&#8230;).\u00a0 A celebra\u00e7\u00e3o de\u00a0 hoje \u00e9 uma exalta\u00e7\u00e3o \u00e9 uma exalta\u00e7\u00e3o do Amor, mostra que tudo \u00e9 devido ao amor; da cria\u00e7\u00e3o \u00e0 reden\u00e7\u00e3o, o eterno destino de gl\u00f3ria na plenitude do Amor-Deus. Nada mais viril, nada mais forte do que o amor divino-humano do Cristo, nada\u00a0 mais valoroso, mais nobre do que reconhecer e\u00a0 retribuir este amor\u201d (Missal Dominical da Paulus, p. 522).<\/p>\n<p style=\"text-align: left;\"><strong>Frei Almir Ribeiro Guimar\u00e3es\u00a0<\/strong><\/p>\n","protected":false},"excerpt":{"rendered":"<p>Primeira sexta do m\u00eas<\/p>\n","protected":false},"author":1,"featured_media":184659,"comment_status":"closed","ping_status":"open","sticky":false,"template":"","format":"standard","meta":{"footnotes":""},"categories":[105],"tags":[106,112],"yoast_head":"<!-- This site is optimized with the Yoast SEO plugin v19.4 - https:\/\/yoast.com\/wordpress\/plugins\/seo\/ -->\n<title>&quot;Um cora\u00e7\u00e3o que n\u00e3o cabia no peito&quot; - Vida Crist\u00e3 - Franciscanos<\/title>\n<meta name=\"robots\" content=\"index, follow, max-snippet:-1, max-image-preview:large, max-video-preview:-1\" \/>\n<link rel=\"canonical\" href=\"https:\/\/franciscanos.org.br\/vidacrista\/um-coracao-que-nao-cabia-no-peito-3\/\" \/>\n<meta property=\"og:locale\" content=\"pt_BR\" \/>\n<meta property=\"og:type\" content=\"article\" \/>\n<meta property=\"og:title\" content=\"&quot;Um cora\u00e7\u00e3o que n\u00e3o cabia no peito&quot; - Vida Crist\u00e3 - Franciscanos\" \/>\n<meta property=\"og:description\" content=\"Primeira sexta do m\u00eas\" \/>\n<meta property=\"og:url\" content=\"https:\/\/franciscanos.org.br\/vidacrista\/um-coracao-que-nao-cabia-no-peito-3\/\" \/>\n<meta property=\"og:site_name\" content=\"Vida Crist\u00e3 - Franciscanos\" \/>\n<meta property=\"article:published_time\" content=\"2013-06-06T05:22:05+00:00\" \/>\n<meta property=\"article:modified_time\" content=\"2020-05-22T16:08:32+00:00\" \/>\n<meta property=\"og:image\" content=\"https:\/\/franciscanos.org.br\/vidacrista\/wp-content\/uploads\/2013\/06\/sagrado_060613_1-e1551531312501-673x1024-1.jpg\" \/>\n\t<meta property=\"og:image:width\" content=\"800\" \/>\n\t<meta property=\"og:image:height\" content=\"600\" \/>\n\t<meta property=\"og:image:type\" content=\"image\/jpeg\" \/>\n<meta name=\"author\" content=\"admin\" \/>\n<meta name=\"twitter:card\" content=\"summary_large_image\" \/>\n<meta name=\"twitter:label1\" content=\"Escrito por\" \/>\n\t<meta name=\"twitter:data1\" content=\"admin\" \/>\n\t<meta name=\"twitter:label2\" content=\"Est. tempo de leitura\" \/>\n\t<meta name=\"twitter:data2\" content=\"6 minutos\" \/>\n<script type=\"application\/ld+json\" class=\"yoast-schema-graph\">{\"@context\":\"https:\/\/schema.org\",\"@graph\":[{\"@type\":\"WebSite\",\"@id\":\"https:\/\/franciscanos.org.br\/vidacrista\/#website\",\"url\":\"https:\/\/franciscanos.org.br\/vidacrista\/\",\"name\":\"Vida Crist\u00e3 - Franciscanos\",\"description\":\"Prov\u00edncia Franciscana da Imaculada Concei\u00e7\u00e3o do Brasil - Ordem dos Frades Menores\",\"potentialAction\":[{\"@type\":\"SearchAction\",\"target\":{\"@type\":\"EntryPoint\",\"urlTemplate\":\"https:\/\/franciscanos.org.br\/vidacrista\/?s={search_term_string}\"},\"query-input\":\"required name=search_term_string\"}],\"inLanguage\":\"pt-BR\"},{\"@type\":\"WebPage\",\"@id\":\"https:\/\/franciscanos.org.br\/vidacrista\/um-coracao-que-nao-cabia-no-peito-3\/\",\"url\":\"https:\/\/franciscanos.org.br\/vidacrista\/um-coracao-que-nao-cabia-no-peito-3\/\",\"name\":\"\\\"Um cora\u00e7\u00e3o que n\u00e3o cabia no peito\\\" - Vida Crist\u00e3 - Franciscanos\",\"isPartOf\":{\"@id\":\"https:\/\/franciscanos.org.br\/vidacrista\/#website\"},\"datePublished\":\"2013-06-06T05:22:05+00:00\",\"dateModified\":\"2020-05-22T16:08:32+00:00\",\"author\":{\"@id\":\"https:\/\/franciscanos.org.br\/vidacrista\/#\/schema\/person\/133632ca93cec555316a35f76ab4153b\"},\"breadcrumb\":{\"@id\":\"https:\/\/franciscanos.org.br\/vidacrista\/um-coracao-que-nao-cabia-no-peito-3\/#breadcrumb\"},\"inLanguage\":\"pt-BR\",\"potentialAction\":[{\"@type\":\"ReadAction\",\"target\":[\"https:\/\/franciscanos.org.br\/vidacrista\/um-coracao-que-nao-cabia-no-peito-3\/\"]}]},{\"@type\":\"BreadcrumbList\",\"@id\":\"https:\/\/franciscanos.org.br\/vidacrista\/um-coracao-que-nao-cabia-no-peito-3\/#breadcrumb\",\"itemListElement\":[{\"@type\":\"ListItem\",\"position\":1,\"name\":\"Home\",\"item\":\"https:\/\/franciscanos.org.br\/vidacrista\/\"},{\"@type\":\"ListItem\",\"position\":2,\"name\":\"&#8220;Um cora\u00e7\u00e3o que n\u00e3o cabia no peito&#8221;\"}]},{\"@type\":\"Person\",\"@id\":\"https:\/\/franciscanos.org.br\/vidacrista\/#\/schema\/person\/133632ca93cec555316a35f76ab4153b\",\"name\":\"admin\",\"image\":{\"@type\":\"ImageObject\",\"inLanguage\":\"pt-BR\",\"@id\":\"https:\/\/franciscanos.org.br\/vidacrista\/#\/schema\/person\/image\/\",\"url\":\"https:\/\/secure.gravatar.com\/avatar\/e8495742d34d0ba6448ea1c628263b3e?s=96&d=mm&r=g\",\"contentUrl\":\"https:\/\/secure.gravatar.com\/avatar\/e8495742d34d0ba6448ea1c628263b3e?s=96&d=mm&r=g\",\"caption\":\"admin\"},\"url\":\"https:\/\/franciscanos.org.br\/vidacrista\/author\/admin\/\"}]}<\/script>\n<!-- \/ Yoast SEO plugin. -->","yoast_head_json":{"title":"\"Um cora\u00e7\u00e3o que n\u00e3o cabia no peito\" - Vida Crist\u00e3 - Franciscanos","robots":{"index":"index","follow":"follow","max-snippet":"max-snippet:-1","max-image-preview":"max-image-preview:large","max-video-preview":"max-video-preview:-1"},"canonical":"https:\/\/franciscanos.org.br\/vidacrista\/um-coracao-que-nao-cabia-no-peito-3\/","og_locale":"pt_BR","og_type":"article","og_title":"\"Um cora\u00e7\u00e3o que n\u00e3o cabia no peito\" - Vida Crist\u00e3 - Franciscanos","og_description":"Primeira sexta do m\u00eas","og_url":"https:\/\/franciscanos.org.br\/vidacrista\/um-coracao-que-nao-cabia-no-peito-3\/","og_site_name":"Vida Crist\u00e3 - Franciscanos","article_published_time":"2013-06-06T05:22:05+00:00","article_modified_time":"2020-05-22T16:08:32+00:00","og_image":[{"width":800,"height":600,"url":"https:\/\/franciscanos.org.br\/vidacrista\/wp-content\/uploads\/2013\/06\/sagrado_060613_1-e1551531312501-673x1024-1.jpg","type":"image\/jpeg"}],"author":"admin","twitter_card":"summary_large_image","twitter_misc":{"Escrito por":"admin","Est. tempo de leitura":"6 minutos"},"schema":{"@context":"https:\/\/schema.org","@graph":[{"@type":"WebSite","@id":"https:\/\/franciscanos.org.br\/vidacrista\/#website","url":"https:\/\/franciscanos.org.br\/vidacrista\/","name":"Vida Crist\u00e3 - Franciscanos","description":"Prov\u00edncia Franciscana da Imaculada Concei\u00e7\u00e3o do Brasil - Ordem dos Frades Menores","potentialAction":[{"@type":"SearchAction","target":{"@type":"EntryPoint","urlTemplate":"https:\/\/franciscanos.org.br\/vidacrista\/?s={search_term_string}"},"query-input":"required name=search_term_string"}],"inLanguage":"pt-BR"},{"@type":"WebPage","@id":"https:\/\/franciscanos.org.br\/vidacrista\/um-coracao-que-nao-cabia-no-peito-3\/","url":"https:\/\/franciscanos.org.br\/vidacrista\/um-coracao-que-nao-cabia-no-peito-3\/","name":"\"Um cora\u00e7\u00e3o que n\u00e3o cabia no peito\" - Vida Crist\u00e3 - Franciscanos","isPartOf":{"@id":"https:\/\/franciscanos.org.br\/vidacrista\/#website"},"datePublished":"2013-06-06T05:22:05+00:00","dateModified":"2020-05-22T16:08:32+00:00","author":{"@id":"https:\/\/franciscanos.org.br\/vidacrista\/#\/schema\/person\/133632ca93cec555316a35f76ab4153b"},"breadcrumb":{"@id":"https:\/\/franciscanos.org.br\/vidacrista\/um-coracao-que-nao-cabia-no-peito-3\/#breadcrumb"},"inLanguage":"pt-BR","potentialAction":[{"@type":"ReadAction","target":["https:\/\/franciscanos.org.br\/vidacrista\/um-coracao-que-nao-cabia-no-peito-3\/"]}]},{"@type":"BreadcrumbList","@id":"https:\/\/franciscanos.org.br\/vidacrista\/um-coracao-que-nao-cabia-no-peito-3\/#breadcrumb","itemListElement":[{"@type":"ListItem","position":1,"name":"Home","item":"https:\/\/franciscanos.org.br\/vidacrista\/"},{"@type":"ListItem","position":2,"name":"&#8220;Um cora\u00e7\u00e3o que n\u00e3o cabia no peito&#8221;"}]},{"@type":"Person","@id":"https:\/\/franciscanos.org.br\/vidacrista\/#\/schema\/person\/133632ca93cec555316a35f76ab4153b","name":"admin","image":{"@type":"ImageObject","inLanguage":"pt-BR","@id":"https:\/\/franciscanos.org.br\/vidacrista\/#\/schema\/person\/image\/","url":"https:\/\/secure.gravatar.com\/avatar\/e8495742d34d0ba6448ea1c628263b3e?s=96&d=mm&r=g","contentUrl":"https:\/\/secure.gravatar.com\/avatar\/e8495742d34d0ba6448ea1c628263b3e?s=96&d=mm&r=g","caption":"admin"},"url":"https:\/\/franciscanos.org.br\/vidacrista\/author\/admin\/"}]}},"_links":{"self":[{"href":"https:\/\/franciscanos.org.br\/vidacrista\/wp-json\/wp\/v2\/posts\/39182"}],"collection":[{"href":"https:\/\/franciscanos.org.br\/vidacrista\/wp-json\/wp\/v2\/posts"}],"about":[{"href":"https:\/\/franciscanos.org.br\/vidacrista\/wp-json\/wp\/v2\/types\/post"}],"author":[{"embeddable":true,"href":"https:\/\/franciscanos.org.br\/vidacrista\/wp-json\/wp\/v2\/users\/1"}],"replies":[{"embeddable":true,"href":"https:\/\/franciscanos.org.br\/vidacrista\/wp-json\/wp\/v2\/comments?post=39182"}],"version-history":[{"count":3,"href":"https:\/\/franciscanos.org.br\/vidacrista\/wp-json\/wp\/v2\/posts\/39182\/revisions"}],"predecessor-version":[{"id":178248,"href":"https:\/\/franciscanos.org.br\/vidacrista\/wp-json\/wp\/v2\/posts\/39182\/revisions\/178248"}],"wp:featuredmedia":[{"embeddable":true,"href":"https:\/\/franciscanos.org.br\/vidacrista\/wp-json\/wp\/v2\/media\/184659"}],"wp:attachment":[{"href":"https:\/\/franciscanos.org.br\/vidacrista\/wp-json\/wp\/v2\/media?parent=39182"}],"wp:term":[{"taxonomy":"category","embeddable":true,"href":"https:\/\/franciscanos.org.br\/vidacrista\/wp-json\/wp\/v2\/categories?post=39182"},{"taxonomy":"post_tag","embeddable":true,"href":"https:\/\/franciscanos.org.br\/vidacrista\/wp-json\/wp\/v2\/tags?post=39182"}],"curies":[{"name":"wp","href":"https:\/\/api.w.org\/{rel}","templated":true}]}}