{"id":37785,"date":"2013-05-08T07:51:28","date_gmt":"2013-05-08T10:51:28","guid":{"rendered":"http:\/\/new.franciscanos.org.br\/?p=37785"},"modified":"2021-09-02T09:52:37","modified_gmt":"2021-09-02T12:52:37","slug":"mensagem-do-papa-para-o-47o-dia-mundial-das-comunicacoes-sociais","status":"publish","type":"post","link":"https:\/\/franciscanos.org.br\/vidacrista\/mensagem-do-papa-para-o-47o-dia-mundial-das-comunicacoes-sociais\/","title":{"rendered":"Mensagem para o Dia Mundial das Comunica\u00e7\u00f5es Sociais"},"content":{"rendered":"<p>&nbsp;<\/p>\n<div id=\"attachment_190438\" style=\"width: 900px\" class=\"wp-caption alignnone\"><img aria-describedby=\"caption-attachment-190438\" decoding=\"async\" loading=\"lazy\" class=\"wp-image-190438 size-full\" src=\"https:\/\/franciscanos.org.br\/vidacrista\/wp-content\/uploads\/2013\/05\/papa_mensagem_comunica_020921.jpg\" alt=\"\" width=\"890\" height=\"594\" srcset=\"https:\/\/franciscanos.org.br\/vidacrista\/wp-content\/uploads\/2013\/05\/papa_mensagem_comunica_020921.jpg 890w, https:\/\/franciscanos.org.br\/vidacrista\/wp-content\/uploads\/2013\/05\/papa_mensagem_comunica_020921-450x300.jpg 450w, https:\/\/franciscanos.org.br\/vidacrista\/wp-content\/uploads\/2013\/05\/papa_mensagem_comunica_020921-768x513.jpg 768w, https:\/\/franciscanos.org.br\/vidacrista\/wp-content\/uploads\/2013\/05\/papa_mensagem_comunica_020921-150x100.jpg 150w\" sizes=\"(max-width: 890px) 100vw, 890px\" \/><p id=\"caption-attachment-190438\" class=\"wp-caption-text\">\u00a0 \u00a0 \u00a0 \u00a0 \u00a0 \u00a0 \u00a0 \u00a0 \u00a0 \u00a0 \u00a0 \u00a0 \u00a0 \u00a0 \u00a0 \u00a0 \u00a0 \u00a0 \u00a0 \u00a0 \u00a0 \u00a0 \u00a0 \u00a0 \u00a0 \u00a0 \u00a0 \u00a0 \u00a0 \u00a0 \u00a0 \u00a0 \u00a0 \u00a0 \u00a0 \u00a0 \u00a0 \u00a0 \u00a0 \u00a0 <em>\u00a0 \u00a0 \u00a0 \u00a0 \u00a0 \u00a0 Imagem: Vatican Media (L&#8217;Osservatore Romano)<\/em><\/p><\/div>\n<p>Para celebrar o 47\u00ba Dia Mundial das Comunica\u00e7\u00f5es Sociais, neste domingo, 12 de maio, o Papa em\u00e9rito Bento XVI divulgou ainda no seu Pontificado a mensagem \u201cRedes sociais: portais de verdade e de f\u00e9; novos espa\u00e7os de evangeliza\u00e7\u00e3o\u201d.<\/p>\n<p>O Dia Mundial das Comunica\u00e7\u00f5es Sociais \u00e9 uma data estabelecida pelo Conc\u00edlio Vaticano II e que \u00e9 celebrada no domingo que antecede a Festa de Pentecostes. Al\u00e9m disso, no dia 12 \u00e9 celebrado a festa de S\u00e3o Francisco de Sales, padroeiro dos escritores e jornalistas.<\/p>\n<h4><strong>Leia a \u00edntegra da mensagem:<\/strong><\/h4>\n<h4><strong>Redes sociais: portais de verdade e de f\u00e9; novos espa\u00e7os de evangeliza\u00e7\u00e3o<\/strong><\/h4>\n<p>12 de Maio de 2013<\/p>\n<p><em>Amados irm\u00e3os e irm\u00e3s,<\/em><\/p>\n<p><em>Encontrando-se pr\u00f3ximo o Dia Mundial das Comunica\u00e7\u00f5es Sociais de 2013, desejo vos oferecer algumas reflex\u00f5es sobre uma realidade cada vez mais importante que diz respeito \u00e0 maneira como as pessoas comunicam atualmente entre si; concretamente quero deter-me a considerar o desenvolvimento das redes sociais digitais que est\u00e3o a contribuir para a apari\u00e7\u00e3o de uma nova \u00e1gora, de uma pra\u00e7a p\u00fablica e aberta onde as pessoas partilham ideias, informa\u00e7\u00f5es, opini\u00f5es e podem ainda ganhar vida novas rela\u00e7\u00f5es e formas de comunidade.<\/em><\/p>\n<p><em>Estes espa\u00e7os, quando bem e equilibradamente valorizados, contribuem para favorecer formas de di\u00e1logo e debate que, se realizadas com respeito e cuidado pela privacidade, com responsabilidade e empenho pela verdade, podem refor\u00e7ar os la\u00e7os de unidade entre as pessoas e promover eficazmente a harmonia da fam\u00edlia humana. A troca de informa\u00e7\u00f5es pode transformar-se numa verdadeira comunica\u00e7\u00e3o, os contatos podem amadurecer em amizade, as conex\u00f5es podem facilitar a comunh\u00e3o. Se as redes sociais s\u00e3o chamadas a concretizar este grande potencial, as pessoas que nelas participam devem esfor\u00e7ar-se por serem aut\u00eanticas, porque nestes espa\u00e7os n\u00e3o se partilham apenas ideias e informa\u00e7\u00f5es, mas em \u00faltima inst\u00e2ncia a pessoa comunica-se a si mesma.<\/em><\/p>\n<p><em>O desenvolvimento das redes sociais requer dedica\u00e7\u00e3o: as pessoas envolvem-se nelas para construir rela\u00e7\u00f5es e encontrar amizade, buscar respostas para as suas quest\u00f5es, divertir-se, mas tamb\u00e9m para ser estimuladas intelectualmente e partilhar compet\u00eancias e conhecimentos. Assim, as redes sociais tornam-se cada vez mais parte do pr\u00f3prio tecido da sociedade enquanto unem as pessoas na base destas necessidades fundamentais. Por isso, as redes sociais s\u00e3o alimentadas por aspira\u00e7\u00f5es radicadas no cora\u00e7\u00e3o do homem.<\/em><\/p>\n<p><em>A cultura das redes sociais e as mudan\u00e7as nas formas e estilos da comunica\u00e7\u00e3o colocam s\u00e9rios desafios \u00e0queles que querem falar de verdades e valores. Muitas vezes, como acontece tamb\u00e9m com outros meios de comunica\u00e7\u00e3o social, o significado e a efic\u00e1cia das diferentes formas de express\u00e3o parecem determinados mais pela sua popularidade do que pela sua import\u00e2ncia intr\u00ednseca e validade. E, frequentemente, a popularidade est\u00e1 mais ligada com a celebridade ou com estrat\u00e9gias de persuas\u00e3o do que com a l\u00f3gica da argumenta\u00e7\u00e3o. \u00c0s vezes, a voz discreta da raz\u00e3o pode ser abafada pelo rumor de excessivas informa\u00e7\u00f5es, e n\u00e3o consegue atrair a aten\u00e7\u00e3o que, ao contr\u00e1rio, \u00e9 dada a quantos se expressam de forma mais persuasiva. Por conseguinte os meios de comunica\u00e7\u00e3o social precisam do compromisso de todos aqueles que est\u00e3o cientes do valor do di\u00e1logo, do debate fundamentado, da argumenta\u00e7\u00e3o l\u00f3gica; precisam de pessoas que procurem cultivar formas de discurso e express\u00e3o que fa\u00e7am apelo \u00e0s aspira\u00e7\u00f5es mais nobres de quem est\u00e1 envolvido no processo de comunica\u00e7\u00e3o. Tal di\u00e1logo e debate podem florescer e crescer mesmo quando se conversa e toma a s\u00e9rio aqueles que t\u00eam ideias diferentes das nossas. \u00abConstatada a diversidade cultural, \u00e9 preciso fazer com que as pessoas n\u00e3o s\u00f3 aceitem a exist\u00eancia da cultura do outro, mas aspirem tamb\u00e9m a receber um enriquecimento da mesma e a dar-lhe aquilo que se possui de bem, de verdade e de beleza\u00bb (Discurso no Encontro com o mundo da cultura, Bel\u00e9m, Lisboa, 12 de Maio de 2010).<\/em><\/p>\n<p><em>O desafio que as redes sociais t\u00eam de enfrentar\u00a0 \u00e9 o de serem verdadeiramente abrangentes: ent\u00e3o beneficiar\u00e3o da plena participa\u00e7\u00e3o dos fi\u00e9is que desejam partilhar a mensagem de Jesus e os valores da dignidade humana que a sua doutrina promove. Na realidade, os fi\u00e9is d\u00e3o-se conta cada vez mais de que, se a Boa Nova n\u00e3o for dada a conhecer tamb\u00e9m no ambiente digital, poder\u00e1 ficar fora do alcance da experi\u00eancia de muitos que consideram importante este espa\u00e7o existencial. O ambiente digital n\u00e3o \u00e9 um mundo paralelo ou puramente virtual, mas faz parte da realidade quotidiana de muitas pessoas, especialmente dos mais jovens. As redes sociais s\u00e3o o fruto da intera\u00e7\u00e3o humana, mas, por sua vez, d\u00e3o formas novas \u00e0s din\u00e2micas da comunica\u00e7\u00e3o que cria rela\u00e7\u00f5es: por isso uma sol\u00edcita compreens\u00e3o por este ambiente \u00e9 o pr\u00e9-requisito para uma presen\u00e7a significativa dentro do mesmo.<\/em><\/p>\n<p><em>A capacidade de utilizar as novas linguagens requer-se n\u00e3o tanto para estar em sintonia com os tempos, como, sobretudo, para permitir que a riqueza infinita do Evangelho encontre formas de express\u00e3o que sejam capazes de alcan\u00e7ar a mente e o cora\u00e7\u00e3o de todos. No ambiente digital, a palavra escrita aparece muitas vezes acompanhada por imagens e sons. Uma comunica\u00e7\u00e3o eficaz, como as par\u00e1bolas de Jesus, necessita do envolvimento da imagina\u00e7\u00e3o e da sensibilidade afetiva daqueles que queremos convidar para um encontro com o mist\u00e9rio do amor de Deus. Ali\u00e1s, sabemos que a tradi\u00e7\u00e3o crist\u00e3 sempre foi rica de sinais e s\u00edmbolos: penso, por exemplo, na cruz, nos \u00edcones, nas imagens da Virgem Maria, no pres\u00e9pio, nos vitrais e nos quadros das igrejas. Uma parte consistente do patrim\u00f4nio art\u00edstico da humanidade foi realizado por artistas e m\u00fasicos que procuraram exprimir as verdades da f\u00e9.<\/em><\/p>\n<p><em>A autenticidade dos fi\u00e9is, nas redes sociais, \u00e9 posta em evid\u00eancia pela partilha da fonte profunda da sua esperan\u00e7a e da sua alegria: a f\u00e9 em Deus, rico de miseric\u00f3rdia e amor, revelado em Jesus Cristo. Tal partilha consiste n\u00e3o apenas na express\u00e3o de f\u00e9 expl\u00edcita, mas tamb\u00e9m no testemunho, isto \u00e9, no modo como se comunicam \u00abescolhas, prefer\u00eancias, ju\u00edzos que sejam profundamente coerentes com o Evangelho, mesmo quando n\u00e3o se fala explicitamente dele\u00bb (Mensagem para o Dia Mundial das Comunica\u00e7\u00f5es Sociais de 2011). Um modo particularmente significativo de dar testemunho \u00e9 a vontade de se doar a si mesmo aos outros atrav\u00e9s da disponibilidade para se deixar envolver, pacientemente e com respeito, nas suas quest\u00f5es e nas suas d\u00favidas, no caminho de busca da verdade e do sentido da exist\u00eancia humana. A apari\u00e7\u00e3o nas redes sociais do di\u00e1logo acerca da f\u00e9 e do acreditar confirma a import\u00e2ncia e a relev\u00e2ncia da religi\u00e3o no debate p\u00fablico e social.<\/em><\/p>\n<p><em>Para aqueles que acolheram de cora\u00e7\u00e3o aberto o dom da f\u00e9, a resposta mais radical \u00e0s quest\u00f5es do homem sobre o amor, a verdade e o sentido da vida \u2013 quest\u00f5es estas que n\u00e3o est\u00e3o de modo algum ausentes das redes sociais \u2013 encontra-se na pessoa de Jesus Cristo. \u00c9 natural que a pessoa que possui a f\u00e9 deseje, com respeito e tato, partilh\u00e1-la com aqueles que encontra no ambiente digital. Entretanto, se a nossa partilha do Evangelho \u00e9 capaz de dar bons frutos, f\u00e1-lo em \u00faltima an\u00e1lise pela for\u00e7a que a pr\u00f3pria Palavra de Deus tem de tocar os cora\u00e7\u00f5es, e n\u00e3o tanto por qualquer esfor\u00e7o nosso. A confian\u00e7a no poder da a\u00e7\u00e3o de Deus deve ser sempre superior a toda e qualquer seguran\u00e7a que possamos colocar na utiliza\u00e7\u00e3o dos recursos humanos. Mesmo no ambiente digital, onde \u00e9 f\u00e1cil que se ergam vozes de tons demasiado acesos e conflituosos e onde, por vezes, h\u00e1 o risco de que o sensacionalismo prevale\u00e7a, somos chamados a um cuidadoso discernimento. A prop\u00f3sito, recordemo-nos de que Elias reconheceu a voz de Deus n\u00e3o no vento impetuoso e forte, nem no tremor de terra ou no fogo, mas no \u00abmurm\u00fario de uma brisa suave\u00bb (1 Rs 19, 11-12). Devemos confiar no fato de que os anseios fundamentais que a pessoa humana tem de amar e ser amada, de encontrar um significado e verdade que o pr\u00f3prio Deus colocou no cora\u00e7\u00e3o do ser humano, permanecem tamb\u00e9m nos homens e mulheres do nosso tempo abertos, sempre e em todo o caso, para aquilo que o Beato Cardeal Newman chamava a \u00abluz gentil\u00bb da f\u00e9.<\/em><\/p>\n<p><em>As redes sociais, para al\u00e9m de instrumento de evangeliza\u00e7\u00e3o, podem ser um fator de desenvolvimento humano. Por exemplo, em alguns contextos geogr\u00e1ficos e culturais onde os crist\u00e3os se sentem isolados, as redes sociais podem refor\u00e7ar o sentido da sua unidade efetiva com a comunidade universal dos fi\u00e9is. As redes facilitam a partilha dos recursos espirituais e lit\u00fargicos, tornando as pessoas capazes de rezar com um revigorado sentido de proximidade \u00e0queles que professam a sua f\u00e9. O envolvimento aut\u00eantico e interativo com as quest\u00f5es e as d\u00favidas daqueles que est\u00e3o longe da f\u00e9, deve-nos fazer sentir a necessidade de alimentar, atrav\u00e9s da ora\u00e7\u00e3o e da reflex\u00e3o, a nossa f\u00e9 na presen\u00e7a de Deus e tamb\u00e9m a nossa caridade operante: \u00abAinda que eu fale as l\u00ednguas dos homens e dos anjos, se n\u00e3o tiver amor, sou como um bronze que soa ou um c\u00edmbalo que retine\u00bb (1 Cor 13, 1).<\/em><\/p>\n<p><em>No ambiente digital, existem redes sociais que oferecem ao homem atual oportunidades de ora\u00e7\u00e3o, medita\u00e7\u00e3o ou partilha da Palavra de Deus. Mas estas redes podem tamb\u00e9m abrir as portas a outras dimens\u00f5es da f\u00e9. Na realidade, muitas pessoas est\u00e3o a descobrir \u2013 gra\u00e7as precisamente a um contato inicial feito on line \u2013 a import\u00e2ncia do encontro direto, de experi\u00eancias de comunidade ou mesmo de peregrina\u00e7\u00e3o, que s\u00e3o elementos sempre importantes no caminho da f\u00e9. Procurando tornar o Evangelho presente no ambiente digital, podemos convidar as pessoas a viverem encontros de ora\u00e7\u00e3o ou celebra\u00e7\u00f5es lit\u00fargicas em lugares concretos como igrejas ou capelas. N\u00e3o deveria haver falta de coer\u00eancia ou unidade entre a express\u00e3o da nossa f\u00e9 e o nosso testemunho do Evangelho na realidade onde somos chamados a viver, seja ela f\u00edsica ou digital. Sempre e de qualquer modo que nos encontremos com os outros, somos chamados a dar a conhecer o amor de Deus at\u00e9 aos confins da terra.<\/em><\/p>\n<p><em>Enquanto de cora\u00e7\u00e3o vos aben\u00e7oo a todos, pe\u00e7o ao Esp\u00edrito de Deus que sempre vos acompanhe e ilumine para poderdes ser verdadeiramente arautos e testemunhas do Evangelho. \u00abIde pelo mundo inteiro, proclamai o Evangelho a toda a criatura\u00bb (Mc 16, 15).<\/em><\/p>\n<p><strong>Vaticano, 24 de Janeiro \u2013 Festa de S\u00e3o Francisco de Sales \u2013 do ano 2013.<\/strong><\/p>\n<p><strong>BENEDICTUS PP. XVI<\/strong><\/p>\n","protected":false},"excerpt":{"rendered":"<p>Vaticano<\/p>\n","protected":false},"author":1,"featured_media":190438,"comment_status":"closed","ping_status":"open","sticky":false,"template":"","format":"standard","meta":{"footnotes":""},"categories":[22],"tags":[181],"yoast_head":"<!-- This site is optimized with the Yoast SEO plugin v19.4 - https:\/\/yoast.com\/wordpress\/plugins\/seo\/ -->\n<title>Mensagem para o Dia Mundial das Comunica\u00e7\u00f5es Sociais - Vida Crist\u00e3 - Franciscanos<\/title>\n<meta name=\"robots\" content=\"index, follow, max-snippet:-1, max-image-preview:large, max-video-preview:-1\" \/>\n<link rel=\"canonical\" href=\"https:\/\/franciscanos.org.br\/vidacrista\/mensagem-do-papa-para-o-47o-dia-mundial-das-comunicacoes-sociais\/\" \/>\n<meta property=\"og:locale\" content=\"pt_BR\" \/>\n<meta property=\"og:type\" content=\"article\" \/>\n<meta property=\"og:title\" content=\"Mensagem para o Dia Mundial das Comunica\u00e7\u00f5es Sociais - Vida Crist\u00e3 - Franciscanos\" \/>\n<meta property=\"og:description\" content=\"Vaticano\" \/>\n<meta property=\"og:url\" content=\"https:\/\/franciscanos.org.br\/vidacrista\/mensagem-do-papa-para-o-47o-dia-mundial-das-comunicacoes-sociais\/\" \/>\n<meta property=\"og:site_name\" content=\"Vida Crist\u00e3 - Franciscanos\" \/>\n<meta property=\"article:published_time\" content=\"2013-05-08T10:51:28+00:00\" \/>\n<meta property=\"article:modified_time\" content=\"2021-09-02T12:52:37+00:00\" \/>\n<meta property=\"og:image\" content=\"https:\/\/franciscanos.org.br\/vidacrista\/wp-content\/uploads\/2013\/05\/papa_mensagem_comunica_020921.jpg\" \/>\n\t<meta property=\"og:image:width\" content=\"890\" \/>\n\t<meta property=\"og:image:height\" content=\"594\" \/>\n\t<meta property=\"og:image:type\" content=\"image\/jpeg\" \/>\n<meta name=\"author\" content=\"admin\" \/>\n<meta name=\"twitter:card\" content=\"summary_large_image\" \/>\n<meta name=\"twitter:label1\" content=\"Escrito por\" \/>\n\t<meta name=\"twitter:data1\" content=\"admin\" \/>\n\t<meta name=\"twitter:label2\" content=\"Est. tempo de leitura\" \/>\n\t<meta name=\"twitter:data2\" content=\"9 minutos\" \/>\n<script type=\"application\/ld+json\" class=\"yoast-schema-graph\">{\"@context\":\"https:\/\/schema.org\",\"@graph\":[{\"@type\":\"WebSite\",\"@id\":\"https:\/\/franciscanos.org.br\/vidacrista\/#website\",\"url\":\"https:\/\/franciscanos.org.br\/vidacrista\/\",\"name\":\"Vida Crist\u00e3 - Franciscanos\",\"description\":\"Prov\u00edncia Franciscana da Imaculada Concei\u00e7\u00e3o do Brasil - Ordem dos Frades Menores\",\"potentialAction\":[{\"@type\":\"SearchAction\",\"target\":{\"@type\":\"EntryPoint\",\"urlTemplate\":\"https:\/\/franciscanos.org.br\/vidacrista\/?s={search_term_string}\"},\"query-input\":\"required name=search_term_string\"}],\"inLanguage\":\"pt-BR\"},{\"@type\":\"WebPage\",\"@id\":\"https:\/\/franciscanos.org.br\/vidacrista\/mensagem-do-papa-para-o-47o-dia-mundial-das-comunicacoes-sociais\/\",\"url\":\"https:\/\/franciscanos.org.br\/vidacrista\/mensagem-do-papa-para-o-47o-dia-mundial-das-comunicacoes-sociais\/\",\"name\":\"Mensagem para o Dia Mundial das Comunica\u00e7\u00f5es Sociais - Vida Crist\u00e3 - Franciscanos\",\"isPartOf\":{\"@id\":\"https:\/\/franciscanos.org.br\/vidacrista\/#website\"},\"datePublished\":\"2013-05-08T10:51:28+00:00\",\"dateModified\":\"2021-09-02T12:52:37+00:00\",\"author\":{\"@id\":\"https:\/\/franciscanos.org.br\/vidacrista\/#\/schema\/person\/133632ca93cec555316a35f76ab4153b\"},\"breadcrumb\":{\"@id\":\"https:\/\/franciscanos.org.br\/vidacrista\/mensagem-do-papa-para-o-47o-dia-mundial-das-comunicacoes-sociais\/#breadcrumb\"},\"inLanguage\":\"pt-BR\",\"potentialAction\":[{\"@type\":\"ReadAction\",\"target\":[\"https:\/\/franciscanos.org.br\/vidacrista\/mensagem-do-papa-para-o-47o-dia-mundial-das-comunicacoes-sociais\/\"]}]},{\"@type\":\"BreadcrumbList\",\"@id\":\"https:\/\/franciscanos.org.br\/vidacrista\/mensagem-do-papa-para-o-47o-dia-mundial-das-comunicacoes-sociais\/#breadcrumb\",\"itemListElement\":[{\"@type\":\"ListItem\",\"position\":1,\"name\":\"Home\",\"item\":\"https:\/\/franciscanos.org.br\/vidacrista\/\"},{\"@type\":\"ListItem\",\"position\":2,\"name\":\"Mensagem para o Dia Mundial das Comunica\u00e7\u00f5es Sociais\"}]},{\"@type\":\"Person\",\"@id\":\"https:\/\/franciscanos.org.br\/vidacrista\/#\/schema\/person\/133632ca93cec555316a35f76ab4153b\",\"name\":\"admin\",\"image\":{\"@type\":\"ImageObject\",\"inLanguage\":\"pt-BR\",\"@id\":\"https:\/\/franciscanos.org.br\/vidacrista\/#\/schema\/person\/image\/\",\"url\":\"https:\/\/secure.gravatar.com\/avatar\/e8495742d34d0ba6448ea1c628263b3e?s=96&d=mm&r=g\",\"contentUrl\":\"https:\/\/secure.gravatar.com\/avatar\/e8495742d34d0ba6448ea1c628263b3e?s=96&d=mm&r=g\",\"caption\":\"admin\"},\"url\":\"https:\/\/franciscanos.org.br\/vidacrista\/author\/admin\/\"}]}<\/script>\n<!-- \/ Yoast SEO plugin. -->","yoast_head_json":{"title":"Mensagem para o Dia Mundial das Comunica\u00e7\u00f5es Sociais - Vida Crist\u00e3 - Franciscanos","robots":{"index":"index","follow":"follow","max-snippet":"max-snippet:-1","max-image-preview":"max-image-preview:large","max-video-preview":"max-video-preview:-1"},"canonical":"https:\/\/franciscanos.org.br\/vidacrista\/mensagem-do-papa-para-o-47o-dia-mundial-das-comunicacoes-sociais\/","og_locale":"pt_BR","og_type":"article","og_title":"Mensagem para o Dia Mundial das Comunica\u00e7\u00f5es Sociais - Vida Crist\u00e3 - Franciscanos","og_description":"Vaticano","og_url":"https:\/\/franciscanos.org.br\/vidacrista\/mensagem-do-papa-para-o-47o-dia-mundial-das-comunicacoes-sociais\/","og_site_name":"Vida Crist\u00e3 - Franciscanos","article_published_time":"2013-05-08T10:51:28+00:00","article_modified_time":"2021-09-02T12:52:37+00:00","og_image":[{"width":890,"height":594,"url":"https:\/\/franciscanos.org.br\/vidacrista\/wp-content\/uploads\/2013\/05\/papa_mensagem_comunica_020921.jpg","type":"image\/jpeg"}],"author":"admin","twitter_card":"summary_large_image","twitter_misc":{"Escrito por":"admin","Est. tempo de leitura":"9 minutos"},"schema":{"@context":"https:\/\/schema.org","@graph":[{"@type":"WebSite","@id":"https:\/\/franciscanos.org.br\/vidacrista\/#website","url":"https:\/\/franciscanos.org.br\/vidacrista\/","name":"Vida Crist\u00e3 - Franciscanos","description":"Prov\u00edncia Franciscana da Imaculada Concei\u00e7\u00e3o do Brasil - Ordem dos Frades Menores","potentialAction":[{"@type":"SearchAction","target":{"@type":"EntryPoint","urlTemplate":"https:\/\/franciscanos.org.br\/vidacrista\/?s={search_term_string}"},"query-input":"required name=search_term_string"}],"inLanguage":"pt-BR"},{"@type":"WebPage","@id":"https:\/\/franciscanos.org.br\/vidacrista\/mensagem-do-papa-para-o-47o-dia-mundial-das-comunicacoes-sociais\/","url":"https:\/\/franciscanos.org.br\/vidacrista\/mensagem-do-papa-para-o-47o-dia-mundial-das-comunicacoes-sociais\/","name":"Mensagem para o Dia Mundial das Comunica\u00e7\u00f5es Sociais - Vida Crist\u00e3 - Franciscanos","isPartOf":{"@id":"https:\/\/franciscanos.org.br\/vidacrista\/#website"},"datePublished":"2013-05-08T10:51:28+00:00","dateModified":"2021-09-02T12:52:37+00:00","author":{"@id":"https:\/\/franciscanos.org.br\/vidacrista\/#\/schema\/person\/133632ca93cec555316a35f76ab4153b"},"breadcrumb":{"@id":"https:\/\/franciscanos.org.br\/vidacrista\/mensagem-do-papa-para-o-47o-dia-mundial-das-comunicacoes-sociais\/#breadcrumb"},"inLanguage":"pt-BR","potentialAction":[{"@type":"ReadAction","target":["https:\/\/franciscanos.org.br\/vidacrista\/mensagem-do-papa-para-o-47o-dia-mundial-das-comunicacoes-sociais\/"]}]},{"@type":"BreadcrumbList","@id":"https:\/\/franciscanos.org.br\/vidacrista\/mensagem-do-papa-para-o-47o-dia-mundial-das-comunicacoes-sociais\/#breadcrumb","itemListElement":[{"@type":"ListItem","position":1,"name":"Home","item":"https:\/\/franciscanos.org.br\/vidacrista\/"},{"@type":"ListItem","position":2,"name":"Mensagem para o Dia Mundial das Comunica\u00e7\u00f5es Sociais"}]},{"@type":"Person","@id":"https:\/\/franciscanos.org.br\/vidacrista\/#\/schema\/person\/133632ca93cec555316a35f76ab4153b","name":"admin","image":{"@type":"ImageObject","inLanguage":"pt-BR","@id":"https:\/\/franciscanos.org.br\/vidacrista\/#\/schema\/person\/image\/","url":"https:\/\/secure.gravatar.com\/avatar\/e8495742d34d0ba6448ea1c628263b3e?s=96&d=mm&r=g","contentUrl":"https:\/\/secure.gravatar.com\/avatar\/e8495742d34d0ba6448ea1c628263b3e?s=96&d=mm&r=g","caption":"admin"},"url":"https:\/\/franciscanos.org.br\/vidacrista\/author\/admin\/"}]}},"_links":{"self":[{"href":"https:\/\/franciscanos.org.br\/vidacrista\/wp-json\/wp\/v2\/posts\/37785"}],"collection":[{"href":"https:\/\/franciscanos.org.br\/vidacrista\/wp-json\/wp\/v2\/posts"}],"about":[{"href":"https:\/\/franciscanos.org.br\/vidacrista\/wp-json\/wp\/v2\/types\/post"}],"author":[{"embeddable":true,"href":"https:\/\/franciscanos.org.br\/vidacrista\/wp-json\/wp\/v2\/users\/1"}],"replies":[{"embeddable":true,"href":"https:\/\/franciscanos.org.br\/vidacrista\/wp-json\/wp\/v2\/comments?post=37785"}],"version-history":[{"count":3,"href":"https:\/\/franciscanos.org.br\/vidacrista\/wp-json\/wp\/v2\/posts\/37785\/revisions"}],"predecessor-version":[{"id":190439,"href":"https:\/\/franciscanos.org.br\/vidacrista\/wp-json\/wp\/v2\/posts\/37785\/revisions\/190439"}],"wp:featuredmedia":[{"embeddable":true,"href":"https:\/\/franciscanos.org.br\/vidacrista\/wp-json\/wp\/v2\/media\/190438"}],"wp:attachment":[{"href":"https:\/\/franciscanos.org.br\/vidacrista\/wp-json\/wp\/v2\/media?parent=37785"}],"wp:term":[{"taxonomy":"category","embeddable":true,"href":"https:\/\/franciscanos.org.br\/vidacrista\/wp-json\/wp\/v2\/categories?post=37785"},{"taxonomy":"post_tag","embeddable":true,"href":"https:\/\/franciscanos.org.br\/vidacrista\/wp-json\/wp\/v2\/tags?post=37785"}],"curies":[{"name":"wp","href":"https:\/\/api.w.org\/{rel}","templated":true}]}}