{"id":3699,"date":"2011-10-21T20:31:12","date_gmt":"2011-10-21T22:31:12","guid":{"rendered":"http:\/\/new.franciscanos.org.br\/?p=3699"},"modified":"2021-09-02T11:01:13","modified_gmt":"2021-09-02T14:01:13","slug":"catequese-do-papa-arte-ajuda-na-relacao-com-deus","status":"publish","type":"post","link":"https:\/\/franciscanos.org.br\/vidacrista\/catequese-do-papa-arte-ajuda-na-relacao-com-deus\/","title":{"rendered":"Arte ajuda na rela\u00e7\u00e3o com Deus"},"content":{"rendered":"<div id=\"attachment_186824\" style=\"width: 850px\" class=\"wp-caption alignnone\"><img aria-describedby=\"caption-attachment-186824\" decoding=\"async\" loading=\"lazy\" class=\"wp-image-186824 size-full\" src=\"https:\/\/franciscanos.org.br\/vidacrista\/wp-content\/uploads\/2011\/10\/michelangelo_01.jpg\" alt=\"\" width=\"840\" height=\"450\" srcset=\"https:\/\/franciscanos.org.br\/vidacrista\/wp-content\/uploads\/2011\/10\/michelangelo_01.jpg 840w, https:\/\/franciscanos.org.br\/vidacrista\/wp-content\/uploads\/2011\/10\/michelangelo_01-450x241.jpg 450w, https:\/\/franciscanos.org.br\/vidacrista\/wp-content\/uploads\/2011\/10\/michelangelo_01-768x411.jpg 768w, https:\/\/franciscanos.org.br\/vidacrista\/wp-content\/uploads\/2011\/10\/michelangelo_01-150x80.jpg 150w\" sizes=\"(max-width: 840px) 100vw, 840px\" \/><p id=\"caption-attachment-186824\" class=\"wp-caption-text\">\u00a0 \u00a0 \u00a0 \u00a0 \u00a0 \u00a0 \u00a0 \u00a0 \u00a0 \u00a0 \u00a0 \u00a0 \u00a0 \u00a0 \u00a0 \u00a0 \u00a0 \u00a0 \u00a0 \u00a0 \u00a0 \u00a0 \u00a0 \u00a0 \u00a0 \u00a0 \u00a0 \u00a0 \u00a0 \u00a0 \u00a0 \u00a0 \u00a0 \u00a0 \u00a0 \u00a0 \u00a0 \u00a0 \u00a0 \u00a0 \u00a0 \u00a0 \u00a0 \u00a0 \u00a0 \u00a0 \u00a0 \u00a0 \u00a0 \u00a0 <em>\u00a0 \u00a0 \u00a0Imagem: Piet\u00e1 de Michelangeo (Vaticano)<\/em><\/p><\/div>\n<p>Queridos irm\u00e3os e irm\u00e3s:<\/p>\n<p>Neste per\u00edodo, recordei muitas vezes a necessidade que todo crist\u00e3o tem de encontrar tempo para Deus, atrav\u00e9s da ora\u00e7\u00e3o, em meio \u00e0s muitas ocupa\u00e7\u00f5es da nossa jornada. O pr\u00f3prio Senhor nos oferece muitas oportunidades para que nos lembremos d&#8217;Ele. Hoje eu gostaria de falar brevemente de um desses meios que podem nos conduzir a Deus e ser tamb\u00e9m uma ajuda para encontrar-nos com Ele: \u00e9 o caminho das express\u00f5es art\u00edsticas, parte dessa <em>via pulchritudinis<\/em> \u2013 \u201cvia da beleza\u201d \u2013 da qual falei tantas vezes e que o homem deveria recuperar em seu significado mais profundo.<\/p>\n<p>Talvez j\u00e1 tenha lhes acontecido que, diante de uma escultura, um quadro, alguns versos de poesia ou uma pe\u00e7a musical, tenham sentido uma \u00edntima emo\u00e7\u00e3o, uma sensa\u00e7\u00e3o de alegria; percebem claramente que, diante de voc\u00eas, n\u00e3o existe somente mat\u00e9ria, um peda\u00e7o de m\u00e1rmore ou de bronze, uma tela pintada, um conjunto de letras ou um c\u00famulo de sons, e sim algo maior, algo que nos \u201cfala\u201d, capaz de tocar o cora\u00e7\u00e3o, de comunicar uma mensagem, de elevar a alma. Uma obra de arte \u00e9 fruto da capacidade criativa do ser humano, que se interroga diante da realidade vis\u00edvel, que tenta descobrir o sentido profundo e comunic\u00e1-lo atrav\u00e9s da linguagem das formas, das cores, dos sons. A arte \u00e9 capaz de expressar e tornar vis\u00edvel a necessidade do homem de ir al\u00e9m do que se v\u00ea, manifesta a sede e a busca do infinito. Inclusive \u00e9 como uma porta aberta ao infinito, a uma beleza e uma verdade que v\u00e3o al\u00e9m do cotidiano. E uma obra de arte pode abrir os olhos da mente e do cora\u00e7\u00e3o, conduzindo-nos ao alto.<\/p>\n<p>H\u00e1 express\u00f5es art\u00edsticas que s\u00e3o verdadeiros caminhos rumo a Deus, a Beleza suprema, que inclusive s\u00e3o uma ajuda para crescer na rela\u00e7\u00e3o com Ele, na ora\u00e7\u00e3o. Trata-se das obras que nascem da f\u00e9 e que a expressam. Um exemplo disso \u00e9 quando visitamos uma catedral g\u00f3tica: sentimo-nos cativados pelas linhas verticais que se elevam at\u00e9 o c\u00e9u e que atraem nosso olhar e nosso esp\u00edrito, enquanto, ao mesmo tempo, nos sentimos pequenos ou tamb\u00e9m desejosos de plenitude&#8230; Ou quando entramos em uma igreja rom\u00e2nica: sentimo-nos convidados de forma espont\u00e2nea ao recolhimento e \u00e0 ora\u00e7\u00e3o. Percebemos que nesses espl\u00eandidos edif\u00edcios se recolhe a f\u00e9 de gera\u00e7\u00f5es. Ou tamb\u00e9m quando escutamos uma pe\u00e7a de m\u00fasica sacra que faz vibrar as cordas do nosso cora\u00e7\u00e3o, nossa alma se dilata e se sente impelida a dirigir-se a Deus. Vem-me \u00e0 mem\u00f3ria um concerto de m\u00fasica de Johann Sebastian Bach, em Munique, dirigido por Leonard Bernstein. No final da \u00faltima pe\u00e7a, uma das Cantatas, senti, n\u00e3o racionalizando, mas no profundo do cora\u00e7\u00e3o, que o que eu havia escutado havia me transmitido verdade, verdade do sumo compositor que me conduzia a dar gra\u00e7as a Deus. Ao meu lado estava o bispo luterano de Munique e espontaneamente lhe comentei: \u201cOuvindo isso se entende: \u00e9 verdadeira, \u00e9 verdadeira a f\u00e9 t\u00e3o forte e a beleza que expressa irresistivelmente a presen\u00e7a da verdade de Deus\u201d.<\/p>\n<p>Quantas vezes quadros ou afrescos, frutos da f\u00e9 do artista, com suas formas, com suas cores, com suas luzes, nos conduzem a dirigir o pensamento a Deus e fazem crescer em n\u00f3s o desejo de acudir \u00e0 fonte de toda beleza! \u00c9 profundamente certo o que escreveu um grande artista, Marc Chagall: que os pintores mergulharam seus pinc\u00e9is, durante s\u00e9culos, no alfabeto de cores que \u00e9 a B\u00edblia. Quantas vezes as express\u00f5es art\u00edsticas podem ser oportunidades para lembrarmos de Deus, para ajudar nossa ora\u00e7\u00e3o ou para converter o nosso cora\u00e7\u00e3o! Paul Claudel, famoso poeta, dramaturgo e diplomata franc\u00eas, ao escutar o canto do Magnificat durante a Missa de Natal na bas\u00edlica de Notre Dame, em Paris, em 1886, advertiu a presen\u00e7a de Deus. N\u00e3o havia entrado na igreja por motivos de f\u00e9, mas para encontrar argumentos contra os crist\u00e3os. No entanto, a gra\u00e7a de Deus agiu no seu cora\u00e7\u00e3o.<\/p>\n<p>Queridos amigos, eu lhes convido a redescobrir a import\u00e2ncia deste caminho tamb\u00e9m para a ora\u00e7\u00e3o, para a nossa rela\u00e7\u00e3o viva com Deus. As cidades e os pa\u00edses do mundo inteiro cont\u00eam tesouros de arte que expressam a f\u00e9 e nos recordam a rela\u00e7\u00e3o com Deus. Que a visita a lugares de arte n\u00e3o seja somente ocasi\u00e3o de enriquecimento cultural, mas que possa se tornar um momento de gra\u00e7a, de est\u00edmulo para refor\u00e7ar nosso v\u00ednculo e nosso di\u00e1logo com o Senhor, para deter-nos a contemplar \u2013 na transi\u00e7\u00e3o da simples realidade exterior \u00e0 realidade mais profunda que expressa \u2013 o raio de beleza que nos atinge, que quase nos \u201cfere\u201d e que nos convida a elevar-nos at\u00e9 Deus. Termino com uma ora\u00e7\u00e3o de um salmo, o salmo 27: \u201cUma s\u00f3 coisa pedi ao Senhor, s\u00f3 isto desejo: poder morar na casa do Senhor todos os dias da minha vida; poder gozar da suavidade do Senhor e contemplar seu santu\u00e1rio\u201d (v.4). Esperemos que o Senhor nos ajude a contemplar sua beleza, seja na natureza ou nas obras de arte, para sermos tocados pela luz do seu rosto e, assim, podermos ser, tamb\u00e9m n\u00f3s, uma luz para o nosso pr\u00f3ximo.<\/p>\n","protected":false},"excerpt":{"rendered":"<p>Catequese do Papa<\/p>\n","protected":false},"author":1,"featured_media":186825,"comment_status":"open","ping_status":"open","sticky":false,"template":"","format":"standard","meta":{"footnotes":""},"categories":[22],"tags":[156,196],"yoast_head":"<!-- This site is optimized with the Yoast SEO plugin v19.4 - https:\/\/yoast.com\/wordpress\/plugins\/seo\/ -->\n<title>Arte ajuda na rela\u00e7\u00e3o com Deus - Vida Crist\u00e3 - Franciscanos<\/title>\n<meta name=\"robots\" content=\"index, follow, max-snippet:-1, max-image-preview:large, max-video-preview:-1\" \/>\n<link rel=\"canonical\" href=\"https:\/\/franciscanos.org.br\/vidacrista\/catequese-do-papa-arte-ajuda-na-relacao-com-deus\/\" \/>\n<meta property=\"og:locale\" content=\"pt_BR\" \/>\n<meta property=\"og:type\" content=\"article\" \/>\n<meta property=\"og:title\" content=\"Arte ajuda na rela\u00e7\u00e3o com Deus - Vida Crist\u00e3 - Franciscanos\" \/>\n<meta property=\"og:description\" content=\"Catequese do Papa\" \/>\n<meta property=\"og:url\" content=\"https:\/\/franciscanos.org.br\/vidacrista\/catequese-do-papa-arte-ajuda-na-relacao-com-deus\/\" \/>\n<meta property=\"og:site_name\" content=\"Vida Crist\u00e3 - Franciscanos\" \/>\n<meta property=\"article:published_time\" content=\"2011-10-21T22:31:12+00:00\" \/>\n<meta property=\"article:modified_time\" content=\"2021-09-02T14:01:13+00:00\" \/>\n<meta property=\"og:image\" content=\"https:\/\/franciscanos.org.br\/vidacrista\/wp-content\/uploads\/2011\/10\/michelangelo_01d.jpg\" \/>\n\t<meta property=\"og:image:width\" content=\"800\" \/>\n\t<meta property=\"og:image:height\" content=\"600\" \/>\n\t<meta property=\"og:image:type\" content=\"image\/jpeg\" \/>\n<meta name=\"author\" content=\"admin\" \/>\n<meta name=\"twitter:card\" content=\"summary_large_image\" \/>\n<meta name=\"twitter:label1\" content=\"Escrito por\" \/>\n\t<meta name=\"twitter:data1\" content=\"admin\" \/>\n\t<meta name=\"twitter:label2\" content=\"Est. tempo de leitura\" \/>\n\t<meta name=\"twitter:data2\" content=\"5 minutos\" \/>\n<script type=\"application\/ld+json\" class=\"yoast-schema-graph\">{\"@context\":\"https:\/\/schema.org\",\"@graph\":[{\"@type\":\"WebSite\",\"@id\":\"https:\/\/franciscanos.org.br\/vidacrista\/#website\",\"url\":\"https:\/\/franciscanos.org.br\/vidacrista\/\",\"name\":\"Vida Crist\u00e3 - Franciscanos\",\"description\":\"Prov\u00edncia Franciscana da Imaculada Concei\u00e7\u00e3o do Brasil - Ordem dos Frades Menores\",\"potentialAction\":[{\"@type\":\"SearchAction\",\"target\":{\"@type\":\"EntryPoint\",\"urlTemplate\":\"https:\/\/franciscanos.org.br\/vidacrista\/?s={search_term_string}\"},\"query-input\":\"required name=search_term_string\"}],\"inLanguage\":\"pt-BR\"},{\"@type\":\"WebPage\",\"@id\":\"https:\/\/franciscanos.org.br\/vidacrista\/catequese-do-papa-arte-ajuda-na-relacao-com-deus\/\",\"url\":\"https:\/\/franciscanos.org.br\/vidacrista\/catequese-do-papa-arte-ajuda-na-relacao-com-deus\/\",\"name\":\"Arte ajuda na rela\u00e7\u00e3o com Deus - Vida Crist\u00e3 - Franciscanos\",\"isPartOf\":{\"@id\":\"https:\/\/franciscanos.org.br\/vidacrista\/#website\"},\"datePublished\":\"2011-10-21T22:31:12+00:00\",\"dateModified\":\"2021-09-02T14:01:13+00:00\",\"author\":{\"@id\":\"https:\/\/franciscanos.org.br\/vidacrista\/#\/schema\/person\/133632ca93cec555316a35f76ab4153b\"},\"breadcrumb\":{\"@id\":\"https:\/\/franciscanos.org.br\/vidacrista\/catequese-do-papa-arte-ajuda-na-relacao-com-deus\/#breadcrumb\"},\"inLanguage\":\"pt-BR\",\"potentialAction\":[{\"@type\":\"ReadAction\",\"target\":[\"https:\/\/franciscanos.org.br\/vidacrista\/catequese-do-papa-arte-ajuda-na-relacao-com-deus\/\"]}]},{\"@type\":\"BreadcrumbList\",\"@id\":\"https:\/\/franciscanos.org.br\/vidacrista\/catequese-do-papa-arte-ajuda-na-relacao-com-deus\/#breadcrumb\",\"itemListElement\":[{\"@type\":\"ListItem\",\"position\":1,\"name\":\"Home\",\"item\":\"https:\/\/franciscanos.org.br\/vidacrista\/\"},{\"@type\":\"ListItem\",\"position\":2,\"name\":\"Arte ajuda na rela\u00e7\u00e3o com Deus\"}]},{\"@type\":\"Person\",\"@id\":\"https:\/\/franciscanos.org.br\/vidacrista\/#\/schema\/person\/133632ca93cec555316a35f76ab4153b\",\"name\":\"admin\",\"image\":{\"@type\":\"ImageObject\",\"inLanguage\":\"pt-BR\",\"@id\":\"https:\/\/franciscanos.org.br\/vidacrista\/#\/schema\/person\/image\/\",\"url\":\"https:\/\/secure.gravatar.com\/avatar\/e8495742d34d0ba6448ea1c628263b3e?s=96&d=mm&r=g\",\"contentUrl\":\"https:\/\/secure.gravatar.com\/avatar\/e8495742d34d0ba6448ea1c628263b3e?s=96&d=mm&r=g\",\"caption\":\"admin\"},\"url\":\"https:\/\/franciscanos.org.br\/vidacrista\/author\/admin\/\"}]}<\/script>\n<!-- \/ Yoast SEO plugin. -->","yoast_head_json":{"title":"Arte ajuda na rela\u00e7\u00e3o com Deus - Vida Crist\u00e3 - Franciscanos","robots":{"index":"index","follow":"follow","max-snippet":"max-snippet:-1","max-image-preview":"max-image-preview:large","max-video-preview":"max-video-preview:-1"},"canonical":"https:\/\/franciscanos.org.br\/vidacrista\/catequese-do-papa-arte-ajuda-na-relacao-com-deus\/","og_locale":"pt_BR","og_type":"article","og_title":"Arte ajuda na rela\u00e7\u00e3o com Deus - Vida Crist\u00e3 - Franciscanos","og_description":"Catequese do Papa","og_url":"https:\/\/franciscanos.org.br\/vidacrista\/catequese-do-papa-arte-ajuda-na-relacao-com-deus\/","og_site_name":"Vida Crist\u00e3 - Franciscanos","article_published_time":"2011-10-21T22:31:12+00:00","article_modified_time":"2021-09-02T14:01:13+00:00","og_image":[{"width":800,"height":600,"url":"https:\/\/franciscanos.org.br\/vidacrista\/wp-content\/uploads\/2011\/10\/michelangelo_01d.jpg","type":"image\/jpeg"}],"author":"admin","twitter_card":"summary_large_image","twitter_misc":{"Escrito por":"admin","Est. tempo de leitura":"5 minutos"},"schema":{"@context":"https:\/\/schema.org","@graph":[{"@type":"WebSite","@id":"https:\/\/franciscanos.org.br\/vidacrista\/#website","url":"https:\/\/franciscanos.org.br\/vidacrista\/","name":"Vida Crist\u00e3 - Franciscanos","description":"Prov\u00edncia Franciscana da Imaculada Concei\u00e7\u00e3o do Brasil - Ordem dos Frades Menores","potentialAction":[{"@type":"SearchAction","target":{"@type":"EntryPoint","urlTemplate":"https:\/\/franciscanos.org.br\/vidacrista\/?s={search_term_string}"},"query-input":"required name=search_term_string"}],"inLanguage":"pt-BR"},{"@type":"WebPage","@id":"https:\/\/franciscanos.org.br\/vidacrista\/catequese-do-papa-arte-ajuda-na-relacao-com-deus\/","url":"https:\/\/franciscanos.org.br\/vidacrista\/catequese-do-papa-arte-ajuda-na-relacao-com-deus\/","name":"Arte ajuda na rela\u00e7\u00e3o com Deus - Vida Crist\u00e3 - Franciscanos","isPartOf":{"@id":"https:\/\/franciscanos.org.br\/vidacrista\/#website"},"datePublished":"2011-10-21T22:31:12+00:00","dateModified":"2021-09-02T14:01:13+00:00","author":{"@id":"https:\/\/franciscanos.org.br\/vidacrista\/#\/schema\/person\/133632ca93cec555316a35f76ab4153b"},"breadcrumb":{"@id":"https:\/\/franciscanos.org.br\/vidacrista\/catequese-do-papa-arte-ajuda-na-relacao-com-deus\/#breadcrumb"},"inLanguage":"pt-BR","potentialAction":[{"@type":"ReadAction","target":["https:\/\/franciscanos.org.br\/vidacrista\/catequese-do-papa-arte-ajuda-na-relacao-com-deus\/"]}]},{"@type":"BreadcrumbList","@id":"https:\/\/franciscanos.org.br\/vidacrista\/catequese-do-papa-arte-ajuda-na-relacao-com-deus\/#breadcrumb","itemListElement":[{"@type":"ListItem","position":1,"name":"Home","item":"https:\/\/franciscanos.org.br\/vidacrista\/"},{"@type":"ListItem","position":2,"name":"Arte ajuda na rela\u00e7\u00e3o com Deus"}]},{"@type":"Person","@id":"https:\/\/franciscanos.org.br\/vidacrista\/#\/schema\/person\/133632ca93cec555316a35f76ab4153b","name":"admin","image":{"@type":"ImageObject","inLanguage":"pt-BR","@id":"https:\/\/franciscanos.org.br\/vidacrista\/#\/schema\/person\/image\/","url":"https:\/\/secure.gravatar.com\/avatar\/e8495742d34d0ba6448ea1c628263b3e?s=96&d=mm&r=g","contentUrl":"https:\/\/secure.gravatar.com\/avatar\/e8495742d34d0ba6448ea1c628263b3e?s=96&d=mm&r=g","caption":"admin"},"url":"https:\/\/franciscanos.org.br\/vidacrista\/author\/admin\/"}]}},"_links":{"self":[{"href":"https:\/\/franciscanos.org.br\/vidacrista\/wp-json\/wp\/v2\/posts\/3699"}],"collection":[{"href":"https:\/\/franciscanos.org.br\/vidacrista\/wp-json\/wp\/v2\/posts"}],"about":[{"href":"https:\/\/franciscanos.org.br\/vidacrista\/wp-json\/wp\/v2\/types\/post"}],"author":[{"embeddable":true,"href":"https:\/\/franciscanos.org.br\/vidacrista\/wp-json\/wp\/v2\/users\/1"}],"replies":[{"embeddable":true,"href":"https:\/\/franciscanos.org.br\/vidacrista\/wp-json\/wp\/v2\/comments?post=3699"}],"version-history":[{"count":4,"href":"https:\/\/franciscanos.org.br\/vidacrista\/wp-json\/wp\/v2\/posts\/3699\/revisions"}],"predecessor-version":[{"id":190463,"href":"https:\/\/franciscanos.org.br\/vidacrista\/wp-json\/wp\/v2\/posts\/3699\/revisions\/190463"}],"wp:featuredmedia":[{"embeddable":true,"href":"https:\/\/franciscanos.org.br\/vidacrista\/wp-json\/wp\/v2\/media\/186825"}],"wp:attachment":[{"href":"https:\/\/franciscanos.org.br\/vidacrista\/wp-json\/wp\/v2\/media?parent=3699"}],"wp:term":[{"taxonomy":"category","embeddable":true,"href":"https:\/\/franciscanos.org.br\/vidacrista\/wp-json\/wp\/v2\/categories?post=3699"},{"taxonomy":"post_tag","embeddable":true,"href":"https:\/\/franciscanos.org.br\/vidacrista\/wp-json\/wp\/v2\/tags?post=3699"}],"curies":[{"name":"wp","href":"https:\/\/api.w.org\/{rel}","templated":true}]}}