{"id":36627,"date":"2013-05-01T01:11:27","date_gmt":"2013-05-01T04:11:27","guid":{"rendered":"http:\/\/new.franciscanos.org.br\/?p=36627"},"modified":"2020-06-11T09:31:38","modified_gmt":"2020-06-11T12:31:38","slug":"aquele-que-morreu-sobre-a-arvore","status":"publish","type":"post","link":"https:\/\/franciscanos.org.br\/vidacrista\/aquele-que-morreu-sobre-a-arvore\/","title":{"rendered":"Aquele que morreu sobre a \u00e1rvore"},"content":{"rendered":"<blockquote><p><em><img decoding=\"async\" loading=\"lazy\" class=\"size-medium wp-image-178098 alignright\" src=\"https:\/\/franciscanos.org.br\/vidacrista\/wp-content\/uploads\/2013\/05\/sagrado_010513_1-292x450.jpg\" alt=\"\" width=\"292\" height=\"450\" srcset=\"https:\/\/franciscanos.org.br\/vidacrista\/wp-content\/uploads\/2013\/05\/sagrado_010513_1-292x450.jpg 292w, https:\/\/franciscanos.org.br\/vidacrista\/wp-content\/uploads\/2013\/05\/sagrado_010513_1-664x1024.jpg 664w, https:\/\/franciscanos.org.br\/vidacrista\/wp-content\/uploads\/2013\/05\/sagrado_010513_1-150x231.jpg 150w, https:\/\/franciscanos.org.br\/vidacrista\/wp-content\/uploads\/2013\/05\/sagrado_010513_1.jpg 700w\" sizes=\"(max-width: 292px) 100vw, 292px\" \/>Sobre a \u00e1rvore da cruz, como um valente guerreiro, ferido durante o combate em suas m\u00e3os, em seus p\u00e9s e em seu lado divino,\u00a0 curou a chaga de nossos pecados, isto \u00e9, curou a nossa natureza ferida pela serpente venenosa.\u00a0<\/em>(S\u00e3o Teodoro Studita)<\/p><\/blockquote>\n<p>Sobre a \u00e1rvore da cruz, como um valente guerreiro, ferido durante o combate em suas m\u00e3os, em seus p\u00e9s e em seu lado divino, curou a chaga de nossos pecados, isto \u00e9, curou a nossa natureza ferida pela serpente venenosa. (S\u00e3o Teodoro Studita)<\/p>\n<p>Sempre de novo voltamo-nos para a cruz do Senhor, sinal da vit\u00f3ria do amor sobre o \u00f3dio. Os disc\u00edpulos do Mestre ressuscitado contemplam, em longas horas de medita\u00e7\u00e3o silenciosa, os passos serenos e firmes que Jesus foi dando entre a quinta-feira da Ceia e a tarde de sua morte.<\/p>\n<p>V\u00e1rios sentimentos tomam conta do orante e disc\u00edpulo. Admira\u00e7\u00e3o, respeito, gratid\u00e3o se entrela\u00e7am. Num primeiro momento, quando ouvimos os relatos da Paix\u00e3o somos levados a pensar que ele se comportava de maneira passiva, que fatalisticamente ia aceitando o que n\u00e3o podia ser diferente. N\u00e3o, esse Jesus n\u00e3o pode ser um joguete na m\u00e3o do destino. Ele foi dando um sentido ao absurdo de sua Paix\u00e3o e Morte. Caminha para a morte sabendo o que est\u00e1 fazendo e dando sentido ao que parece absurdo.<\/p>\n<p>H\u00e1 essa \u00e1rvore, dois peda\u00e7os de madeira que se encaixam um no outro. Madeira que veio de uma \u00e1rvore. Arvore do Para\u00edso. \u00c1rvore da desobedi\u00eancia. \u00c1rvore do fruto que n\u00e3o podia ser comido. Fruto mastigado pelo homem desejoso de ser deus, de ser rei, de dominar, de n\u00e3o querer depender, de n\u00e3o se dobrar, filial e amorosamente, \u00e0 vontade do Senhor. Esta outra \u00e1rvore nova, essa \u00e1rvore da cruz que produz um fruto inaudito e cheio de sabor, fruto do amor de Deus que se torna homem e d\u00e1 a vida por amor.<\/p>\n<p>Sobre a \u00e1rvore da cruz est\u00e1 um guerreiro. N\u00e3o encontramos um ser amorfo, fleum\u00e1tico, ap\u00e1tico. Trata-se um valente guerreiro. Toda sua vida fora uma luta. L\u00e1 nas terras do deserto, da areia, da poeira e das pedras esse jovem adulto diz um sim a Deus, seu Pai, e um n\u00e3o ao inimigo. Com um soldado aguerrido expulsa o dem\u00f4nio de perto de si. N\u00e3o aceita suas sugest\u00f5es aliciadores. Brada com veem\u00eancia. Diz um n\u00e3o. Aqui e ali, muitas vezes, em sua vida, ele, mesmo amea\u00e7ado de morte, como um valente guerreiro abate o orgulho dos que o assediam.<\/p>\n<p>De modo especial, ele \u00e9 um valente guerreiro no cen\u00e1rio do Calv\u00e1rio. J\u00e1 demonstrara antes sua valentia. Agora \u00e9 guerreiro ferido. Ferido nas m\u00e3os, ferido nos p\u00e9s. Os anjos do c\u00e9u contemplam o Rei machucado com as chagas dos p\u00e9s e das m\u00e3os. O valente guerreiro morreu sobre a \u00e1rvore, aparentemente derrotado.<\/p>\n<p>Havia ainda essa chaga do lado, do lado divino, chaga do peito, do Cora\u00e7\u00e3o do Filho de Deus. Teodoro Studita afirma que o Senhor todo cheio de chagas, o valente guerreiro, curou nossas chagas, as chagas que se abrem quando nosso cora\u00e7\u00e3o n\u00e3o descansa no cora\u00e7\u00e3o do Senhor. O fruto novo da cruz, o corpo do Senhor, cura nossas chagas.<\/p>\n<p>Pedro Cris\u00f3logo (s\u00e9c. 3), um dos maiores escritores eclesi\u00e1sticos de todos os tempos, coloca nos l\u00e1bios do valente guerreiro estas palavras admir\u00e1veis: \u201cTalvez vos perturbe a enormidade de meus sofrimentos causados por v\u00f3s. N\u00e3o tenhais medo. Esta cruz n\u00e3o me feriu a mim, mas feriu a morte. Estes cravos n\u00e3o me provocam dor, mas cravam mais profundamente em mim o amor por v\u00f3s. Estas chegas n\u00e3o me fazem soltar gemidos, mas vos introduzem mais intimamente em meu cora\u00e7\u00e3o. O meu corpo, ao ser estirado na cruz, n\u00e3o aumenta o meu sofrimento, mas dilata os espa\u00e7os do cora\u00e7\u00e3o para vos acolher. Meu sangue n\u00e3o \u00e9 uma perda para mim, mas \u00e9 o pre\u00e7o do vosso resgate\u201d.<\/p>\n<p><strong>Frei Almir Ribeiro Guimar\u00e3es<\/strong><\/p>\n","protected":false},"excerpt":{"rendered":"<p>Primeira sexta-feira do m\u00eas<\/p>\n","protected":false},"author":1,"featured_media":185407,"comment_status":"closed","ping_status":"open","sticky":false,"template":"","format":"standard","meta":{"footnotes":""},"categories":[105],"tags":[106,112],"yoast_head":"<!-- This site is optimized with the Yoast SEO plugin v19.4 - https:\/\/yoast.com\/wordpress\/plugins\/seo\/ -->\n<title>Aquele que morreu sobre a \u00e1rvore - Vida Crist\u00e3 - Franciscanos<\/title>\n<meta name=\"robots\" content=\"index, follow, max-snippet:-1, max-image-preview:large, max-video-preview:-1\" \/>\n<link rel=\"canonical\" href=\"https:\/\/franciscanos.org.br\/vidacrista\/aquele-que-morreu-sobre-a-arvore\/\" \/>\n<meta property=\"og:locale\" content=\"pt_BR\" \/>\n<meta property=\"og:type\" content=\"article\" \/>\n<meta property=\"og:title\" content=\"Aquele que morreu sobre a \u00e1rvore - Vida Crist\u00e3 - Franciscanos\" \/>\n<meta property=\"og:description\" content=\"Primeira sexta-feira do m\u00eas\" \/>\n<meta property=\"og:url\" content=\"https:\/\/franciscanos.org.br\/vidacrista\/aquele-que-morreu-sobre-a-arvore\/\" \/>\n<meta property=\"og:site_name\" content=\"Vida Crist\u00e3 - Franciscanos\" \/>\n<meta property=\"article:published_time\" content=\"2013-05-01T04:11:27+00:00\" \/>\n<meta property=\"article:modified_time\" content=\"2020-06-11T12:31:38+00:00\" \/>\n<meta property=\"og:image\" content=\"https:\/\/franciscanos.org.br\/vidacrista\/wp-content\/uploads\/2013\/05\/sagrado_010513_1-292x450-1.jpg\" \/>\n\t<meta property=\"og:image:width\" content=\"800\" \/>\n\t<meta property=\"og:image:height\" content=\"600\" \/>\n\t<meta property=\"og:image:type\" content=\"image\/jpeg\" \/>\n<meta name=\"author\" content=\"admin\" \/>\n<meta name=\"twitter:card\" content=\"summary_large_image\" \/>\n<meta name=\"twitter:label1\" content=\"Escrito por\" \/>\n\t<meta name=\"twitter:data1\" content=\"admin\" \/>\n\t<meta name=\"twitter:label2\" content=\"Est. tempo de leitura\" \/>\n\t<meta name=\"twitter:data2\" content=\"3 minutos\" \/>\n<script type=\"application\/ld+json\" class=\"yoast-schema-graph\">{\"@context\":\"https:\/\/schema.org\",\"@graph\":[{\"@type\":\"WebSite\",\"@id\":\"https:\/\/franciscanos.org.br\/vidacrista\/#website\",\"url\":\"https:\/\/franciscanos.org.br\/vidacrista\/\",\"name\":\"Vida Crist\u00e3 - Franciscanos\",\"description\":\"Prov\u00edncia Franciscana da Imaculada Concei\u00e7\u00e3o do Brasil - Ordem dos Frades Menores\",\"potentialAction\":[{\"@type\":\"SearchAction\",\"target\":{\"@type\":\"EntryPoint\",\"urlTemplate\":\"https:\/\/franciscanos.org.br\/vidacrista\/?s={search_term_string}\"},\"query-input\":\"required name=search_term_string\"}],\"inLanguage\":\"pt-BR\"},{\"@type\":\"WebPage\",\"@id\":\"https:\/\/franciscanos.org.br\/vidacrista\/aquele-que-morreu-sobre-a-arvore\/\",\"url\":\"https:\/\/franciscanos.org.br\/vidacrista\/aquele-que-morreu-sobre-a-arvore\/\",\"name\":\"Aquele que morreu sobre a \u00e1rvore - Vida Crist\u00e3 - Franciscanos\",\"isPartOf\":{\"@id\":\"https:\/\/franciscanos.org.br\/vidacrista\/#website\"},\"datePublished\":\"2013-05-01T04:11:27+00:00\",\"dateModified\":\"2020-06-11T12:31:38+00:00\",\"author\":{\"@id\":\"https:\/\/franciscanos.org.br\/vidacrista\/#\/schema\/person\/133632ca93cec555316a35f76ab4153b\"},\"breadcrumb\":{\"@id\":\"https:\/\/franciscanos.org.br\/vidacrista\/aquele-que-morreu-sobre-a-arvore\/#breadcrumb\"},\"inLanguage\":\"pt-BR\",\"potentialAction\":[{\"@type\":\"ReadAction\",\"target\":[\"https:\/\/franciscanos.org.br\/vidacrista\/aquele-que-morreu-sobre-a-arvore\/\"]}]},{\"@type\":\"BreadcrumbList\",\"@id\":\"https:\/\/franciscanos.org.br\/vidacrista\/aquele-que-morreu-sobre-a-arvore\/#breadcrumb\",\"itemListElement\":[{\"@type\":\"ListItem\",\"position\":1,\"name\":\"Home\",\"item\":\"https:\/\/franciscanos.org.br\/vidacrista\/\"},{\"@type\":\"ListItem\",\"position\":2,\"name\":\"Aquele que morreu sobre a \u00e1rvore\"}]},{\"@type\":\"Person\",\"@id\":\"https:\/\/franciscanos.org.br\/vidacrista\/#\/schema\/person\/133632ca93cec555316a35f76ab4153b\",\"name\":\"admin\",\"image\":{\"@type\":\"ImageObject\",\"inLanguage\":\"pt-BR\",\"@id\":\"https:\/\/franciscanos.org.br\/vidacrista\/#\/schema\/person\/image\/\",\"url\":\"https:\/\/secure.gravatar.com\/avatar\/e8495742d34d0ba6448ea1c628263b3e?s=96&d=mm&r=g\",\"contentUrl\":\"https:\/\/secure.gravatar.com\/avatar\/e8495742d34d0ba6448ea1c628263b3e?s=96&d=mm&r=g\",\"caption\":\"admin\"},\"url\":\"https:\/\/franciscanos.org.br\/vidacrista\/author\/admin\/\"}]}<\/script>\n<!-- \/ Yoast SEO plugin. -->","yoast_head_json":{"title":"Aquele que morreu sobre a \u00e1rvore - Vida Crist\u00e3 - Franciscanos","robots":{"index":"index","follow":"follow","max-snippet":"max-snippet:-1","max-image-preview":"max-image-preview:large","max-video-preview":"max-video-preview:-1"},"canonical":"https:\/\/franciscanos.org.br\/vidacrista\/aquele-que-morreu-sobre-a-arvore\/","og_locale":"pt_BR","og_type":"article","og_title":"Aquele que morreu sobre a \u00e1rvore - Vida Crist\u00e3 - Franciscanos","og_description":"Primeira sexta-feira do m\u00eas","og_url":"https:\/\/franciscanos.org.br\/vidacrista\/aquele-que-morreu-sobre-a-arvore\/","og_site_name":"Vida Crist\u00e3 - Franciscanos","article_published_time":"2013-05-01T04:11:27+00:00","article_modified_time":"2020-06-11T12:31:38+00:00","og_image":[{"width":800,"height":600,"url":"https:\/\/franciscanos.org.br\/vidacrista\/wp-content\/uploads\/2013\/05\/sagrado_010513_1-292x450-1.jpg","type":"image\/jpeg"}],"author":"admin","twitter_card":"summary_large_image","twitter_misc":{"Escrito por":"admin","Est. tempo de leitura":"3 minutos"},"schema":{"@context":"https:\/\/schema.org","@graph":[{"@type":"WebSite","@id":"https:\/\/franciscanos.org.br\/vidacrista\/#website","url":"https:\/\/franciscanos.org.br\/vidacrista\/","name":"Vida Crist\u00e3 - Franciscanos","description":"Prov\u00edncia Franciscana da Imaculada Concei\u00e7\u00e3o do Brasil - Ordem dos Frades Menores","potentialAction":[{"@type":"SearchAction","target":{"@type":"EntryPoint","urlTemplate":"https:\/\/franciscanos.org.br\/vidacrista\/?s={search_term_string}"},"query-input":"required name=search_term_string"}],"inLanguage":"pt-BR"},{"@type":"WebPage","@id":"https:\/\/franciscanos.org.br\/vidacrista\/aquele-que-morreu-sobre-a-arvore\/","url":"https:\/\/franciscanos.org.br\/vidacrista\/aquele-que-morreu-sobre-a-arvore\/","name":"Aquele que morreu sobre a \u00e1rvore - Vida Crist\u00e3 - Franciscanos","isPartOf":{"@id":"https:\/\/franciscanos.org.br\/vidacrista\/#website"},"datePublished":"2013-05-01T04:11:27+00:00","dateModified":"2020-06-11T12:31:38+00:00","author":{"@id":"https:\/\/franciscanos.org.br\/vidacrista\/#\/schema\/person\/133632ca93cec555316a35f76ab4153b"},"breadcrumb":{"@id":"https:\/\/franciscanos.org.br\/vidacrista\/aquele-que-morreu-sobre-a-arvore\/#breadcrumb"},"inLanguage":"pt-BR","potentialAction":[{"@type":"ReadAction","target":["https:\/\/franciscanos.org.br\/vidacrista\/aquele-que-morreu-sobre-a-arvore\/"]}]},{"@type":"BreadcrumbList","@id":"https:\/\/franciscanos.org.br\/vidacrista\/aquele-que-morreu-sobre-a-arvore\/#breadcrumb","itemListElement":[{"@type":"ListItem","position":1,"name":"Home","item":"https:\/\/franciscanos.org.br\/vidacrista\/"},{"@type":"ListItem","position":2,"name":"Aquele que morreu sobre a \u00e1rvore"}]},{"@type":"Person","@id":"https:\/\/franciscanos.org.br\/vidacrista\/#\/schema\/person\/133632ca93cec555316a35f76ab4153b","name":"admin","image":{"@type":"ImageObject","inLanguage":"pt-BR","@id":"https:\/\/franciscanos.org.br\/vidacrista\/#\/schema\/person\/image\/","url":"https:\/\/secure.gravatar.com\/avatar\/e8495742d34d0ba6448ea1c628263b3e?s=96&d=mm&r=g","contentUrl":"https:\/\/secure.gravatar.com\/avatar\/e8495742d34d0ba6448ea1c628263b3e?s=96&d=mm&r=g","caption":"admin"},"url":"https:\/\/franciscanos.org.br\/vidacrista\/author\/admin\/"}]}},"_links":{"self":[{"href":"https:\/\/franciscanos.org.br\/vidacrista\/wp-json\/wp\/v2\/posts\/36627"}],"collection":[{"href":"https:\/\/franciscanos.org.br\/vidacrista\/wp-json\/wp\/v2\/posts"}],"about":[{"href":"https:\/\/franciscanos.org.br\/vidacrista\/wp-json\/wp\/v2\/types\/post"}],"author":[{"embeddable":true,"href":"https:\/\/franciscanos.org.br\/vidacrista\/wp-json\/wp\/v2\/users\/1"}],"replies":[{"embeddable":true,"href":"https:\/\/franciscanos.org.br\/vidacrista\/wp-json\/wp\/v2\/comments?post=36627"}],"version-history":[{"count":1,"href":"https:\/\/franciscanos.org.br\/vidacrista\/wp-json\/wp\/v2\/posts\/36627\/revisions"}],"predecessor-version":[{"id":178100,"href":"https:\/\/franciscanos.org.br\/vidacrista\/wp-json\/wp\/v2\/posts\/36627\/revisions\/178100"}],"wp:featuredmedia":[{"embeddable":true,"href":"https:\/\/franciscanos.org.br\/vidacrista\/wp-json\/wp\/v2\/media\/185407"}],"wp:attachment":[{"href":"https:\/\/franciscanos.org.br\/vidacrista\/wp-json\/wp\/v2\/media?parent=36627"}],"wp:term":[{"taxonomy":"category","embeddable":true,"href":"https:\/\/franciscanos.org.br\/vidacrista\/wp-json\/wp\/v2\/categories?post=36627"},{"taxonomy":"post_tag","embeddable":true,"href":"https:\/\/franciscanos.org.br\/vidacrista\/wp-json\/wp\/v2\/tags?post=36627"}],"curies":[{"name":"wp","href":"https:\/\/api.w.org\/{rel}","templated":true}]}}