{"id":34855,"date":"2013-04-05T06:25:45","date_gmt":"2013-04-05T09:25:45","guid":{"rendered":"http:\/\/new.franciscanos.org.br\/?p=34855"},"modified":"2019-03-01T13:23:24","modified_gmt":"2019-03-01T16:23:24","slug":"o-caminho-de-volta-a-patria","status":"publish","type":"post","link":"https:\/\/franciscanos.org.br\/vidacrista\/o-caminho-de-volta-a-patria\/","title":{"rendered":"O caminho de volta \u00e0 p\u00e1tria"},"content":{"rendered":"<h4><strong>A fresta do Cora\u00e7\u00e3o daquele que desceu \u00e0 mans\u00e3o dos mortos<\/strong><\/h4>\n<blockquote><p><em>Adormeci na cruz e por tua causa a lan\u00e7a penetrou no meu lado, como\u00a0 Eva surgiu do teu, ao adormeceres no para\u00edso. Meu lado curou a dor do teu lado.\u00a0 Meu sono vai arrancar-te do sono da morte.\u00a0 Minha lan\u00e7a deteve a lan\u00e7a\u00a0 que estava dirigida contra ti.<\/em><\/p>\n<p><strong>(De uma antiga Homilia no grande S\u00e1bado Santo)<\/strong><\/p><\/blockquote>\n<p><strong><a href=\"http:\/\/franciscanos.org.br\/wp-content\/uploads\/2013\/04\/pieta.jpg\"><img decoding=\"async\" loading=\"lazy\" class=\"alignright size-full wp-image-35821\" title=\"Descida da Cruz\" src=\"http:\/\/franciscanos.org.br\/wp-content\/uploads\/2013\/04\/pieta.jpg\" alt=\"\" width=\"400\" height=\"405\" \/><\/a>1.<\/strong> Semana passada\u00a0 vivemos em nossa Igreja os dias aben\u00e7oados da Semana Santa. Temos bem vivas em nossas retinas as cerim\u00f4nias\u00a0 do tr\u00edduo pascal.\u00a0 Ano ap\u00f3s ano, no Of\u00edcio da Liturgia das Horas, lemos no s\u00e1bado\u00a0 santo, \u00a0uma\u00a0 bela homilia\u00a0 que fala da descida de Jesus\u00a0 \u00e0 mans\u00e3o dos mortos, onde ele foi encontrar-se com nossos primeiros pais e todos os que antes\u00a0 dele haviam morrido e estavam esperando o tempo da ressurrei\u00e7\u00e3o e da renova\u00e7\u00e3o de todas as coisas.\u00a0 Sempre\u00a0 ficamos profundamente tocados com o abandono do Mestre na cruz, sua solid\u00e3o, a\u00a0 fuga de todos os seus com medo e falta de confian\u00e7a. Impressiona-nos o grito de abandono do Senhor na cruz.<\/p>\n<p><strong>2.<\/strong> Jos\u00e9\u00a0 Antonio Pagola, refletindo sobre os \u00faltimos momentos da vida do Senhor\u00a0 comenta a frase \u00a0\u201cMeu Deus, meu\u00a0 Deus, por que me abandonaste?\u201d. \u201cEstas palavras, pronunciadas em aramaico,\u00a0 l\u00edngua materna de Jesus, e gritadas no meio da solid\u00e3o e do abandono total s\u00e3o de uma sinceridade esmagadora. Se Jesus n\u00e3o as tivesse pronunciado, ter-se-ia\u00a0\u00a0 algu\u00e9m na comunidade crist\u00e3\u00a0 atrevido a p\u00f4-la nos seus l\u00e1bios? Jesus morre numa solid\u00e3o total. Foi condenado pelas autoridades do templo. O povo n\u00e3o o defendeu. Os seus \u00a0fugiram. A seu redor s\u00f3 houve zombarias e desprezo. Apesar dos gritos ao Pai no Horto do G\u00eatsemani, \u00a0Deus n\u00e3o veio em sua ajuda. Seu Pai querido o abandonou a uma morte ignominiosa.\u00a0 Por qu\u00ea?\u00a0 Jesus n\u00e3o chama Deus de\u00a0 <em>Abba<\/em>, sua express\u00e3o habitual e familiar. Chama-o de <em>\u00a0Eloi, <\/em>\u201cmeu Deus\u201d,\u00a0 como todos os seres humanos. Sua invoca\u00e7\u00e3o n\u00e3o deixa de ser uma express\u00e3o de confian\u00e7a: Meu Deus! Deus continua sendo Deus, apesar de tudo.\u00a0 Jesus n\u00e3o duvida de sua exist\u00eancia e de seu poder para salv\u00e1-lo. Queixa-se do seu sil\u00eancio:\u00a0 onde est\u00e1? Por que se cala? Por que o abandona precisamente no momento em que mais precisa dele?\u00a0 Jesus morre na noite mais escura.\u00a0 N\u00e3o entra na morte iluminado por uma revela\u00e7\u00e3o sublime. Morre com um \u201cpor qu\u00ea\u201d\u00a0 nos l\u00e1bios.\u00a0 Tudo fica agora nas m\u00e3os do Pai\u201d ( <em>Jesus.\u00a0 Aproxima\u00e7\u00e3o hist\u00f3ric a,\u00a0 Vozes, p. 483-484<\/em>).<\/p>\n<p><strong>3.<\/strong> Cremos que, depois de t\u00e3o tormentosa paix\u00e3o, Jesus ressuscitou e vive entre n\u00f3s. Na cruz ele adormeceu. E um soldado toca-lhe o lado. Por causa da humanidade, a lan\u00e7a ainda penetra o\u00a0 Cora\u00e7\u00e3o do\u00a0 Senhor.\u00a0 Tudo j\u00e1 consumado.\u00a0 Mas h\u00e1 ainda\u00a0 o sacramento do lado aberto. Lado aberto do Cora\u00e7\u00e3o que \u00e9 albergue e pousada dos que est\u00e3o cansados.\u00a0 Lado aberto que \u00e9 ninho onde a esposa se esconde com o\u00a0 Esposo para\u00a0 inaugurar as n\u00fapcias do\u00a0 Cordeiro.\u00a0 Esse sono da cruz\u00a0 vai continuar no sono da sepultura.\u00a0 L\u00e1 ele vai acordar a\u00a0 humanidade que dormia o sono da morte.<\/p>\n<p><strong>4.<\/strong> Antes de morrer, antes de ser descido da cruz e levado ao sepulcro, no \u00e1pice do abandono, quando\u00a0 a noite descia sobre o calv\u00e1rio e o h\u00f3spede da cruz, h\u00e1 um dialogo de Jesus com um homem de cora\u00e7\u00e3o arrependido, aquele que designamos com o delicado nome de\u00a0 \u201cbom ladr\u00e3o\u201d.\u00a0 H\u00e1 um caminho aberto quando\u00a0 Jesus se entrega ao Pai calado. S\u00e3o Le\u00e3o Magno fala \u00a0de uma porta aberta, de um\u00a0 entrada. Porta da Paix\u00e3o, porta do Cora\u00e7\u00e3o aberto. Esse caminho empreendeu o ladr\u00e3o bom:\u00a0 \u201cO povo crist\u00e3o \u00e9 convidado a gozar as riquezas do para\u00edso, e para todos os batizados est\u00e1 aberto\u00a0 no caminho de volta \u00e0 p\u00e1tria perdida, desde que ningu\u00e9m queira fechar para si pr\u00f3prio aquele caminho que se abriu\u00a0 tamb\u00e9m \u00e0 f\u00e9 do ladr\u00e3o arrependido\u201d.<\/p>\n<p>O povo crist\u00e3o \u00e9 convidado a gozar as riquezas do para\u00edso, e para todos os batizados est\u00e1 aberto o caminho da volta \u00e0 p\u00e1tria perdida,\u00a0 desde que ningu\u00e9m queira fechar para si pr\u00f3prio aquele caminho que se abriu tamb\u00e9m \u00e0 f\u00e9 do ladr\u00e3o.\u00a0 (S\u00e3o\u00a0 Le\u00e3o Magno,\u00a0 LH II,\u00a0 p. 280)<\/p>\n<p><strong>Frei Almir Ribeiro Guimar\u00e3es\u00a0<\/strong><\/p>\n","protected":false},"excerpt":{"rendered":"<p>Primeira sexta-feira do m\u00eas<\/p>\n","protected":false},"author":1,"featured_media":178046,"comment_status":"closed","ping_status":"open","sticky":false,"template":"","format":"standard","meta":{"footnotes":""},"categories":[105],"tags":[106,112],"yoast_head":"<!-- This site is optimized with the Yoast SEO plugin v19.4 - https:\/\/yoast.com\/wordpress\/plugins\/seo\/ -->\n<title>O caminho de volta \u00e0 p\u00e1tria - Vida Crist\u00e3 - Franciscanos<\/title>\n<meta name=\"robots\" content=\"index, follow, max-snippet:-1, max-image-preview:large, max-video-preview:-1\" \/>\n<link rel=\"canonical\" href=\"https:\/\/franciscanos.org.br\/vidacrista\/o-caminho-de-volta-a-patria\/\" \/>\n<meta property=\"og:locale\" content=\"pt_BR\" \/>\n<meta property=\"og:type\" content=\"article\" \/>\n<meta property=\"og:title\" content=\"O caminho de volta \u00e0 p\u00e1tria - Vida Crist\u00e3 - Franciscanos\" \/>\n<meta property=\"og:description\" content=\"Primeira sexta-feira do m\u00eas\" \/>\n<meta property=\"og:url\" content=\"https:\/\/franciscanos.org.br\/vidacrista\/o-caminho-de-volta-a-patria\/\" \/>\n<meta property=\"og:site_name\" content=\"Vida Crist\u00e3 - Franciscanos\" \/>\n<meta property=\"article:published_time\" content=\"2013-04-05T09:25:45+00:00\" \/>\n<meta property=\"article:modified_time\" content=\"2019-03-01T16:23:24+00:00\" \/>\n<meta property=\"og:image\" content=\"https:\/\/franciscanos.org.br\/vidacrista\/wp-content\/uploads\/2013\/04\/sagrado_050413.jpg\" \/>\n\t<meta property=\"og:image:width\" content=\"273\" \/>\n\t<meta property=\"og:image:height\" content=\"181\" \/>\n\t<meta property=\"og:image:type\" content=\"image\/jpeg\" \/>\n<meta name=\"author\" content=\"admin\" \/>\n<meta name=\"twitter:card\" content=\"summary_large_image\" \/>\n<meta name=\"twitter:label1\" content=\"Escrito por\" \/>\n\t<meta name=\"twitter:data1\" content=\"admin\" \/>\n\t<meta name=\"twitter:label2\" content=\"Est. tempo de leitura\" \/>\n\t<meta name=\"twitter:data2\" content=\"4 minutos\" \/>\n<script type=\"application\/ld+json\" class=\"yoast-schema-graph\">{\"@context\":\"https:\/\/schema.org\",\"@graph\":[{\"@type\":\"WebSite\",\"@id\":\"https:\/\/franciscanos.org.br\/vidacrista\/#website\",\"url\":\"https:\/\/franciscanos.org.br\/vidacrista\/\",\"name\":\"Vida Crist\u00e3 - Franciscanos\",\"description\":\"Prov\u00edncia Franciscana da Imaculada Concei\u00e7\u00e3o do Brasil - Ordem dos Frades Menores\",\"potentialAction\":[{\"@type\":\"SearchAction\",\"target\":{\"@type\":\"EntryPoint\",\"urlTemplate\":\"https:\/\/franciscanos.org.br\/vidacrista\/?s={search_term_string}\"},\"query-input\":\"required name=search_term_string\"}],\"inLanguage\":\"pt-BR\"},{\"@type\":\"WebPage\",\"@id\":\"https:\/\/franciscanos.org.br\/vidacrista\/o-caminho-de-volta-a-patria\/\",\"url\":\"https:\/\/franciscanos.org.br\/vidacrista\/o-caminho-de-volta-a-patria\/\",\"name\":\"O caminho de volta \u00e0 p\u00e1tria - Vida Crist\u00e3 - Franciscanos\",\"isPartOf\":{\"@id\":\"https:\/\/franciscanos.org.br\/vidacrista\/#website\"},\"datePublished\":\"2013-04-05T09:25:45+00:00\",\"dateModified\":\"2019-03-01T16:23:24+00:00\",\"author\":{\"@id\":\"https:\/\/franciscanos.org.br\/vidacrista\/#\/schema\/person\/133632ca93cec555316a35f76ab4153b\"},\"breadcrumb\":{\"@id\":\"https:\/\/franciscanos.org.br\/vidacrista\/o-caminho-de-volta-a-patria\/#breadcrumb\"},\"inLanguage\":\"pt-BR\",\"potentialAction\":[{\"@type\":\"ReadAction\",\"target\":[\"https:\/\/franciscanos.org.br\/vidacrista\/o-caminho-de-volta-a-patria\/\"]}]},{\"@type\":\"BreadcrumbList\",\"@id\":\"https:\/\/franciscanos.org.br\/vidacrista\/o-caminho-de-volta-a-patria\/#breadcrumb\",\"itemListElement\":[{\"@type\":\"ListItem\",\"position\":1,\"name\":\"Home\",\"item\":\"https:\/\/franciscanos.org.br\/vidacrista\/\"},{\"@type\":\"ListItem\",\"position\":2,\"name\":\"O caminho de volta \u00e0 p\u00e1tria\"}]},{\"@type\":\"Person\",\"@id\":\"https:\/\/franciscanos.org.br\/vidacrista\/#\/schema\/person\/133632ca93cec555316a35f76ab4153b\",\"name\":\"admin\",\"image\":{\"@type\":\"ImageObject\",\"inLanguage\":\"pt-BR\",\"@id\":\"https:\/\/franciscanos.org.br\/vidacrista\/#\/schema\/person\/image\/\",\"url\":\"https:\/\/secure.gravatar.com\/avatar\/e8495742d34d0ba6448ea1c628263b3e?s=96&d=mm&r=g\",\"contentUrl\":\"https:\/\/secure.gravatar.com\/avatar\/e8495742d34d0ba6448ea1c628263b3e?s=96&d=mm&r=g\",\"caption\":\"admin\"},\"url\":\"https:\/\/franciscanos.org.br\/vidacrista\/author\/admin\/\"}]}<\/script>\n<!-- \/ Yoast SEO plugin. -->","yoast_head_json":{"title":"O caminho de volta \u00e0 p\u00e1tria - Vida Crist\u00e3 - Franciscanos","robots":{"index":"index","follow":"follow","max-snippet":"max-snippet:-1","max-image-preview":"max-image-preview:large","max-video-preview":"max-video-preview:-1"},"canonical":"https:\/\/franciscanos.org.br\/vidacrista\/o-caminho-de-volta-a-patria\/","og_locale":"pt_BR","og_type":"article","og_title":"O caminho de volta \u00e0 p\u00e1tria - Vida Crist\u00e3 - Franciscanos","og_description":"Primeira sexta-feira do m\u00eas","og_url":"https:\/\/franciscanos.org.br\/vidacrista\/o-caminho-de-volta-a-patria\/","og_site_name":"Vida Crist\u00e3 - Franciscanos","article_published_time":"2013-04-05T09:25:45+00:00","article_modified_time":"2019-03-01T16:23:24+00:00","og_image":[{"width":273,"height":181,"url":"https:\/\/franciscanos.org.br\/vidacrista\/wp-content\/uploads\/2013\/04\/sagrado_050413.jpg","type":"image\/jpeg"}],"author":"admin","twitter_card":"summary_large_image","twitter_misc":{"Escrito por":"admin","Est. tempo de leitura":"4 minutos"},"schema":{"@context":"https:\/\/schema.org","@graph":[{"@type":"WebSite","@id":"https:\/\/franciscanos.org.br\/vidacrista\/#website","url":"https:\/\/franciscanos.org.br\/vidacrista\/","name":"Vida Crist\u00e3 - Franciscanos","description":"Prov\u00edncia Franciscana da Imaculada Concei\u00e7\u00e3o do Brasil - Ordem dos Frades Menores","potentialAction":[{"@type":"SearchAction","target":{"@type":"EntryPoint","urlTemplate":"https:\/\/franciscanos.org.br\/vidacrista\/?s={search_term_string}"},"query-input":"required name=search_term_string"}],"inLanguage":"pt-BR"},{"@type":"WebPage","@id":"https:\/\/franciscanos.org.br\/vidacrista\/o-caminho-de-volta-a-patria\/","url":"https:\/\/franciscanos.org.br\/vidacrista\/o-caminho-de-volta-a-patria\/","name":"O caminho de volta \u00e0 p\u00e1tria - Vida Crist\u00e3 - Franciscanos","isPartOf":{"@id":"https:\/\/franciscanos.org.br\/vidacrista\/#website"},"datePublished":"2013-04-05T09:25:45+00:00","dateModified":"2019-03-01T16:23:24+00:00","author":{"@id":"https:\/\/franciscanos.org.br\/vidacrista\/#\/schema\/person\/133632ca93cec555316a35f76ab4153b"},"breadcrumb":{"@id":"https:\/\/franciscanos.org.br\/vidacrista\/o-caminho-de-volta-a-patria\/#breadcrumb"},"inLanguage":"pt-BR","potentialAction":[{"@type":"ReadAction","target":["https:\/\/franciscanos.org.br\/vidacrista\/o-caminho-de-volta-a-patria\/"]}]},{"@type":"BreadcrumbList","@id":"https:\/\/franciscanos.org.br\/vidacrista\/o-caminho-de-volta-a-patria\/#breadcrumb","itemListElement":[{"@type":"ListItem","position":1,"name":"Home","item":"https:\/\/franciscanos.org.br\/vidacrista\/"},{"@type":"ListItem","position":2,"name":"O caminho de volta \u00e0 p\u00e1tria"}]},{"@type":"Person","@id":"https:\/\/franciscanos.org.br\/vidacrista\/#\/schema\/person\/133632ca93cec555316a35f76ab4153b","name":"admin","image":{"@type":"ImageObject","inLanguage":"pt-BR","@id":"https:\/\/franciscanos.org.br\/vidacrista\/#\/schema\/person\/image\/","url":"https:\/\/secure.gravatar.com\/avatar\/e8495742d34d0ba6448ea1c628263b3e?s=96&d=mm&r=g","contentUrl":"https:\/\/secure.gravatar.com\/avatar\/e8495742d34d0ba6448ea1c628263b3e?s=96&d=mm&r=g","caption":"admin"},"url":"https:\/\/franciscanos.org.br\/vidacrista\/author\/admin\/"}]}},"_links":{"self":[{"href":"https:\/\/franciscanos.org.br\/vidacrista\/wp-json\/wp\/v2\/posts\/34855"}],"collection":[{"href":"https:\/\/franciscanos.org.br\/vidacrista\/wp-json\/wp\/v2\/posts"}],"about":[{"href":"https:\/\/franciscanos.org.br\/vidacrista\/wp-json\/wp\/v2\/types\/post"}],"author":[{"embeddable":true,"href":"https:\/\/franciscanos.org.br\/vidacrista\/wp-json\/wp\/v2\/users\/1"}],"replies":[{"embeddable":true,"href":"https:\/\/franciscanos.org.br\/vidacrista\/wp-json\/wp\/v2\/comments?post=34855"}],"version-history":[{"count":1,"href":"https:\/\/franciscanos.org.br\/vidacrista\/wp-json\/wp\/v2\/posts\/34855\/revisions"}],"predecessor-version":[{"id":178047,"href":"https:\/\/franciscanos.org.br\/vidacrista\/wp-json\/wp\/v2\/posts\/34855\/revisions\/178047"}],"wp:featuredmedia":[{"embeddable":true,"href":"https:\/\/franciscanos.org.br\/vidacrista\/wp-json\/wp\/v2\/media\/178046"}],"wp:attachment":[{"href":"https:\/\/franciscanos.org.br\/vidacrista\/wp-json\/wp\/v2\/media?parent=34855"}],"wp:term":[{"taxonomy":"category","embeddable":true,"href":"https:\/\/franciscanos.org.br\/vidacrista\/wp-json\/wp\/v2\/categories?post=34855"},{"taxonomy":"post_tag","embeddable":true,"href":"https:\/\/franciscanos.org.br\/vidacrista\/wp-json\/wp\/v2\/tags?post=34855"}],"curies":[{"name":"wp","href":"https:\/\/api.w.org\/{rel}","templated":true}]}}