{"id":34546,"date":"2013-03-20T09:37:48","date_gmt":"2013-03-20T12:37:48","guid":{"rendered":"http:\/\/new.franciscanos.org.br\/?p=34546"},"modified":"2021-08-30T15:08:17","modified_gmt":"2021-08-30T18:08:17","slug":"o-papa-francisco-de-assis","status":"publish","type":"post","link":"https:\/\/franciscanos.org.br\/vidacrista\/o-papa-francisco-de-assis\/","title":{"rendered":"O papa Francisco de Assis"},"content":{"rendered":"<p style=\"text-align: left;\" align=\"right\">\n<p align=\"right\"><img decoding=\"async\" loading=\"lazy\" class=\"wp-image-190331 size-full aligncenter\" src=\"https:\/\/franciscanos.org.br\/vidacrista\/wp-content\/uploads\/2013\/03\/papa_vaticanmedia_3008.jpg\" alt=\"\" width=\"800\" height=\"533\" srcset=\"https:\/\/franciscanos.org.br\/vidacrista\/wp-content\/uploads\/2013\/03\/papa_vaticanmedia_3008.jpg 800w, https:\/\/franciscanos.org.br\/vidacrista\/wp-content\/uploads\/2013\/03\/papa_vaticanmedia_3008-450x300.jpg 450w, https:\/\/franciscanos.org.br\/vidacrista\/wp-content\/uploads\/2013\/03\/papa_vaticanmedia_3008-768x512.jpg 768w, https:\/\/franciscanos.org.br\/vidacrista\/wp-content\/uploads\/2013\/03\/papa_vaticanmedia_3008-150x100.jpg 150w\" sizes=\"(max-width: 800px) 100vw, 800px\" \/><\/p>\n<p style=\"text-align: left;\" align=\"right\"><em>Frei Jacir de Freitas Faria, OFM (*)<\/em><\/p>\n<p>At\u00f4nito, o mudo recebeu a not\u00edcia da ren\u00fancia do Papa Bento XVI. Surpreso, o mundo acolheu o argentino Jorge M\u00e1rio Bergoglio, oriundo do \u2018quase fim do mundo\u2019, para ser o Papa Francisco. Alguns arriscaram um palpite sobre o nome do futuro papa: quem sabe Francisco? Seria simb\u00f3lico. Durante o conclave, a pra\u00e7a S\u00e3o Pedro acolheu um italiano de nome\u00a0 Massimo, que havia caminhado a p\u00e9, vestido franciscanamente como os pobres de Assis, desde a cidade de S\u00e3o Francisco, para rezar pelo novo papa. Em suas ora\u00e7\u00f5es, ele implorou \u2018um papa para os pobres e pr\u00f3ximo deles\u2019. Estaria a\u00ed o esp\u00edrito de Francisco de Assis inspirando o conclave? Sim. Um papa jesu\u00edta escolheu o nome Francisco como marco inspirador de seu pontificado. E ele mesmo explicou o porqu\u00ea da escolha do nome: \u201cNa elei\u00e7\u00e3o, eu tinha ao meu lado o arcebispo em\u00e9rito de S\u00e3o Paulo, um grande amigo. Quando a coisa come\u00e7ou a ficar um pouco \u2018perigosa\u2019, ele come\u00e7ou a me tranquilizar. E quando os votos chegaram a 2\/3, aconteceu o aplauso esperado pois, afinal, eu havia sido eleito Papa. Ele me abra\u00e7ou, me beijou e disse: \u2018n\u00e3o se esque\u00e7a dos pobres\u2019. Aquilo entrou na minha cabe\u00e7a. Imediatamente me lembrei de S\u00e3o Francisco de Assis e desejei uma igreja pobre, para os pobres. O nome apareceu no meu cora\u00e7\u00e3o. Para mim, S\u00e3o Francisco \u00e9 o homem da pobreza, o homem da paz, o homem que ama e protege as criaturas.\u201d<\/p>\n<p>Nascido no ano de 1182, na buc\u00f3lica Assis, cidade italiana que ainda se conserva medieval, Francisco marcou o seu tempo pelo seu amor \u00e0 natureza. Patrono da It\u00e1lia, ele \u00e9 lembrado como o homem da \u201cpaz e do bem\u201d. Natureza, paz, harmonia formam o trip\u00e9 da m\u00edstica franciscana pela n\u00e3o viol\u00eancia. Amor aos pobres, simplicidade, minoridade, humildade e di\u00e1logo formam o legado que Francisco de Assis nos deixou.<\/p>\n<p>No epis\u00f3dio do chamado de S\u00e3o Francisco, conta-se que o jovem e rico Francisco estava rezando diante do crucifixo na igreja de S\u00e3o Dami\u00e3o, em Assis, quando o crucificado lhe falou: \u201cFrancisco, vai e restaura a minha igreja, que est\u00e1 em ru\u00ednas\u201d (S.Boaventura, Legenda Maior II,1). Entusiasmado, ele saiu dali, vestiu um t\u00fanica de pobre e come\u00e7ou a reconstruir as paredes da igrejinha da Proci\u00fancula, com pedras, conforme ele pedia. N\u00e3o demorou muito e Francisco percebeu que n\u00e3o se tratava de reconstruir n\u00e3o a igreja de pedra, mas a outra, que estava em decad\u00eancia, envolta em esc\u00e2ndalos que feriam os princ\u00edpios do evangelho. A restaura\u00e7\u00e3o seria espiritual, a da \u201cIgreja que Cristo resgatara com seu sangue\u201d.<\/p>\n<p>As atitudes de simplicidade e acolhida do Papa Francisco encantou o mundo. O fato de ele pedir para ser aben\u00e7oado; n\u00e3o usar a cruz de ouro pr\u00f3pria dos papas, tampouco os sapatos vermelhos; solicitar aos argentinos para n\u00e3o irem a Roma para a missa de posse, mas dar o dinheiro a viagem aos pobres; n\u00e3o aceitar usar o carro papal etc. s\u00e3o sinais evidentes de sua escolha pelo nome Francisco de Assis, o santo dos pobres e do povo.<\/p>\n<p>\u201cA C\u00faria Romana precisa urgente e estruturalmente ser reformada, assim como o seu modo de evangelizar\u201d afirmou Dom Cl\u00e1udio Hummes. Aliado a isso, muitas outras quest\u00f5es est\u00e3o no cora\u00e7\u00e3o do papa e nas p\u00e1ginas dos jornais. Que Deus ilumine o papa Francisco, aquele que veio para reformar como S\u00e3o Francisco de Assis. Era isso o que a Igreja mais precisava neste momento. Sua escolha foi iluminada pelo Esp\u00edrito Santo, que continuar\u00e1 nos iluminando, a n\u00f3s e ao papa jesu\u00edta de cora\u00e7\u00e3o franciscano.<\/p>\n<hr \/>\n<p><em><img decoding=\"async\" loading=\"lazy\" class=\"alignleft\" title=\"3464_240912\" src=\"http:\/\/franciscanos.org.br\/wp-content\/uploads\/2013\/03\/3464_240912.jpg\" alt=\"\" width=\"80\" height=\"100\" \/>(*) Frei Jacir de Freitas Faria, OFM, \u00e9 frade \u00a0franciscano, escritor, mestre em Ci\u00eancias B\u00edblicas pelo Pontif\u00edcio Instituto B\u00edblico, de Roma, especialista em evangelhos ap\u00f3crifos, professor de exegese b\u00edblica no Instituto Santo Tom\u00e1s de Aquino \u2013 ISTA, em Belo Horizonte e em cursos de Teologia para leigos. \u00a0Autor do livro<em>\u00a0&#8220;Ap\u00f3crifos aberrantes, complementares e cristianismos alternativos. Poder e heresias!&#8221; (Vozes),\u00a0<\/em>dentre outros.\u00a0<\/em><em>Veja mais: www.bibliaeapocrifos.com.br<\/em><\/p>\n","protected":false},"excerpt":{"rendered":"<p>Artigo de Frei Jacir de Freitas Faria, OFM<\/p>\n","protected":false},"author":1,"featured_media":190331,"comment_status":"closed","ping_status":"open","sticky":false,"template":"","format":"standard","meta":{"footnotes":""},"categories":[26],"tags":[43],"yoast_head":"<!-- This site is optimized with the Yoast SEO plugin v19.4 - https:\/\/yoast.com\/wordpress\/plugins\/seo\/ -->\n<title>O papa Francisco de Assis - Vida Crist\u00e3 - Franciscanos<\/title>\n<meta name=\"robots\" content=\"index, follow, max-snippet:-1, max-image-preview:large, max-video-preview:-1\" \/>\n<link rel=\"canonical\" href=\"https:\/\/franciscanos.org.br\/vidacrista\/o-papa-francisco-de-assis\/\" \/>\n<meta property=\"og:locale\" content=\"pt_BR\" \/>\n<meta property=\"og:type\" content=\"article\" \/>\n<meta property=\"og:title\" content=\"O papa Francisco de Assis - Vida Crist\u00e3 - Franciscanos\" \/>\n<meta property=\"og:description\" content=\"Artigo de Frei Jacir de Freitas Faria, OFM\" \/>\n<meta property=\"og:url\" content=\"https:\/\/franciscanos.org.br\/vidacrista\/o-papa-francisco-de-assis\/\" \/>\n<meta property=\"og:site_name\" content=\"Vida Crist\u00e3 - Franciscanos\" \/>\n<meta property=\"article:published_time\" content=\"2013-03-20T12:37:48+00:00\" \/>\n<meta property=\"article:modified_time\" content=\"2021-08-30T18:08:17+00:00\" \/>\n<meta property=\"og:image\" content=\"https:\/\/franciscanos.org.br\/vidacrista\/wp-content\/uploads\/2013\/03\/papa_vaticanmedia_3008.jpg\" \/>\n\t<meta property=\"og:image:width\" content=\"800\" \/>\n\t<meta property=\"og:image:height\" content=\"533\" \/>\n\t<meta property=\"og:image:type\" content=\"image\/jpeg\" \/>\n<meta name=\"author\" content=\"admin\" \/>\n<meta name=\"twitter:card\" content=\"summary_large_image\" \/>\n<meta name=\"twitter:label1\" content=\"Escrito por\" \/>\n\t<meta name=\"twitter:data1\" content=\"admin\" \/>\n\t<meta name=\"twitter:label2\" content=\"Est. tempo de leitura\" \/>\n\t<meta name=\"twitter:data2\" content=\"4 minutos\" \/>\n<script type=\"application\/ld+json\" class=\"yoast-schema-graph\">{\"@context\":\"https:\/\/schema.org\",\"@graph\":[{\"@type\":\"WebSite\",\"@id\":\"https:\/\/franciscanos.org.br\/vidacrista\/#website\",\"url\":\"https:\/\/franciscanos.org.br\/vidacrista\/\",\"name\":\"Vida Crist\u00e3 - Franciscanos\",\"description\":\"Prov\u00edncia Franciscana da Imaculada Concei\u00e7\u00e3o do Brasil - Ordem dos Frades Menores\",\"potentialAction\":[{\"@type\":\"SearchAction\",\"target\":{\"@type\":\"EntryPoint\",\"urlTemplate\":\"https:\/\/franciscanos.org.br\/vidacrista\/?s={search_term_string}\"},\"query-input\":\"required name=search_term_string\"}],\"inLanguage\":\"pt-BR\"},{\"@type\":\"WebPage\",\"@id\":\"https:\/\/franciscanos.org.br\/vidacrista\/o-papa-francisco-de-assis\/\",\"url\":\"https:\/\/franciscanos.org.br\/vidacrista\/o-papa-francisco-de-assis\/\",\"name\":\"O papa Francisco de Assis - Vida Crist\u00e3 - Franciscanos\",\"isPartOf\":{\"@id\":\"https:\/\/franciscanos.org.br\/vidacrista\/#website\"},\"datePublished\":\"2013-03-20T12:37:48+00:00\",\"dateModified\":\"2021-08-30T18:08:17+00:00\",\"author\":{\"@id\":\"https:\/\/franciscanos.org.br\/vidacrista\/#\/schema\/person\/133632ca93cec555316a35f76ab4153b\"},\"breadcrumb\":{\"@id\":\"https:\/\/franciscanos.org.br\/vidacrista\/o-papa-francisco-de-assis\/#breadcrumb\"},\"inLanguage\":\"pt-BR\",\"potentialAction\":[{\"@type\":\"ReadAction\",\"target\":[\"https:\/\/franciscanos.org.br\/vidacrista\/o-papa-francisco-de-assis\/\"]}]},{\"@type\":\"BreadcrumbList\",\"@id\":\"https:\/\/franciscanos.org.br\/vidacrista\/o-papa-francisco-de-assis\/#breadcrumb\",\"itemListElement\":[{\"@type\":\"ListItem\",\"position\":1,\"name\":\"Home\",\"item\":\"https:\/\/franciscanos.org.br\/vidacrista\/\"},{\"@type\":\"ListItem\",\"position\":2,\"name\":\"O papa Francisco de Assis\"}]},{\"@type\":\"Person\",\"@id\":\"https:\/\/franciscanos.org.br\/vidacrista\/#\/schema\/person\/133632ca93cec555316a35f76ab4153b\",\"name\":\"admin\",\"image\":{\"@type\":\"ImageObject\",\"inLanguage\":\"pt-BR\",\"@id\":\"https:\/\/franciscanos.org.br\/vidacrista\/#\/schema\/person\/image\/\",\"url\":\"https:\/\/secure.gravatar.com\/avatar\/e8495742d34d0ba6448ea1c628263b3e?s=96&d=mm&r=g\",\"contentUrl\":\"https:\/\/secure.gravatar.com\/avatar\/e8495742d34d0ba6448ea1c628263b3e?s=96&d=mm&r=g\",\"caption\":\"admin\"},\"url\":\"https:\/\/franciscanos.org.br\/vidacrista\/author\/admin\/\"}]}<\/script>\n<!-- \/ Yoast SEO plugin. -->","yoast_head_json":{"title":"O papa Francisco de Assis - Vida Crist\u00e3 - Franciscanos","robots":{"index":"index","follow":"follow","max-snippet":"max-snippet:-1","max-image-preview":"max-image-preview:large","max-video-preview":"max-video-preview:-1"},"canonical":"https:\/\/franciscanos.org.br\/vidacrista\/o-papa-francisco-de-assis\/","og_locale":"pt_BR","og_type":"article","og_title":"O papa Francisco de Assis - Vida Crist\u00e3 - Franciscanos","og_description":"Artigo de Frei Jacir de Freitas Faria, OFM","og_url":"https:\/\/franciscanos.org.br\/vidacrista\/o-papa-francisco-de-assis\/","og_site_name":"Vida Crist\u00e3 - Franciscanos","article_published_time":"2013-03-20T12:37:48+00:00","article_modified_time":"2021-08-30T18:08:17+00:00","og_image":[{"width":800,"height":533,"url":"https:\/\/franciscanos.org.br\/vidacrista\/wp-content\/uploads\/2013\/03\/papa_vaticanmedia_3008.jpg","type":"image\/jpeg"}],"author":"admin","twitter_card":"summary_large_image","twitter_misc":{"Escrito por":"admin","Est. tempo de leitura":"4 minutos"},"schema":{"@context":"https:\/\/schema.org","@graph":[{"@type":"WebSite","@id":"https:\/\/franciscanos.org.br\/vidacrista\/#website","url":"https:\/\/franciscanos.org.br\/vidacrista\/","name":"Vida Crist\u00e3 - Franciscanos","description":"Prov\u00edncia Franciscana da Imaculada Concei\u00e7\u00e3o do Brasil - Ordem dos Frades Menores","potentialAction":[{"@type":"SearchAction","target":{"@type":"EntryPoint","urlTemplate":"https:\/\/franciscanos.org.br\/vidacrista\/?s={search_term_string}"},"query-input":"required name=search_term_string"}],"inLanguage":"pt-BR"},{"@type":"WebPage","@id":"https:\/\/franciscanos.org.br\/vidacrista\/o-papa-francisco-de-assis\/","url":"https:\/\/franciscanos.org.br\/vidacrista\/o-papa-francisco-de-assis\/","name":"O papa Francisco de Assis - Vida Crist\u00e3 - Franciscanos","isPartOf":{"@id":"https:\/\/franciscanos.org.br\/vidacrista\/#website"},"datePublished":"2013-03-20T12:37:48+00:00","dateModified":"2021-08-30T18:08:17+00:00","author":{"@id":"https:\/\/franciscanos.org.br\/vidacrista\/#\/schema\/person\/133632ca93cec555316a35f76ab4153b"},"breadcrumb":{"@id":"https:\/\/franciscanos.org.br\/vidacrista\/o-papa-francisco-de-assis\/#breadcrumb"},"inLanguage":"pt-BR","potentialAction":[{"@type":"ReadAction","target":["https:\/\/franciscanos.org.br\/vidacrista\/o-papa-francisco-de-assis\/"]}]},{"@type":"BreadcrumbList","@id":"https:\/\/franciscanos.org.br\/vidacrista\/o-papa-francisco-de-assis\/#breadcrumb","itemListElement":[{"@type":"ListItem","position":1,"name":"Home","item":"https:\/\/franciscanos.org.br\/vidacrista\/"},{"@type":"ListItem","position":2,"name":"O papa Francisco de Assis"}]},{"@type":"Person","@id":"https:\/\/franciscanos.org.br\/vidacrista\/#\/schema\/person\/133632ca93cec555316a35f76ab4153b","name":"admin","image":{"@type":"ImageObject","inLanguage":"pt-BR","@id":"https:\/\/franciscanos.org.br\/vidacrista\/#\/schema\/person\/image\/","url":"https:\/\/secure.gravatar.com\/avatar\/e8495742d34d0ba6448ea1c628263b3e?s=96&d=mm&r=g","contentUrl":"https:\/\/secure.gravatar.com\/avatar\/e8495742d34d0ba6448ea1c628263b3e?s=96&d=mm&r=g","caption":"admin"},"url":"https:\/\/franciscanos.org.br\/vidacrista\/author\/admin\/"}]}},"_links":{"self":[{"href":"https:\/\/franciscanos.org.br\/vidacrista\/wp-json\/wp\/v2\/posts\/34546"}],"collection":[{"href":"https:\/\/franciscanos.org.br\/vidacrista\/wp-json\/wp\/v2\/posts"}],"about":[{"href":"https:\/\/franciscanos.org.br\/vidacrista\/wp-json\/wp\/v2\/types\/post"}],"author":[{"embeddable":true,"href":"https:\/\/franciscanos.org.br\/vidacrista\/wp-json\/wp\/v2\/users\/1"}],"replies":[{"embeddable":true,"href":"https:\/\/franciscanos.org.br\/vidacrista\/wp-json\/wp\/v2\/comments?post=34546"}],"version-history":[{"count":4,"href":"https:\/\/franciscanos.org.br\/vidacrista\/wp-json\/wp\/v2\/posts\/34546\/revisions"}],"predecessor-version":[{"id":190332,"href":"https:\/\/franciscanos.org.br\/vidacrista\/wp-json\/wp\/v2\/posts\/34546\/revisions\/190332"}],"wp:featuredmedia":[{"embeddable":true,"href":"https:\/\/franciscanos.org.br\/vidacrista\/wp-json\/wp\/v2\/media\/190331"}],"wp:attachment":[{"href":"https:\/\/franciscanos.org.br\/vidacrista\/wp-json\/wp\/v2\/media?parent=34546"}],"wp:term":[{"taxonomy":"category","embeddable":true,"href":"https:\/\/franciscanos.org.br\/vidacrista\/wp-json\/wp\/v2\/categories?post=34546"},{"taxonomy":"post_tag","embeddable":true,"href":"https:\/\/franciscanos.org.br\/vidacrista\/wp-json\/wp\/v2\/tags?post=34546"}],"curies":[{"name":"wp","href":"https:\/\/api.w.org\/{rel}","templated":true}]}}