{"id":33512,"date":"2013-03-01T07:17:07","date_gmt":"2013-03-01T10:17:07","guid":{"rendered":"http:\/\/new.franciscanos.org.br\/?p=33512"},"modified":"2020-05-22T13:01:30","modified_gmt":"2020-05-22T16:01:30","slug":"que-mais-podia-ter-feito","status":"publish","type":"post","link":"https:\/\/franciscanos.org.br\/vidacrista\/que-mais-podia-ter-feito\/","title":{"rendered":"\u201cQue mais podia ter feito?\u201d"},"content":{"rendered":"<p><strong><a href=\"http:\/\/franciscanos.org.br\/wp-content\/uploads\/2013\/03\/cristo_coracao.jpg\"><img decoding=\"async\" loading=\"lazy\" class=\"alignright  wp-image-33523\" title=\"cristo_coracao\" src=\"http:\/\/franciscanos.org.br\/wp-content\/uploads\/2013\/03\/cristo_coracao.jpg\" alt=\"\" width=\"629\" height=\"470\" \/><\/a>1<\/strong>. \u00a0Neste m\u00eas de mar\u00e7o estaremos mais um vez vivendo os dias da Semana das Semanas, da Semana Santa. No desenrolar da Sagrada Liturgia trazemos para o hoje aqueles acontecimentos centrais da f\u00e9 crista: a reuni\u00e3o do Senhor com os seus na ceia de adeus, a solid\u00e3o do Cristo na cruz e sua entrega amorosa ao Pai e aos irm\u00e3os, o sil\u00eancio do s\u00e1bado e as luzes e claridade da Ressurrei\u00e7\u00e3o. Normal que nesse tempo da Quaresma procuremos meios e modos de contemplar mais de perto o amor que se torna oferenda de cruz, amor do Senhor do peito dilacerado pelo soldado. Soam em nossos ouvidos os Lamentos do Senhor da sexta-feira das dores. \u201cQue te fiz, meu povo eleito? Dize em que te contristei? Que mais podia ter feito, em que foi que te faltei. \/ S\u00f3 na cruz me exaltaste quando em tudo te exaltei; por que \u00e0 morte me entregaste? Em que foi que te faltei?\u201d<\/p>\n<p><strong>2.<\/strong> Chegara a hora de Jesus. L\u00e1, em Can\u00e1 da Galileia, ainda n\u00e3o era sua hora. Ali, no alto da cruz, soara sua hora. A contempla\u00e7\u00e3o da Paix\u00e3o e Morte de cruz \u00e9, para n\u00f3s, ocasi\u00e3o de formular em nosso interior os mais sentidos sentimentos de arrependimento por nossas infidelidades, pela tibieza de nossa vida diante de um amor t\u00e3o generoso do Senhor. S\u00e3o Cipriano, em seu Tratado sobre o Bem da Paci\u00eancia, fala dessa virtude vivida por Jesus em todos os momentos, de modo especial, nos \u00faltimos momentos de sua vida: \u201cDurante a pr\u00f3pria paix\u00e3o e cruz, antes que chegasse \u00e0 crueldade da morte e \u00e0 efus\u00e3o do sangue, ouviu pacientemente as inj\u00farias das palavras e tolerou as blasf\u00eamias. Recebeu daqueles que o insultavam, escarros \u2013 ele que, com saliva, pouco antes, abrira os olhos ao cego. Foi flagelado que, pela for\u00e7a do pr\u00f3prio nome, flagela o diabo com seus anjos. Foi coroado de espinhos quem, com flores eterna coroa os m\u00e1rtires. Sofreu a\u00e7oites na face, com palmas quem concede verdadeiras palmas aos vencedores. Foi despojado da veste terrena quem aos outros veste com a imortalidade. Foi alimentado com fel quem oferece alimento celeste. Foi com vinagre saciado em sua sede, quem brindou os outros com uma bebida salutar\u201d. Poder\u00edamos ainda acrescentar: \u201cAquele que, sem pedra para reclinar a cabe\u00e7a, sem casa, aquele que anda pelo mundo fez cavar uma casa para n\u00f3s na intimidade de seu peito aberto pela lan\u00e7a do soldado. Ali, na casa de seu Cora\u00e7\u00e3o, poderemos descansar.<\/p>\n<p><strong>3<\/strong>. A cena do G\u00f3lgota e a cavidade do peito aberto do Senhor nos convidam \u00e0 a\u00e7\u00e3o de gra\u00e7as. Fomos cumulados de um amor vigoroso, de um amor de quem pacientemente sofreu tudo sem reclamos e revoltas. Sabemos que essa paix\u00e3o paciente do Senhor continua de modo especial em todos os que sofrem no corpo e no esp\u00edrito: essas mulheres pisoteadas pelos maridos, esses que se contorcem de dores por causa de uma doen\u00e7a incur\u00e1vel, esses jovens que, aos vinte anos, s\u00e3o trapos ambulantes. Duas atitudes: contemplar e agradecer o amor at\u00e9 o fim e procurar estar o mais perto poss\u00edvel de todo os que continuam em seus membros a paix\u00e3o de Cristo.<\/p>\n<p><strong>4<\/strong>. Continuamos com S\u00e3o Cipriano: \u201cEle, inocente, justo, a pr\u00f3pria inoc\u00eancia e a pr\u00f3pria justi\u00e7a, \u00e9 julgado entre criminosos e, com falsos testemunhos, \u00e9 esmagado, ele, a pr\u00f3pria verdade. \u00c9 julgado, quem h\u00e1 de julgar. Ele, a Palavra de Deus, \u00e9 levado ao sacrif\u00edcio. E, quando junto da cruz do Senhor, as estrelas se confundem, os elementos se perturbam, a terra treme, a noite encerra o dia, ele n\u00e3o fala e n\u00e3o se move, nem manifesta sua majestade, nem ao menos durante a pr\u00f3pria paix\u00e3o, At\u00e9 o fim, perseverante e continuamente, tudo \u00e9 tolerado, para que se consuma, em Cristo, a plena e perfeita paci\u00eancia\u201d.<br \/>\nTerminamos com versos de um hino da Liturgia da Sexta-Feira da Paix\u00e3o: \u201cCravam-lhe os cravos t\u00e3o fundo, seu lado v\u00e3o traspassar; j\u00e1 corre o sangue fecundo, a \u00e1gua p\u00f5e-se a brotar: estrelas, mar, terra e mundo, a todos pode lavar\u201d. Realmente, que mais podia ele ter feito?Obs.: Os textos de S\u00e3o Cipriano aqui transcritos foram tirados do Lecion\u00e1rio Mon\u00e1stico II, p. 546-547.<\/p>\n<p><strong>Frei Almir Ribeiro Guimar\u00e3es<\/strong><\/p>\n","protected":false},"excerpt":{"rendered":"<p>Primeira sexta-feira do m\u00eas<\/p>\n","protected":false},"author":1,"featured_media":184573,"comment_status":"closed","ping_status":"open","sticky":false,"template":"","format":"standard","meta":{"footnotes":""},"categories":[105],"tags":[106,112],"yoast_head":"<!-- This site is optimized with the Yoast SEO plugin v19.4 - https:\/\/yoast.com\/wordpress\/plugins\/seo\/ -->\n<title>\u201cQue mais podia ter feito?\u201d - Vida Crist\u00e3 - Franciscanos<\/title>\n<meta name=\"robots\" content=\"index, follow, max-snippet:-1, max-image-preview:large, max-video-preview:-1\" \/>\n<link rel=\"canonical\" href=\"https:\/\/franciscanos.org.br\/vidacrista\/que-mais-podia-ter-feito\/\" \/>\n<meta property=\"og:locale\" content=\"pt_BR\" \/>\n<meta property=\"og:type\" content=\"article\" \/>\n<meta property=\"og:title\" content=\"\u201cQue mais podia ter feito?\u201d - Vida Crist\u00e3 - Franciscanos\" \/>\n<meta property=\"og:description\" content=\"Primeira sexta-feira do m\u00eas\" \/>\n<meta property=\"og:url\" content=\"https:\/\/franciscanos.org.br\/vidacrista\/que-mais-podia-ter-feito\/\" \/>\n<meta property=\"og:site_name\" content=\"Vida Crist\u00e3 - Franciscanos\" \/>\n<meta property=\"article:published_time\" content=\"2013-03-01T10:17:07+00:00\" \/>\n<meta property=\"article:modified_time\" content=\"2020-05-22T16:01:30+00:00\" \/>\n<meta property=\"og:image\" content=\"https:\/\/franciscanos.org.br\/vidacrista\/wp-content\/uploads\/2018\/04\/cristo_030418.jpg\" \/>\n\t<meta property=\"og:image:width\" content=\"800\" \/>\n\t<meta property=\"og:image:height\" content=\"600\" \/>\n\t<meta property=\"og:image:type\" content=\"image\/jpeg\" \/>\n<meta name=\"author\" content=\"admin\" \/>\n<meta name=\"twitter:card\" content=\"summary_large_image\" \/>\n<meta name=\"twitter:label1\" content=\"Escrito por\" \/>\n\t<meta name=\"twitter:data1\" content=\"admin\" \/>\n\t<meta name=\"twitter:label2\" content=\"Est. tempo de leitura\" \/>\n\t<meta name=\"twitter:data2\" content=\"4 minutos\" \/>\n<script type=\"application\/ld+json\" class=\"yoast-schema-graph\">{\"@context\":\"https:\/\/schema.org\",\"@graph\":[{\"@type\":\"WebSite\",\"@id\":\"https:\/\/franciscanos.org.br\/vidacrista\/#website\",\"url\":\"https:\/\/franciscanos.org.br\/vidacrista\/\",\"name\":\"Vida Crist\u00e3 - Franciscanos\",\"description\":\"Prov\u00edncia Franciscana da Imaculada Concei\u00e7\u00e3o do Brasil - Ordem dos Frades Menores\",\"potentialAction\":[{\"@type\":\"SearchAction\",\"target\":{\"@type\":\"EntryPoint\",\"urlTemplate\":\"https:\/\/franciscanos.org.br\/vidacrista\/?s={search_term_string}\"},\"query-input\":\"required name=search_term_string\"}],\"inLanguage\":\"pt-BR\"},{\"@type\":\"WebPage\",\"@id\":\"https:\/\/franciscanos.org.br\/vidacrista\/que-mais-podia-ter-feito\/\",\"url\":\"https:\/\/franciscanos.org.br\/vidacrista\/que-mais-podia-ter-feito\/\",\"name\":\"\u201cQue mais podia ter feito?\u201d - Vida Crist\u00e3 - Franciscanos\",\"isPartOf\":{\"@id\":\"https:\/\/franciscanos.org.br\/vidacrista\/#website\"},\"datePublished\":\"2013-03-01T10:17:07+00:00\",\"dateModified\":\"2020-05-22T16:01:30+00:00\",\"author\":{\"@id\":\"https:\/\/franciscanos.org.br\/vidacrista\/#\/schema\/person\/133632ca93cec555316a35f76ab4153b\"},\"breadcrumb\":{\"@id\":\"https:\/\/franciscanos.org.br\/vidacrista\/que-mais-podia-ter-feito\/#breadcrumb\"},\"inLanguage\":\"pt-BR\",\"potentialAction\":[{\"@type\":\"ReadAction\",\"target\":[\"https:\/\/franciscanos.org.br\/vidacrista\/que-mais-podia-ter-feito\/\"]}]},{\"@type\":\"BreadcrumbList\",\"@id\":\"https:\/\/franciscanos.org.br\/vidacrista\/que-mais-podia-ter-feito\/#breadcrumb\",\"itemListElement\":[{\"@type\":\"ListItem\",\"position\":1,\"name\":\"Home\",\"item\":\"https:\/\/franciscanos.org.br\/vidacrista\/\"},{\"@type\":\"ListItem\",\"position\":2,\"name\":\"\u201cQue mais podia ter feito?\u201d\"}]},{\"@type\":\"Person\",\"@id\":\"https:\/\/franciscanos.org.br\/vidacrista\/#\/schema\/person\/133632ca93cec555316a35f76ab4153b\",\"name\":\"admin\",\"image\":{\"@type\":\"ImageObject\",\"inLanguage\":\"pt-BR\",\"@id\":\"https:\/\/franciscanos.org.br\/vidacrista\/#\/schema\/person\/image\/\",\"url\":\"https:\/\/secure.gravatar.com\/avatar\/e8495742d34d0ba6448ea1c628263b3e?s=96&d=mm&r=g\",\"contentUrl\":\"https:\/\/secure.gravatar.com\/avatar\/e8495742d34d0ba6448ea1c628263b3e?s=96&d=mm&r=g\",\"caption\":\"admin\"},\"url\":\"https:\/\/franciscanos.org.br\/vidacrista\/author\/admin\/\"}]}<\/script>\n<!-- \/ Yoast SEO plugin. -->","yoast_head_json":{"title":"\u201cQue mais podia ter feito?\u201d - Vida Crist\u00e3 - Franciscanos","robots":{"index":"index","follow":"follow","max-snippet":"max-snippet:-1","max-image-preview":"max-image-preview:large","max-video-preview":"max-video-preview:-1"},"canonical":"https:\/\/franciscanos.org.br\/vidacrista\/que-mais-podia-ter-feito\/","og_locale":"pt_BR","og_type":"article","og_title":"\u201cQue mais podia ter feito?\u201d - Vida Crist\u00e3 - Franciscanos","og_description":"Primeira sexta-feira do m\u00eas","og_url":"https:\/\/franciscanos.org.br\/vidacrista\/que-mais-podia-ter-feito\/","og_site_name":"Vida Crist\u00e3 - Franciscanos","article_published_time":"2013-03-01T10:17:07+00:00","article_modified_time":"2020-05-22T16:01:30+00:00","og_image":[{"width":800,"height":600,"url":"https:\/\/franciscanos.org.br\/vidacrista\/wp-content\/uploads\/2018\/04\/cristo_030418.jpg","type":"image\/jpeg"}],"author":"admin","twitter_card":"summary_large_image","twitter_misc":{"Escrito por":"admin","Est. tempo de leitura":"4 minutos"},"schema":{"@context":"https:\/\/schema.org","@graph":[{"@type":"WebSite","@id":"https:\/\/franciscanos.org.br\/vidacrista\/#website","url":"https:\/\/franciscanos.org.br\/vidacrista\/","name":"Vida Crist\u00e3 - Franciscanos","description":"Prov\u00edncia Franciscana da Imaculada Concei\u00e7\u00e3o do Brasil - Ordem dos Frades Menores","potentialAction":[{"@type":"SearchAction","target":{"@type":"EntryPoint","urlTemplate":"https:\/\/franciscanos.org.br\/vidacrista\/?s={search_term_string}"},"query-input":"required name=search_term_string"}],"inLanguage":"pt-BR"},{"@type":"WebPage","@id":"https:\/\/franciscanos.org.br\/vidacrista\/que-mais-podia-ter-feito\/","url":"https:\/\/franciscanos.org.br\/vidacrista\/que-mais-podia-ter-feito\/","name":"\u201cQue mais podia ter feito?\u201d - Vida Crist\u00e3 - Franciscanos","isPartOf":{"@id":"https:\/\/franciscanos.org.br\/vidacrista\/#website"},"datePublished":"2013-03-01T10:17:07+00:00","dateModified":"2020-05-22T16:01:30+00:00","author":{"@id":"https:\/\/franciscanos.org.br\/vidacrista\/#\/schema\/person\/133632ca93cec555316a35f76ab4153b"},"breadcrumb":{"@id":"https:\/\/franciscanos.org.br\/vidacrista\/que-mais-podia-ter-feito\/#breadcrumb"},"inLanguage":"pt-BR","potentialAction":[{"@type":"ReadAction","target":["https:\/\/franciscanos.org.br\/vidacrista\/que-mais-podia-ter-feito\/"]}]},{"@type":"BreadcrumbList","@id":"https:\/\/franciscanos.org.br\/vidacrista\/que-mais-podia-ter-feito\/#breadcrumb","itemListElement":[{"@type":"ListItem","position":1,"name":"Home","item":"https:\/\/franciscanos.org.br\/vidacrista\/"},{"@type":"ListItem","position":2,"name":"\u201cQue mais podia ter feito?\u201d"}]},{"@type":"Person","@id":"https:\/\/franciscanos.org.br\/vidacrista\/#\/schema\/person\/133632ca93cec555316a35f76ab4153b","name":"admin","image":{"@type":"ImageObject","inLanguage":"pt-BR","@id":"https:\/\/franciscanos.org.br\/vidacrista\/#\/schema\/person\/image\/","url":"https:\/\/secure.gravatar.com\/avatar\/e8495742d34d0ba6448ea1c628263b3e?s=96&d=mm&r=g","contentUrl":"https:\/\/secure.gravatar.com\/avatar\/e8495742d34d0ba6448ea1c628263b3e?s=96&d=mm&r=g","caption":"admin"},"url":"https:\/\/franciscanos.org.br\/vidacrista\/author\/admin\/"}]}},"_links":{"self":[{"href":"https:\/\/franciscanos.org.br\/vidacrista\/wp-json\/wp\/v2\/posts\/33512"}],"collection":[{"href":"https:\/\/franciscanos.org.br\/vidacrista\/wp-json\/wp\/v2\/posts"}],"about":[{"href":"https:\/\/franciscanos.org.br\/vidacrista\/wp-json\/wp\/v2\/types\/post"}],"author":[{"embeddable":true,"href":"https:\/\/franciscanos.org.br\/vidacrista\/wp-json\/wp\/v2\/users\/1"}],"replies":[{"embeddable":true,"href":"https:\/\/franciscanos.org.br\/vidacrista\/wp-json\/wp\/v2\/comments?post=33512"}],"version-history":[{"count":3,"href":"https:\/\/franciscanos.org.br\/vidacrista\/wp-json\/wp\/v2\/posts\/33512\/revisions"}],"predecessor-version":[{"id":184652,"href":"https:\/\/franciscanos.org.br\/vidacrista\/wp-json\/wp\/v2\/posts\/33512\/revisions\/184652"}],"wp:featuredmedia":[{"embeddable":true,"href":"https:\/\/franciscanos.org.br\/vidacrista\/wp-json\/wp\/v2\/media\/184573"}],"wp:attachment":[{"href":"https:\/\/franciscanos.org.br\/vidacrista\/wp-json\/wp\/v2\/media?parent=33512"}],"wp:term":[{"taxonomy":"category","embeddable":true,"href":"https:\/\/franciscanos.org.br\/vidacrista\/wp-json\/wp\/v2\/categories?post=33512"},{"taxonomy":"post_tag","embeddable":true,"href":"https:\/\/franciscanos.org.br\/vidacrista\/wp-json\/wp\/v2\/tags?post=33512"}],"curies":[{"name":"wp","href":"https:\/\/api.w.org\/{rel}","templated":true}]}}