{"id":33136,"date":"2013-02-15T07:42:23","date_gmt":"2013-02-15T09:42:23","guid":{"rendered":"http:\/\/new.franciscanos.org.br\/?p=33136"},"modified":"2020-06-15T09:27:11","modified_gmt":"2020-06-15T12:27:11","slug":"o-resgate-da-categoria-espirito","status":"publish","type":"post","link":"https:\/\/franciscanos.org.br\/vidacrista\/o-resgate-da-categoria-espirito\/","title":{"rendered":"O resgate da categoria \u201cesp\u00edrito\u201d"},"content":{"rendered":"<p><strong><a href=\"http:\/\/franciscanos.org.br\/wp-content\/uploads\/2013\/02\/contemplar.jpg\"><img decoding=\"async\" loading=\"lazy\" class=\"alignright size-full wp-image-33137\" title=\"contemplar\" src=\"http:\/\/franciscanos.org.br\/wp-content\/uploads\/2013\/02\/contemplar.jpg\" alt=\"\" width=\"400\" height=\"400\" \/><\/a>(*) Leonardo Boff<\/strong><\/p>\n<p>Na cultura atual, a palavra \u201cesp\u00edrito\u201d \u00e9 desmoralizada em duas frentes: na cultura <em>letrada<\/em> e na cultura <em>popular<\/em>.<\/p>\n<p>Na cultura <em>letrada<\/em> dominante, \u201cesp\u00edrito\u201d \u00e9 o que se op\u00f5e \u00e0 mat\u00e9ria. Mat\u00e9ria sabemos mais ou menos o que \u00e9, pois pode ser medida, pesada, manipulada e transformada, enquanto \u201cesp\u00edrito\u201d cai no campo do intang\u00edvel, indefinido,\u00a0 e at\u00e9\u00a0 nebuloso. A mat\u00e9ria \u00e9 a palavra-fonte de valores axiais da experi\u00eancia humana dos \u00faltimos s\u00e9culos. A ci\u00eancia moderna se construiu sobre a investiga\u00e7\u00e3o e a domina\u00e7\u00e3o da mat\u00e9ria. Penetrou at\u00e9 as suas \u00faltimas dimens\u00f5es, \u00e0s part\u00edculas elementares, at\u00e9 o campo Higgs no qual se teria dado a primeira condensa\u00e7\u00e3o da energia origin\u00e1ria em mat\u00e9ria: os t\u00e3o buscados b\u00f3sons e h\u00e1drions e a chamada \u201cpart\u00edcula de Deus\u201d. Einstein comprovou que mat\u00e9ria e energia s\u00e3o equipolentes. Mat\u00e9ria n\u00e3o existe. \u00c9 energia altamente condensada e um campo riqu\u00edssimo de intera\u00e7\u00f5es.<\/p>\n<p>Os valores espirituais, na acep\u00e7\u00e3o moderna convencional, situam-se na superestrutura e n\u00e3o cabem nos esquemas cient\u00edficos. Seu lugar \u00e9 o mundo da subjetividade, entregues ao arb\u00edtrio de cada um ou a grupos religiosos. Exprimindo-o de uma maneira um tanto grotesca, mas nem tanto, podemos dizer com Jos\u00e9 Comblin, grande especialista no tema: \u201cQuando se fala em \u2018valores espirituais\u2019, todo mundo imagina que est\u00e1 falando um burgu\u00eas numa reuni\u00e3o do Rotary ou dos Lions Club depois de uma abundante ceia regada a bons vinhos e servida com comidas finas; para o povo em geral \u2018valores espirituais\u2019 equivale a \u2018palavras belas mas ocas\u201d. Ou, ent\u00e3o, pertence ao repert\u00f3rio do discurso eclesi\u00e1stico moralizante, espiritualizante e em rela\u00e7\u00e3o hostil com o mundo moderno.<\/p>\n<p>Em raz\u00e3o disso, a express\u00e3o \u201cvalores espirituais\u201d surge com mais frequ\u00eancia na boca de padres e de bispos de vi\u00e9s conservador. Deles, ouve-se ami\u00fade que a crise do mundo contempor\u00e2neo reside fundamentalmente no abandono do mundo espiritual:\u00a0 a n\u00e3o frequ\u00eancia da Missa ou de qualquer refer\u00eancia expl\u00edcita \u00e0 Igreja hier\u00e1rquica.<\/p>\n<p>Mas com os esc\u00e2ndalos havidos nos \u00faltimos tempos com os padres ped\u00f3filos e com os esc\u00e2ndalos financeiros ligados ao Banco do Vaticano, o discurso oficial dos \u201cvalores espirituais\u201d se desmoralizou. N\u00e3o perdeu valor, mas a inst\u00e2ncia oficial que os anuncia conta com muito pouca audi\u00eancia.<\/p>\n<p>Na cultura <em>popular<\/em>, a palavra \u201cesp\u00edrito\u201d possui grande vig\u00eancia. Ela traduz certa concep\u00e7\u00e3o m\u00e1gica do mundo \u00e0 revelia da racionalidade aprendida na escola. Para grande parte do povo, especialmente os influenciados pela cultura afrobrasileira e ind\u00edgena, o mundo \u00e9 habitado por bons e maus esp\u00edritos que\u00a0 afetam as distintas situa\u00e7\u00f5es da vida como a sa\u00fade e as doen\u00e7as, a vida afetiva, os sucessos e os fracassos, a boa ou a m\u00e1 sorte. O espiritismo codificou esta vis\u00e3o de mundo pela vida da reencarna\u00e7\u00e3o. Possui mais adeptos do que se suspeita.<\/p>\n<p>No entanto, nos \u00faltimos dec\u00eanios nos demos conta de que o excesso de racionalidade em todas as esferas e o consumismo exacerbado geraram satura\u00e7\u00e3o existencial e tamb\u00e9m muita decep\u00e7\u00e3o. A felicidade n\u00e3o se encontra na materialidade das coisas mas em dimens\u00f5es ligadas ao cora\u00e7\u00e3o, ao afeto, \u00e0s rela\u00e7\u00f5es de amor, de solidariedade e de compaix\u00e3o.<\/p>\n<p>Por todas as partes, buscam-se experi\u00eancias espirituais novas, quer dizer, sentidos de vida que v\u00e3o al\u00e9m dos interesses imediatos e da luta cotidiana pela vida. Eles abrem uma perspectiva de ilumina\u00e7\u00e3o e de esperan\u00e7a no meio do mercado de ideias e de propostas convencionais, veiculadas pelos meios de comunica\u00e7\u00e3o e tamb\u00e9m pelas assim chamadas \u201cinstitui\u00e7\u00f5es do sentido\u201d que s\u00e3o as religi\u00f5es, as igrejas e as filosofias de vida. Elas ganharam for\u00e7a atrav\u00e9s dos programas de TV e dos grande shows religiosos que obedecem \u00e0 l\u00f3gica da espetaculariza\u00e7\u00e3o massiva e que, por isso mesmo, se afastam do car\u00e1ter reverente e sagrado de toda religiosidade. Numa sociedade de mercado, a religi\u00e3o e a\u00a0 espiritualidade se transformaram tamb\u00e9m em mercadorias \u00e0 disposi\u00e7\u00e3o do consumo geral. E rendem muito dinheiro.<\/p>\n<p>N\u00e3o obstante a referida mercantiliza\u00e7\u00e3o do religioso, o mundo espiritual come\u00e7ou a ganhar fasc\u00ednio embora, na maioria das vezes, na forma de exoterismo e de literatura de auto-ajuda. Mesmo assim, ele abriu uma brecha na profanidade do mundo e no car\u00e1ter cinzento da sociedade de massa. Nos meios crist\u00e3os emergiram as Igrejas pentecostais, os movimentos carism\u00e1ticos\u00a0 e a centralidade da figura do Esp\u00edrito Santo.<\/p>\n<p>Estes fen\u00f4menos sup\u00f5em um resgate da categoria \u201cesp\u00edrito\u201d num sentido positivo e at\u00e9 anti-sist\u00eamico. O \u201cesp\u00edrito\u201d constitui uma refer\u00eancia consistente e n\u00e3o mais colocada sob suspeita pela cr\u00edtica da modernidade que somente aceitava o que passava pelo crivo da raz\u00e3o. Ocorre que a raz\u00e3o n\u00e3o \u00e9 tudo nem\u00a0 explica tudo. H\u00e1 o irracional e racional. No ser humano h\u00e1 o universo da paix\u00e3o, do afeto e do sentimento que se expressa pela intelig\u00eancia cordial e emocional. O esp\u00edrito n\u00e3o se recusa \u00e0 raz\u00e3o, antes, precisa dela. Mas vai al\u00e9m, englobando-a num patamar mais alto que tem a ver com a intelig\u00eancia, a contempla\u00e7\u00e3o e o sentido superior da vida e da hist\u00f3ria. Em termos da nova cosmologia, ele seria t\u00e3o ancestral quanto o universo, este tamb\u00e9m portador de esp\u00edrito. A era do esp\u00edrito?<\/p>\n<p>A sair pela Vozes, do autor: <em>Fogo do c\u00e9u: <\/em>o Espirito Santo no universo, na humanidade, nas Igrejas e religi\u00f5es 2013.<\/p>\n<p>_________________________________________________________________________________________<\/p>\n<p>(*)\u00a0<strong>Leonardo Boff<\/strong>\u00a0\u00e9 doutor em Filosofia e Teologia, autor\u00a0autor de mais de 60 livros nas \u00e1reas de Teologia, Ecologia, Espiritualidade, Filosofia, Antropologia e M\u00edstica.<\/p>\n","protected":false},"excerpt":{"rendered":"<p>Artigo de Leonardo Boff<\/p>\n","protected":false},"author":1,"featured_media":0,"comment_status":"open","ping_status":"open","sticky":false,"template":"","format":"standard","meta":{"footnotes":""},"categories":[26],"tags":[64,59],"yoast_head":"<!-- This site is optimized with the Yoast SEO plugin v19.4 - https:\/\/yoast.com\/wordpress\/plugins\/seo\/ -->\n<title>O resgate da categoria \u201cesp\u00edrito\u201d - Vida Crist\u00e3 - Franciscanos<\/title>\n<meta name=\"robots\" content=\"index, follow, max-snippet:-1, max-image-preview:large, max-video-preview:-1\" \/>\n<link rel=\"canonical\" href=\"https:\/\/franciscanos.org.br\/vidacrista\/o-resgate-da-categoria-espirito\/\" \/>\n<meta property=\"og:locale\" content=\"pt_BR\" \/>\n<meta property=\"og:type\" content=\"article\" \/>\n<meta property=\"og:title\" content=\"O resgate da categoria \u201cesp\u00edrito\u201d - Vida Crist\u00e3 - Franciscanos\" \/>\n<meta property=\"og:description\" content=\"Artigo de Leonardo Boff\" \/>\n<meta property=\"og:url\" content=\"https:\/\/franciscanos.org.br\/vidacrista\/o-resgate-da-categoria-espirito\/\" \/>\n<meta property=\"og:site_name\" content=\"Vida Crist\u00e3 - Franciscanos\" \/>\n<meta property=\"article:published_time\" content=\"2013-02-15T09:42:23+00:00\" \/>\n<meta property=\"article:modified_time\" content=\"2020-06-15T12:27:11+00:00\" \/>\n<meta property=\"og:image\" content=\"http:\/\/franciscanos.org.br\/wp-content\/uploads\/2013\/02\/contemplar.jpg\" \/>\n<meta name=\"author\" content=\"admin\" \/>\n<meta name=\"twitter:card\" content=\"summary_large_image\" \/>\n<meta name=\"twitter:label1\" content=\"Escrito por\" \/>\n\t<meta name=\"twitter:data1\" content=\"admin\" \/>\n\t<meta name=\"twitter:label2\" content=\"Est. tempo de leitura\" \/>\n\t<meta name=\"twitter:data2\" content=\"5 minutos\" \/>\n<script type=\"application\/ld+json\" class=\"yoast-schema-graph\">{\"@context\":\"https:\/\/schema.org\",\"@graph\":[{\"@type\":\"WebSite\",\"@id\":\"https:\/\/franciscanos.org.br\/vidacrista\/#website\",\"url\":\"https:\/\/franciscanos.org.br\/vidacrista\/\",\"name\":\"Vida Crist\u00e3 - Franciscanos\",\"description\":\"Prov\u00edncia Franciscana da Imaculada Concei\u00e7\u00e3o do Brasil - Ordem dos Frades Menores\",\"potentialAction\":[{\"@type\":\"SearchAction\",\"target\":{\"@type\":\"EntryPoint\",\"urlTemplate\":\"https:\/\/franciscanos.org.br\/vidacrista\/?s={search_term_string}\"},\"query-input\":\"required name=search_term_string\"}],\"inLanguage\":\"pt-BR\"},{\"@type\":\"WebPage\",\"@id\":\"https:\/\/franciscanos.org.br\/vidacrista\/o-resgate-da-categoria-espirito\/\",\"url\":\"https:\/\/franciscanos.org.br\/vidacrista\/o-resgate-da-categoria-espirito\/\",\"name\":\"O resgate da categoria \u201cesp\u00edrito\u201d - Vida Crist\u00e3 - Franciscanos\",\"isPartOf\":{\"@id\":\"https:\/\/franciscanos.org.br\/vidacrista\/#website\"},\"datePublished\":\"2013-02-15T09:42:23+00:00\",\"dateModified\":\"2020-06-15T12:27:11+00:00\",\"author\":{\"@id\":\"https:\/\/franciscanos.org.br\/vidacrista\/#\/schema\/person\/133632ca93cec555316a35f76ab4153b\"},\"breadcrumb\":{\"@id\":\"https:\/\/franciscanos.org.br\/vidacrista\/o-resgate-da-categoria-espirito\/#breadcrumb\"},\"inLanguage\":\"pt-BR\",\"potentialAction\":[{\"@type\":\"ReadAction\",\"target\":[\"https:\/\/franciscanos.org.br\/vidacrista\/o-resgate-da-categoria-espirito\/\"]}]},{\"@type\":\"BreadcrumbList\",\"@id\":\"https:\/\/franciscanos.org.br\/vidacrista\/o-resgate-da-categoria-espirito\/#breadcrumb\",\"itemListElement\":[{\"@type\":\"ListItem\",\"position\":1,\"name\":\"Home\",\"item\":\"https:\/\/franciscanos.org.br\/vidacrista\/\"},{\"@type\":\"ListItem\",\"position\":2,\"name\":\"O resgate da categoria \u201cesp\u00edrito\u201d\"}]},{\"@type\":\"Person\",\"@id\":\"https:\/\/franciscanos.org.br\/vidacrista\/#\/schema\/person\/133632ca93cec555316a35f76ab4153b\",\"name\":\"admin\",\"image\":{\"@type\":\"ImageObject\",\"inLanguage\":\"pt-BR\",\"@id\":\"https:\/\/franciscanos.org.br\/vidacrista\/#\/schema\/person\/image\/\",\"url\":\"https:\/\/secure.gravatar.com\/avatar\/e8495742d34d0ba6448ea1c628263b3e?s=96&d=mm&r=g\",\"contentUrl\":\"https:\/\/secure.gravatar.com\/avatar\/e8495742d34d0ba6448ea1c628263b3e?s=96&d=mm&r=g\",\"caption\":\"admin\"},\"url\":\"https:\/\/franciscanos.org.br\/vidacrista\/author\/admin\/\"}]}<\/script>\n<!-- \/ Yoast SEO plugin. -->","yoast_head_json":{"title":"O resgate da categoria \u201cesp\u00edrito\u201d - Vida Crist\u00e3 - Franciscanos","robots":{"index":"index","follow":"follow","max-snippet":"max-snippet:-1","max-image-preview":"max-image-preview:large","max-video-preview":"max-video-preview:-1"},"canonical":"https:\/\/franciscanos.org.br\/vidacrista\/o-resgate-da-categoria-espirito\/","og_locale":"pt_BR","og_type":"article","og_title":"O resgate da categoria \u201cesp\u00edrito\u201d - Vida Crist\u00e3 - Franciscanos","og_description":"Artigo de Leonardo Boff","og_url":"https:\/\/franciscanos.org.br\/vidacrista\/o-resgate-da-categoria-espirito\/","og_site_name":"Vida Crist\u00e3 - Franciscanos","article_published_time":"2013-02-15T09:42:23+00:00","article_modified_time":"2020-06-15T12:27:11+00:00","og_image":[{"url":"http:\/\/franciscanos.org.br\/wp-content\/uploads\/2013\/02\/contemplar.jpg"}],"author":"admin","twitter_card":"summary_large_image","twitter_misc":{"Escrito por":"admin","Est. tempo de leitura":"5 minutos"},"schema":{"@context":"https:\/\/schema.org","@graph":[{"@type":"WebSite","@id":"https:\/\/franciscanos.org.br\/vidacrista\/#website","url":"https:\/\/franciscanos.org.br\/vidacrista\/","name":"Vida Crist\u00e3 - Franciscanos","description":"Prov\u00edncia Franciscana da Imaculada Concei\u00e7\u00e3o do Brasil - Ordem dos Frades Menores","potentialAction":[{"@type":"SearchAction","target":{"@type":"EntryPoint","urlTemplate":"https:\/\/franciscanos.org.br\/vidacrista\/?s={search_term_string}"},"query-input":"required name=search_term_string"}],"inLanguage":"pt-BR"},{"@type":"WebPage","@id":"https:\/\/franciscanos.org.br\/vidacrista\/o-resgate-da-categoria-espirito\/","url":"https:\/\/franciscanos.org.br\/vidacrista\/o-resgate-da-categoria-espirito\/","name":"O resgate da categoria \u201cesp\u00edrito\u201d - Vida Crist\u00e3 - Franciscanos","isPartOf":{"@id":"https:\/\/franciscanos.org.br\/vidacrista\/#website"},"datePublished":"2013-02-15T09:42:23+00:00","dateModified":"2020-06-15T12:27:11+00:00","author":{"@id":"https:\/\/franciscanos.org.br\/vidacrista\/#\/schema\/person\/133632ca93cec555316a35f76ab4153b"},"breadcrumb":{"@id":"https:\/\/franciscanos.org.br\/vidacrista\/o-resgate-da-categoria-espirito\/#breadcrumb"},"inLanguage":"pt-BR","potentialAction":[{"@type":"ReadAction","target":["https:\/\/franciscanos.org.br\/vidacrista\/o-resgate-da-categoria-espirito\/"]}]},{"@type":"BreadcrumbList","@id":"https:\/\/franciscanos.org.br\/vidacrista\/o-resgate-da-categoria-espirito\/#breadcrumb","itemListElement":[{"@type":"ListItem","position":1,"name":"Home","item":"https:\/\/franciscanos.org.br\/vidacrista\/"},{"@type":"ListItem","position":2,"name":"O resgate da categoria \u201cesp\u00edrito\u201d"}]},{"@type":"Person","@id":"https:\/\/franciscanos.org.br\/vidacrista\/#\/schema\/person\/133632ca93cec555316a35f76ab4153b","name":"admin","image":{"@type":"ImageObject","inLanguage":"pt-BR","@id":"https:\/\/franciscanos.org.br\/vidacrista\/#\/schema\/person\/image\/","url":"https:\/\/secure.gravatar.com\/avatar\/e8495742d34d0ba6448ea1c628263b3e?s=96&d=mm&r=g","contentUrl":"https:\/\/secure.gravatar.com\/avatar\/e8495742d34d0ba6448ea1c628263b3e?s=96&d=mm&r=g","caption":"admin"},"url":"https:\/\/franciscanos.org.br\/vidacrista\/author\/admin\/"}]}},"_links":{"self":[{"href":"https:\/\/franciscanos.org.br\/vidacrista\/wp-json\/wp\/v2\/posts\/33136"}],"collection":[{"href":"https:\/\/franciscanos.org.br\/vidacrista\/wp-json\/wp\/v2\/posts"}],"about":[{"href":"https:\/\/franciscanos.org.br\/vidacrista\/wp-json\/wp\/v2\/types\/post"}],"author":[{"embeddable":true,"href":"https:\/\/franciscanos.org.br\/vidacrista\/wp-json\/wp\/v2\/users\/1"}],"replies":[{"embeddable":true,"href":"https:\/\/franciscanos.org.br\/vidacrista\/wp-json\/wp\/v2\/comments?post=33136"}],"version-history":[{"count":1,"href":"https:\/\/franciscanos.org.br\/vidacrista\/wp-json\/wp\/v2\/posts\/33136\/revisions"}],"predecessor-version":[{"id":185572,"href":"https:\/\/franciscanos.org.br\/vidacrista\/wp-json\/wp\/v2\/posts\/33136\/revisions\/185572"}],"wp:attachment":[{"href":"https:\/\/franciscanos.org.br\/vidacrista\/wp-json\/wp\/v2\/media?parent=33136"}],"wp:term":[{"taxonomy":"category","embeddable":true,"href":"https:\/\/franciscanos.org.br\/vidacrista\/wp-json\/wp\/v2\/categories?post=33136"},{"taxonomy":"post_tag","embeddable":true,"href":"https:\/\/franciscanos.org.br\/vidacrista\/wp-json\/wp\/v2\/tags?post=33136"}],"curies":[{"name":"wp","href":"https:\/\/api.w.org\/{rel}","templated":true}]}}