{"id":32326,"date":"2013-02-01T09:40:09","date_gmt":"2013-02-01T11:40:09","guid":{"rendered":"http:\/\/new.franciscanos.org.br\/?p=32326"},"modified":"2019-03-01T13:23:34","modified_gmt":"2019-03-01T16:23:34","slug":"extasiados-diante-de-tanto-amor","status":"publish","type":"post","link":"https:\/\/franciscanos.org.br\/vidacrista\/extasiados-diante-de-tanto-amor\/","title":{"rendered":"Extasiados diante de tanto amor!"},"content":{"rendered":"<blockquote><p>Gostamos de nos deter diante do amor de Jesus mormente\u00a0 manifestado em sua paix\u00e3o, morte e ressurrei\u00e7\u00e3o.\u00a0 Fazemo-lo sempre, mas de modo especial, \u00a0diante do Cora\u00e7\u00e3o aberto do Senhor.\u00a0 N\u00e3o se trata de um mero diletantismo.\u00a0 Queremos ser gratos ao amor do Senhor e sempre somos acordados para a urg\u00eancia de amar na mesma qualidade desse amor.<\/p><\/blockquote>\n<p><em><strong><img decoding=\"async\" loading=\"lazy\" class=\"alignright size-full wp-image-32327\" title=\"Primeira sexta-feira\" src=\"http:\/\/franciscanos.org.br\/wp-content\/uploads\/2013\/02\/coracao_gg.jpg\" alt=\"\" width=\"450\" height=\"361\" \/>1.<\/strong> \u201c\u00d3 morte, princ\u00edpio de imortalidade e origem de vida! \u00d3 descida \u00e0 mans\u00e3o dos mortos que lan\u00e7a uma ponte a fim de que eles passem ao reino da vida. \u00d3 meio dia da morte de Cristo, recorda\u00e7\u00e3o daquele meio dia do para\u00edso\u00a0 em que Eva colheu o fruto!\u00a0 \u00d3 cravos que fixam o mundo para Deus e traspassam a morte! \u00d3 espinhos, fruto da videira m\u00e1!\u00a0 \u00d3 fel,\u00a0 que d\u00e1s a do\u00e7ura da f\u00e9! \u00d3 esponja, que lavas o mundo de seu pecado!\u00a0 \u00d3 instrumento que inscreves os fi\u00e9is no livro da vida!\u201d <\/em>\u00a0<em>(S\u00e3o Proco de Constantinopla, bispo).<\/em><\/p>\n<p><strong>2.<\/strong> Aquele que viera na calada da noite e se manifestara aos pastores, que fora envolvido em paninhos quentes pela m\u00e3e, agora, no meio do dia, est\u00e1 preso \u00e0 cruz, desnudado, sem o manto do amor. Cravos fixam-no ao madeiro.\u00a0 Ele t\u00e3o fr\u00e1gil e t\u00e3o cheio de amanh\u00e3 no pres\u00e9pio das palhas, \u00a0t\u00e3o lastimosamente abandonado no alto da cruz.\u00a0 Morte, triste e tem\u00edvel, morte.\u00a0 Mas essa morte de Cristo acaba com a abomina\u00e7\u00e3o da morte: o sono de Cristo \u00e9 origem de vida.<\/p>\n<p><strong>3.<\/strong> Proco de Constantinopla inventa essa imagem: o meio dia. H\u00e1 o meio dia do para\u00edso em que os pais haviam comido da \u00e1rvore.\u00a0 H\u00e1 o meio dia do Calv\u00e1rio em que Cristo, fruto da \u00e1rvore nova, \u00e1rvore da vida, d\u00e1 vida aos que est\u00e3o desfalecendo.<\/p>\n<p><strong>4.<\/strong> Cravos, pregos fixam Jesus \u00e0 cruz. Os cravos e pregos das paix\u00f5es nos fixam em nosso eu louco e desvairado.\u00a0 Fazemos a dolorida experi\u00eancia de que somos escravos de n\u00f3s mesmos, \u00a0experi\u00eancia desse \u00edmpeto de sermos os donos de nossa vida.\u00a0 Saboreamos adoidadamente\u00a0 frutos que parecem t\u00e3o suculentos e, quando os comemos, h\u00e1 uma esp\u00e9cie de gosto amargo dentro de n\u00f3s. Os pregos que nos prendiam \u00e0s paix\u00f5es s\u00e3o destru\u00eddos pelos cravos que\u00a0 fixaram Jesus \u00e0 cruz.\u00a0 Fomos libertos de nossas amarras pelos cravos\u00a0 do Mestre.<\/p>\n<p><strong>5.<\/strong> Vemos o\u00a0 Cristo coroado de espinhos e o sangue a banhar seu rosto, sangue que se mistura com a poeira e o suor.\u00a0 Lembramo-nos\u00a0 desses espinhos que n\u00e3o deixam plantinha crescer, segundo a par\u00e1bola do semeador.\u00a0 Esses cuidados por tantas coisas que nos tornam med\u00edocres ouvintes das palavras da Palavra.\u00a0 Nem sempre a Palavra cai em bom terreno.\u00a0 H\u00e1 cuidados tolos a vida toda.<\/p>\n<p><strong>6.<\/strong> O fel chega \u00e0 boca do Senhor. Fel se op\u00f5e a mel.\u00a0\u00a0 Quando Francisco de\u00a0 Assis come\u00e7ou seu caminho para a luz, quando come\u00e7ou a querer ser mudado, disse:\u00a0 \u201cFoi assim que o Senhor concedeu a mim, frei Francisco,\u00a0 come\u00e7ar um caminho de penit\u00eancia: como eu estivesse em pecados, parecia-me sobremaneira\u00a0 amargo ver leprosos. E o pr\u00f3prio Senhor me conduziu entre eles, e fiz miseric\u00f3rdia com eles. E afastando-me deles, aquilo que me parecia amargo, se\u00a0 me\u00a0 converteu em do\u00e7ura da alma e do corpo; e depois demorei s\u00f3 um pouco e sa\u00ed do mundo\u201d\u00a0 (<em>Testamento\u00a0 1-3<\/em>).\u00a0 O fel\u00a0 quando bebido com caridade perde seu amargor.\u00a0 A convers\u00e3o nos permite descobrir outras facetas da vida.<\/p>\n<p><strong>7.<\/strong> Proco v\u00ea\u00a0 na esponja n\u00e3o em primeiro o lugar o fato de estar impregnada de um l\u00edquido que pode matar a sede, mas na esponja que lava.\u00a0 \u201c\u00d3 esponja, lavas o mundo do seu pecado\u201d.\u00a0 A esponja com \u00e1gua lava e mata a sede.\u00a0 E do peito de Jesus brota uma nova \u00e1gua. O\u00a0\u00a0 Cora\u00e7\u00e3o de Jesus \u00e9 fonte.\u00a0 O Cora\u00e7\u00e3o de Jesus \u00e9 fonte de \u00e1gua que mata nossa sede de plenitude, \u00a0\u00e1gua que lava o corpo dos fi\u00e9is e seus cora\u00e7\u00f5es.<\/p>\n<p><strong>\u201c\u00d3 descida \u00e0 mans\u00e3o dos mortos que lan\u00e7a uma ponte\u00a0 a fim de que eles passem para o reino da vida\u201d!<\/strong><\/p>\n<div><strong><strong>Frei Almir Guimar\u00e3es<\/strong><\/strong><\/div>\n","protected":false},"excerpt":{"rendered":"<p>1\u00aa sexta-feira do m\u00eas<\/p>\n","protected":false},"author":1,"featured_media":178035,"comment_status":"closed","ping_status":"closed","sticky":false,"template":"","format":"standard","meta":{"footnotes":""},"categories":[105],"tags":[106,112],"yoast_head":"<!-- This site is optimized with the Yoast SEO plugin v19.4 - https:\/\/yoast.com\/wordpress\/plugins\/seo\/ -->\n<title>Extasiados diante de tanto amor! - Vida Crist\u00e3 - Franciscanos<\/title>\n<meta name=\"robots\" content=\"index, follow, max-snippet:-1, max-image-preview:large, max-video-preview:-1\" \/>\n<link rel=\"canonical\" href=\"https:\/\/franciscanos.org.br\/vidacrista\/extasiados-diante-de-tanto-amor\/\" \/>\n<meta property=\"og:locale\" content=\"pt_BR\" \/>\n<meta property=\"og:type\" content=\"article\" \/>\n<meta property=\"og:title\" content=\"Extasiados diante de tanto amor! - Vida Crist\u00e3 - Franciscanos\" \/>\n<meta property=\"og:description\" content=\"1\u00aa sexta-feira do m\u00eas\" \/>\n<meta property=\"og:url\" content=\"https:\/\/franciscanos.org.br\/vidacrista\/extasiados-diante-de-tanto-amor\/\" \/>\n<meta property=\"og:site_name\" content=\"Vida Crist\u00e3 - Franciscanos\" \/>\n<meta property=\"article:published_time\" content=\"2013-02-01T11:40:09+00:00\" \/>\n<meta property=\"article:modified_time\" content=\"2019-03-01T16:23:34+00:00\" \/>\n<meta property=\"og:image\" content=\"https:\/\/franciscanos.org.br\/vidacrista\/wp-content\/uploads\/2013\/02\/sagrado_010213.jpg\" \/>\n\t<meta property=\"og:image:width\" content=\"273\" \/>\n\t<meta property=\"og:image:height\" content=\"181\" \/>\n\t<meta property=\"og:image:type\" content=\"image\/jpeg\" \/>\n<meta name=\"author\" content=\"admin\" \/>\n<meta name=\"twitter:card\" content=\"summary_large_image\" \/>\n<meta name=\"twitter:label1\" content=\"Escrito por\" \/>\n\t<meta name=\"twitter:data1\" content=\"admin\" \/>\n\t<meta name=\"twitter:label2\" content=\"Est. tempo de leitura\" \/>\n\t<meta name=\"twitter:data2\" content=\"3 minutos\" \/>\n<script type=\"application\/ld+json\" class=\"yoast-schema-graph\">{\"@context\":\"https:\/\/schema.org\",\"@graph\":[{\"@type\":\"WebSite\",\"@id\":\"https:\/\/franciscanos.org.br\/vidacrista\/#website\",\"url\":\"https:\/\/franciscanos.org.br\/vidacrista\/\",\"name\":\"Vida Crist\u00e3 - Franciscanos\",\"description\":\"Prov\u00edncia Franciscana da Imaculada Concei\u00e7\u00e3o do Brasil - Ordem dos Frades Menores\",\"potentialAction\":[{\"@type\":\"SearchAction\",\"target\":{\"@type\":\"EntryPoint\",\"urlTemplate\":\"https:\/\/franciscanos.org.br\/vidacrista\/?s={search_term_string}\"},\"query-input\":\"required name=search_term_string\"}],\"inLanguage\":\"pt-BR\"},{\"@type\":\"WebPage\",\"@id\":\"https:\/\/franciscanos.org.br\/vidacrista\/extasiados-diante-de-tanto-amor\/\",\"url\":\"https:\/\/franciscanos.org.br\/vidacrista\/extasiados-diante-de-tanto-amor\/\",\"name\":\"Extasiados diante de tanto amor! - Vida Crist\u00e3 - Franciscanos\",\"isPartOf\":{\"@id\":\"https:\/\/franciscanos.org.br\/vidacrista\/#website\"},\"datePublished\":\"2013-02-01T11:40:09+00:00\",\"dateModified\":\"2019-03-01T16:23:34+00:00\",\"author\":{\"@id\":\"https:\/\/franciscanos.org.br\/vidacrista\/#\/schema\/person\/133632ca93cec555316a35f76ab4153b\"},\"breadcrumb\":{\"@id\":\"https:\/\/franciscanos.org.br\/vidacrista\/extasiados-diante-de-tanto-amor\/#breadcrumb\"},\"inLanguage\":\"pt-BR\",\"potentialAction\":[{\"@type\":\"ReadAction\",\"target\":[\"https:\/\/franciscanos.org.br\/vidacrista\/extasiados-diante-de-tanto-amor\/\"]}]},{\"@type\":\"BreadcrumbList\",\"@id\":\"https:\/\/franciscanos.org.br\/vidacrista\/extasiados-diante-de-tanto-amor\/#breadcrumb\",\"itemListElement\":[{\"@type\":\"ListItem\",\"position\":1,\"name\":\"Home\",\"item\":\"https:\/\/franciscanos.org.br\/vidacrista\/\"},{\"@type\":\"ListItem\",\"position\":2,\"name\":\"Extasiados diante de tanto amor!\"}]},{\"@type\":\"Person\",\"@id\":\"https:\/\/franciscanos.org.br\/vidacrista\/#\/schema\/person\/133632ca93cec555316a35f76ab4153b\",\"name\":\"admin\",\"image\":{\"@type\":\"ImageObject\",\"inLanguage\":\"pt-BR\",\"@id\":\"https:\/\/franciscanos.org.br\/vidacrista\/#\/schema\/person\/image\/\",\"url\":\"https:\/\/secure.gravatar.com\/avatar\/e8495742d34d0ba6448ea1c628263b3e?s=96&d=mm&r=g\",\"contentUrl\":\"https:\/\/secure.gravatar.com\/avatar\/e8495742d34d0ba6448ea1c628263b3e?s=96&d=mm&r=g\",\"caption\":\"admin\"},\"url\":\"https:\/\/franciscanos.org.br\/vidacrista\/author\/admin\/\"}]}<\/script>\n<!-- \/ Yoast SEO plugin. -->","yoast_head_json":{"title":"Extasiados diante de tanto amor! - Vida Crist\u00e3 - Franciscanos","robots":{"index":"index","follow":"follow","max-snippet":"max-snippet:-1","max-image-preview":"max-image-preview:large","max-video-preview":"max-video-preview:-1"},"canonical":"https:\/\/franciscanos.org.br\/vidacrista\/extasiados-diante-de-tanto-amor\/","og_locale":"pt_BR","og_type":"article","og_title":"Extasiados diante de tanto amor! - Vida Crist\u00e3 - Franciscanos","og_description":"1\u00aa sexta-feira do m\u00eas","og_url":"https:\/\/franciscanos.org.br\/vidacrista\/extasiados-diante-de-tanto-amor\/","og_site_name":"Vida Crist\u00e3 - Franciscanos","article_published_time":"2013-02-01T11:40:09+00:00","article_modified_time":"2019-03-01T16:23:34+00:00","og_image":[{"width":273,"height":181,"url":"https:\/\/franciscanos.org.br\/vidacrista\/wp-content\/uploads\/2013\/02\/sagrado_010213.jpg","type":"image\/jpeg"}],"author":"admin","twitter_card":"summary_large_image","twitter_misc":{"Escrito por":"admin","Est. tempo de leitura":"3 minutos"},"schema":{"@context":"https:\/\/schema.org","@graph":[{"@type":"WebSite","@id":"https:\/\/franciscanos.org.br\/vidacrista\/#website","url":"https:\/\/franciscanos.org.br\/vidacrista\/","name":"Vida Crist\u00e3 - Franciscanos","description":"Prov\u00edncia Franciscana da Imaculada Concei\u00e7\u00e3o do Brasil - Ordem dos Frades Menores","potentialAction":[{"@type":"SearchAction","target":{"@type":"EntryPoint","urlTemplate":"https:\/\/franciscanos.org.br\/vidacrista\/?s={search_term_string}"},"query-input":"required name=search_term_string"}],"inLanguage":"pt-BR"},{"@type":"WebPage","@id":"https:\/\/franciscanos.org.br\/vidacrista\/extasiados-diante-de-tanto-amor\/","url":"https:\/\/franciscanos.org.br\/vidacrista\/extasiados-diante-de-tanto-amor\/","name":"Extasiados diante de tanto amor! - Vida Crist\u00e3 - Franciscanos","isPartOf":{"@id":"https:\/\/franciscanos.org.br\/vidacrista\/#website"},"datePublished":"2013-02-01T11:40:09+00:00","dateModified":"2019-03-01T16:23:34+00:00","author":{"@id":"https:\/\/franciscanos.org.br\/vidacrista\/#\/schema\/person\/133632ca93cec555316a35f76ab4153b"},"breadcrumb":{"@id":"https:\/\/franciscanos.org.br\/vidacrista\/extasiados-diante-de-tanto-amor\/#breadcrumb"},"inLanguage":"pt-BR","potentialAction":[{"@type":"ReadAction","target":["https:\/\/franciscanos.org.br\/vidacrista\/extasiados-diante-de-tanto-amor\/"]}]},{"@type":"BreadcrumbList","@id":"https:\/\/franciscanos.org.br\/vidacrista\/extasiados-diante-de-tanto-amor\/#breadcrumb","itemListElement":[{"@type":"ListItem","position":1,"name":"Home","item":"https:\/\/franciscanos.org.br\/vidacrista\/"},{"@type":"ListItem","position":2,"name":"Extasiados diante de tanto amor!"}]},{"@type":"Person","@id":"https:\/\/franciscanos.org.br\/vidacrista\/#\/schema\/person\/133632ca93cec555316a35f76ab4153b","name":"admin","image":{"@type":"ImageObject","inLanguage":"pt-BR","@id":"https:\/\/franciscanos.org.br\/vidacrista\/#\/schema\/person\/image\/","url":"https:\/\/secure.gravatar.com\/avatar\/e8495742d34d0ba6448ea1c628263b3e?s=96&d=mm&r=g","contentUrl":"https:\/\/secure.gravatar.com\/avatar\/e8495742d34d0ba6448ea1c628263b3e?s=96&d=mm&r=g","caption":"admin"},"url":"https:\/\/franciscanos.org.br\/vidacrista\/author\/admin\/"}]}},"_links":{"self":[{"href":"https:\/\/franciscanos.org.br\/vidacrista\/wp-json\/wp\/v2\/posts\/32326"}],"collection":[{"href":"https:\/\/franciscanos.org.br\/vidacrista\/wp-json\/wp\/v2\/posts"}],"about":[{"href":"https:\/\/franciscanos.org.br\/vidacrista\/wp-json\/wp\/v2\/types\/post"}],"author":[{"embeddable":true,"href":"https:\/\/franciscanos.org.br\/vidacrista\/wp-json\/wp\/v2\/users\/1"}],"replies":[{"embeddable":true,"href":"https:\/\/franciscanos.org.br\/vidacrista\/wp-json\/wp\/v2\/comments?post=32326"}],"version-history":[{"count":1,"href":"https:\/\/franciscanos.org.br\/vidacrista\/wp-json\/wp\/v2\/posts\/32326\/revisions"}],"predecessor-version":[{"id":178036,"href":"https:\/\/franciscanos.org.br\/vidacrista\/wp-json\/wp\/v2\/posts\/32326\/revisions\/178036"}],"wp:featuredmedia":[{"embeddable":true,"href":"https:\/\/franciscanos.org.br\/vidacrista\/wp-json\/wp\/v2\/media\/178035"}],"wp:attachment":[{"href":"https:\/\/franciscanos.org.br\/vidacrista\/wp-json\/wp\/v2\/media?parent=32326"}],"wp:term":[{"taxonomy":"category","embeddable":true,"href":"https:\/\/franciscanos.org.br\/vidacrista\/wp-json\/wp\/v2\/categories?post=32326"},{"taxonomy":"post_tag","embeddable":true,"href":"https:\/\/franciscanos.org.br\/vidacrista\/wp-json\/wp\/v2\/tags?post=32326"}],"curies":[{"name":"wp","href":"https:\/\/api.w.org\/{rel}","templated":true}]}}