{"id":31350,"date":"2012-12-28T09:39:17","date_gmt":"2012-12-28T11:39:17","guid":{"rendered":"http:\/\/new.franciscanos.org.br\/?p=31350"},"modified":"2019-03-02T10:05:39","modified_gmt":"2019-03-02T13:05:39","slug":"o-lado-de-um-cura-o-lado-do-outro","status":"publish","type":"post","link":"https:\/\/franciscanos.org.br\/vidacrista\/o-lado-de-um-cura-o-lado-do-outro\/","title":{"rendered":"O lado de um cura o lado do outro"},"content":{"rendered":"<h4 style=\"text-align: left;\" align=\"right\">O lado de Jesus e o lado de Ad\u00e3o<\/h4>\n<blockquote>\n<div id=\"attachment_31427\" style=\"width: 410px\" class=\"wp-caption alignright\"><a href=\"http:\/\/franciscanos.org.br\/wp-content\/uploads\/2012\/12\/batismo.jpg\"><img aria-describedby=\"caption-attachment-31427\" decoding=\"async\" loading=\"lazy\" class=\"size-full wp-image-31427\" title=\"batismo\" src=\"http:\/\/franciscanos.org.br\/wp-content\/uploads\/2012\/12\/batismo.jpg\" alt=\"\" width=\"400\" height=\"584\" \/><\/a><p id=\"caption-attachment-31427\" class=\"wp-caption-text\">Batismo de Jesus, pintura de Guido Reni<\/p><\/div>\n<p style=\"text-align: left;\" align=\"right\"><em>Este \u00e9 o meu Filho amado.\u00a0<\/em>Tem fome e alimenta multid\u00f5es inumer\u00e1veis; afadiga-se a alivia os fatigados;\u00a0 n\u00e3o tem onde reclinar a cabe\u00e7a e tudo sustenta com suas m\u00e3os;\u00a0 sofre e d\u00e1 rem\u00e9dio a todos os sofrimentos;\u00a0 \u00e9 esbofeteado e d\u00e1 liberdade ao mundo; traspassaram o seu lado e ele cura o de Ad\u00e3o. Prestai-me toda aten\u00e7\u00e3o:\u00a0 quero acorrer ao manancial da vida e contemplar a fonte de onde jorram os rem\u00e9dios da salva\u00e7\u00e3o (<span style=\"text-decoration: underline;\">Do\u00a0 Serm\u00e3o\u00a0 sobre a Santa Teofania, atribu\u00eddo a Santo Hip\u00f3lito de Roma, presb\u00edtero<\/span>).<\/p>\n<\/blockquote>\n<p><strong>1.<\/strong> O tempo alegre do Natal se fecha e culmina com a festa do Batismo do Senhor. O servo santo e imaculado entra nas \u00e1guas do Jord\u00e3o. Associa-se ao cortejo dos pecadores. Caminha com passos decididos em dire\u00e7\u00e3o de Jo\u00e3o. Lucas assim\u00a0 descreve o momento do batismo do Senhor:\u00a0 \u201cEnquanto ele rezava, o c\u00e9u se abriu e o Esp\u00edrito Santo desceu sobre\u00a0 Jesus\u00a0 em forma vis\u00edvel como\u00a0 pomba. E o c\u00e9u veio uma voz: Tu \u00e9s o meu Filho amado, em ti ponho meu bem querer\u201d (Lc 3,\u00a0 22). Temos diante de nossos olhos a figura\u00a0 ador\u00e1vel do amado Filho do Pai.\u00a0 Toda a vida do disc\u00edpulo n\u00e3o consistir\u00e1 em outra coisa sen\u00e3o de ouvir a voz do\u00a0 Filho amado e a ela ser fiel.\u00a0 Em seu\u00a0 Batismo, Jesus se associa ao cortejo dos pecadores.\u00a0 Se faz pecador conosco.<\/p>\n<p><strong>2.<\/strong> Jesus \u00e9, com efeito, um paradoxo.\u00a0 \u00c9 tudo e \u00e9 nada. \u00c9 grande e pequeno. \u00c9 grande na pequenez. Tem fome, \u00a0mas monta a mesa de seu corpo para alimentar os\u00a0 famintos. T\u00e3o cansado e t\u00e3o exausto ele chama a si os desanimados e fracos e os recomp\u00f5e e\u00a0 restaura. Sofre toda sorte de desconforto e d\u00e1 rem\u00e9dio aos sofrimentos. Em sua fragilidade se torna for\u00e7a.\u00a0 A for\u00e7a de Deus est\u00e1 na fraqueza do Filho amado.\u00a0 Seu peito rasgado pela lan\u00e7a cura o lado do homem.<\/p>\n<p><strong>3.<\/strong> O Jesus que entra nas \u00e1guas do Jord\u00e3o, que se associa ao cortejo dos pecadores, santifica as \u00e1guas&#8230; Todos os que mais tarde seriam batizados haveriam de mergulhar nas \u00e1guas marcadas pela presen\u00e7a do Filho amado.\u00a0 Santo Efrem\u00a0 coloca bel\u00edssimas palavras nos l\u00e1bios de Cristo que se dirige a Jo\u00e3o, o Batista:\u00a0 \u201cEu quero, Jo\u00e3o, aproxima-te e confere-me o batismo para que se realize a minha vontade. N\u00e3o podes resistir \u00e0 minha vontade; serei batizado por ti porque assim quero.\u00a0 Tu tremes e, contra a minha vontade, n\u00e3o percebes que te pedi um batismo muito importante para mim.\u00a0 Cumpre a obra para\u00a0 a qual foste chamado.\u00a0 Pelo meu batismo \u00e9 que as \u00e1guas ser\u00e3o santificadas, recebendo de mim o fogo e o Esp\u00edrito. Se eu n\u00e3o receber o batismo, elas\u00a0 n\u00e3o ter\u00e3o o poder de gerar filhos imortais.\u00a0 \u00c9 absolutamente indispens\u00e1vel que me batizes, sem discuss\u00e3o como te ordenei.\u00a0 Eu te batizei no seio materno; batiza-me no Jord\u00e3o\u201d.<\/p>\n<p><strong>4. <\/strong>Aquele que recebe o\u00a0 batismo de Jo\u00e3o no Jord\u00e3o teria uma outra \u00e1gua a oferecer: a \u00e1gua de seu lado aberto.\u00a0 O lado ferido pelo soldado cura\u00a0 Ad\u00e3o e \u00a0a mulher que saiu de seu lado aberto. O Cora\u00e7\u00e3o de Jesus, seu peito aberto, \u00e9 manancial de toda salva\u00e7\u00e3o. \u00a0\u00c1gua do peito de Jesus que lava peito de Ad\u00e3o.\u00a0 Batismo, santo batismo da regenera\u00e7\u00e3o.\u00a0 Voltemos ao texto de Hip\u00f3lito: \u201cVinde, na\u00e7\u00f5es todas, ao batismo que confere a imortalidade. Esta \u00e9 a \u00e1gua unida ao Esp\u00edrito, que irriga o para\u00edso, fertiliza a terra, d\u00e1 crescimento \u00e0s plantas e faz os seres se reproduzirem. Em resumo, esta \u00e9 a \u00e1gua\u00a0 pela qual os homens recebem nova vida, com a qual o Cristo foi batizado e sobre\u00a0 a qual o Esp\u00edrito Santo desceu em forma de pomba\u201d. O lado de Jesus inventou uma fonte borbulhante de puro amor que lava o lado de Ad\u00e3o.<\/p>\n<p><strong>Frei Almir Guimar\u00e3es<\/strong><\/p>\n","protected":false},"excerpt":{"rendered":"<p>1\u00aa sexta-feira do m\u00eas<\/p>\n","protected":false},"author":1,"featured_media":178256,"comment_status":"closed","ping_status":"open","sticky":false,"template":"","format":"standard","meta":{"footnotes":""},"categories":[105],"tags":[106,112],"yoast_head":"<!-- This site is optimized with the Yoast SEO plugin v19.4 - https:\/\/yoast.com\/wordpress\/plugins\/seo\/ -->\n<title>O lado de um cura o lado do outro - Vida Crist\u00e3 - Franciscanos<\/title>\n<meta name=\"robots\" content=\"index, follow, max-snippet:-1, max-image-preview:large, max-video-preview:-1\" \/>\n<link rel=\"canonical\" href=\"https:\/\/franciscanos.org.br\/vidacrista\/o-lado-de-um-cura-o-lado-do-outro\/\" \/>\n<meta property=\"og:locale\" content=\"pt_BR\" \/>\n<meta property=\"og:type\" content=\"article\" \/>\n<meta property=\"og:title\" content=\"O lado de um cura o lado do outro - Vida Crist\u00e3 - Franciscanos\" \/>\n<meta property=\"og:description\" content=\"1\u00aa sexta-feira do m\u00eas\" \/>\n<meta property=\"og:url\" content=\"https:\/\/franciscanos.org.br\/vidacrista\/o-lado-de-um-cura-o-lado-do-outro\/\" \/>\n<meta property=\"og:site_name\" content=\"Vida Crist\u00e3 - Franciscanos\" \/>\n<meta property=\"article:published_time\" content=\"2012-12-28T11:39:17+00:00\" \/>\n<meta property=\"article:modified_time\" content=\"2019-03-02T13:05:39+00:00\" \/>\n<meta property=\"og:image\" content=\"https:\/\/franciscanos.org.br\/vidacrista\/wp-content\/uploads\/2012\/12\/sagrado_281212.jpg\" \/>\n\t<meta property=\"og:image:width\" content=\"273\" \/>\n\t<meta property=\"og:image:height\" content=\"181\" \/>\n\t<meta property=\"og:image:type\" content=\"image\/jpeg\" \/>\n<meta name=\"author\" content=\"admin\" \/>\n<meta name=\"twitter:card\" content=\"summary_large_image\" \/>\n<meta name=\"twitter:label1\" content=\"Escrito por\" \/>\n\t<meta name=\"twitter:data1\" content=\"admin\" \/>\n\t<meta name=\"twitter:label2\" content=\"Est. tempo de leitura\" \/>\n\t<meta name=\"twitter:data2\" content=\"3 minutos\" \/>\n<script type=\"application\/ld+json\" class=\"yoast-schema-graph\">{\"@context\":\"https:\/\/schema.org\",\"@graph\":[{\"@type\":\"WebSite\",\"@id\":\"https:\/\/franciscanos.org.br\/vidacrista\/#website\",\"url\":\"https:\/\/franciscanos.org.br\/vidacrista\/\",\"name\":\"Vida Crist\u00e3 - Franciscanos\",\"description\":\"Prov\u00edncia Franciscana da Imaculada Concei\u00e7\u00e3o do Brasil - Ordem dos Frades Menores\",\"potentialAction\":[{\"@type\":\"SearchAction\",\"target\":{\"@type\":\"EntryPoint\",\"urlTemplate\":\"https:\/\/franciscanos.org.br\/vidacrista\/?s={search_term_string}\"},\"query-input\":\"required name=search_term_string\"}],\"inLanguage\":\"pt-BR\"},{\"@type\":\"WebPage\",\"@id\":\"https:\/\/franciscanos.org.br\/vidacrista\/o-lado-de-um-cura-o-lado-do-outro\/\",\"url\":\"https:\/\/franciscanos.org.br\/vidacrista\/o-lado-de-um-cura-o-lado-do-outro\/\",\"name\":\"O lado de um cura o lado do outro - Vida Crist\u00e3 - Franciscanos\",\"isPartOf\":{\"@id\":\"https:\/\/franciscanos.org.br\/vidacrista\/#website\"},\"datePublished\":\"2012-12-28T11:39:17+00:00\",\"dateModified\":\"2019-03-02T13:05:39+00:00\",\"author\":{\"@id\":\"https:\/\/franciscanos.org.br\/vidacrista\/#\/schema\/person\/133632ca93cec555316a35f76ab4153b\"},\"breadcrumb\":{\"@id\":\"https:\/\/franciscanos.org.br\/vidacrista\/o-lado-de-um-cura-o-lado-do-outro\/#breadcrumb\"},\"inLanguage\":\"pt-BR\",\"potentialAction\":[{\"@type\":\"ReadAction\",\"target\":[\"https:\/\/franciscanos.org.br\/vidacrista\/o-lado-de-um-cura-o-lado-do-outro\/\"]}]},{\"@type\":\"BreadcrumbList\",\"@id\":\"https:\/\/franciscanos.org.br\/vidacrista\/o-lado-de-um-cura-o-lado-do-outro\/#breadcrumb\",\"itemListElement\":[{\"@type\":\"ListItem\",\"position\":1,\"name\":\"Home\",\"item\":\"https:\/\/franciscanos.org.br\/vidacrista\/\"},{\"@type\":\"ListItem\",\"position\":2,\"name\":\"O lado de um cura o lado do outro\"}]},{\"@type\":\"Person\",\"@id\":\"https:\/\/franciscanos.org.br\/vidacrista\/#\/schema\/person\/133632ca93cec555316a35f76ab4153b\",\"name\":\"admin\",\"image\":{\"@type\":\"ImageObject\",\"inLanguage\":\"pt-BR\",\"@id\":\"https:\/\/franciscanos.org.br\/vidacrista\/#\/schema\/person\/image\/\",\"url\":\"https:\/\/secure.gravatar.com\/avatar\/e8495742d34d0ba6448ea1c628263b3e?s=96&d=mm&r=g\",\"contentUrl\":\"https:\/\/secure.gravatar.com\/avatar\/e8495742d34d0ba6448ea1c628263b3e?s=96&d=mm&r=g\",\"caption\":\"admin\"},\"url\":\"https:\/\/franciscanos.org.br\/vidacrista\/author\/admin\/\"}]}<\/script>\n<!-- \/ Yoast SEO plugin. -->","yoast_head_json":{"title":"O lado de um cura o lado do outro - Vida Crist\u00e3 - Franciscanos","robots":{"index":"index","follow":"follow","max-snippet":"max-snippet:-1","max-image-preview":"max-image-preview:large","max-video-preview":"max-video-preview:-1"},"canonical":"https:\/\/franciscanos.org.br\/vidacrista\/o-lado-de-um-cura-o-lado-do-outro\/","og_locale":"pt_BR","og_type":"article","og_title":"O lado de um cura o lado do outro - Vida Crist\u00e3 - Franciscanos","og_description":"1\u00aa sexta-feira do m\u00eas","og_url":"https:\/\/franciscanos.org.br\/vidacrista\/o-lado-de-um-cura-o-lado-do-outro\/","og_site_name":"Vida Crist\u00e3 - Franciscanos","article_published_time":"2012-12-28T11:39:17+00:00","article_modified_time":"2019-03-02T13:05:39+00:00","og_image":[{"width":273,"height":181,"url":"https:\/\/franciscanos.org.br\/vidacrista\/wp-content\/uploads\/2012\/12\/sagrado_281212.jpg","type":"image\/jpeg"}],"author":"admin","twitter_card":"summary_large_image","twitter_misc":{"Escrito por":"admin","Est. tempo de leitura":"3 minutos"},"schema":{"@context":"https:\/\/schema.org","@graph":[{"@type":"WebSite","@id":"https:\/\/franciscanos.org.br\/vidacrista\/#website","url":"https:\/\/franciscanos.org.br\/vidacrista\/","name":"Vida Crist\u00e3 - Franciscanos","description":"Prov\u00edncia Franciscana da Imaculada Concei\u00e7\u00e3o do Brasil - Ordem dos Frades Menores","potentialAction":[{"@type":"SearchAction","target":{"@type":"EntryPoint","urlTemplate":"https:\/\/franciscanos.org.br\/vidacrista\/?s={search_term_string}"},"query-input":"required name=search_term_string"}],"inLanguage":"pt-BR"},{"@type":"WebPage","@id":"https:\/\/franciscanos.org.br\/vidacrista\/o-lado-de-um-cura-o-lado-do-outro\/","url":"https:\/\/franciscanos.org.br\/vidacrista\/o-lado-de-um-cura-o-lado-do-outro\/","name":"O lado de um cura o lado do outro - Vida Crist\u00e3 - Franciscanos","isPartOf":{"@id":"https:\/\/franciscanos.org.br\/vidacrista\/#website"},"datePublished":"2012-12-28T11:39:17+00:00","dateModified":"2019-03-02T13:05:39+00:00","author":{"@id":"https:\/\/franciscanos.org.br\/vidacrista\/#\/schema\/person\/133632ca93cec555316a35f76ab4153b"},"breadcrumb":{"@id":"https:\/\/franciscanos.org.br\/vidacrista\/o-lado-de-um-cura-o-lado-do-outro\/#breadcrumb"},"inLanguage":"pt-BR","potentialAction":[{"@type":"ReadAction","target":["https:\/\/franciscanos.org.br\/vidacrista\/o-lado-de-um-cura-o-lado-do-outro\/"]}]},{"@type":"BreadcrumbList","@id":"https:\/\/franciscanos.org.br\/vidacrista\/o-lado-de-um-cura-o-lado-do-outro\/#breadcrumb","itemListElement":[{"@type":"ListItem","position":1,"name":"Home","item":"https:\/\/franciscanos.org.br\/vidacrista\/"},{"@type":"ListItem","position":2,"name":"O lado de um cura o lado do outro"}]},{"@type":"Person","@id":"https:\/\/franciscanos.org.br\/vidacrista\/#\/schema\/person\/133632ca93cec555316a35f76ab4153b","name":"admin","image":{"@type":"ImageObject","inLanguage":"pt-BR","@id":"https:\/\/franciscanos.org.br\/vidacrista\/#\/schema\/person\/image\/","url":"https:\/\/secure.gravatar.com\/avatar\/e8495742d34d0ba6448ea1c628263b3e?s=96&d=mm&r=g","contentUrl":"https:\/\/secure.gravatar.com\/avatar\/e8495742d34d0ba6448ea1c628263b3e?s=96&d=mm&r=g","caption":"admin"},"url":"https:\/\/franciscanos.org.br\/vidacrista\/author\/admin\/"}]}},"_links":{"self":[{"href":"https:\/\/franciscanos.org.br\/vidacrista\/wp-json\/wp\/v2\/posts\/31350"}],"collection":[{"href":"https:\/\/franciscanos.org.br\/vidacrista\/wp-json\/wp\/v2\/posts"}],"about":[{"href":"https:\/\/franciscanos.org.br\/vidacrista\/wp-json\/wp\/v2\/types\/post"}],"author":[{"embeddable":true,"href":"https:\/\/franciscanos.org.br\/vidacrista\/wp-json\/wp\/v2\/users\/1"}],"replies":[{"embeddable":true,"href":"https:\/\/franciscanos.org.br\/vidacrista\/wp-json\/wp\/v2\/comments?post=31350"}],"version-history":[{"count":1,"href":"https:\/\/franciscanos.org.br\/vidacrista\/wp-json\/wp\/v2\/posts\/31350\/revisions"}],"predecessor-version":[{"id":178043,"href":"https:\/\/franciscanos.org.br\/vidacrista\/wp-json\/wp\/v2\/posts\/31350\/revisions\/178043"}],"wp:featuredmedia":[{"embeddable":true,"href":"https:\/\/franciscanos.org.br\/vidacrista\/wp-json\/wp\/v2\/media\/178256"}],"wp:attachment":[{"href":"https:\/\/franciscanos.org.br\/vidacrista\/wp-json\/wp\/v2\/media?parent=31350"}],"wp:term":[{"taxonomy":"category","embeddable":true,"href":"https:\/\/franciscanos.org.br\/vidacrista\/wp-json\/wp\/v2\/categories?post=31350"},{"taxonomy":"post_tag","embeddable":true,"href":"https:\/\/franciscanos.org.br\/vidacrista\/wp-json\/wp\/v2\/tags?post=31350"}],"curies":[{"name":"wp","href":"https:\/\/api.w.org\/{rel}","templated":true}]}}