{"id":27245,"date":"2012-10-29T12:08:08","date_gmt":"2012-10-29T14:08:08","guid":{"rendered":"http:\/\/new.franciscanos.org.br\/?p=27245"},"modified":"2019-03-01T13:23:53","modified_gmt":"2019-03-01T16:23:53","slug":"a-forca-na-fragilidade-2","status":"publish","type":"post","link":"https:\/\/franciscanos.org.br\/vidacrista\/a-forca-na-fragilidade-2\/","title":{"rendered":"A for\u00e7a na fragilidade"},"content":{"rendered":"<blockquote><p><em><a href=\"http:\/\/franciscanos.org.br\/wp-content\/uploads\/2012\/11\/sagrado_cor.jpg\"><img decoding=\"async\" loading=\"lazy\" class=\"alignright size-full wp-image-27252\" title=\"Sagrado Cora\u00e7\u00e3o de Jesus\" src=\"http:\/\/franciscanos.org.br\/wp-content\/uploads\/2012\/11\/sagrado_cor.jpg\" alt=\"\" width=\"400\" height=\"300\" \/><\/a><br \/>\n\u201cA for\u00e7a de Cristo te criou, a fraqueza de Cristo te recriou. A for\u00e7a de Cristo fez com que existisse o que n\u00e3o existia; a fraqueza de Cristo fez com que o que existia n\u00e3o viesse a perecer; criou-nos com sua for\u00e7a, nos resgatou com sua fraqueza\u201d\u00a0 (<\/em>Santo Agostinho<em>)<\/em><\/p><\/blockquote>\n<p><strong>1.<\/strong> N\u00e3o cessamos, ao longo do caminho de nossa vida crist\u00e3, de contemplar as miseric\u00f3rdias que Deus fez e vai derramando em nossa vida, na\u00a0 vida da Igreja e nos cora\u00e7\u00f5es das pessoas retas e de boa vontade atrav\u00e9s do irrestrito amor do\u00a0 Senhor Jesus.\u00a0 Sim, dizemos bem,\u00a0 Senhor.\u00a0 Hoje o contemplamos sempre como aquele que venceu a morte e est\u00e1 no meio de n\u00f3s na qualidade de Ressuscitado. Por isso, \u00e9 o Senhor Jesus. Ele, o vivo, nos fala, nos alimenta, nos encoraja, pede asilo em nosso interior. Mas, nesse empenho de alimentar o enamoramento pelo Esposo, \u00a0n\u00e3o podemos deixar de meditar no Cristo hist\u00f3rico, nas circunst\u00e2ncias que cercaram os \u00faltimos momentos de sua vida, na for\u00e7a que existia em sua fragilidade.<\/p>\n<p><strong>2.<\/strong> Santo Agostinho, no breve texto que colocamos no frontisp\u00edcio desta reflex\u00e3o, faz uma compara\u00e7\u00e3o entre for\u00e7a e fragilidade. A for\u00e7a de Cristo, isto \u00e9, o Verbo que \u00e9 Deus, criou e cria a todos e a tudo. Na fragilidade da rosa que desabrocha, no fiozinho de \u00e1gua que corre pedra abaixo, na crian\u00e7a que nasce agora na maternidade, Deus cria.\u00a0 Extasiamo-nos diante dessa admir\u00e1vel cria\u00e7\u00e3o. Tudo fervilha. Tudo tem a for\u00e7a daquele que cria. Francisco de Assis compreendeu muito bem e ficava como que extasiado considerando-se irm\u00e3o de tudo o que estava sendo criado. A for\u00e7a de Cristo cria o homem, faz com que exista o que antes n\u00e3o existia, colocou-nos na exist\u00eancia com sua for\u00e7a.<\/p>\n<p><strong>3.<\/strong> Agora, a outra face da moeda:\u00a0 pela fragilidade do condenado \u00e0 morte, daquele que foi suspenso entre o c\u00e9u e a terra\u00a0 fomos resgatados, reconduzidos \u00e0 terra prometida. Nada de milagres extraordin\u00e1rios, mas\u00a0 gestos que culminam na fragilidade da cruz, no abandono de um impotente e indefeso. Lembramo-nos de Paulo que afirma ser forte quando \u00e9 fraco. N\u00e3o se trata de defender uma esp\u00e9cie de neurose de busca de sofrimento. Uma certa religi\u00e3o do passado gostava de cantar loas \u00e0s macera\u00e7\u00f5es do corpo e se regozijar tolamente em fracassos quase que buscados. Ora, n\u00e3o \u00e9 isso que vemos no Cristo da cruz.\u00a0 Tudo o que ele ali vive lhe parece um absurdo. Tem vontade de gritar, mas sua voz\u00a0 n\u00e3o \u00e9 ouvida. Ningu\u00e9m o defende. Os que \u00a0antes o rodeavam e procuravam desaparecem.\u00a0 N\u00e3o tem advogados. Ouve, quem sabe, o choro sereno da m\u00e3e ao p\u00e9 da cruz e parece sentir que o Pai est\u00e1 distante. Grita mesmo: \u201cMeu Deus, meu Deus, porque me abandonaste?\u201d\u00a0 Tudo extremamente fr\u00e1gil. E quando se entrega nos bra\u00e7os do Pai e abra\u00e7a a morte ama doidamente, entrega-se irrestritamente e depois de morto ainda o esvaziamento de todo o seu interior: os fiapos de \u00e1gua e de sangue que saem do Cora\u00e7\u00e3o aberto. E fomos salvos na for\u00e7a da fragilidade daquele que foi suspenso, morreu entregando-se sem limites.<\/p>\n<p><strong>4.<\/strong> Bela li\u00e7\u00e3o! Temos nossos projetos e nossos sonhos os mais l\u00edcitos. Queremos para nossos filhos o melhor. E um deles se perde no mundo da droga. Quer\u00edamos que nosso irm\u00e3o fosse feliz e fiel no casamento e o vemos todo desarrumado interiormente.\u00a0 Nosso irm\u00e3o vive sem viver. Tudo isso nos faz sofrer. \u00a0A mulher tem um filho especial que sempre precisar\u00e1 dela. Ela n\u00e3o \u00e9 mais dona de seu tempo. Seu amor generoso cria vida na vida do filho. Os devotos do Cora\u00e7\u00e3o de Jesus n\u00e3o t\u00eam uma piedade \u201cdolorista\u201d, mas sabem que amando na fragilidade e na impot\u00eancia, contemplando o esvaziamento do peito de Cristo\u00a0 s\u00e3o recriados, refeitos, renovados.\u00a0 A for\u00e7a de Deus, com efeito, costuma se manifestar\u00a0 na fraqueza.<\/p>\n<p><strong>5. <\/strong>Terminamos esta reflex\u00e3o com palavras de \u00a0Ces\u00e1rio de Arles: \u201cCristo foi ferido para curar nossas feridas; morreu para libertar-nos da morte perp\u00e9tua; desceu \u00e0 mans\u00e3o dos mortos para arrancar-nos da goela\u00a0 do crudel\u00edssimo le\u00e3o; ressuscitou para dar-nos a esperan\u00e7a da ressurrei\u00e7\u00e3o; subiu ao c\u00e9u para mostrar onde veremos segui-Lo\u201d<\/p>\n<p><strong>Frei Almir Ribeiro Guimar\u00e3es<\/strong><\/p>\n","protected":false},"excerpt":{"rendered":"<p>1\u00aa Sexta-feira do m\u00eas<\/p>\n","protected":false},"author":1,"featured_media":178072,"comment_status":"closed","ping_status":"closed","sticky":false,"template":"","format":"standard","meta":{"footnotes":""},"categories":[105],"tags":[106,112],"yoast_head":"<!-- This site is optimized with the Yoast SEO plugin v19.4 - https:\/\/yoast.com\/wordpress\/plugins\/seo\/ -->\n<title>A for\u00e7a na fragilidade - Vida Crist\u00e3 - Franciscanos<\/title>\n<meta name=\"robots\" content=\"index, follow, max-snippet:-1, max-image-preview:large, max-video-preview:-1\" \/>\n<link rel=\"canonical\" href=\"https:\/\/franciscanos.org.br\/vidacrista\/a-forca-na-fragilidade-2\/\" \/>\n<meta property=\"og:locale\" content=\"pt_BR\" \/>\n<meta property=\"og:type\" content=\"article\" \/>\n<meta property=\"og:title\" content=\"A for\u00e7a na fragilidade - Vida Crist\u00e3 - Franciscanos\" \/>\n<meta property=\"og:description\" content=\"1\u00aa Sexta-feira do m\u00eas\" \/>\n<meta property=\"og:url\" content=\"https:\/\/franciscanos.org.br\/vidacrista\/a-forca-na-fragilidade-2\/\" \/>\n<meta property=\"og:site_name\" content=\"Vida Crist\u00e3 - Franciscanos\" \/>\n<meta property=\"article:published_time\" content=\"2012-10-29T14:08:08+00:00\" \/>\n<meta property=\"article:modified_time\" content=\"2019-03-01T16:23:53+00:00\" \/>\n<meta property=\"og:image\" content=\"https:\/\/franciscanos.org.br\/vidacrista\/wp-content\/uploads\/2012\/10\/sagrado_291012.jpg\" \/>\n\t<meta property=\"og:image:width\" content=\"273\" \/>\n\t<meta property=\"og:image:height\" content=\"181\" \/>\n\t<meta property=\"og:image:type\" content=\"image\/jpeg\" \/>\n<meta name=\"author\" content=\"admin\" \/>\n<meta name=\"twitter:card\" content=\"summary_large_image\" \/>\n<meta name=\"twitter:label1\" content=\"Escrito por\" \/>\n\t<meta name=\"twitter:data1\" content=\"admin\" \/>\n\t<meta name=\"twitter:label2\" content=\"Est. tempo de leitura\" \/>\n\t<meta name=\"twitter:data2\" content=\"4 minutos\" \/>\n<script type=\"application\/ld+json\" class=\"yoast-schema-graph\">{\"@context\":\"https:\/\/schema.org\",\"@graph\":[{\"@type\":\"WebSite\",\"@id\":\"https:\/\/franciscanos.org.br\/vidacrista\/#website\",\"url\":\"https:\/\/franciscanos.org.br\/vidacrista\/\",\"name\":\"Vida Crist\u00e3 - Franciscanos\",\"description\":\"Prov\u00edncia Franciscana da Imaculada Concei\u00e7\u00e3o do Brasil - Ordem dos Frades Menores\",\"potentialAction\":[{\"@type\":\"SearchAction\",\"target\":{\"@type\":\"EntryPoint\",\"urlTemplate\":\"https:\/\/franciscanos.org.br\/vidacrista\/?s={search_term_string}\"},\"query-input\":\"required name=search_term_string\"}],\"inLanguage\":\"pt-BR\"},{\"@type\":\"WebPage\",\"@id\":\"https:\/\/franciscanos.org.br\/vidacrista\/a-forca-na-fragilidade-2\/\",\"url\":\"https:\/\/franciscanos.org.br\/vidacrista\/a-forca-na-fragilidade-2\/\",\"name\":\"A for\u00e7a na fragilidade - Vida Crist\u00e3 - Franciscanos\",\"isPartOf\":{\"@id\":\"https:\/\/franciscanos.org.br\/vidacrista\/#website\"},\"datePublished\":\"2012-10-29T14:08:08+00:00\",\"dateModified\":\"2019-03-01T16:23:53+00:00\",\"author\":{\"@id\":\"https:\/\/franciscanos.org.br\/vidacrista\/#\/schema\/person\/133632ca93cec555316a35f76ab4153b\"},\"breadcrumb\":{\"@id\":\"https:\/\/franciscanos.org.br\/vidacrista\/a-forca-na-fragilidade-2\/#breadcrumb\"},\"inLanguage\":\"pt-BR\",\"potentialAction\":[{\"@type\":\"ReadAction\",\"target\":[\"https:\/\/franciscanos.org.br\/vidacrista\/a-forca-na-fragilidade-2\/\"]}]},{\"@type\":\"BreadcrumbList\",\"@id\":\"https:\/\/franciscanos.org.br\/vidacrista\/a-forca-na-fragilidade-2\/#breadcrumb\",\"itemListElement\":[{\"@type\":\"ListItem\",\"position\":1,\"name\":\"Home\",\"item\":\"https:\/\/franciscanos.org.br\/vidacrista\/\"},{\"@type\":\"ListItem\",\"position\":2,\"name\":\"A for\u00e7a na fragilidade\"}]},{\"@type\":\"Person\",\"@id\":\"https:\/\/franciscanos.org.br\/vidacrista\/#\/schema\/person\/133632ca93cec555316a35f76ab4153b\",\"name\":\"admin\",\"image\":{\"@type\":\"ImageObject\",\"inLanguage\":\"pt-BR\",\"@id\":\"https:\/\/franciscanos.org.br\/vidacrista\/#\/schema\/person\/image\/\",\"url\":\"https:\/\/secure.gravatar.com\/avatar\/e8495742d34d0ba6448ea1c628263b3e?s=96&d=mm&r=g\",\"contentUrl\":\"https:\/\/secure.gravatar.com\/avatar\/e8495742d34d0ba6448ea1c628263b3e?s=96&d=mm&r=g\",\"caption\":\"admin\"},\"url\":\"https:\/\/franciscanos.org.br\/vidacrista\/author\/admin\/\"}]}<\/script>\n<!-- \/ Yoast SEO plugin. -->","yoast_head_json":{"title":"A for\u00e7a na fragilidade - Vida Crist\u00e3 - Franciscanos","robots":{"index":"index","follow":"follow","max-snippet":"max-snippet:-1","max-image-preview":"max-image-preview:large","max-video-preview":"max-video-preview:-1"},"canonical":"https:\/\/franciscanos.org.br\/vidacrista\/a-forca-na-fragilidade-2\/","og_locale":"pt_BR","og_type":"article","og_title":"A for\u00e7a na fragilidade - Vida Crist\u00e3 - Franciscanos","og_description":"1\u00aa Sexta-feira do m\u00eas","og_url":"https:\/\/franciscanos.org.br\/vidacrista\/a-forca-na-fragilidade-2\/","og_site_name":"Vida Crist\u00e3 - Franciscanos","article_published_time":"2012-10-29T14:08:08+00:00","article_modified_time":"2019-03-01T16:23:53+00:00","og_image":[{"width":273,"height":181,"url":"https:\/\/franciscanos.org.br\/vidacrista\/wp-content\/uploads\/2012\/10\/sagrado_291012.jpg","type":"image\/jpeg"}],"author":"admin","twitter_card":"summary_large_image","twitter_misc":{"Escrito por":"admin","Est. tempo de leitura":"4 minutos"},"schema":{"@context":"https:\/\/schema.org","@graph":[{"@type":"WebSite","@id":"https:\/\/franciscanos.org.br\/vidacrista\/#website","url":"https:\/\/franciscanos.org.br\/vidacrista\/","name":"Vida Crist\u00e3 - Franciscanos","description":"Prov\u00edncia Franciscana da Imaculada Concei\u00e7\u00e3o do Brasil - Ordem dos Frades Menores","potentialAction":[{"@type":"SearchAction","target":{"@type":"EntryPoint","urlTemplate":"https:\/\/franciscanos.org.br\/vidacrista\/?s={search_term_string}"},"query-input":"required name=search_term_string"}],"inLanguage":"pt-BR"},{"@type":"WebPage","@id":"https:\/\/franciscanos.org.br\/vidacrista\/a-forca-na-fragilidade-2\/","url":"https:\/\/franciscanos.org.br\/vidacrista\/a-forca-na-fragilidade-2\/","name":"A for\u00e7a na fragilidade - Vida Crist\u00e3 - Franciscanos","isPartOf":{"@id":"https:\/\/franciscanos.org.br\/vidacrista\/#website"},"datePublished":"2012-10-29T14:08:08+00:00","dateModified":"2019-03-01T16:23:53+00:00","author":{"@id":"https:\/\/franciscanos.org.br\/vidacrista\/#\/schema\/person\/133632ca93cec555316a35f76ab4153b"},"breadcrumb":{"@id":"https:\/\/franciscanos.org.br\/vidacrista\/a-forca-na-fragilidade-2\/#breadcrumb"},"inLanguage":"pt-BR","potentialAction":[{"@type":"ReadAction","target":["https:\/\/franciscanos.org.br\/vidacrista\/a-forca-na-fragilidade-2\/"]}]},{"@type":"BreadcrumbList","@id":"https:\/\/franciscanos.org.br\/vidacrista\/a-forca-na-fragilidade-2\/#breadcrumb","itemListElement":[{"@type":"ListItem","position":1,"name":"Home","item":"https:\/\/franciscanos.org.br\/vidacrista\/"},{"@type":"ListItem","position":2,"name":"A for\u00e7a na fragilidade"}]},{"@type":"Person","@id":"https:\/\/franciscanos.org.br\/vidacrista\/#\/schema\/person\/133632ca93cec555316a35f76ab4153b","name":"admin","image":{"@type":"ImageObject","inLanguage":"pt-BR","@id":"https:\/\/franciscanos.org.br\/vidacrista\/#\/schema\/person\/image\/","url":"https:\/\/secure.gravatar.com\/avatar\/e8495742d34d0ba6448ea1c628263b3e?s=96&d=mm&r=g","contentUrl":"https:\/\/secure.gravatar.com\/avatar\/e8495742d34d0ba6448ea1c628263b3e?s=96&d=mm&r=g","caption":"admin"},"url":"https:\/\/franciscanos.org.br\/vidacrista\/author\/admin\/"}]}},"_links":{"self":[{"href":"https:\/\/franciscanos.org.br\/vidacrista\/wp-json\/wp\/v2\/posts\/27245"}],"collection":[{"href":"https:\/\/franciscanos.org.br\/vidacrista\/wp-json\/wp\/v2\/posts"}],"about":[{"href":"https:\/\/franciscanos.org.br\/vidacrista\/wp-json\/wp\/v2\/types\/post"}],"author":[{"embeddable":true,"href":"https:\/\/franciscanos.org.br\/vidacrista\/wp-json\/wp\/v2\/users\/1"}],"replies":[{"embeddable":true,"href":"https:\/\/franciscanos.org.br\/vidacrista\/wp-json\/wp\/v2\/comments?post=27245"}],"version-history":[{"count":2,"href":"https:\/\/franciscanos.org.br\/vidacrista\/wp-json\/wp\/v2\/posts\/27245\/revisions"}],"predecessor-version":[{"id":178078,"href":"https:\/\/franciscanos.org.br\/vidacrista\/wp-json\/wp\/v2\/posts\/27245\/revisions\/178078"}],"wp:featuredmedia":[{"embeddable":true,"href":"https:\/\/franciscanos.org.br\/vidacrista\/wp-json\/wp\/v2\/media\/178072"}],"wp:attachment":[{"href":"https:\/\/franciscanos.org.br\/vidacrista\/wp-json\/wp\/v2\/media?parent=27245"}],"wp:term":[{"taxonomy":"category","embeddable":true,"href":"https:\/\/franciscanos.org.br\/vidacrista\/wp-json\/wp\/v2\/categories?post=27245"},{"taxonomy":"post_tag","embeddable":true,"href":"https:\/\/franciscanos.org.br\/vidacrista\/wp-json\/wp\/v2\/tags?post=27245"}],"curies":[{"name":"wp","href":"https:\/\/api.w.org\/{rel}","templated":true}]}}