{"id":27243,"date":"2012-12-04T01:01:16","date_gmt":"2012-12-04T03:01:16","guid":{"rendered":"http:\/\/new.franciscanos.org.br\/?p=27243"},"modified":"2019-03-02T10:03:33","modified_gmt":"2019-03-02T13:03:33","slug":"o-coracao-que-batia-no-peito-do-menino","status":"publish","type":"post","link":"https:\/\/franciscanos.org.br\/vidacrista\/o-coracao-que-batia-no-peito-do-menino\/","title":{"rendered":"O cora\u00e7\u00e3o que batia no peito do Menino"},"content":{"rendered":"<h4><strong>\u00c9 como se amor de Deus tivesse fome dos homens<\/strong><\/h4>\n<blockquote><p><em>Que coragem tu tens!\u00a0 Assim, t\u00e3o pequenino de entregar a todos; a quem vem ao teu encontro ofereces teu sorriso; a quem te olha te mostras acolhedor ; \u00e9 como se teu amor tivesse fome dos homens<\/em> (S.Efr\u00e9m).<\/p><\/blockquote>\n<p><strong><a href=\"http:\/\/franciscanos.org.br\/wp-content\/uploads\/2012\/12\/menino_jesus.jpg\"><img decoding=\"async\" loading=\"lazy\" class=\"alignright size-full wp-image-29543\" title=\"menino_jesus\" src=\"http:\/\/franciscanos.org.br\/wp-content\/uploads\/2012\/12\/menino_jesus.jpg\" alt=\"\" width=\"400\" height=\"326\" \/><\/a>1.<\/strong> Estamos colocando nossos passos nas trilhas do Advento. Santo Efr\u00e9m fala de um pequenino corajoso que a todos se entrega, mostra seu sorriso e a todos acolhe. Os verdadeiros disc\u00edpulos de Jesus vivem um per\u00edodo de vida todo especial e serenamente belo durante o Advento. Gostam de contemplar a bondade suma de Deus que se manifesta na fragilidade do Menino das Palhas. O poeta que \u00e9 Santo Efr\u00e9m diz belamente:\u00a0 \u201c\u00c9 como se teu amor tivesse fome dos homens\u201d.<\/p>\n<p><strong>2.<\/strong> Os textos e os personagens do Advento nos colocam diante do mist\u00e9rio do amor apaixonado de Deus pelos seus. Os que saboreiam o salmos, se deleitam na leitura do profetas que anunciavam o Messias e se debru\u00e7am\u00a0 sobre os evangelhos da inf\u00e2ncia, d\u00e3o-se conta que o Senhor, grande e belo, vem ao encontro do homem decididamente.\u00a0 O Deus grande, a Trindade Sant\u00edssima, na sua plenitude, quis estabelecer comunh\u00e3o com os seres humanos, gratuitamente.\u00a0 Houve o plano, a decis\u00e3o de, na plenitude dos tempos, o Verbo encarnar-se e fincar sua tenda entre n\u00f3s. Veio para o que era seu. Corajosamente, atrav\u00e9s do Menino do Natal, come\u00e7ou a nos olhar de perto, a fazer com que not\u00e1ssemos o carinho do Pai por cada um de n\u00f3s.<\/p>\n<p><strong>3.<\/strong> Como\u00a0 concretamente Deus resolve mostrar sua vontade de aproxima\u00e7\u00e3o do homem e de comunh\u00e3o com ele? Tudo se faria por meio da ador\u00e1vel figura de Jesus,\u00a0 Palavra eterna de Deus tornada carne, cora\u00e7\u00e3o, pernas, bra\u00e7os, voz. Santo Efr\u00e9m diz que\u00a0 o pequenino se entrega a todos, que torna sorriso acolhedor. Aos que tiverem sensibilidade, Deus aparece na fragilidade de Jesus. O cora\u00e7\u00e3o de Deus bate no peito do Menino!<\/p>\n<p><strong>4.<\/strong> Durante toda a sua vida, ele percorrer\u00e1 caminhos e estradas poeirentas para encontrar os que ama. Aqui olhar\u00e1 nos olhos de um cobrador de impostos, ali ensinar\u00e1 o esplendor da vida nova no serm\u00e3o da montanha, mais adiante chorar\u00e1 a morte de seu amigo L\u00e1zaro, ou ent\u00e3o pedir\u00e1\u00a0 \u00e1gua \u00e0 mulher de Samaria. Efr\u00e9m tem raz\u00e3o:\u00a0 \u00e9 como se Deus feito crian\u00e7a, feito gente, feito homem tivesse fome dos homens. N\u00e3o satisfeito de ter gasto suas vida em andan\u00e7as, em embates e discuss\u00f5es, foi levado at\u00e9 o alto da cruz. Ali esvaziou-se totalmente. E aos que pudessem passar por ele, diria: \u201cAqui estou eu tentando ainda atrair ao meu cora\u00e7\u00e3o aberto o cora\u00e7\u00e3o de todos os que passam&#8230;\u201d.\u00a0 Natal \u00e9 festa de delicadeza. Diante da cena do Menino e de sua M\u00e3e, ficamos sempre impressionados.<\/p>\n<p><strong>5.<\/strong> N\u00e3o podemos esquecer que o Menino sorridente do pres\u00e9pio \u00e9 tamb\u00e9m o pobre ser alquebrado\u00a0 no alto da cruz com o Cora\u00e7\u00e3o aberto. O cora\u00e7\u00e3o do Menino e do justo suspenso entre o c\u00e9u e a terra batem a batida do amor.\u00a0 Por vezes, o ser humano se sente como que abandonado na trajet\u00f3ria da vida, na travessia dos desertos. E o cora\u00e7\u00e3o do indigente lamenta:\u00a0 \u201cPor que, Senhor, me abandonaste desta forma ao longo do sofrimento? O Senhor, no entanto, em luz indiz\u00edvel responde, encorajando-o:\u00a0 Eis os sinais dos pregos\u00a0 e as minhas chagas;\u00a0 sofri tudo isto, alma querida, porque estiveste ferida e presa de tantos inimigos.\u00a0 Curei-te e libertei-te porque te fiz \u00e0 minha imagem. Por ti sofri, eu que sou o impass\u00edvel. A afli\u00e7\u00e3o da minha alma foi para o teu bem\u201d (<em>Pseudo Mac\u00e1rio-Sim\u00e3o<\/em>).<\/p>\n<p><em>\u00c9 como se o Menino das\u00a0 Palhas, e condenado com o\u00a0 Cora\u00e7\u00e3o aberto, tivesse fome do amor dos homens.<\/em><\/p>\n<p><strong>Frei Almir Ribeiro Guimar\u00e3es<\/strong><\/p>\n","protected":false},"excerpt":{"rendered":"<p>1\u00aa Sexta-feira do m\u00eas<\/p>\n","protected":false},"author":1,"featured_media":178254,"comment_status":"closed","ping_status":"closed","sticky":false,"template":"","format":"standard","meta":{"footnotes":""},"categories":[105],"tags":[106,112],"yoast_head":"<!-- This site is optimized with the Yoast SEO plugin v19.4 - https:\/\/yoast.com\/wordpress\/plugins\/seo\/ -->\n<title>O cora\u00e7\u00e3o que batia no peito do Menino - Vida Crist\u00e3 - Franciscanos<\/title>\n<meta name=\"robots\" content=\"index, follow, max-snippet:-1, max-image-preview:large, max-video-preview:-1\" \/>\n<link rel=\"canonical\" href=\"https:\/\/franciscanos.org.br\/vidacrista\/o-coracao-que-batia-no-peito-do-menino\/\" \/>\n<meta property=\"og:locale\" content=\"pt_BR\" \/>\n<meta property=\"og:type\" content=\"article\" \/>\n<meta property=\"og:title\" content=\"O cora\u00e7\u00e3o que batia no peito do Menino - Vida Crist\u00e3 - Franciscanos\" \/>\n<meta property=\"og:description\" content=\"1\u00aa Sexta-feira do m\u00eas\" \/>\n<meta property=\"og:url\" content=\"https:\/\/franciscanos.org.br\/vidacrista\/o-coracao-que-batia-no-peito-do-menino\/\" \/>\n<meta property=\"og:site_name\" content=\"Vida Crist\u00e3 - Franciscanos\" \/>\n<meta property=\"article:published_time\" content=\"2012-12-04T03:01:16+00:00\" \/>\n<meta property=\"article:modified_time\" content=\"2019-03-02T13:03:33+00:00\" \/>\n<meta property=\"og:image\" content=\"https:\/\/franciscanos.org.br\/vidacrista\/wp-content\/uploads\/2012\/12\/sagrado_041212.jpg\" \/>\n\t<meta property=\"og:image:width\" content=\"273\" \/>\n\t<meta property=\"og:image:height\" content=\"181\" \/>\n\t<meta property=\"og:image:type\" content=\"image\/jpeg\" \/>\n<meta name=\"author\" content=\"admin\" \/>\n<meta name=\"twitter:card\" content=\"summary_large_image\" \/>\n<meta name=\"twitter:label1\" content=\"Escrito por\" \/>\n\t<meta name=\"twitter:data1\" content=\"admin\" \/>\n\t<meta name=\"twitter:label2\" content=\"Est. tempo de leitura\" \/>\n\t<meta name=\"twitter:data2\" content=\"3 minutos\" \/>\n<script type=\"application\/ld+json\" class=\"yoast-schema-graph\">{\"@context\":\"https:\/\/schema.org\",\"@graph\":[{\"@type\":\"WebSite\",\"@id\":\"https:\/\/franciscanos.org.br\/vidacrista\/#website\",\"url\":\"https:\/\/franciscanos.org.br\/vidacrista\/\",\"name\":\"Vida Crist\u00e3 - Franciscanos\",\"description\":\"Prov\u00edncia Franciscana da Imaculada Concei\u00e7\u00e3o do Brasil - Ordem dos Frades Menores\",\"potentialAction\":[{\"@type\":\"SearchAction\",\"target\":{\"@type\":\"EntryPoint\",\"urlTemplate\":\"https:\/\/franciscanos.org.br\/vidacrista\/?s={search_term_string}\"},\"query-input\":\"required name=search_term_string\"}],\"inLanguage\":\"pt-BR\"},{\"@type\":\"WebPage\",\"@id\":\"https:\/\/franciscanos.org.br\/vidacrista\/o-coracao-que-batia-no-peito-do-menino\/\",\"url\":\"https:\/\/franciscanos.org.br\/vidacrista\/o-coracao-que-batia-no-peito-do-menino\/\",\"name\":\"O cora\u00e7\u00e3o que batia no peito do Menino - Vida Crist\u00e3 - Franciscanos\",\"isPartOf\":{\"@id\":\"https:\/\/franciscanos.org.br\/vidacrista\/#website\"},\"datePublished\":\"2012-12-04T03:01:16+00:00\",\"dateModified\":\"2019-03-02T13:03:33+00:00\",\"author\":{\"@id\":\"https:\/\/franciscanos.org.br\/vidacrista\/#\/schema\/person\/133632ca93cec555316a35f76ab4153b\"},\"breadcrumb\":{\"@id\":\"https:\/\/franciscanos.org.br\/vidacrista\/o-coracao-que-batia-no-peito-do-menino\/#breadcrumb\"},\"inLanguage\":\"pt-BR\",\"potentialAction\":[{\"@type\":\"ReadAction\",\"target\":[\"https:\/\/franciscanos.org.br\/vidacrista\/o-coracao-que-batia-no-peito-do-menino\/\"]}]},{\"@type\":\"BreadcrumbList\",\"@id\":\"https:\/\/franciscanos.org.br\/vidacrista\/o-coracao-que-batia-no-peito-do-menino\/#breadcrumb\",\"itemListElement\":[{\"@type\":\"ListItem\",\"position\":1,\"name\":\"Home\",\"item\":\"https:\/\/franciscanos.org.br\/vidacrista\/\"},{\"@type\":\"ListItem\",\"position\":2,\"name\":\"O cora\u00e7\u00e3o que batia no peito do Menino\"}]},{\"@type\":\"Person\",\"@id\":\"https:\/\/franciscanos.org.br\/vidacrista\/#\/schema\/person\/133632ca93cec555316a35f76ab4153b\",\"name\":\"admin\",\"image\":{\"@type\":\"ImageObject\",\"inLanguage\":\"pt-BR\",\"@id\":\"https:\/\/franciscanos.org.br\/vidacrista\/#\/schema\/person\/image\/\",\"url\":\"https:\/\/secure.gravatar.com\/avatar\/e8495742d34d0ba6448ea1c628263b3e?s=96&d=mm&r=g\",\"contentUrl\":\"https:\/\/secure.gravatar.com\/avatar\/e8495742d34d0ba6448ea1c628263b3e?s=96&d=mm&r=g\",\"caption\":\"admin\"},\"url\":\"https:\/\/franciscanos.org.br\/vidacrista\/author\/admin\/\"}]}<\/script>\n<!-- \/ Yoast SEO plugin. -->","yoast_head_json":{"title":"O cora\u00e7\u00e3o que batia no peito do Menino - Vida Crist\u00e3 - Franciscanos","robots":{"index":"index","follow":"follow","max-snippet":"max-snippet:-1","max-image-preview":"max-image-preview:large","max-video-preview":"max-video-preview:-1"},"canonical":"https:\/\/franciscanos.org.br\/vidacrista\/o-coracao-que-batia-no-peito-do-menino\/","og_locale":"pt_BR","og_type":"article","og_title":"O cora\u00e7\u00e3o que batia no peito do Menino - Vida Crist\u00e3 - Franciscanos","og_description":"1\u00aa Sexta-feira do m\u00eas","og_url":"https:\/\/franciscanos.org.br\/vidacrista\/o-coracao-que-batia-no-peito-do-menino\/","og_site_name":"Vida Crist\u00e3 - Franciscanos","article_published_time":"2012-12-04T03:01:16+00:00","article_modified_time":"2019-03-02T13:03:33+00:00","og_image":[{"width":273,"height":181,"url":"https:\/\/franciscanos.org.br\/vidacrista\/wp-content\/uploads\/2012\/12\/sagrado_041212.jpg","type":"image\/jpeg"}],"author":"admin","twitter_card":"summary_large_image","twitter_misc":{"Escrito por":"admin","Est. tempo de leitura":"3 minutos"},"schema":{"@context":"https:\/\/schema.org","@graph":[{"@type":"WebSite","@id":"https:\/\/franciscanos.org.br\/vidacrista\/#website","url":"https:\/\/franciscanos.org.br\/vidacrista\/","name":"Vida Crist\u00e3 - Franciscanos","description":"Prov\u00edncia Franciscana da Imaculada Concei\u00e7\u00e3o do Brasil - Ordem dos Frades Menores","potentialAction":[{"@type":"SearchAction","target":{"@type":"EntryPoint","urlTemplate":"https:\/\/franciscanos.org.br\/vidacrista\/?s={search_term_string}"},"query-input":"required name=search_term_string"}],"inLanguage":"pt-BR"},{"@type":"WebPage","@id":"https:\/\/franciscanos.org.br\/vidacrista\/o-coracao-que-batia-no-peito-do-menino\/","url":"https:\/\/franciscanos.org.br\/vidacrista\/o-coracao-que-batia-no-peito-do-menino\/","name":"O cora\u00e7\u00e3o que batia no peito do Menino - Vida Crist\u00e3 - Franciscanos","isPartOf":{"@id":"https:\/\/franciscanos.org.br\/vidacrista\/#website"},"datePublished":"2012-12-04T03:01:16+00:00","dateModified":"2019-03-02T13:03:33+00:00","author":{"@id":"https:\/\/franciscanos.org.br\/vidacrista\/#\/schema\/person\/133632ca93cec555316a35f76ab4153b"},"breadcrumb":{"@id":"https:\/\/franciscanos.org.br\/vidacrista\/o-coracao-que-batia-no-peito-do-menino\/#breadcrumb"},"inLanguage":"pt-BR","potentialAction":[{"@type":"ReadAction","target":["https:\/\/franciscanos.org.br\/vidacrista\/o-coracao-que-batia-no-peito-do-menino\/"]}]},{"@type":"BreadcrumbList","@id":"https:\/\/franciscanos.org.br\/vidacrista\/o-coracao-que-batia-no-peito-do-menino\/#breadcrumb","itemListElement":[{"@type":"ListItem","position":1,"name":"Home","item":"https:\/\/franciscanos.org.br\/vidacrista\/"},{"@type":"ListItem","position":2,"name":"O cora\u00e7\u00e3o que batia no peito do Menino"}]},{"@type":"Person","@id":"https:\/\/franciscanos.org.br\/vidacrista\/#\/schema\/person\/133632ca93cec555316a35f76ab4153b","name":"admin","image":{"@type":"ImageObject","inLanguage":"pt-BR","@id":"https:\/\/franciscanos.org.br\/vidacrista\/#\/schema\/person\/image\/","url":"https:\/\/secure.gravatar.com\/avatar\/e8495742d34d0ba6448ea1c628263b3e?s=96&d=mm&r=g","contentUrl":"https:\/\/secure.gravatar.com\/avatar\/e8495742d34d0ba6448ea1c628263b3e?s=96&d=mm&r=g","caption":"admin"},"url":"https:\/\/franciscanos.org.br\/vidacrista\/author\/admin\/"}]}},"_links":{"self":[{"href":"https:\/\/franciscanos.org.br\/vidacrista\/wp-json\/wp\/v2\/posts\/27243"}],"collection":[{"href":"https:\/\/franciscanos.org.br\/vidacrista\/wp-json\/wp\/v2\/posts"}],"about":[{"href":"https:\/\/franciscanos.org.br\/vidacrista\/wp-json\/wp\/v2\/types\/post"}],"author":[{"embeddable":true,"href":"https:\/\/franciscanos.org.br\/vidacrista\/wp-json\/wp\/v2\/users\/1"}],"replies":[{"embeddable":true,"href":"https:\/\/franciscanos.org.br\/vidacrista\/wp-json\/wp\/v2\/comments?post=27243"}],"version-history":[{"count":1,"href":"https:\/\/franciscanos.org.br\/vidacrista\/wp-json\/wp\/v2\/posts\/27243\/revisions"}],"predecessor-version":[{"id":178053,"href":"https:\/\/franciscanos.org.br\/vidacrista\/wp-json\/wp\/v2\/posts\/27243\/revisions\/178053"}],"wp:featuredmedia":[{"embeddable":true,"href":"https:\/\/franciscanos.org.br\/vidacrista\/wp-json\/wp\/v2\/media\/178254"}],"wp:attachment":[{"href":"https:\/\/franciscanos.org.br\/vidacrista\/wp-json\/wp\/v2\/media?parent=27243"}],"wp:term":[{"taxonomy":"category","embeddable":true,"href":"https:\/\/franciscanos.org.br\/vidacrista\/wp-json\/wp\/v2\/categories?post=27243"},{"taxonomy":"post_tag","embeddable":true,"href":"https:\/\/franciscanos.org.br\/vidacrista\/wp-json\/wp\/v2\/tags?post=27243"}],"curies":[{"name":"wp","href":"https:\/\/api.w.org\/{rel}","templated":true}]}}