{"id":27061,"date":"2011-10-23T09:10:46","date_gmt":"2011-10-23T11:10:46","guid":{"rendered":"http:\/\/new.franciscanos.org.br\/?p=27061"},"modified":"2020-06-15T12:39:45","modified_gmt":"2020-06-15T15:39:45","slug":"no-principio-esta-a-comunhao-nao-a-solidao","status":"publish","type":"post","link":"https:\/\/franciscanos.org.br\/vidacrista\/no-principio-esta-a-comunhao-nao-a-solidao\/","title":{"rendered":"No princ\u00edpio est\u00e1 a comunh\u00e3o, n\u00e3o a solid\u00e3o"},"content":{"rendered":"<p><strong><img decoding=\"async\" loading=\"lazy\" class=\"alignright size-medium wp-image-27062\" src=\"http:\/\/franciscanos.org.br\/wp-content\/uploads\/2012\/10\/3937_251012-300x240.jpg\" alt=\"\" width=\"300\" height=\"240\" \/>Por\u00a0Leonardo Boff<\/strong><\/p>\n<p>Escrev\u00edamos anteriormente que Deus \u00e9 mist\u00e9rio em si mesmo e para si mesmo. Para os crist\u00e3os trata-se de um mist\u00e9rio de comunh\u00e3o e n\u00e3o de solid\u00e3o. \u00c9 a Sant\u00edssima Trindade: o Pai, o Filho e o Esp\u00edrito Santo. A ortodoxia afirma: <em>h\u00e1 tr\u00eas Pessoas e um s\u00f3 Deus<\/em>. \u00c9 poss\u00edvel isso? N\u00e3o seria um absurdo 3=1? Aqui tocamos naquilo que os crist\u00e3os subentendem quando dizem \u201cDeus\u201d. \u00c9 diferente que o absoluto monote\u00edsmo judeu e mu\u00e7ulmano. Sem abandonarmos o monote\u00edsmo, faz-se mister um esclarecimento desta Trindade.<\/p>\n<p>O tr\u00eas seguramente \u00e9 um n\u00famero. Mas n\u00e3o como resultado de 1+1+1=3. Se pensarmos assim matematicamente, ent\u00e3o Deus n\u00e3o \u00e9 tr\u00eas mas\u00a0 um \u00a0e \u00fanico. O n\u00famero tr\u00eas funciona como um s\u00edmbolo para sinalizar que sob o nome <em>Deus<\/em> h\u00e1 comunh\u00e3o e n\u00e3o solid\u00e3o, distin\u00e7\u00f5es que n\u00e3o se excluem mas que se incluem, que n\u00e3o se op\u00f5em mas se comp\u00f5em. O n\u00famero tr\u00eas seria como a aur\u00e9ola que colocamos simbolicamente ao redor da cabe\u00e7a das pessoas santas. N\u00e3o \u00e9 que elas andem por ai com essa aur\u00e9ola. Para n\u00f3s \u00e9 o s\u00edmbolo a sinalizar que estamos diante de figuras santas. Assim ocorre com o n\u00famero tr\u00eas.<\/p>\n<p>Com o tr\u00eas dizemos que em Deus h\u00e1 distin\u00e7\u00f5es. Se n\u00e3o houvesse distin\u00e7\u00f5es, reinaria a solid\u00e3o do um. A palavra Trindade (n\u00famero tr\u00eas) est\u00e1 no lugar de amor, comunh\u00e3o e inter-retro-rela\u00e7\u00f5es. Trindade significa exatamente isso: distin\u00e7\u00f5es em Deus que permitem a troca e a m\u00fatua entrega de Pai, Filho e Esp\u00edrito.<\/p>\n<p>A rigor, como j\u00e1 viu o g\u00eanio de Santo Agostinho, n\u00e3o dever-se-ia falar de <em>tr\u00eas<\/em> Pessoas. Cada Pessoa divina \u00e9 \u00fanica. E os \u00fanicos n\u00e3o se somam porque o \u00fanico n\u00e3o \u00e9 n\u00famero. Se disser um em termos de n\u00famero, ent\u00e3o n\u00e3o h\u00e1 como parar: seguem o dois, o tr\u00eas, o quatro e assim indefinidamente. Kant erroneamente entendeu assim e por isso rejeitava a id\u00e9ia de Trindade. Portanto o n\u00famero tr\u00eas possui valor simb\u00f3lico e n\u00e3o matem\u00e1tico. O que ele simboliza?<\/p>\n<p>C. G. Jung nos socorre. Ele escreveu longo ensaio sobre o sentido arquet\u00edpico-simb\u00f3lico da Trindade crist\u00e3. O tr\u00eas expressa a rela\u00e7\u00e3o t\u00e3o \u00edntima e infinita entre as diversas Pessoas que se uni-ficam, quer dizer, ficam um, um s\u00f3 Deus.<\/p>\n<p>Mas se s\u00e3o tr\u00eas Unicos, n\u00e3o resultaria no trite\u00edsmo, vale dizer, tr\u00eas Deuses em vez de um: o monote\u00edsmo? Isso seria assim, se funcionasse a l\u00f3gica matem\u00e1tica dos n\u00fameros. Se somo uma manga+uma manga+uma manga, resultam em tr\u00eas mangas. Mas com a Trindade n\u00e3o \u00e9 assim, pois estamos diante de outra l\u00f3gica, a das rela\u00e7\u00f5es inter-pessoais. Segundo esta l\u00f3gica, as rela\u00e7\u00f5es n\u00e3o se somam. Elas se entrela\u00e7am e se incluem, constituindo uma unidade. Assim, pai, m\u00e3e e filhosconstituem um \u00fanico jogo de rela\u00e7\u00f5es, formando\u00a0 uma \u00fanica fam\u00edlia. A fam\u00edlia resulta das rela\u00e7\u00f5es inclusivas entre os membros. N\u00e3o h\u00e1 pai e m\u00e3e sem filho, n\u00e3o h\u00e1 filho sem pai e m\u00e3e. Os tr\u00eas se uni-ficam, ficam um, uma \u00fanica fam\u00edlia. Tr\u00eas distintos mas uma s\u00f3 fam\u00edlia, a trindade humana.<\/p>\n<p>Quando falamos de Deus-Trindade entra em a\u00e7\u00e3o \u00a0esta l\u00f3gica das rela\u00e7\u00f5es interpessoais e n\u00e3o dos n\u00fameros. Em outras palavras: a natureza \u00edntima de Deus n\u00e3o \u00e9 solid\u00e3o mas comunh\u00e3o.<\/p>\n<p>Se houvesse um s\u00f3 Deus reinaria, de fato, a absoluta solid\u00e3o. Se houvesse dois, num frente a frente ao outro, vigoraria a distin\u00e7\u00e3o e, ao mesmo tempo, a separa\u00e7\u00e3o e a exclus\u00e3o (um n\u00e3o \u00e9 o outro) e uma m\u00fatua contempla\u00e7\u00e3o. N\u00e3o seria ego\u00edsmo a dois? Com o tr\u00eas, o um e o dois se voltam para o tr\u00eas, superam a separa\u00e7\u00e3o e se encontram no tr\u00eas. Irrompe a comunh\u00e3o circular e a inclus\u00e3o de uns nos outros, pelos outros e com os outros, numa palavra: a Trindade.<\/p>\n<p>O que existe primeiro \u00e9 a simultaneidade dos tr\u00eas Unicos. Ningu\u00e9m \u00e9 antes ou depois. Emergem juntos sempre se comunicando reciprocamente e sem fim. Por isso diz\u00edamos: no princ\u00edpio est\u00e1 a comunh\u00e3o. Como consequ\u00eancia desta comunh\u00e3o infinita resulta a uni\u00e3o e a unidade em Deus. Ent\u00e3o: tr\u00eas Pessoas e\u00a0 um s\u00f3 Deus-comunh\u00e3o.<\/p>\n<p>N\u00e3o nos dizem exatamente isso os modernos\u00a0 cosm\u00f3logos? O universo \u00e9 feito de rela\u00e7\u00f5es e nada existe fora das rela\u00e7\u00f5es. O universo \u00e9 a grande met\u00e1fora da Trindade: tudo \u00e9 rela\u00e7\u00e3o de tudo com tudo: um uni-verso. E n\u00f3s dentro dele.<\/p>\n<p>Te\u00f3logo e fil\u00f3sofo, autor de <em>A Trindade \u00e9 a melhor comunidade<\/em>, Vozes 2009.<\/p>\n","protected":false},"excerpt":{"rendered":"<p>Artigo de Leonardo Boff<\/p>\n","protected":false},"author":1,"featured_media":185683,"comment_status":"closed","ping_status":"open","sticky":false,"template":"","format":"standard","meta":{"footnotes":""},"categories":[26],"tags":[40,59,60,61],"yoast_head":"<!-- This site is optimized with the Yoast SEO plugin v19.4 - https:\/\/yoast.com\/wordpress\/plugins\/seo\/ -->\n<title>No princ\u00edpio est\u00e1 a comunh\u00e3o, n\u00e3o a solid\u00e3o - Vida Crist\u00e3 - Franciscanos<\/title>\n<meta name=\"robots\" content=\"index, follow, max-snippet:-1, max-image-preview:large, max-video-preview:-1\" \/>\n<link rel=\"canonical\" href=\"https:\/\/franciscanos.org.br\/vidacrista\/no-principio-esta-a-comunhao-nao-a-solidao\/\" \/>\n<meta property=\"og:locale\" content=\"pt_BR\" \/>\n<meta property=\"og:type\" content=\"article\" \/>\n<meta property=\"og:title\" content=\"No princ\u00edpio est\u00e1 a comunh\u00e3o, n\u00e3o a solid\u00e3o - Vida Crist\u00e3 - Franciscanos\" \/>\n<meta property=\"og:description\" content=\"Artigo de Leonardo Boff\" \/>\n<meta property=\"og:url\" content=\"https:\/\/franciscanos.org.br\/vidacrista\/no-principio-esta-a-comunhao-nao-a-solidao\/\" \/>\n<meta property=\"og:site_name\" content=\"Vida Crist\u00e3 - Franciscanos\" \/>\n<meta property=\"article:published_time\" content=\"2011-10-23T11:10:46+00:00\" \/>\n<meta property=\"article:modified_time\" content=\"2020-06-15T15:39:45+00:00\" \/>\n<meta property=\"og:image\" content=\"https:\/\/franciscanos.org.br\/vidacrista\/wp-content\/uploads\/2011\/10\/3937_251012-300x240.jpg\" \/>\n\t<meta property=\"og:image:width\" content=\"800\" \/>\n\t<meta property=\"og:image:height\" content=\"600\" \/>\n\t<meta property=\"og:image:type\" content=\"image\/jpeg\" \/>\n<meta name=\"author\" content=\"admin\" \/>\n<meta name=\"twitter:card\" content=\"summary_large_image\" \/>\n<meta name=\"twitter:label1\" content=\"Escrito por\" \/>\n\t<meta name=\"twitter:data1\" content=\"admin\" \/>\n\t<meta name=\"twitter:label2\" content=\"Est. tempo de leitura\" \/>\n\t<meta name=\"twitter:data2\" content=\"4 minutos\" \/>\n<script type=\"application\/ld+json\" class=\"yoast-schema-graph\">{\"@context\":\"https:\/\/schema.org\",\"@graph\":[{\"@type\":\"WebSite\",\"@id\":\"https:\/\/franciscanos.org.br\/vidacrista\/#website\",\"url\":\"https:\/\/franciscanos.org.br\/vidacrista\/\",\"name\":\"Vida Crist\u00e3 - Franciscanos\",\"description\":\"Prov\u00edncia Franciscana da Imaculada Concei\u00e7\u00e3o do Brasil - Ordem dos Frades Menores\",\"potentialAction\":[{\"@type\":\"SearchAction\",\"target\":{\"@type\":\"EntryPoint\",\"urlTemplate\":\"https:\/\/franciscanos.org.br\/vidacrista\/?s={search_term_string}\"},\"query-input\":\"required name=search_term_string\"}],\"inLanguage\":\"pt-BR\"},{\"@type\":\"WebPage\",\"@id\":\"https:\/\/franciscanos.org.br\/vidacrista\/no-principio-esta-a-comunhao-nao-a-solidao\/\",\"url\":\"https:\/\/franciscanos.org.br\/vidacrista\/no-principio-esta-a-comunhao-nao-a-solidao\/\",\"name\":\"No princ\u00edpio est\u00e1 a comunh\u00e3o, n\u00e3o a solid\u00e3o - Vida Crist\u00e3 - Franciscanos\",\"isPartOf\":{\"@id\":\"https:\/\/franciscanos.org.br\/vidacrista\/#website\"},\"datePublished\":\"2011-10-23T11:10:46+00:00\",\"dateModified\":\"2020-06-15T15:39:45+00:00\",\"author\":{\"@id\":\"https:\/\/franciscanos.org.br\/vidacrista\/#\/schema\/person\/133632ca93cec555316a35f76ab4153b\"},\"breadcrumb\":{\"@id\":\"https:\/\/franciscanos.org.br\/vidacrista\/no-principio-esta-a-comunhao-nao-a-solidao\/#breadcrumb\"},\"inLanguage\":\"pt-BR\",\"potentialAction\":[{\"@type\":\"ReadAction\",\"target\":[\"https:\/\/franciscanos.org.br\/vidacrista\/no-principio-esta-a-comunhao-nao-a-solidao\/\"]}]},{\"@type\":\"BreadcrumbList\",\"@id\":\"https:\/\/franciscanos.org.br\/vidacrista\/no-principio-esta-a-comunhao-nao-a-solidao\/#breadcrumb\",\"itemListElement\":[{\"@type\":\"ListItem\",\"position\":1,\"name\":\"Home\",\"item\":\"https:\/\/franciscanos.org.br\/vidacrista\/\"},{\"@type\":\"ListItem\",\"position\":2,\"name\":\"No princ\u00edpio est\u00e1 a comunh\u00e3o, n\u00e3o a solid\u00e3o\"}]},{\"@type\":\"Person\",\"@id\":\"https:\/\/franciscanos.org.br\/vidacrista\/#\/schema\/person\/133632ca93cec555316a35f76ab4153b\",\"name\":\"admin\",\"image\":{\"@type\":\"ImageObject\",\"inLanguage\":\"pt-BR\",\"@id\":\"https:\/\/franciscanos.org.br\/vidacrista\/#\/schema\/person\/image\/\",\"url\":\"https:\/\/secure.gravatar.com\/avatar\/e8495742d34d0ba6448ea1c628263b3e?s=96&d=mm&r=g\",\"contentUrl\":\"https:\/\/secure.gravatar.com\/avatar\/e8495742d34d0ba6448ea1c628263b3e?s=96&d=mm&r=g\",\"caption\":\"admin\"},\"url\":\"https:\/\/franciscanos.org.br\/vidacrista\/author\/admin\/\"}]}<\/script>\n<!-- \/ Yoast SEO plugin. -->","yoast_head_json":{"title":"No princ\u00edpio est\u00e1 a comunh\u00e3o, n\u00e3o a solid\u00e3o - Vida Crist\u00e3 - Franciscanos","robots":{"index":"index","follow":"follow","max-snippet":"max-snippet:-1","max-image-preview":"max-image-preview:large","max-video-preview":"max-video-preview:-1"},"canonical":"https:\/\/franciscanos.org.br\/vidacrista\/no-principio-esta-a-comunhao-nao-a-solidao\/","og_locale":"pt_BR","og_type":"article","og_title":"No princ\u00edpio est\u00e1 a comunh\u00e3o, n\u00e3o a solid\u00e3o - Vida Crist\u00e3 - Franciscanos","og_description":"Artigo de Leonardo Boff","og_url":"https:\/\/franciscanos.org.br\/vidacrista\/no-principio-esta-a-comunhao-nao-a-solidao\/","og_site_name":"Vida Crist\u00e3 - Franciscanos","article_published_time":"2011-10-23T11:10:46+00:00","article_modified_time":"2020-06-15T15:39:45+00:00","og_image":[{"width":800,"height":600,"url":"https:\/\/franciscanos.org.br\/vidacrista\/wp-content\/uploads\/2011\/10\/3937_251012-300x240.jpg","type":"image\/jpeg"}],"author":"admin","twitter_card":"summary_large_image","twitter_misc":{"Escrito por":"admin","Est. tempo de leitura":"4 minutos"},"schema":{"@context":"https:\/\/schema.org","@graph":[{"@type":"WebSite","@id":"https:\/\/franciscanos.org.br\/vidacrista\/#website","url":"https:\/\/franciscanos.org.br\/vidacrista\/","name":"Vida Crist\u00e3 - Franciscanos","description":"Prov\u00edncia Franciscana da Imaculada Concei\u00e7\u00e3o do Brasil - Ordem dos Frades Menores","potentialAction":[{"@type":"SearchAction","target":{"@type":"EntryPoint","urlTemplate":"https:\/\/franciscanos.org.br\/vidacrista\/?s={search_term_string}"},"query-input":"required name=search_term_string"}],"inLanguage":"pt-BR"},{"@type":"WebPage","@id":"https:\/\/franciscanos.org.br\/vidacrista\/no-principio-esta-a-comunhao-nao-a-solidao\/","url":"https:\/\/franciscanos.org.br\/vidacrista\/no-principio-esta-a-comunhao-nao-a-solidao\/","name":"No princ\u00edpio est\u00e1 a comunh\u00e3o, n\u00e3o a solid\u00e3o - Vida Crist\u00e3 - Franciscanos","isPartOf":{"@id":"https:\/\/franciscanos.org.br\/vidacrista\/#website"},"datePublished":"2011-10-23T11:10:46+00:00","dateModified":"2020-06-15T15:39:45+00:00","author":{"@id":"https:\/\/franciscanos.org.br\/vidacrista\/#\/schema\/person\/133632ca93cec555316a35f76ab4153b"},"breadcrumb":{"@id":"https:\/\/franciscanos.org.br\/vidacrista\/no-principio-esta-a-comunhao-nao-a-solidao\/#breadcrumb"},"inLanguage":"pt-BR","potentialAction":[{"@type":"ReadAction","target":["https:\/\/franciscanos.org.br\/vidacrista\/no-principio-esta-a-comunhao-nao-a-solidao\/"]}]},{"@type":"BreadcrumbList","@id":"https:\/\/franciscanos.org.br\/vidacrista\/no-principio-esta-a-comunhao-nao-a-solidao\/#breadcrumb","itemListElement":[{"@type":"ListItem","position":1,"name":"Home","item":"https:\/\/franciscanos.org.br\/vidacrista\/"},{"@type":"ListItem","position":2,"name":"No princ\u00edpio est\u00e1 a comunh\u00e3o, n\u00e3o a solid\u00e3o"}]},{"@type":"Person","@id":"https:\/\/franciscanos.org.br\/vidacrista\/#\/schema\/person\/133632ca93cec555316a35f76ab4153b","name":"admin","image":{"@type":"ImageObject","inLanguage":"pt-BR","@id":"https:\/\/franciscanos.org.br\/vidacrista\/#\/schema\/person\/image\/","url":"https:\/\/secure.gravatar.com\/avatar\/e8495742d34d0ba6448ea1c628263b3e?s=96&d=mm&r=g","contentUrl":"https:\/\/secure.gravatar.com\/avatar\/e8495742d34d0ba6448ea1c628263b3e?s=96&d=mm&r=g","caption":"admin"},"url":"https:\/\/franciscanos.org.br\/vidacrista\/author\/admin\/"}]}},"_links":{"self":[{"href":"https:\/\/franciscanos.org.br\/vidacrista\/wp-json\/wp\/v2\/posts\/27061"}],"collection":[{"href":"https:\/\/franciscanos.org.br\/vidacrista\/wp-json\/wp\/v2\/posts"}],"about":[{"href":"https:\/\/franciscanos.org.br\/vidacrista\/wp-json\/wp\/v2\/types\/post"}],"author":[{"embeddable":true,"href":"https:\/\/franciscanos.org.br\/vidacrista\/wp-json\/wp\/v2\/users\/1"}],"replies":[{"embeddable":true,"href":"https:\/\/franciscanos.org.br\/vidacrista\/wp-json\/wp\/v2\/comments?post=27061"}],"version-history":[{"count":1,"href":"https:\/\/franciscanos.org.br\/vidacrista\/wp-json\/wp\/v2\/posts\/27061\/revisions"}],"predecessor-version":[{"id":185684,"href":"https:\/\/franciscanos.org.br\/vidacrista\/wp-json\/wp\/v2\/posts\/27061\/revisions\/185684"}],"wp:featuredmedia":[{"embeddable":true,"href":"https:\/\/franciscanos.org.br\/vidacrista\/wp-json\/wp\/v2\/media\/185683"}],"wp:attachment":[{"href":"https:\/\/franciscanos.org.br\/vidacrista\/wp-json\/wp\/v2\/media?parent=27061"}],"wp:term":[{"taxonomy":"category","embeddable":true,"href":"https:\/\/franciscanos.org.br\/vidacrista\/wp-json\/wp\/v2\/categories?post=27061"},{"taxonomy":"post_tag","embeddable":true,"href":"https:\/\/franciscanos.org.br\/vidacrista\/wp-json\/wp\/v2\/tags?post=27061"}],"curies":[{"name":"wp","href":"https:\/\/api.w.org\/{rel}","templated":true}]}}