{"id":26519,"date":"2009-10-18T13:08:35","date_gmt":"2009-10-18T15:08:35","guid":{"rendered":"http:\/\/new.franciscanos.org.br\/?p=26519"},"modified":"2020-05-22T10:37:21","modified_gmt":"2020-05-22T13:37:21","slug":"os-primeiros-capitulos-da-ordem-alguns-testemunhos","status":"publish","type":"post","link":"https:\/\/franciscanos.org.br\/vidacrista\/os-primeiros-capitulos-da-ordem-alguns-testemunhos\/","title":{"rendered":"Os primeiros Cap\u00edtulos da Ordem: alguns testemunhos"},"content":{"rendered":"<p><strong><img decoding=\"async\" loading=\"lazy\" class=\"alignright wp-image-26520\" title=\"S\u00e3o Francisco\" src=\"http:\/\/franciscanos.org.br\/wp-content\/uploads\/2012\/10\/3880_181012.jpg\" alt=\"\" width=\"715\" height=\"1085\" \/> Frei Sandro Roberto da Costa, ofm (*)<\/strong><\/p>\n<p>Desde os in\u00edcios da Ordem, os momentos de encontro fraterno mais intensos ocuparam um lugar importante na vida dos irm\u00e3os, seja pela necessidade de pensar e organizar juntos os rumos da fraternidade e da miss\u00e3o, seja pelo prazer de se encontrar, conversar, comer, se alegrar juntos. Francisco sempre tomou as decis\u00f5es mais importantes da fraternidade junto com seus irm\u00e3os. Depois de 1209, quando o papa Inoc\u00eancio III deu a aprova\u00e7\u00e3o oral para a Regra, os irm\u00e3os se espalharam por todas as regi\u00f5es da It\u00e1lia, e o seu n\u00famero cresceu rapidamente. Sentiu-se a necessidade de uma reuni\u00e3o mais articulada para avaliar a caminhada e fixar algumas normas mais precisas. Em 1212 Francisco reuniu seus frades nos arredores de Assis, pr\u00f3ximo ao mosteiro de S\u00e3o Verecundo. Diz o cronista do mosteiro: \u201cNos \u00faltimos tempos, o bem-aventurado Francisco pobrezinho freq\u00fcentes vezes se hospedou no mosteiro de\u00a0S\u00e3o Verecundo&#8230; E nas imedia\u00e7\u00f5es do mesmo mosteiro, o bem-aventurado Francisco realizou um cap\u00edtulo dos trezentos primeiros irm\u00e3os, e o abade e os monges, generosamente, como puderam, doaram as coisas necess\u00e1rias. Houve grande abund\u00e2ncia de p\u00e3o de cevada, de s\u00eamola, de trigo, de milho, \u00e1gua pot\u00e1vel l\u00edmpida e vinho de ma\u00e7\u00e3 dilu\u00eddo em \u00e1gua para os mais fracos, como atestava o velho senhor Andr\u00e9, que esteve presente; e houve grande abund\u00e2ncia de favas e legumes\u201d (Legenda da Paix\u00e3o de S\u00e3o Verecundo, Fontes Franciscanas e Clarianas, 1449).<\/p>\n<p>Entre estes momentos de encontro de todos os frades, destaca-se aquele que aconteceu em Assis, na festa de Pentecostes, no ano de 1217, que passou para a hist\u00f3ria como o Cap\u00edtulo das Esteiras. \u00c9 S\u00e3o Boaventura quem nos d\u00e1 uma id\u00e9ia desta grande reuni\u00e3o fraterna: \u201cTamb\u00e9m, j\u00e1 multiplicados os irm\u00e3os no decorrer do tempo, o sol\u00edcito pastor come\u00e7ou a convoc\u00e1-los ao Cap\u00edtulo geral no eremit\u00e9rio de Santa Maria da Porci\u00fancula, a fim de distribuir a cada um deles a por\u00e7\u00e3o da obedi\u00eancia, segundo a medida da distribui\u00e7\u00e3o divina na terra da pobreza (cf. Sl 77,54; Gn 41,52). A\u00ed, embora houvesse pen\u00faria de todas as coisas necess\u00e1rias \u2013 e uma vez se reunisse uma multid\u00e3o de mais de cinco mil irm\u00e3os -, no entanto, com a ajuda da divina clem\u00eancia, havia sufici\u00eancia de alimento, acompanhava uma boa sa\u00fade corporal, e flu\u00eda a alegria espiritual\u201d. (Legenda Maior IV, 10, 1-2, Fontes Franciscanas e Clarianas 576).<\/p>\n<p>Imaginemos os frades se preparando para a viagem: h\u00e1bito surrado, numa das m\u00e3os uma sacola com o m\u00ednimo necess\u00e1rio, na outra um cajado, sand\u00e1lias aos p\u00e9s ou descal\u00e7os, punham-se a caminho. A festa de Pentecostes ocorre geralmente entre o fim do inverno e o in\u00edcio da primavera na Europa. A neve come\u00e7a a derreter, aparecem os primeiros brotos nas \u00e1rvores, as beiras das estradas se enfeitam de flores, os p\u00e1ssaros enchem os ares com seus cantos, festejando a vida que renasce. Os frades viajavam a p\u00e9, em grupo ou dois a dois, cruzando vales e montanhas, estradas poeirentas, sujeitos a assaltos, \u00e0s intemp\u00e9ries. Mas viajavam contentes, pois iriam se encontrar com Francisco, aquele que lhes tinha mostrado o caminho do seguimento de Cristo e do seu Evangelho. Muitos frades iriam encontr\u00e1-lo pela primeira vez. Ver Francisco, abra\u00e7a-lo, ouvi-lo, conversar com ele, saciar-se na fonte de sua santidade e sabedoria, poder partilhar com ele as ang\u00fastias, d\u00favidas, incertezas e vit\u00f3rias, valia qualquer sacrif\u00edcio.<\/p>\n<p>Calos nos p\u00e9s, faces cansadas, h\u00e1bitos empoeirados e suados, tudo o que os frades desejavam quando chegavam a Assis para o Cap\u00edtulo era um leito macio, um banho quente, um prato de sopa. Como acomodar todos esses homens? Onde aloj\u00e1-los? Como alimenta-los? Os habitantes de Assis n\u00e3o tiveram d\u00favida. Organizaram-se e, generosamente, ofereceram aos frades o que tinham de melhor. Como abrigo, esteiras. Da\u00ed o t\u00edtulo de Cap\u00edtulo das Esteiras. A mesa era frugal, mas farta. O cronista Jord\u00e3o de Jano, um dos primeiros frades a ser enviado para a miss\u00e3o na Alemanha, nos d\u00e1 um relato de um desses Cap\u00edtulos, realizado em 1221: \u201c&#8230; no ano do Senhor de 1221, no dia 23 de maio&#8230; no santo dia de Pentecostes, o bem-aventurado Francisco celebrou o Cap\u00edtulo geral em Santa Maria da Porci\u00fancula. A este Cap\u00edtulo, conforme o costume ent\u00e3o existente na Ordem, compareceram tanto os professos quanto os novi\u00e7os; e os irm\u00e3os que compareceram foram calculados em tr\u00eas mil irm\u00e3os. A este cap\u00edtulo esteve presente o senhor Rain\u00e9rio, cardeal di\u00e1cono, com muitos outros bispos e religiosos. Por ordem dele, um bispo celebrou a missa. E acredita-se que o bem-aventurado Francisco ent\u00e3o tenha lido o Evangelho, e outro irm\u00e3o a ep\u00edstola. No entanto, como os irm\u00e3os n\u00e3o tivessem casas para tantos irm\u00e3os, acomodavam-se sob esteiras em campo espa\u00e7oso e cercado, comiam e dormiam em vinte e tr\u00eas mesas dispostas de maneira ordenada&#8230; Neste Cap\u00edtulo, o povo da terra servia com esp\u00edrito de prontid\u00e3o, fornecendo p\u00e3o e vinho, alegres por uma reuni\u00e3o de tantos irm\u00e3os e pelo regresso do bem-aventurado Francisco. Neste Cap\u00edtulo, o bem-aventurado Francisco, tendo tomado o tema \u201cBendito o Senhor meu Deus que adestra minhas m\u00e3os para o combate\u201d (cf. Sl 18,35), pregou aos irm\u00e3os, ensinando as virtudes e admoestando \u00e0 paci\u00eancia e aos exemplos a dar ao mundo. De modo semelhante era feito o serm\u00e3o ao povo: e tanto o povo quanto o clero ficavam edificados. Quem poderia explicar quanta caridade, paci\u00eancia, humildade, obedi\u00eancia e alegria fraterna existiam naquele tempo entre os irm\u00e3os? De fato, n\u00e3o vi na Ordem um Cap\u00edtulo como este, tanto pela multid\u00e3o dos irm\u00e3os quanto pela solenidade dos que serviam. E embora fosse t\u00e3o grande a multid\u00e3o dos irm\u00e3os, no entanto, o povo fornecia tudo t\u00e3o alegremente que, ap\u00f3s sete dias de Cap\u00edtulo, os irm\u00e3os foram obrigados a fechar a porta e a nada receber e a permanecer dois dias a mais para consumirem as coisas oferecidas e recebidas\u201d (Cr\u00f4nica de Jord\u00e3o de Jano, Fontes Franciscanas e Clarianas, 1270-1271). Uma vez terminado o Cap\u00edtulo, os irm\u00e3os retornavam para suas casas, levando na mente e no cora\u00e7\u00e3o as palavras e ensinamentos de Francisco, mas tamb\u00e9m o carinho e o exemplo de generosidade e doa\u00e7\u00e3o dos habitantes de Assis, que tanto amavam Francisco e seus frades.<br \/>\n<em>(*) Frei Sandro Roberto da Costa, \u00e9 professor de Hist\u00f3ria da Igreja e de Patr\u00edstica no Instituto Teol\u00f3gico Franciscano de Petr\u00f3polis (RJ).<\/em><\/p>\n<p><em>\u00c9 doutor em Hist\u00f3ria da Igreja pela Pontif\u00edcia Universidade Gregoriana de Roma.<\/em><\/p>\n","protected":false},"excerpt":{"rendered":"<p>Artigo de Frei Sandro Roberto da Costa<\/p>\n","protected":false},"author":1,"featured_media":184586,"comment_status":"closed","ping_status":"open","sticky":false,"template":"","format":"standard","meta":{"footnotes":""},"categories":[26],"tags":[209],"yoast_head":"<!-- This site is optimized with the Yoast SEO plugin v19.4 - https:\/\/yoast.com\/wordpress\/plugins\/seo\/ -->\n<title>Os primeiros Cap\u00edtulos da Ordem: alguns testemunhos - Vida Crist\u00e3 - Franciscanos<\/title>\n<meta name=\"robots\" content=\"index, follow, max-snippet:-1, max-image-preview:large, max-video-preview:-1\" \/>\n<link rel=\"canonical\" href=\"https:\/\/franciscanos.org.br\/vidacrista\/os-primeiros-capitulos-da-ordem-alguns-testemunhos\/\" \/>\n<meta property=\"og:locale\" content=\"pt_BR\" \/>\n<meta property=\"og:type\" content=\"article\" \/>\n<meta property=\"og:title\" content=\"Os primeiros Cap\u00edtulos da Ordem: alguns testemunhos - Vida Crist\u00e3 - Franciscanos\" \/>\n<meta property=\"og:description\" content=\"Artigo de Frei Sandro Roberto da Costa\" \/>\n<meta property=\"og:url\" content=\"https:\/\/franciscanos.org.br\/vidacrista\/os-primeiros-capitulos-da-ordem-alguns-testemunhos\/\" \/>\n<meta property=\"og:site_name\" content=\"Vida Crist\u00e3 - Franciscanos\" \/>\n<meta property=\"article:published_time\" content=\"2009-10-18T15:08:35+00:00\" \/>\n<meta property=\"article:modified_time\" content=\"2020-05-22T13:37:21+00:00\" \/>\n<meta property=\"og:image\" content=\"https:\/\/franciscanos.org.br\/vidacrista\/wp-content\/uploads\/2009\/10\/3880_181012.jpg\" \/>\n\t<meta property=\"og:image:width\" content=\"800\" \/>\n\t<meta property=\"og:image:height\" content=\"603\" \/>\n\t<meta property=\"og:image:type\" content=\"image\/jpeg\" \/>\n<meta name=\"author\" content=\"admin\" \/>\n<meta name=\"twitter:card\" content=\"summary_large_image\" \/>\n<meta name=\"twitter:label1\" content=\"Escrito por\" \/>\n\t<meta name=\"twitter:data1\" content=\"admin\" \/>\n\t<meta name=\"twitter:label2\" content=\"Est. tempo de leitura\" \/>\n\t<meta name=\"twitter:data2\" content=\"6 minutos\" \/>\n<script type=\"application\/ld+json\" class=\"yoast-schema-graph\">{\"@context\":\"https:\/\/schema.org\",\"@graph\":[{\"@type\":\"WebSite\",\"@id\":\"https:\/\/franciscanos.org.br\/vidacrista\/#website\",\"url\":\"https:\/\/franciscanos.org.br\/vidacrista\/\",\"name\":\"Vida Crist\u00e3 - Franciscanos\",\"description\":\"Prov\u00edncia Franciscana da Imaculada Concei\u00e7\u00e3o do Brasil - Ordem dos Frades Menores\",\"potentialAction\":[{\"@type\":\"SearchAction\",\"target\":{\"@type\":\"EntryPoint\",\"urlTemplate\":\"https:\/\/franciscanos.org.br\/vidacrista\/?s={search_term_string}\"},\"query-input\":\"required name=search_term_string\"}],\"inLanguage\":\"pt-BR\"},{\"@type\":\"WebPage\",\"@id\":\"https:\/\/franciscanos.org.br\/vidacrista\/os-primeiros-capitulos-da-ordem-alguns-testemunhos\/\",\"url\":\"https:\/\/franciscanos.org.br\/vidacrista\/os-primeiros-capitulos-da-ordem-alguns-testemunhos\/\",\"name\":\"Os primeiros Cap\u00edtulos da Ordem: alguns testemunhos - Vida Crist\u00e3 - Franciscanos\",\"isPartOf\":{\"@id\":\"https:\/\/franciscanos.org.br\/vidacrista\/#website\"},\"datePublished\":\"2009-10-18T15:08:35+00:00\",\"dateModified\":\"2020-05-22T13:37:21+00:00\",\"author\":{\"@id\":\"https:\/\/franciscanos.org.br\/vidacrista\/#\/schema\/person\/133632ca93cec555316a35f76ab4153b\"},\"breadcrumb\":{\"@id\":\"https:\/\/franciscanos.org.br\/vidacrista\/os-primeiros-capitulos-da-ordem-alguns-testemunhos\/#breadcrumb\"},\"inLanguage\":\"pt-BR\",\"potentialAction\":[{\"@type\":\"ReadAction\",\"target\":[\"https:\/\/franciscanos.org.br\/vidacrista\/os-primeiros-capitulos-da-ordem-alguns-testemunhos\/\"]}]},{\"@type\":\"BreadcrumbList\",\"@id\":\"https:\/\/franciscanos.org.br\/vidacrista\/os-primeiros-capitulos-da-ordem-alguns-testemunhos\/#breadcrumb\",\"itemListElement\":[{\"@type\":\"ListItem\",\"position\":1,\"name\":\"Home\",\"item\":\"https:\/\/franciscanos.org.br\/vidacrista\/\"},{\"@type\":\"ListItem\",\"position\":2,\"name\":\"Os primeiros Cap\u00edtulos da Ordem: alguns testemunhos\"}]},{\"@type\":\"Person\",\"@id\":\"https:\/\/franciscanos.org.br\/vidacrista\/#\/schema\/person\/133632ca93cec555316a35f76ab4153b\",\"name\":\"admin\",\"image\":{\"@type\":\"ImageObject\",\"inLanguage\":\"pt-BR\",\"@id\":\"https:\/\/franciscanos.org.br\/vidacrista\/#\/schema\/person\/image\/\",\"url\":\"https:\/\/secure.gravatar.com\/avatar\/e8495742d34d0ba6448ea1c628263b3e?s=96&d=mm&r=g\",\"contentUrl\":\"https:\/\/secure.gravatar.com\/avatar\/e8495742d34d0ba6448ea1c628263b3e?s=96&d=mm&r=g\",\"caption\":\"admin\"},\"url\":\"https:\/\/franciscanos.org.br\/vidacrista\/author\/admin\/\"}]}<\/script>\n<!-- \/ Yoast SEO plugin. -->","yoast_head_json":{"title":"Os primeiros Cap\u00edtulos da Ordem: alguns testemunhos - Vida Crist\u00e3 - Franciscanos","robots":{"index":"index","follow":"follow","max-snippet":"max-snippet:-1","max-image-preview":"max-image-preview:large","max-video-preview":"max-video-preview:-1"},"canonical":"https:\/\/franciscanos.org.br\/vidacrista\/os-primeiros-capitulos-da-ordem-alguns-testemunhos\/","og_locale":"pt_BR","og_type":"article","og_title":"Os primeiros Cap\u00edtulos da Ordem: alguns testemunhos - Vida Crist\u00e3 - Franciscanos","og_description":"Artigo de Frei Sandro Roberto da Costa","og_url":"https:\/\/franciscanos.org.br\/vidacrista\/os-primeiros-capitulos-da-ordem-alguns-testemunhos\/","og_site_name":"Vida Crist\u00e3 - Franciscanos","article_published_time":"2009-10-18T15:08:35+00:00","article_modified_time":"2020-05-22T13:37:21+00:00","og_image":[{"width":800,"height":603,"url":"https:\/\/franciscanos.org.br\/vidacrista\/wp-content\/uploads\/2009\/10\/3880_181012.jpg","type":"image\/jpeg"}],"author":"admin","twitter_card":"summary_large_image","twitter_misc":{"Escrito por":"admin","Est. tempo de leitura":"6 minutos"},"schema":{"@context":"https:\/\/schema.org","@graph":[{"@type":"WebSite","@id":"https:\/\/franciscanos.org.br\/vidacrista\/#website","url":"https:\/\/franciscanos.org.br\/vidacrista\/","name":"Vida Crist\u00e3 - Franciscanos","description":"Prov\u00edncia Franciscana da Imaculada Concei\u00e7\u00e3o do Brasil - Ordem dos Frades Menores","potentialAction":[{"@type":"SearchAction","target":{"@type":"EntryPoint","urlTemplate":"https:\/\/franciscanos.org.br\/vidacrista\/?s={search_term_string}"},"query-input":"required name=search_term_string"}],"inLanguage":"pt-BR"},{"@type":"WebPage","@id":"https:\/\/franciscanos.org.br\/vidacrista\/os-primeiros-capitulos-da-ordem-alguns-testemunhos\/","url":"https:\/\/franciscanos.org.br\/vidacrista\/os-primeiros-capitulos-da-ordem-alguns-testemunhos\/","name":"Os primeiros Cap\u00edtulos da Ordem: alguns testemunhos - Vida Crist\u00e3 - Franciscanos","isPartOf":{"@id":"https:\/\/franciscanos.org.br\/vidacrista\/#website"},"datePublished":"2009-10-18T15:08:35+00:00","dateModified":"2020-05-22T13:37:21+00:00","author":{"@id":"https:\/\/franciscanos.org.br\/vidacrista\/#\/schema\/person\/133632ca93cec555316a35f76ab4153b"},"breadcrumb":{"@id":"https:\/\/franciscanos.org.br\/vidacrista\/os-primeiros-capitulos-da-ordem-alguns-testemunhos\/#breadcrumb"},"inLanguage":"pt-BR","potentialAction":[{"@type":"ReadAction","target":["https:\/\/franciscanos.org.br\/vidacrista\/os-primeiros-capitulos-da-ordem-alguns-testemunhos\/"]}]},{"@type":"BreadcrumbList","@id":"https:\/\/franciscanos.org.br\/vidacrista\/os-primeiros-capitulos-da-ordem-alguns-testemunhos\/#breadcrumb","itemListElement":[{"@type":"ListItem","position":1,"name":"Home","item":"https:\/\/franciscanos.org.br\/vidacrista\/"},{"@type":"ListItem","position":2,"name":"Os primeiros Cap\u00edtulos da Ordem: alguns testemunhos"}]},{"@type":"Person","@id":"https:\/\/franciscanos.org.br\/vidacrista\/#\/schema\/person\/133632ca93cec555316a35f76ab4153b","name":"admin","image":{"@type":"ImageObject","inLanguage":"pt-BR","@id":"https:\/\/franciscanos.org.br\/vidacrista\/#\/schema\/person\/image\/","url":"https:\/\/secure.gravatar.com\/avatar\/e8495742d34d0ba6448ea1c628263b3e?s=96&d=mm&r=g","contentUrl":"https:\/\/secure.gravatar.com\/avatar\/e8495742d34d0ba6448ea1c628263b3e?s=96&d=mm&r=g","caption":"admin"},"url":"https:\/\/franciscanos.org.br\/vidacrista\/author\/admin\/"}]}},"_links":{"self":[{"href":"https:\/\/franciscanos.org.br\/vidacrista\/wp-json\/wp\/v2\/posts\/26519"}],"collection":[{"href":"https:\/\/franciscanos.org.br\/vidacrista\/wp-json\/wp\/v2\/posts"}],"about":[{"href":"https:\/\/franciscanos.org.br\/vidacrista\/wp-json\/wp\/v2\/types\/post"}],"author":[{"embeddable":true,"href":"https:\/\/franciscanos.org.br\/vidacrista\/wp-json\/wp\/v2\/users\/1"}],"replies":[{"embeddable":true,"href":"https:\/\/franciscanos.org.br\/vidacrista\/wp-json\/wp\/v2\/comments?post=26519"}],"version-history":[{"count":3,"href":"https:\/\/franciscanos.org.br\/vidacrista\/wp-json\/wp\/v2\/posts\/26519\/revisions"}],"predecessor-version":[{"id":184587,"href":"https:\/\/franciscanos.org.br\/vidacrista\/wp-json\/wp\/v2\/posts\/26519\/revisions\/184587"}],"wp:featuredmedia":[{"embeddable":true,"href":"https:\/\/franciscanos.org.br\/vidacrista\/wp-json\/wp\/v2\/media\/184586"}],"wp:attachment":[{"href":"https:\/\/franciscanos.org.br\/vidacrista\/wp-json\/wp\/v2\/media?parent=26519"}],"wp:term":[{"taxonomy":"category","embeddable":true,"href":"https:\/\/franciscanos.org.br\/vidacrista\/wp-json\/wp\/v2\/categories?post=26519"},{"taxonomy":"post_tag","embeddable":true,"href":"https:\/\/franciscanos.org.br\/vidacrista\/wp-json\/wp\/v2\/tags?post=26519"}],"curies":[{"name":"wp","href":"https:\/\/api.w.org\/{rel}","templated":true}]}}