{"id":25465,"date":"2012-10-02T07:32:15","date_gmt":"2012-10-02T10:32:15","guid":{"rendered":"http:\/\/new.franciscanos.org.br\/?p=25465"},"modified":"2019-03-02T09:47:43","modified_gmt":"2019-03-02T12:47:43","slug":"ternura-do-poverello-pelo-coracao-do-senhor","status":"publish","type":"post","link":"https:\/\/franciscanos.org.br\/vidacrista\/ternura-do-poverello-pelo-coracao-do-senhor\/","title":{"rendered":"Ternura do Poverello pelo Cora\u00e7\u00e3o do Senhor"},"content":{"rendered":"<h3><strong><img decoding=\"async\" loading=\"lazy\" class=\"alignright size-full wp-image-25587\" title=\"Piero Casentini\" src=\"http:\/\/franciscanos.org.br\/wp-content\/uploads\/2012\/10\/3695_021012.jpg\" alt=\"\" width=\"379\" height=\"640\" \/>Francisco de Assis e sua paix\u00e3o pelo\u00a0 Cristo Jesus<\/strong><strong>\u00a0<\/strong><\/h3>\n<p><strong>1.<\/strong> Aprendemos, ao longo de nossa vida, a nos colocar reverentes diante do Cristo Jesus, sol, caminho, verdade, vida, p\u00e3o de nossas vidas.\u00a0 Temos plena convic\u00e7\u00e3o de que Jesus, o Filho de Deus feito homem na carne de Maria, hoje vive entre n\u00f3s na qualidade de Ressuscitado.\u00a0 Cada vez que pensamos em Jesus, recordamo-nos de seu amor que foi at\u00e9 o fim, at\u00e9 o esvaziamento de tudo que nele existia pela fresta do cora\u00e7\u00e3o, pela cavidade de seu peito aberto. Francisco de Assis demonstrou um imenso amor pelo Cristo que ama at\u00e9 o fim.<\/p>\n<p><strong>2. <\/strong>Cristo \u00e9 o Bom Pastor. \u201cIrm\u00e3os, todos prestemos aten\u00e7\u00e3o ao Bom Pastor que, para salvar suas ovelhas, suportou a Paix\u00e3o da cruz. As ovelhas no Senhor seguiram-no na tribula\u00e7\u00e3o e na persegui\u00e7\u00e3o, na vergonha e na fome, na enfermidade e na tenta\u00e7\u00e3o e em outras coisas mais e a partir disso receberam a gl\u00f3ria eterna\u201d (<em>Adm n.VI<\/em>).\u00a0 Esse Jesus t\u00e3o puro e t\u00e3o belo \u00e9 o Pastor que d\u00e1 a vida pelos seus.<\/p>\n<p><strong>3. <\/strong>A devo\u00e7\u00e3o ao Cora\u00e7\u00e3o de Jesus est\u00e1 vinculada ao amor de Jesus manifestado na Eucaristia. Os que contemplam o peito aberto de Cristo recebem com\u00a0 cortesia e humildade o corpo do Senhor: \u201cPois eu lhes pe\u00e7o humildemente a todos voc\u00eas, meus irm\u00e3os, beijando-lhes os p\u00e9s, e com todo o amor de que sou capaz: testemunhem toda rever\u00eancia e toda honra t\u00e3o grande como lhes \u00e9 poss\u00edvel, ao Corpo e ao Sangue sant\u00edssimo de Nosso Senhor Jesus Cristo, em quem foi pacificado e reconciliado com Deus todo poderoso, tudo o que h\u00e1 no c\u00e9u e na terra\u201d (<em>Carta enviada a toda a Ordem 12-13<\/em>).<\/p>\n<p><strong>4. <\/strong>Tom\u00e1s de Celano n\u00e3o encontra palavras adequadas para descrever o amor do Poverello por Jesus. Francisco estava sempre sorvendo as \u00e1guas l\u00edmpidas que jorravam da fonte do puro amor, ou seja, do Cora\u00e7\u00e3o do Redentor. \u201cOs irm\u00e3os que viveram com ele sabem com quanta ternura e suavidade, cada dia e continuamente, falava-lhes de Jesus. Sua boca falava da abund\u00e2ncia do seu cora\u00e7\u00e3o e a gente teria dito que a fonte do puro amor, que enchia sua alma, jorrava de sua superabund\u00e2ncia. Quantos encontros entre Jesus e ele. Levava Jesus em seu cora\u00e7\u00e3o, Jesus em seus l\u00e1bios, Jesus nos ouvidos,\u00a0 Jesus nos seus olhos, Jesus em suas m\u00e3os, Jesus em toda parte.\u00a0 Durante as viagens tamb\u00e9m, muitas vezes, de tanto meditar e cantar Jesus, esquecia-se de caminhar e convidava todos os elementos a louvar Jesus com ele (<em>1Celano 115<\/em>).<\/p>\n<p><strong>5. <\/strong>Em toda a vida, ap\u00f3s o encontro com o leproso, Jesus ocupou todo o lugar de sua vida. E o amor apaixonado foi de tal monta que, no final da caminhada, no alto do rude e solene Monte Alverne, o Poverello ganha em suas carnes os sinais de Cristo. Quem desceu do Alverne n\u00e3o era mais Francisco, mas \u201cum outro Cristo\u201d.\u00a0 Boaventura descreve assim seu amor por Cristo: \u201cUm dia, no princ\u00edpio de sua convers\u00e3o,\u00a0 ele rezava na solid\u00e3o e, arrebatado por seu fervor, estava totalmente absorto em Deus e apareceu-lhe o Cristo crucificado. Com esta vis\u00e3o\u00a0 sua alma se comoveu e a lembran\u00e7a da Paix\u00e3o de Cristo penetrou nele t\u00e3o profundamente que, a partir deste momento, era-lhe imposs\u00edvel reprimir o pranto e suspiros quando come\u00e7ava a pensar no Crucificado (<em>Legenda Maior I,5<\/em>). Ora, os que contemplam o Cora\u00e7\u00e3o do Redentor tamb\u00e9m se comovem diante da Paix\u00e3o do Amado que precisa ser amado.<\/p>\n<p><strong>6. <\/strong>Terminamos esse s\u00e9rie de textos que falam do amor do Poverello ainda com Tom\u00e1s de Celano: \u201cFrancisco chorava em alta voz pela Paix\u00e3o de Cristo, como se tivesse diante de si, constantemente, a vis\u00e3o dela. Na rua, ouviam-se os seus gemidos: lembrando-se das chagas de Cristo, recusava todo consolo\u201d (<em>2Celano 11<\/em>).<\/p>\n<p><strong>Frei Almir Ribeiro Guimar\u00e3es<\/strong><\/p>\n","protected":false},"excerpt":{"rendered":"<p>1\u00aa Sexta-feira do m\u00eas<\/p>\n","protected":false},"author":1,"featured_media":178246,"comment_status":"closed","ping_status":"open","sticky":false,"template":"","format":"standard","meta":{"footnotes":""},"categories":[105],"tags":[106,112],"yoast_head":"<!-- This site is optimized with the Yoast SEO plugin v19.4 - https:\/\/yoast.com\/wordpress\/plugins\/seo\/ -->\n<title>Ternura do Poverello pelo Cora\u00e7\u00e3o do Senhor - Vida Crist\u00e3 - Franciscanos<\/title>\n<meta name=\"robots\" content=\"index, follow, max-snippet:-1, max-image-preview:large, max-video-preview:-1\" \/>\n<link rel=\"canonical\" href=\"https:\/\/franciscanos.org.br\/vidacrista\/ternura-do-poverello-pelo-coracao-do-senhor\/\" \/>\n<meta property=\"og:locale\" content=\"pt_BR\" \/>\n<meta property=\"og:type\" content=\"article\" \/>\n<meta property=\"og:title\" content=\"Ternura do Poverello pelo Cora\u00e7\u00e3o do Senhor - Vida Crist\u00e3 - Franciscanos\" \/>\n<meta property=\"og:description\" content=\"1\u00aa Sexta-feira do m\u00eas\" \/>\n<meta property=\"og:url\" content=\"https:\/\/franciscanos.org.br\/vidacrista\/ternura-do-poverello-pelo-coracao-do-senhor\/\" \/>\n<meta property=\"og:site_name\" content=\"Vida Crist\u00e3 - Franciscanos\" \/>\n<meta property=\"article:published_time\" content=\"2012-10-02T10:32:15+00:00\" \/>\n<meta property=\"article:modified_time\" content=\"2019-03-02T12:47:43+00:00\" \/>\n<meta property=\"og:image\" content=\"https:\/\/franciscanos.org.br\/vidacrista\/wp-content\/uploads\/2012\/10\/sagrado_021012.jpg\" \/>\n\t<meta property=\"og:image:width\" content=\"273\" \/>\n\t<meta property=\"og:image:height\" content=\"181\" \/>\n\t<meta property=\"og:image:type\" content=\"image\/jpeg\" \/>\n<meta name=\"author\" content=\"admin\" \/>\n<meta name=\"twitter:card\" content=\"summary_large_image\" \/>\n<meta name=\"twitter:label1\" content=\"Escrito por\" \/>\n\t<meta name=\"twitter:data1\" content=\"admin\" \/>\n\t<meta name=\"twitter:label2\" content=\"Est. tempo de leitura\" \/>\n\t<meta name=\"twitter:data2\" content=\"3 minutos\" \/>\n<script type=\"application\/ld+json\" class=\"yoast-schema-graph\">{\"@context\":\"https:\/\/schema.org\",\"@graph\":[{\"@type\":\"WebSite\",\"@id\":\"https:\/\/franciscanos.org.br\/vidacrista\/#website\",\"url\":\"https:\/\/franciscanos.org.br\/vidacrista\/\",\"name\":\"Vida Crist\u00e3 - Franciscanos\",\"description\":\"Prov\u00edncia Franciscana da Imaculada Concei\u00e7\u00e3o do Brasil - Ordem dos Frades Menores\",\"potentialAction\":[{\"@type\":\"SearchAction\",\"target\":{\"@type\":\"EntryPoint\",\"urlTemplate\":\"https:\/\/franciscanos.org.br\/vidacrista\/?s={search_term_string}\"},\"query-input\":\"required name=search_term_string\"}],\"inLanguage\":\"pt-BR\"},{\"@type\":\"WebPage\",\"@id\":\"https:\/\/franciscanos.org.br\/vidacrista\/ternura-do-poverello-pelo-coracao-do-senhor\/\",\"url\":\"https:\/\/franciscanos.org.br\/vidacrista\/ternura-do-poverello-pelo-coracao-do-senhor\/\",\"name\":\"Ternura do Poverello pelo Cora\u00e7\u00e3o do Senhor - Vida Crist\u00e3 - Franciscanos\",\"isPartOf\":{\"@id\":\"https:\/\/franciscanos.org.br\/vidacrista\/#website\"},\"datePublished\":\"2012-10-02T10:32:15+00:00\",\"dateModified\":\"2019-03-02T12:47:43+00:00\",\"author\":{\"@id\":\"https:\/\/franciscanos.org.br\/vidacrista\/#\/schema\/person\/133632ca93cec555316a35f76ab4153b\"},\"breadcrumb\":{\"@id\":\"https:\/\/franciscanos.org.br\/vidacrista\/ternura-do-poverello-pelo-coracao-do-senhor\/#breadcrumb\"},\"inLanguage\":\"pt-BR\",\"potentialAction\":[{\"@type\":\"ReadAction\",\"target\":[\"https:\/\/franciscanos.org.br\/vidacrista\/ternura-do-poverello-pelo-coracao-do-senhor\/\"]}]},{\"@type\":\"BreadcrumbList\",\"@id\":\"https:\/\/franciscanos.org.br\/vidacrista\/ternura-do-poverello-pelo-coracao-do-senhor\/#breadcrumb\",\"itemListElement\":[{\"@type\":\"ListItem\",\"position\":1,\"name\":\"Home\",\"item\":\"https:\/\/franciscanos.org.br\/vidacrista\/\"},{\"@type\":\"ListItem\",\"position\":2,\"name\":\"Ternura do Poverello pelo Cora\u00e7\u00e3o do Senhor\"}]},{\"@type\":\"Person\",\"@id\":\"https:\/\/franciscanos.org.br\/vidacrista\/#\/schema\/person\/133632ca93cec555316a35f76ab4153b\",\"name\":\"admin\",\"image\":{\"@type\":\"ImageObject\",\"inLanguage\":\"pt-BR\",\"@id\":\"https:\/\/franciscanos.org.br\/vidacrista\/#\/schema\/person\/image\/\",\"url\":\"https:\/\/secure.gravatar.com\/avatar\/e8495742d34d0ba6448ea1c628263b3e?s=96&d=mm&r=g\",\"contentUrl\":\"https:\/\/secure.gravatar.com\/avatar\/e8495742d34d0ba6448ea1c628263b3e?s=96&d=mm&r=g\",\"caption\":\"admin\"},\"url\":\"https:\/\/franciscanos.org.br\/vidacrista\/author\/admin\/\"}]}<\/script>\n<!-- \/ Yoast SEO plugin. -->","yoast_head_json":{"title":"Ternura do Poverello pelo Cora\u00e7\u00e3o do Senhor - Vida Crist\u00e3 - Franciscanos","robots":{"index":"index","follow":"follow","max-snippet":"max-snippet:-1","max-image-preview":"max-image-preview:large","max-video-preview":"max-video-preview:-1"},"canonical":"https:\/\/franciscanos.org.br\/vidacrista\/ternura-do-poverello-pelo-coracao-do-senhor\/","og_locale":"pt_BR","og_type":"article","og_title":"Ternura do Poverello pelo Cora\u00e7\u00e3o do Senhor - Vida Crist\u00e3 - Franciscanos","og_description":"1\u00aa Sexta-feira do m\u00eas","og_url":"https:\/\/franciscanos.org.br\/vidacrista\/ternura-do-poverello-pelo-coracao-do-senhor\/","og_site_name":"Vida Crist\u00e3 - Franciscanos","article_published_time":"2012-10-02T10:32:15+00:00","article_modified_time":"2019-03-02T12:47:43+00:00","og_image":[{"width":273,"height":181,"url":"https:\/\/franciscanos.org.br\/vidacrista\/wp-content\/uploads\/2012\/10\/sagrado_021012.jpg","type":"image\/jpeg"}],"author":"admin","twitter_card":"summary_large_image","twitter_misc":{"Escrito por":"admin","Est. tempo de leitura":"3 minutos"},"schema":{"@context":"https:\/\/schema.org","@graph":[{"@type":"WebSite","@id":"https:\/\/franciscanos.org.br\/vidacrista\/#website","url":"https:\/\/franciscanos.org.br\/vidacrista\/","name":"Vida Crist\u00e3 - Franciscanos","description":"Prov\u00edncia Franciscana da Imaculada Concei\u00e7\u00e3o do Brasil - Ordem dos Frades Menores","potentialAction":[{"@type":"SearchAction","target":{"@type":"EntryPoint","urlTemplate":"https:\/\/franciscanos.org.br\/vidacrista\/?s={search_term_string}"},"query-input":"required name=search_term_string"}],"inLanguage":"pt-BR"},{"@type":"WebPage","@id":"https:\/\/franciscanos.org.br\/vidacrista\/ternura-do-poverello-pelo-coracao-do-senhor\/","url":"https:\/\/franciscanos.org.br\/vidacrista\/ternura-do-poverello-pelo-coracao-do-senhor\/","name":"Ternura do Poverello pelo Cora\u00e7\u00e3o do Senhor - Vida Crist\u00e3 - Franciscanos","isPartOf":{"@id":"https:\/\/franciscanos.org.br\/vidacrista\/#website"},"datePublished":"2012-10-02T10:32:15+00:00","dateModified":"2019-03-02T12:47:43+00:00","author":{"@id":"https:\/\/franciscanos.org.br\/vidacrista\/#\/schema\/person\/133632ca93cec555316a35f76ab4153b"},"breadcrumb":{"@id":"https:\/\/franciscanos.org.br\/vidacrista\/ternura-do-poverello-pelo-coracao-do-senhor\/#breadcrumb"},"inLanguage":"pt-BR","potentialAction":[{"@type":"ReadAction","target":["https:\/\/franciscanos.org.br\/vidacrista\/ternura-do-poverello-pelo-coracao-do-senhor\/"]}]},{"@type":"BreadcrumbList","@id":"https:\/\/franciscanos.org.br\/vidacrista\/ternura-do-poverello-pelo-coracao-do-senhor\/#breadcrumb","itemListElement":[{"@type":"ListItem","position":1,"name":"Home","item":"https:\/\/franciscanos.org.br\/vidacrista\/"},{"@type":"ListItem","position":2,"name":"Ternura do Poverello pelo Cora\u00e7\u00e3o do Senhor"}]},{"@type":"Person","@id":"https:\/\/franciscanos.org.br\/vidacrista\/#\/schema\/person\/133632ca93cec555316a35f76ab4153b","name":"admin","image":{"@type":"ImageObject","inLanguage":"pt-BR","@id":"https:\/\/franciscanos.org.br\/vidacrista\/#\/schema\/person\/image\/","url":"https:\/\/secure.gravatar.com\/avatar\/e8495742d34d0ba6448ea1c628263b3e?s=96&d=mm&r=g","contentUrl":"https:\/\/secure.gravatar.com\/avatar\/e8495742d34d0ba6448ea1c628263b3e?s=96&d=mm&r=g","caption":"admin"},"url":"https:\/\/franciscanos.org.br\/vidacrista\/author\/admin\/"}]}},"_links":{"self":[{"href":"https:\/\/franciscanos.org.br\/vidacrista\/wp-json\/wp\/v2\/posts\/25465"}],"collection":[{"href":"https:\/\/franciscanos.org.br\/vidacrista\/wp-json\/wp\/v2\/posts"}],"about":[{"href":"https:\/\/franciscanos.org.br\/vidacrista\/wp-json\/wp\/v2\/types\/post"}],"author":[{"embeddable":true,"href":"https:\/\/franciscanos.org.br\/vidacrista\/wp-json\/wp\/v2\/users\/1"}],"replies":[{"embeddable":true,"href":"https:\/\/franciscanos.org.br\/vidacrista\/wp-json\/wp\/v2\/comments?post=25465"}],"version-history":[{"count":1,"href":"https:\/\/franciscanos.org.br\/vidacrista\/wp-json\/wp\/v2\/posts\/25465\/revisions"}],"predecessor-version":[{"id":178161,"href":"https:\/\/franciscanos.org.br\/vidacrista\/wp-json\/wp\/v2\/posts\/25465\/revisions\/178161"}],"wp:featuredmedia":[{"embeddable":true,"href":"https:\/\/franciscanos.org.br\/vidacrista\/wp-json\/wp\/v2\/media\/178246"}],"wp:attachment":[{"href":"https:\/\/franciscanos.org.br\/vidacrista\/wp-json\/wp\/v2\/media?parent=25465"}],"wp:term":[{"taxonomy":"category","embeddable":true,"href":"https:\/\/franciscanos.org.br\/vidacrista\/wp-json\/wp\/v2\/categories?post=25465"},{"taxonomy":"post_tag","embeddable":true,"href":"https:\/\/franciscanos.org.br\/vidacrista\/wp-json\/wp\/v2\/tags?post=25465"}],"curies":[{"name":"wp","href":"https:\/\/api.w.org\/{rel}","templated":true}]}}