{"id":25309,"date":"2010-09-28T10:40:33","date_gmt":"2010-09-28T13:40:33","guid":{"rendered":"http:\/\/new.franciscanos.org.br\/?p=25309"},"modified":"2020-05-26T08:35:32","modified_gmt":"2020-05-26T11:35:32","slug":"encontro-com-o-leproso-2","status":"publish","type":"post","link":"https:\/\/franciscanos.org.br\/vidacrista\/encontro-com-o-leproso-2\/","title":{"rendered":"Encontro com o leproso"},"content":{"rendered":"<p><strong><img decoding=\"async\" loading=\"lazy\" class=\"alignright size-full wp-image-25311\" title=\"3557_290912\" src=\"http:\/\/franciscanos.org.br\/wp-content\/uploads\/2012\/09\/3557_290912.jpg\" alt=\"\" width=\"400\" height=\"504\" \/>Frei Vit\u00f3rio Mazzuco<\/strong><\/p>\n<p>A\u00a0tradi\u00e7\u00e3o das Fontes Franciscanas coloca como marco da convers\u00e3o definitiva de Francisco de Assis o seu encontro com o leproso. Velho e conhecido tema! Novo e sempre desafiador e fascinante tema! Que encontro foi este? Foi apenas ver, conhecer, cumprimentar,\u00a0abra\u00e7ar, beijar? Mera curiosidade? Afinal de contas quem n\u00e3o quer dar uma olhadinha na trag\u00e9dia alheia? O certo \u00e9 que Francisco foi onde ningu\u00e9m do seu tempo queria ir: misturar-se com a mis\u00e9ria, com a pobreza, com a contamina\u00e7\u00e3o, com a doen\u00e7a, com o f\u00e9tido, com o\u00a0horr\u00edvel. Foi e permaneceu ali como verdadeira inicia\u00e7\u00e3o: encontrar-se verdadeiramente com algu\u00e9m \u00e9 aproximar-se da sua realidade por mais terr\u00edvel que ela seja. Encontrar-se \u00e9 fazer vibrar o cora\u00e7\u00e3o, \u00e9 perceber o que se passa na intimidade do outro e da outra. O encontro de Francisco com o leproso, mais do que um momento, \u00e9 uma atitude que vai envolvendo toda a vida.<\/p>\n<p>E isto tudo come\u00e7a quando ele percebe-se infeliz e n\u00e3o satisfeito com o seu status: rico, empreendedor emergente, comerciante pr\u00f3spero, filho de Pedro Bernardone, l\u00edder da\u00a0juventude em Assis, bo\u00eamio, generoso, folgaz\u00e3o, pr\u00f3digo e\u00a0vivaz. Tem tudo para dar certo e ser uma pessoa de sucesso, mas ele descobre que ser uma pessoa realizada \u00e9 muito mais\u00a0importante que ser uma pessoa de sucesso. O sucesso \u00e9 ef\u00eamero, a realiza\u00e7\u00e3o \u00e9 para sempre!<\/p>\n<p>Para encontrar-se com a necessidade do outro e da outra \u00e9 preciso mudar de lugar. A convers\u00e3o de Francisco \u00e9 mudar de lugar! Ele d\u00e1 um salto, sai da sua situa\u00e7\u00e3o e mergulha na proposta do Evangelho: o Reino de Deus \u00e9 a \u00e9tica do cuidado! Por isso vai para as ru\u00ednas, sai fora dos limites da cidade, aproxima-se dos exclu\u00eddos, vai viver com eles.<\/p>\n<p>Quando a sociedade exclui a pessoa, ela apodrece o humano. A pior lepra que existe \u00e9 ser colocado \u00e0 margem de tudo. A pior doen\u00e7a que existe \u00e9 tirar da pessoa a possibilidade de conviver.<\/p>\n<p>Abra\u00e7ar o que perdeu a chance de estar onde todos devem estar \u00e9 que causa impacto. Convers\u00e3o \u00e9 deixar-se impactar-se. O leproso abala as estruturas todas de Francisco e afina seus sentidos para cuidar do humano. Aprendeu com a fala da Cruz que reconstruir significa colocar novamente a humanidade em p\u00e9.<\/p>\n<p>Como um enfermeiro ousado, como um terapeuta engajado, como um assistente social comprometido, como um evangelizador inserido, ele vai\u00a0l\u00e1 consertar o indiv\u00edduo para consertar\u00a0a humanidade toda, melhorar o lepros\u00e1rio para tornar o mundo todo mais sadio de amor, ternura, afeto. Usou um \u00fanico rem\u00e9dio que conhecia: a fraternidade.<\/p>\n<p>As Fontes Franciscanas falam do beijo. Beijar \u00e9 passar o sopro de vida, o h\u00e1lito que alenta, o toque que refaz. Mas quem beijou quem? Deixar-se beijar \u00e9 mais do que beijar. Francisco recebe o toque de quem tem um \u00faltimo sopro de vida e esperan\u00e7a, um \u00faltimo fio de confian\u00e7a. A confian\u00e7a perdida \u00e9 o para\u00edso perdido.<\/p>\n<p>\u201cE o Senhor mesmo me conduziu entre eles e eu tive miseric\u00f3rdia com eles\u201d (Testamento, 2). N\u00e3o disse \u201ceu tive d\u00f3 deles\u201d, \u201cque judia\u00e7\u00e3o!\u201d, \u201cque pena!\u201d, mas disse \u201ceu tive miseric\u00f3rdia com eles\u201d. Ter miseric\u00f3rdia com! Ir l\u00e1 junto do sofrimento, misturar-se com a paix\u00e3o dos que padecem a falta de cuidado. Quem vai l\u00e1, pouco a pouco, traz de volta ao Para\u00edso. Reconduz o humano ao seu melhor lugar. \u00c9 preciso ir com o cora\u00e7\u00e3o nas m\u00e3os e nas palavras. \u00c9 muito diferente ser tocado por algu\u00e9m que tem o cora\u00e7\u00e3o nas m\u00e3os. Foi assim que o leproso beijou Francisco.<\/p>\n","protected":false},"excerpt":{"rendered":"<p>Artigo de Frei Vitorio Mazzuco<\/p>\n","protected":false},"author":1,"featured_media":184701,"comment_status":"open","ping_status":"open","sticky":false,"template":"","format":"standard","meta":{"footnotes":""},"categories":[26],"tags":[203],"yoast_head":"<!-- This site is optimized with the Yoast SEO plugin v19.4 - https:\/\/yoast.com\/wordpress\/plugins\/seo\/ -->\n<title>Encontro com o leproso - Vida Crist\u00e3 - Franciscanos<\/title>\n<meta name=\"robots\" content=\"index, follow, max-snippet:-1, max-image-preview:large, max-video-preview:-1\" \/>\n<link rel=\"canonical\" href=\"https:\/\/franciscanos.org.br\/vidacrista\/encontro-com-o-leproso-2\/\" \/>\n<meta property=\"og:locale\" content=\"pt_BR\" \/>\n<meta property=\"og:type\" content=\"article\" \/>\n<meta property=\"og:title\" content=\"Encontro com o leproso - Vida Crist\u00e3 - Franciscanos\" \/>\n<meta property=\"og:description\" content=\"Artigo de Frei Vitorio Mazzuco\" \/>\n<meta property=\"og:url\" content=\"https:\/\/franciscanos.org.br\/vidacrista\/encontro-com-o-leproso-2\/\" \/>\n<meta property=\"og:site_name\" content=\"Vida Crist\u00e3 - Franciscanos\" \/>\n<meta property=\"article:published_time\" content=\"2010-09-28T13:40:33+00:00\" \/>\n<meta property=\"article:modified_time\" content=\"2020-05-26T11:35:32+00:00\" \/>\n<meta property=\"og:image\" content=\"https:\/\/franciscanos.org.br\/vidacrista\/wp-content\/uploads\/2010\/09\/3557_290912.jpg\" \/>\n\t<meta property=\"og:image:width\" content=\"800\" \/>\n\t<meta property=\"og:image:height\" content=\"600\" \/>\n\t<meta property=\"og:image:type\" content=\"image\/jpeg\" \/>\n<meta name=\"author\" content=\"admin\" \/>\n<meta name=\"twitter:card\" content=\"summary_large_image\" \/>\n<meta name=\"twitter:label1\" content=\"Escrito por\" \/>\n\t<meta name=\"twitter:data1\" content=\"admin\" \/>\n\t<meta name=\"twitter:label2\" content=\"Est. tempo de leitura\" \/>\n\t<meta name=\"twitter:data2\" content=\"3 minutos\" \/>\n<script type=\"application\/ld+json\" class=\"yoast-schema-graph\">{\"@context\":\"https:\/\/schema.org\",\"@graph\":[{\"@type\":\"WebSite\",\"@id\":\"https:\/\/franciscanos.org.br\/vidacrista\/#website\",\"url\":\"https:\/\/franciscanos.org.br\/vidacrista\/\",\"name\":\"Vida Crist\u00e3 - Franciscanos\",\"description\":\"Prov\u00edncia Franciscana da Imaculada Concei\u00e7\u00e3o do Brasil - Ordem dos Frades Menores\",\"potentialAction\":[{\"@type\":\"SearchAction\",\"target\":{\"@type\":\"EntryPoint\",\"urlTemplate\":\"https:\/\/franciscanos.org.br\/vidacrista\/?s={search_term_string}\"},\"query-input\":\"required name=search_term_string\"}],\"inLanguage\":\"pt-BR\"},{\"@type\":\"WebPage\",\"@id\":\"https:\/\/franciscanos.org.br\/vidacrista\/encontro-com-o-leproso-2\/\",\"url\":\"https:\/\/franciscanos.org.br\/vidacrista\/encontro-com-o-leproso-2\/\",\"name\":\"Encontro com o leproso - Vida Crist\u00e3 - Franciscanos\",\"isPartOf\":{\"@id\":\"https:\/\/franciscanos.org.br\/vidacrista\/#website\"},\"datePublished\":\"2010-09-28T13:40:33+00:00\",\"dateModified\":\"2020-05-26T11:35:32+00:00\",\"author\":{\"@id\":\"https:\/\/franciscanos.org.br\/vidacrista\/#\/schema\/person\/133632ca93cec555316a35f76ab4153b\"},\"breadcrumb\":{\"@id\":\"https:\/\/franciscanos.org.br\/vidacrista\/encontro-com-o-leproso-2\/#breadcrumb\"},\"inLanguage\":\"pt-BR\",\"potentialAction\":[{\"@type\":\"ReadAction\",\"target\":[\"https:\/\/franciscanos.org.br\/vidacrista\/encontro-com-o-leproso-2\/\"]}]},{\"@type\":\"BreadcrumbList\",\"@id\":\"https:\/\/franciscanos.org.br\/vidacrista\/encontro-com-o-leproso-2\/#breadcrumb\",\"itemListElement\":[{\"@type\":\"ListItem\",\"position\":1,\"name\":\"Home\",\"item\":\"https:\/\/franciscanos.org.br\/vidacrista\/\"},{\"@type\":\"ListItem\",\"position\":2,\"name\":\"Encontro com o leproso\"}]},{\"@type\":\"Person\",\"@id\":\"https:\/\/franciscanos.org.br\/vidacrista\/#\/schema\/person\/133632ca93cec555316a35f76ab4153b\",\"name\":\"admin\",\"image\":{\"@type\":\"ImageObject\",\"inLanguage\":\"pt-BR\",\"@id\":\"https:\/\/franciscanos.org.br\/vidacrista\/#\/schema\/person\/image\/\",\"url\":\"https:\/\/secure.gravatar.com\/avatar\/e8495742d34d0ba6448ea1c628263b3e?s=96&d=mm&r=g\",\"contentUrl\":\"https:\/\/secure.gravatar.com\/avatar\/e8495742d34d0ba6448ea1c628263b3e?s=96&d=mm&r=g\",\"caption\":\"admin\"},\"url\":\"https:\/\/franciscanos.org.br\/vidacrista\/author\/admin\/\"}]}<\/script>\n<!-- \/ Yoast SEO plugin. -->","yoast_head_json":{"title":"Encontro com o leproso - Vida Crist\u00e3 - Franciscanos","robots":{"index":"index","follow":"follow","max-snippet":"max-snippet:-1","max-image-preview":"max-image-preview:large","max-video-preview":"max-video-preview:-1"},"canonical":"https:\/\/franciscanos.org.br\/vidacrista\/encontro-com-o-leproso-2\/","og_locale":"pt_BR","og_type":"article","og_title":"Encontro com o leproso - Vida Crist\u00e3 - Franciscanos","og_description":"Artigo de Frei Vitorio Mazzuco","og_url":"https:\/\/franciscanos.org.br\/vidacrista\/encontro-com-o-leproso-2\/","og_site_name":"Vida Crist\u00e3 - Franciscanos","article_published_time":"2010-09-28T13:40:33+00:00","article_modified_time":"2020-05-26T11:35:32+00:00","og_image":[{"width":800,"height":600,"url":"https:\/\/franciscanos.org.br\/vidacrista\/wp-content\/uploads\/2010\/09\/3557_290912.jpg","type":"image\/jpeg"}],"author":"admin","twitter_card":"summary_large_image","twitter_misc":{"Escrito por":"admin","Est. tempo de leitura":"3 minutos"},"schema":{"@context":"https:\/\/schema.org","@graph":[{"@type":"WebSite","@id":"https:\/\/franciscanos.org.br\/vidacrista\/#website","url":"https:\/\/franciscanos.org.br\/vidacrista\/","name":"Vida Crist\u00e3 - Franciscanos","description":"Prov\u00edncia Franciscana da Imaculada Concei\u00e7\u00e3o do Brasil - Ordem dos Frades Menores","potentialAction":[{"@type":"SearchAction","target":{"@type":"EntryPoint","urlTemplate":"https:\/\/franciscanos.org.br\/vidacrista\/?s={search_term_string}"},"query-input":"required name=search_term_string"}],"inLanguage":"pt-BR"},{"@type":"WebPage","@id":"https:\/\/franciscanos.org.br\/vidacrista\/encontro-com-o-leproso-2\/","url":"https:\/\/franciscanos.org.br\/vidacrista\/encontro-com-o-leproso-2\/","name":"Encontro com o leproso - Vida Crist\u00e3 - Franciscanos","isPartOf":{"@id":"https:\/\/franciscanos.org.br\/vidacrista\/#website"},"datePublished":"2010-09-28T13:40:33+00:00","dateModified":"2020-05-26T11:35:32+00:00","author":{"@id":"https:\/\/franciscanos.org.br\/vidacrista\/#\/schema\/person\/133632ca93cec555316a35f76ab4153b"},"breadcrumb":{"@id":"https:\/\/franciscanos.org.br\/vidacrista\/encontro-com-o-leproso-2\/#breadcrumb"},"inLanguage":"pt-BR","potentialAction":[{"@type":"ReadAction","target":["https:\/\/franciscanos.org.br\/vidacrista\/encontro-com-o-leproso-2\/"]}]},{"@type":"BreadcrumbList","@id":"https:\/\/franciscanos.org.br\/vidacrista\/encontro-com-o-leproso-2\/#breadcrumb","itemListElement":[{"@type":"ListItem","position":1,"name":"Home","item":"https:\/\/franciscanos.org.br\/vidacrista\/"},{"@type":"ListItem","position":2,"name":"Encontro com o leproso"}]},{"@type":"Person","@id":"https:\/\/franciscanos.org.br\/vidacrista\/#\/schema\/person\/133632ca93cec555316a35f76ab4153b","name":"admin","image":{"@type":"ImageObject","inLanguage":"pt-BR","@id":"https:\/\/franciscanos.org.br\/vidacrista\/#\/schema\/person\/image\/","url":"https:\/\/secure.gravatar.com\/avatar\/e8495742d34d0ba6448ea1c628263b3e?s=96&d=mm&r=g","contentUrl":"https:\/\/secure.gravatar.com\/avatar\/e8495742d34d0ba6448ea1c628263b3e?s=96&d=mm&r=g","caption":"admin"},"url":"https:\/\/franciscanos.org.br\/vidacrista\/author\/admin\/"}]}},"_links":{"self":[{"href":"https:\/\/franciscanos.org.br\/vidacrista\/wp-json\/wp\/v2\/posts\/25309"}],"collection":[{"href":"https:\/\/franciscanos.org.br\/vidacrista\/wp-json\/wp\/v2\/posts"}],"about":[{"href":"https:\/\/franciscanos.org.br\/vidacrista\/wp-json\/wp\/v2\/types\/post"}],"author":[{"embeddable":true,"href":"https:\/\/franciscanos.org.br\/vidacrista\/wp-json\/wp\/v2\/users\/1"}],"replies":[{"embeddable":true,"href":"https:\/\/franciscanos.org.br\/vidacrista\/wp-json\/wp\/v2\/comments?post=25309"}],"version-history":[{"count":1,"href":"https:\/\/franciscanos.org.br\/vidacrista\/wp-json\/wp\/v2\/posts\/25309\/revisions"}],"predecessor-version":[{"id":181036,"href":"https:\/\/franciscanos.org.br\/vidacrista\/wp-json\/wp\/v2\/posts\/25309\/revisions\/181036"}],"wp:featuredmedia":[{"embeddable":true,"href":"https:\/\/franciscanos.org.br\/vidacrista\/wp-json\/wp\/v2\/media\/184701"}],"wp:attachment":[{"href":"https:\/\/franciscanos.org.br\/vidacrista\/wp-json\/wp\/v2\/media?parent=25309"}],"wp:term":[{"taxonomy":"category","embeddable":true,"href":"https:\/\/franciscanos.org.br\/vidacrista\/wp-json\/wp\/v2\/categories?post=25309"},{"taxonomy":"post_tag","embeddable":true,"href":"https:\/\/franciscanos.org.br\/vidacrista\/wp-json\/wp\/v2\/tags?post=25309"}],"curies":[{"name":"wp","href":"https:\/\/api.w.org\/{rel}","templated":true}]}}