{"id":25282,"date":"2010-09-28T10:06:34","date_gmt":"2010-09-28T13:06:34","guid":{"rendered":"http:\/\/new.franciscanos.org.br\/?p=25282"},"modified":"2020-05-28T11:06:44","modified_gmt":"2020-05-28T14:06:44","slug":"no-ser-mulher-uma-intensidade-de-vida","status":"publish","type":"post","link":"https:\/\/franciscanos.org.br\/vidacrista\/no-ser-mulher-uma-intensidade-de-vida\/","title":{"rendered":"No ser mulher, uma intensidade de vida"},"content":{"rendered":"<p><img decoding=\"async\" loading=\"lazy\" class=\"alignnone wp-image-181021 size-full\" src=\"https:\/\/franciscanos.org.br\/vidacrista\/wp-content\/uploads\/2010\/09\/mulher_1.jpg\" alt=\"\" width=\"840\" height=\"421\" srcset=\"https:\/\/franciscanos.org.br\/vidacrista\/wp-content\/uploads\/2010\/09\/mulher_1.jpg 840w, https:\/\/franciscanos.org.br\/vidacrista\/wp-content\/uploads\/2010\/09\/mulher_1-450x226.jpg 450w, https:\/\/franciscanos.org.br\/vidacrista\/wp-content\/uploads\/2010\/09\/mulher_1-768x385.jpg 768w, https:\/\/franciscanos.org.br\/vidacrista\/wp-content\/uploads\/2010\/09\/mulher_1-150x75.jpg 150w\" sizes=\"(max-width: 840px) 100vw, 840px\" \/><\/p>\n<p><strong>F<\/strong><strong>rei Vit\u00f3rio Mazzuco<\/strong><\/p>\n<p>No Ser Mulher tudo acontece no espa\u00e7o da interioridade. Nas evid\u00eancias relacionais ou nos conflitos, a Mulher precisa de tempo para dominar os estragos feitos por uma uni\u00e3o sem plenitude. Ela \u00e9 o ser que ama num abandono completo. O Ser Supremo fez o Ser Mulher nos detalhes de corpo, passos, pele, e tra\u00e7os no ritmo e harmonia; gestos de delicadeza, menos r\u00edgida, mais vibrante. Ela tem um lado mais voltado para a sensibilidade que faz com que seus aparelhos sensoriais sejam receptores mais finos. Esta \u00e9 a sua grande riqueza! Coloca-se com mais rapidez no lugar do outro e da outra, faz unidade, compreende e penetra os mist\u00e9rios humanos, analisando em detalhadas impress\u00f5es o que algu\u00e9m ou um grupo humano tem a dizer e revelar.<\/p>\n<p>No Ser Mulher h\u00e1 uma prud\u00eancia maior no que deve ser dito ou n\u00e3o dito, feito ou n\u00e3o feito. \u00c9 mestra da cortesia, da polidez, das boas maneiras. Apieda-se, simpatiza, dedica-se, sofre e esquece de si mesma. Seu jeito estende-se \u00e0s coisas: \u00e0 delicadeza de um tecido, ao corte de uma roupa, \u00e0 uma bijouteria, colar, an\u00e9is, camisetas, cores, flores, arranjo de um lugar, \u00e0 forma de um objeto, paisagem, m\u00fasica. Tudo o que emoldura as coisas tem para o Ser Mulher import\u00e2ncia e influ\u00eancia, e toca a sua alma. O Ser Mulher n\u00e3o \u00e9 insens\u00edvel a nada! Ela sofre as press\u00f5es do ambiente, vibra e troca de humor segundo as for\u00e7as e impress\u00f5es do momento; revela-se de um modo transparente. N\u00e3o gosta de solid\u00e3o e isolamento. Os rumores da sociedade, das opini\u00f5es, das not\u00edcias, da moda, a afetam. Cobra aten\u00e7\u00e3o e presta aten\u00e7\u00e3o. Tem for\u00e7a de sedu\u00e7\u00e3o, olha para ser vista, prende para se libertar, entrega seu destino \u00e0s grandes verdades. \u00c9 decidida, prof\u00e9tica, resolve, decide, revoluciona, faz, pensa, organiza de um modo pr\u00e1tico, belo e simp\u00e1tico. Gosta de sentir e contemplar a import\u00e2ncia do que executa. Tem mem\u00f3ria pra n\u00e3o esquecer festa de ningu\u00e9m. Imagina\u00e7\u00e3o, an\u00e1lise, pormenores, observa\u00e7\u00e3o, faz com que d\u00ea aten\u00e7\u00e3o \u00e0s particularidades, as mais leves nuan\u00e7as. Tem busca e perspic\u00e1cia espiritual.<\/p>\n<p>No Ser Mulher uma dose a mais de participa\u00e7\u00e3o e comunh\u00e3o com os seres e com as coisas. Um ser humano total, um ser espiritual profundamente humano. A instintiva disponibilidade, o florescer cont\u00ednuo, a arte de amar, provoca o Ser Homem ao Amor. Ela n\u00e3o admite que Amar seja uma brincadeira ou uma camaradagem tempor\u00e1ria. Ela d\u00e1 o seu Amor na medida que \u00e9 abandono, confian\u00e7a, oferenda de si, dom definitivo, inteireza. \u201cComo posso amar este peda\u00e7o de carne se n\u00e3o amo o homem inteiro?\u201d ( Simone de Beauvoir). Submete a sexualidade \u00e0s exig\u00eancia do cora\u00e7\u00e3o e diz que o homem deve saber disto antes de amar.<\/p>\n<p>No Ser Mulher o Ser Supremo fez o milagre de sentir um Ser Humano, outro que ela, como sendo sua pr\u00f3pria carne; a fez pr\u00f3xima da Fonte da Vida, a fez M\u00e3e! A Mulher recebe promovendo, age com o cora\u00e7\u00e3o, faz completando, realizando o acabamento \u00edntimo e artesanal dos seus e da vida. Concentra-se em criar vida ao redor de si e aumenta a beleza da vida. Tem a maravilhosa capacidade de voltar-se para o bem. Acorda no homem o melhor do humano que adormece nele e sem a qual construiria um mundo mais rude e fechado. D\u00e1 uma tonalidade mais cordial at\u00e9 \u00e0s coisas mais frias como um trabalho extremamente burocr\u00e1tico.<\/p>\n<p>No Ser Mulher h\u00e1 uma tend\u00eancia conciliadora, um centro mais definido do ser humano. N\u00e3o assiste a vida passar, mas vai junto. Face ao homem, exerce o fasc\u00ednio de tornar-se um ideal. Mas no Amor faz uma escolha mais espiritual. O pr\u00f3prio Deus quis t\u00ea-la como colo e Maria de todos os lugares sagrados. A hist\u00f3ria real dos mitos a fez Deusa. Por tudo isto e por muito mais, este Ser Mulher bem que merece este dia celebrativo para lembrar o cont\u00ednuo dia a DIA DA MULHER sempre cuidando incansavelmente de nossa vida!<\/p>\n","protected":false},"excerpt":{"rendered":"<p>Artigo de Frei Vitorio Mazzuco<\/p>\n","protected":false},"author":1,"featured_media":0,"comment_status":"open","ping_status":"open","sticky":false,"template":"","format":"standard","meta":{"footnotes":""},"categories":[26],"tags":[203],"yoast_head":"<!-- This site is optimized with the Yoast SEO plugin v19.4 - https:\/\/yoast.com\/wordpress\/plugins\/seo\/ -->\n<title>No ser mulher, uma intensidade de vida - Vida Crist\u00e3 - Franciscanos<\/title>\n<meta name=\"robots\" content=\"index, follow, max-snippet:-1, max-image-preview:large, max-video-preview:-1\" \/>\n<link rel=\"canonical\" href=\"https:\/\/franciscanos.org.br\/vidacrista\/no-ser-mulher-uma-intensidade-de-vida\/\" \/>\n<meta property=\"og:locale\" content=\"pt_BR\" \/>\n<meta property=\"og:type\" content=\"article\" \/>\n<meta property=\"og:title\" content=\"No ser mulher, uma intensidade de vida - Vida Crist\u00e3 - Franciscanos\" \/>\n<meta property=\"og:description\" content=\"Artigo de Frei Vitorio Mazzuco\" \/>\n<meta property=\"og:url\" content=\"https:\/\/franciscanos.org.br\/vidacrista\/no-ser-mulher-uma-intensidade-de-vida\/\" \/>\n<meta property=\"og:site_name\" content=\"Vida Crist\u00e3 - Franciscanos\" \/>\n<meta property=\"article:published_time\" content=\"2010-09-28T13:06:34+00:00\" \/>\n<meta property=\"article:modified_time\" content=\"2020-05-28T14:06:44+00:00\" \/>\n<meta property=\"og:image\" content=\"https:\/\/franciscanos.org.br\/vidacrista\/wp-content\/uploads\/2010\/09\/mulher_1.jpg\" \/>\n<meta name=\"author\" content=\"admin\" \/>\n<meta name=\"twitter:card\" content=\"summary_large_image\" \/>\n<meta name=\"twitter:label1\" content=\"Escrito por\" \/>\n\t<meta name=\"twitter:data1\" content=\"admin\" \/>\n\t<meta name=\"twitter:label2\" content=\"Est. tempo de leitura\" \/>\n\t<meta name=\"twitter:data2\" content=\"4 minutos\" \/>\n<script type=\"application\/ld+json\" class=\"yoast-schema-graph\">{\"@context\":\"https:\/\/schema.org\",\"@graph\":[{\"@type\":\"WebSite\",\"@id\":\"https:\/\/franciscanos.org.br\/vidacrista\/#website\",\"url\":\"https:\/\/franciscanos.org.br\/vidacrista\/\",\"name\":\"Vida Crist\u00e3 - Franciscanos\",\"description\":\"Prov\u00edncia Franciscana da Imaculada Concei\u00e7\u00e3o do Brasil - Ordem dos Frades Menores\",\"potentialAction\":[{\"@type\":\"SearchAction\",\"target\":{\"@type\":\"EntryPoint\",\"urlTemplate\":\"https:\/\/franciscanos.org.br\/vidacrista\/?s={search_term_string}\"},\"query-input\":\"required name=search_term_string\"}],\"inLanguage\":\"pt-BR\"},{\"@type\":\"WebPage\",\"@id\":\"https:\/\/franciscanos.org.br\/vidacrista\/no-ser-mulher-uma-intensidade-de-vida\/\",\"url\":\"https:\/\/franciscanos.org.br\/vidacrista\/no-ser-mulher-uma-intensidade-de-vida\/\",\"name\":\"No ser mulher, uma intensidade de vida - Vida Crist\u00e3 - Franciscanos\",\"isPartOf\":{\"@id\":\"https:\/\/franciscanos.org.br\/vidacrista\/#website\"},\"datePublished\":\"2010-09-28T13:06:34+00:00\",\"dateModified\":\"2020-05-28T14:06:44+00:00\",\"author\":{\"@id\":\"https:\/\/franciscanos.org.br\/vidacrista\/#\/schema\/person\/133632ca93cec555316a35f76ab4153b\"},\"breadcrumb\":{\"@id\":\"https:\/\/franciscanos.org.br\/vidacrista\/no-ser-mulher-uma-intensidade-de-vida\/#breadcrumb\"},\"inLanguage\":\"pt-BR\",\"potentialAction\":[{\"@type\":\"ReadAction\",\"target\":[\"https:\/\/franciscanos.org.br\/vidacrista\/no-ser-mulher-uma-intensidade-de-vida\/\"]}]},{\"@type\":\"BreadcrumbList\",\"@id\":\"https:\/\/franciscanos.org.br\/vidacrista\/no-ser-mulher-uma-intensidade-de-vida\/#breadcrumb\",\"itemListElement\":[{\"@type\":\"ListItem\",\"position\":1,\"name\":\"Home\",\"item\":\"https:\/\/franciscanos.org.br\/vidacrista\/\"},{\"@type\":\"ListItem\",\"position\":2,\"name\":\"No ser mulher, uma intensidade de vida\"}]},{\"@type\":\"Person\",\"@id\":\"https:\/\/franciscanos.org.br\/vidacrista\/#\/schema\/person\/133632ca93cec555316a35f76ab4153b\",\"name\":\"admin\",\"image\":{\"@type\":\"ImageObject\",\"inLanguage\":\"pt-BR\",\"@id\":\"https:\/\/franciscanos.org.br\/vidacrista\/#\/schema\/person\/image\/\",\"url\":\"https:\/\/secure.gravatar.com\/avatar\/e8495742d34d0ba6448ea1c628263b3e?s=96&d=mm&r=g\",\"contentUrl\":\"https:\/\/secure.gravatar.com\/avatar\/e8495742d34d0ba6448ea1c628263b3e?s=96&d=mm&r=g\",\"caption\":\"admin\"},\"url\":\"https:\/\/franciscanos.org.br\/vidacrista\/author\/admin\/\"}]}<\/script>\n<!-- \/ Yoast SEO plugin. -->","yoast_head_json":{"title":"No ser mulher, uma intensidade de vida - Vida Crist\u00e3 - Franciscanos","robots":{"index":"index","follow":"follow","max-snippet":"max-snippet:-1","max-image-preview":"max-image-preview:large","max-video-preview":"max-video-preview:-1"},"canonical":"https:\/\/franciscanos.org.br\/vidacrista\/no-ser-mulher-uma-intensidade-de-vida\/","og_locale":"pt_BR","og_type":"article","og_title":"No ser mulher, uma intensidade de vida - Vida Crist\u00e3 - Franciscanos","og_description":"Artigo de Frei Vitorio Mazzuco","og_url":"https:\/\/franciscanos.org.br\/vidacrista\/no-ser-mulher-uma-intensidade-de-vida\/","og_site_name":"Vida Crist\u00e3 - Franciscanos","article_published_time":"2010-09-28T13:06:34+00:00","article_modified_time":"2020-05-28T14:06:44+00:00","og_image":[{"url":"https:\/\/franciscanos.org.br\/vidacrista\/wp-content\/uploads\/2010\/09\/mulher_1.jpg"}],"author":"admin","twitter_card":"summary_large_image","twitter_misc":{"Escrito por":"admin","Est. tempo de leitura":"4 minutos"},"schema":{"@context":"https:\/\/schema.org","@graph":[{"@type":"WebSite","@id":"https:\/\/franciscanos.org.br\/vidacrista\/#website","url":"https:\/\/franciscanos.org.br\/vidacrista\/","name":"Vida Crist\u00e3 - Franciscanos","description":"Prov\u00edncia Franciscana da Imaculada Concei\u00e7\u00e3o do Brasil - Ordem dos Frades Menores","potentialAction":[{"@type":"SearchAction","target":{"@type":"EntryPoint","urlTemplate":"https:\/\/franciscanos.org.br\/vidacrista\/?s={search_term_string}"},"query-input":"required name=search_term_string"}],"inLanguage":"pt-BR"},{"@type":"WebPage","@id":"https:\/\/franciscanos.org.br\/vidacrista\/no-ser-mulher-uma-intensidade-de-vida\/","url":"https:\/\/franciscanos.org.br\/vidacrista\/no-ser-mulher-uma-intensidade-de-vida\/","name":"No ser mulher, uma intensidade de vida - Vida Crist\u00e3 - Franciscanos","isPartOf":{"@id":"https:\/\/franciscanos.org.br\/vidacrista\/#website"},"datePublished":"2010-09-28T13:06:34+00:00","dateModified":"2020-05-28T14:06:44+00:00","author":{"@id":"https:\/\/franciscanos.org.br\/vidacrista\/#\/schema\/person\/133632ca93cec555316a35f76ab4153b"},"breadcrumb":{"@id":"https:\/\/franciscanos.org.br\/vidacrista\/no-ser-mulher-uma-intensidade-de-vida\/#breadcrumb"},"inLanguage":"pt-BR","potentialAction":[{"@type":"ReadAction","target":["https:\/\/franciscanos.org.br\/vidacrista\/no-ser-mulher-uma-intensidade-de-vida\/"]}]},{"@type":"BreadcrumbList","@id":"https:\/\/franciscanos.org.br\/vidacrista\/no-ser-mulher-uma-intensidade-de-vida\/#breadcrumb","itemListElement":[{"@type":"ListItem","position":1,"name":"Home","item":"https:\/\/franciscanos.org.br\/vidacrista\/"},{"@type":"ListItem","position":2,"name":"No ser mulher, uma intensidade de vida"}]},{"@type":"Person","@id":"https:\/\/franciscanos.org.br\/vidacrista\/#\/schema\/person\/133632ca93cec555316a35f76ab4153b","name":"admin","image":{"@type":"ImageObject","inLanguage":"pt-BR","@id":"https:\/\/franciscanos.org.br\/vidacrista\/#\/schema\/person\/image\/","url":"https:\/\/secure.gravatar.com\/avatar\/e8495742d34d0ba6448ea1c628263b3e?s=96&d=mm&r=g","contentUrl":"https:\/\/secure.gravatar.com\/avatar\/e8495742d34d0ba6448ea1c628263b3e?s=96&d=mm&r=g","caption":"admin"},"url":"https:\/\/franciscanos.org.br\/vidacrista\/author\/admin\/"}]}},"_links":{"self":[{"href":"https:\/\/franciscanos.org.br\/vidacrista\/wp-json\/wp\/v2\/posts\/25282"}],"collection":[{"href":"https:\/\/franciscanos.org.br\/vidacrista\/wp-json\/wp\/v2\/posts"}],"about":[{"href":"https:\/\/franciscanos.org.br\/vidacrista\/wp-json\/wp\/v2\/types\/post"}],"author":[{"embeddable":true,"href":"https:\/\/franciscanos.org.br\/vidacrista\/wp-json\/wp\/v2\/users\/1"}],"replies":[{"embeddable":true,"href":"https:\/\/franciscanos.org.br\/vidacrista\/wp-json\/wp\/v2\/comments?post=25282"}],"version-history":[{"count":2,"href":"https:\/\/franciscanos.org.br\/vidacrista\/wp-json\/wp\/v2\/posts\/25282\/revisions"}],"predecessor-version":[{"id":181023,"href":"https:\/\/franciscanos.org.br\/vidacrista\/wp-json\/wp\/v2\/posts\/25282\/revisions\/181023"}],"wp:attachment":[{"href":"https:\/\/franciscanos.org.br\/vidacrista\/wp-json\/wp\/v2\/media?parent=25282"}],"wp:term":[{"taxonomy":"category","embeddable":true,"href":"https:\/\/franciscanos.org.br\/vidacrista\/wp-json\/wp\/v2\/categories?post=25282"},{"taxonomy":"post_tag","embeddable":true,"href":"https:\/\/franciscanos.org.br\/vidacrista\/wp-json\/wp\/v2\/tags?post=25282"}],"curies":[{"name":"wp","href":"https:\/\/api.w.org\/{rel}","templated":true}]}}