{"id":24542,"date":"2012-09-24T07:56:35","date_gmt":"2012-09-24T10:56:35","guid":{"rendered":"http:\/\/new.franciscanos.org.br\/?p=24542"},"modified":"2020-06-15T10:53:21","modified_gmt":"2020-06-15T13:53:21","slug":"a-mulher-de-jesus","status":"publish","type":"post","link":"https:\/\/franciscanos.org.br\/vidacrista\/a-mulher-de-jesus\/","title":{"rendered":"A \u201cmulher\u201d de Jesus"},"content":{"rendered":"<p><strong><img decoding=\"async\" loading=\"lazy\" class=\"alignright size-full wp-image-24546\" title=\"3449_240912\" src=\"http:\/\/franciscanos.org.br\/wp-content\/uploads\/2012\/09\/3449_240912.jpg\" alt=\"\" width=\"400\" height=\"561\" \/>Por\u00a0Frei Jacir de Freitas Faria, OFM<\/strong><\/p>\n<p>O <em>Evangelho da mulher de Jesus<\/em>! Estranho, mas \u00e9 esse o t\u00edtulo dado pela pesquisadora Karen King, da Universidade de Harvard, a um min\u00fasculo peda\u00e7o de papiro copta encontrado recentemente. Especialistas se dividem na opini\u00e3o sobre a autenticidade do documento. Falta ainda o teste com carbono 14 para comprovar a sua data\u00e7\u00e3o, postulada no s\u00e9culo IV. Trata-se de frases soltas: <em>\u201cN\u00e3o [para mim]. Minha m\u00e3e me deu a vi[da] (1). Os disc\u00edpulos disseram a Jesus: (2); negar; Maria \u00e9 digna disso (3). Jesus disse a eles: Minha mulher (4). Ela conseguir\u00e1 ser minha disc\u00edpula (5). Que os perversos se encham (6). Quanto a mim habito com ela para que (7). Uma imagem <\/em>(8).<\/p>\n<p>O uso de termos gn\u00f3sticos \u2013 corrente de pensamento (s\u00e9culos de 1 a 7) que acreditava na salva\u00e7\u00e3o pelo conhecimento \u2013, como: <em>m\u00e3e<\/em>, <em>vida<\/em>, <em>Maria \u00e9 digna disso<\/em>, <em>minha mulher e perverso, se encham<\/em> sinaliza que pode se tratar de peda\u00e7o do evangelho ap\u00f3crifo \u2013 texto usado de forma escondida pelos crist\u00e3os e que n\u00e3o foram considerados inspirados \u2013 gn\u00f3stico de Maria Madalena (ano 150), do qual faltam as p\u00e1ginas de 1 a 6. Assim, estamos diante de mais um texto gn\u00f3stico crist\u00e3o. Os gn\u00f3sticos consideravam Maria Madalena como a companheira de Jesus. O evangelho de Filipe afirma: \u201c<em>Eram tr\u00eas que acompanhavam sempre o Senhor: sua m\u00e3e Maria, a irm\u00e3 dela, e Madalena, que \u00e9 chamada de sua companheira, consorte<\/em>\u201d E ainda: \u201c<em>A companheira de Cristo \u00e9 Maria Madalena. O Senhor amava Maria Madalena mais que todos os disc\u00edpulos, e a beijava na boca repetida vezes. Os disc\u00edpulos lhe disseram: Por que a amas mais que a n\u00f3s? O Salvador respondeu dizendo: Como \u00e9 poss\u00edvel que eu n\u00e3o vos ame tanto quanto a ela?<\/em>\u201d No evangelho de Maria Madalena, Pedro reconhece que Jesus amava Madalena diferentemente das outras mulheres e pergunta apavorado: \u201c<em>Ser\u00e1 que Ele verdadeiramente a escolheu e a preferiu a n\u00f3s<\/em>?\u201d. Levi defende Maria Madalena e chama a aten\u00e7\u00e3o de Pedro por agir de forma mis\u00f3gina com as mulheres, como os advers\u00e1rios. O ap\u00f3crifo <em>Perguntas de Maria <\/em>tamb\u00e9m admite que Madalena era amante, parceira sexual ou esposa carnal de Jesus. Opini\u00e3o considerada exagerada e contestada por <em>Pistis Sophia<\/em>. Assim sendo, o fragmento encontrado \u00e9 mais um testemunho da cren\u00e7a nos prim\u00f3rdios do cristianismo e na rela\u00e7\u00e3o matrimonial entre Jesus e Madalena. O que dizer de tudo isso? Com certeza, essa d\u00favida vai permanecer para sempre. Para os gn\u00f3sticos, a uni\u00e3o entre o masculino e o feminino era vista numa esfera espiritual de supera\u00e7\u00e3o da divis\u00e3o corp\u00f3rea. Jesus e Madalena eram vistos como exemplo dessa integra\u00e7\u00e3o. O beijo entre eles \u00e9 a express\u00e3o desse desejo espiritual que comunicava o saber.<\/p>\n<p>Da afirmativa \u201cminha mulher\u201d decorre um Jesus homem que ama uma mulher, como todos os homens do seu tempo. Onde est\u00e1 o erro nisso? Como bom judeu, Jesus jamais teria proibido essa rela\u00e7\u00e3o humana e divina. O que n\u00e3o contradiz com o seu conselho de vida celibat\u00e1ria dada aos que queriam se dedicar de forma integral ao Reino. Na outra ponta da linha, a descoberta desse papiro mant\u00e9m na pauta de discuss\u00e3o a quest\u00e3o do celibato do clero, sem, no entanto, comprovar historicamente que Jesus era casado.<\/p>\n<p>No dito de Jesus \u201cMaria \u00e9 digna disso\u201d est\u00e1 impl\u00edcita outra controv\u00e9rsia: a lideran\u00e7a apost\u00f3lica da mulher. Em 201, Tertuliano escreve, proibindo as mulheres de ensinar, exorcizar, batizar, pregar, oferecer Eucaristia na Igreja, bem como de reivindicar cargo sacerdotal. Foi nessa \u00e9poca tamb\u00e9m que iniciou o processo de identifica\u00e7\u00e3o err\u00f4nea da prostituta de Lc 7,36-50 com Madalena, mulher que exerceu forte lideran\u00e7a entre os ap\u00f3stolos, esteve ao lado de Jesus e o amou profundamente, sendo sua disc\u00edpula amada. Ela foi capaz disso. Ademais, o amor entre Jesus e Madalena \u00e9 o que integra tudo em todos. Um amor sublime e humano.<\/p>\n<table border=\"0\" width=\"100%\" cellspacing=\"0\" cellpadding=\"3\" bgcolor=\"#FFEECA\">\n<tbody>\n<tr>\n<td valign=\"top\" width=\"7%\"><img decoding=\"async\" loading=\"lazy\" class=\"alignnone size-full wp-image-24632\" title=\"3464_240912\" src=\"http:\/\/franciscanos.org.br\/wp-content\/uploads\/2012\/09\/3464_240912.jpg\" alt=\"\" width=\"80\" height=\"100\" \/><\/td>\n<td width=\"93%\"><strong>Frei Jacir de Freitas Faria<\/strong>, OFM \u00e9 Padre franciscano, escritor, mestre em Ci\u00eancias B\u00edblicas pelo Pontif\u00edcio Instituto B\u00edblico, de Roma, especialista em evangelhos ap\u00f3crifos, professor de exegese b\u00edblica no Instituto Santo Tom\u00e1s de Aquino \u2013 ISTA, em Belo Horizonte e em cursos de Teologia para leigos. Autor de uma centena de artigos. Autor e coautor de quinze livros, sendo o \u00faltimo: Inf\u00e2ncia ap\u00f3crifa do menino Jesus. Hist\u00f3rias de ternura e travessura. Petr\u00f3polis: Vozes, 2010. Diretor Geral e Pedag\u00f3gico dos Col\u00e9gios Santo Ant\u00f4nio e Frei Orlando, ambos em Belo Horizonte.<br \/>\nVeja mais:\u00a0<a href=\"http:\/\/www.bibliaeapocrifos.com.br\/\" target=\"_blank\" rel=\"noopener noreferrer\">www.bibliaeapocrifos.com.br<\/a><\/td>\n<\/tr>\n<\/tbody>\n<\/table>\n<p>&nbsp;<\/p>\n","protected":false},"excerpt":{"rendered":"<p>Artigo de Por\u00a0Frei Jacir de Freitas Faria, OFM<\/p>\n","protected":false},"author":1,"featured_media":0,"comment_status":"closed","ping_status":"open","sticky":false,"template":"","format":"standard","meta":{"footnotes":""},"categories":[26],"tags":[],"yoast_head":"<!-- This site is optimized with the Yoast SEO plugin v19.4 - https:\/\/yoast.com\/wordpress\/plugins\/seo\/ -->\n<title>A \u201cmulher\u201d de Jesus - Vida Crist\u00e3 - Franciscanos<\/title>\n<meta name=\"robots\" content=\"index, follow, max-snippet:-1, max-image-preview:large, max-video-preview:-1\" \/>\n<link rel=\"canonical\" href=\"https:\/\/franciscanos.org.br\/vidacrista\/a-mulher-de-jesus\/\" \/>\n<meta property=\"og:locale\" content=\"pt_BR\" \/>\n<meta property=\"og:type\" content=\"article\" \/>\n<meta property=\"og:title\" content=\"A \u201cmulher\u201d de Jesus - Vida Crist\u00e3 - Franciscanos\" \/>\n<meta property=\"og:description\" content=\"Artigo de Por\u00a0Frei Jacir de Freitas Faria, OFM\" \/>\n<meta property=\"og:url\" content=\"https:\/\/franciscanos.org.br\/vidacrista\/a-mulher-de-jesus\/\" \/>\n<meta property=\"og:site_name\" content=\"Vida Crist\u00e3 - Franciscanos\" \/>\n<meta property=\"article:published_time\" content=\"2012-09-24T10:56:35+00:00\" \/>\n<meta property=\"article:modified_time\" content=\"2020-06-15T13:53:21+00:00\" \/>\n<meta property=\"og:image\" content=\"http:\/\/franciscanos.org.br\/wp-content\/uploads\/2012\/09\/3449_240912.jpg\" \/>\n<meta name=\"author\" content=\"admin\" \/>\n<meta name=\"twitter:card\" content=\"summary_large_image\" \/>\n<meta name=\"twitter:label1\" content=\"Escrito por\" \/>\n\t<meta name=\"twitter:data1\" content=\"admin\" \/>\n\t<meta name=\"twitter:label2\" content=\"Est. tempo de leitura\" \/>\n\t<meta name=\"twitter:data2\" content=\"4 minutos\" \/>\n<script type=\"application\/ld+json\" class=\"yoast-schema-graph\">{\"@context\":\"https:\/\/schema.org\",\"@graph\":[{\"@type\":\"WebSite\",\"@id\":\"https:\/\/franciscanos.org.br\/vidacrista\/#website\",\"url\":\"https:\/\/franciscanos.org.br\/vidacrista\/\",\"name\":\"Vida Crist\u00e3 - Franciscanos\",\"description\":\"Prov\u00edncia Franciscana da Imaculada Concei\u00e7\u00e3o do Brasil - Ordem dos Frades Menores\",\"potentialAction\":[{\"@type\":\"SearchAction\",\"target\":{\"@type\":\"EntryPoint\",\"urlTemplate\":\"https:\/\/franciscanos.org.br\/vidacrista\/?s={search_term_string}\"},\"query-input\":\"required name=search_term_string\"}],\"inLanguage\":\"pt-BR\"},{\"@type\":\"WebPage\",\"@id\":\"https:\/\/franciscanos.org.br\/vidacrista\/a-mulher-de-jesus\/\",\"url\":\"https:\/\/franciscanos.org.br\/vidacrista\/a-mulher-de-jesus\/\",\"name\":\"A \u201cmulher\u201d de Jesus - Vida Crist\u00e3 - Franciscanos\",\"isPartOf\":{\"@id\":\"https:\/\/franciscanos.org.br\/vidacrista\/#website\"},\"datePublished\":\"2012-09-24T10:56:35+00:00\",\"dateModified\":\"2020-06-15T13:53:21+00:00\",\"author\":{\"@id\":\"https:\/\/franciscanos.org.br\/vidacrista\/#\/schema\/person\/133632ca93cec555316a35f76ab4153b\"},\"breadcrumb\":{\"@id\":\"https:\/\/franciscanos.org.br\/vidacrista\/a-mulher-de-jesus\/#breadcrumb\"},\"inLanguage\":\"pt-BR\",\"potentialAction\":[{\"@type\":\"ReadAction\",\"target\":[\"https:\/\/franciscanos.org.br\/vidacrista\/a-mulher-de-jesus\/\"]}]},{\"@type\":\"BreadcrumbList\",\"@id\":\"https:\/\/franciscanos.org.br\/vidacrista\/a-mulher-de-jesus\/#breadcrumb\",\"itemListElement\":[{\"@type\":\"ListItem\",\"position\":1,\"name\":\"Home\",\"item\":\"https:\/\/franciscanos.org.br\/vidacrista\/\"},{\"@type\":\"ListItem\",\"position\":2,\"name\":\"A \u201cmulher\u201d de Jesus\"}]},{\"@type\":\"Person\",\"@id\":\"https:\/\/franciscanos.org.br\/vidacrista\/#\/schema\/person\/133632ca93cec555316a35f76ab4153b\",\"name\":\"admin\",\"image\":{\"@type\":\"ImageObject\",\"inLanguage\":\"pt-BR\",\"@id\":\"https:\/\/franciscanos.org.br\/vidacrista\/#\/schema\/person\/image\/\",\"url\":\"https:\/\/secure.gravatar.com\/avatar\/e8495742d34d0ba6448ea1c628263b3e?s=96&d=mm&r=g\",\"contentUrl\":\"https:\/\/secure.gravatar.com\/avatar\/e8495742d34d0ba6448ea1c628263b3e?s=96&d=mm&r=g\",\"caption\":\"admin\"},\"url\":\"https:\/\/franciscanos.org.br\/vidacrista\/author\/admin\/\"}]}<\/script>\n<!-- \/ Yoast SEO plugin. -->","yoast_head_json":{"title":"A \u201cmulher\u201d de Jesus - Vida Crist\u00e3 - Franciscanos","robots":{"index":"index","follow":"follow","max-snippet":"max-snippet:-1","max-image-preview":"max-image-preview:large","max-video-preview":"max-video-preview:-1"},"canonical":"https:\/\/franciscanos.org.br\/vidacrista\/a-mulher-de-jesus\/","og_locale":"pt_BR","og_type":"article","og_title":"A \u201cmulher\u201d de Jesus - Vida Crist\u00e3 - Franciscanos","og_description":"Artigo de Por\u00a0Frei Jacir de Freitas Faria, OFM","og_url":"https:\/\/franciscanos.org.br\/vidacrista\/a-mulher-de-jesus\/","og_site_name":"Vida Crist\u00e3 - Franciscanos","article_published_time":"2012-09-24T10:56:35+00:00","article_modified_time":"2020-06-15T13:53:21+00:00","og_image":[{"url":"http:\/\/franciscanos.org.br\/wp-content\/uploads\/2012\/09\/3449_240912.jpg"}],"author":"admin","twitter_card":"summary_large_image","twitter_misc":{"Escrito por":"admin","Est. tempo de leitura":"4 minutos"},"schema":{"@context":"https:\/\/schema.org","@graph":[{"@type":"WebSite","@id":"https:\/\/franciscanos.org.br\/vidacrista\/#website","url":"https:\/\/franciscanos.org.br\/vidacrista\/","name":"Vida Crist\u00e3 - Franciscanos","description":"Prov\u00edncia Franciscana da Imaculada Concei\u00e7\u00e3o do Brasil - Ordem dos Frades Menores","potentialAction":[{"@type":"SearchAction","target":{"@type":"EntryPoint","urlTemplate":"https:\/\/franciscanos.org.br\/vidacrista\/?s={search_term_string}"},"query-input":"required name=search_term_string"}],"inLanguage":"pt-BR"},{"@type":"WebPage","@id":"https:\/\/franciscanos.org.br\/vidacrista\/a-mulher-de-jesus\/","url":"https:\/\/franciscanos.org.br\/vidacrista\/a-mulher-de-jesus\/","name":"A \u201cmulher\u201d de Jesus - Vida Crist\u00e3 - Franciscanos","isPartOf":{"@id":"https:\/\/franciscanos.org.br\/vidacrista\/#website"},"datePublished":"2012-09-24T10:56:35+00:00","dateModified":"2020-06-15T13:53:21+00:00","author":{"@id":"https:\/\/franciscanos.org.br\/vidacrista\/#\/schema\/person\/133632ca93cec555316a35f76ab4153b"},"breadcrumb":{"@id":"https:\/\/franciscanos.org.br\/vidacrista\/a-mulher-de-jesus\/#breadcrumb"},"inLanguage":"pt-BR","potentialAction":[{"@type":"ReadAction","target":["https:\/\/franciscanos.org.br\/vidacrista\/a-mulher-de-jesus\/"]}]},{"@type":"BreadcrumbList","@id":"https:\/\/franciscanos.org.br\/vidacrista\/a-mulher-de-jesus\/#breadcrumb","itemListElement":[{"@type":"ListItem","position":1,"name":"Home","item":"https:\/\/franciscanos.org.br\/vidacrista\/"},{"@type":"ListItem","position":2,"name":"A \u201cmulher\u201d de Jesus"}]},{"@type":"Person","@id":"https:\/\/franciscanos.org.br\/vidacrista\/#\/schema\/person\/133632ca93cec555316a35f76ab4153b","name":"admin","image":{"@type":"ImageObject","inLanguage":"pt-BR","@id":"https:\/\/franciscanos.org.br\/vidacrista\/#\/schema\/person\/image\/","url":"https:\/\/secure.gravatar.com\/avatar\/e8495742d34d0ba6448ea1c628263b3e?s=96&d=mm&r=g","contentUrl":"https:\/\/secure.gravatar.com\/avatar\/e8495742d34d0ba6448ea1c628263b3e?s=96&d=mm&r=g","caption":"admin"},"url":"https:\/\/franciscanos.org.br\/vidacrista\/author\/admin\/"}]}},"_links":{"self":[{"href":"https:\/\/franciscanos.org.br\/vidacrista\/wp-json\/wp\/v2\/posts\/24542"}],"collection":[{"href":"https:\/\/franciscanos.org.br\/vidacrista\/wp-json\/wp\/v2\/posts"}],"about":[{"href":"https:\/\/franciscanos.org.br\/vidacrista\/wp-json\/wp\/v2\/types\/post"}],"author":[{"embeddable":true,"href":"https:\/\/franciscanos.org.br\/vidacrista\/wp-json\/wp\/v2\/users\/1"}],"replies":[{"embeddable":true,"href":"https:\/\/franciscanos.org.br\/vidacrista\/wp-json\/wp\/v2\/comments?post=24542"}],"version-history":[{"count":1,"href":"https:\/\/franciscanos.org.br\/vidacrista\/wp-json\/wp\/v2\/posts\/24542\/revisions"}],"predecessor-version":[{"id":185582,"href":"https:\/\/franciscanos.org.br\/vidacrista\/wp-json\/wp\/v2\/posts\/24542\/revisions\/185582"}],"wp:attachment":[{"href":"https:\/\/franciscanos.org.br\/vidacrista\/wp-json\/wp\/v2\/media?parent=24542"}],"wp:term":[{"taxonomy":"category","embeddable":true,"href":"https:\/\/franciscanos.org.br\/vidacrista\/wp-json\/wp\/v2\/categories?post=24542"},{"taxonomy":"post_tag","embeddable":true,"href":"https:\/\/franciscanos.org.br\/vidacrista\/wp-json\/wp\/v2\/tags?post=24542"}],"curies":[{"name":"wp","href":"https:\/\/api.w.org\/{rel}","templated":true}]}}