{"id":23362,"date":"2012-09-05T06:38:47","date_gmt":"2012-09-05T09:38:47","guid":{"rendered":"http:\/\/new.franciscanos.org.br\/?p=23362"},"modified":"2019-03-01T13:24:04","modified_gmt":"2019-03-01T16:24:04","slug":"uma-fonte-de-vida-em-duas-torrentes","status":"publish","type":"post","link":"https:\/\/franciscanos.org.br\/vidacrista\/uma-fonte-de-vida-em-duas-torrentes\/","title":{"rendered":"Uma fonte de vida em duas torrentes"},"content":{"rendered":"<h3><strong>A fissura do peito do Salvador<\/strong><\/h3>\n<p><strong><a href=\"http:\/\/franciscanos.org.br\/wp-content\/uploads\/2012\/09\/cristo_chagas.jpg\"><img decoding=\"async\" loading=\"lazy\" class=\"alignright size-full wp-image-23382\" title=\"cristo_chagas\" src=\"http:\/\/franciscanos.org.br\/wp-content\/uploads\/2012\/09\/cristo_chagas.jpg\" alt=\"\" width=\"400\" height=\"214\" \/><\/a>1.<\/strong> Todos aprendemos a contemplar com imenso respeito os \u00faltimos momentos da vida do Senhor.\u00a0 Sempre de novo desejamos nos deixar impregnar dos sentimentos de Jesus no alto da cruz. Foi ali que ele rasgou definitivamente um documento que existia contra n\u00f3s e\u00a0 fomos resgatados com seu sangue precioso. E Jesus viveu ali imensa solid\u00e3o.\u00a0 Jos\u00e9 Antonio Pagola descreve com cores muito sombrias esses instantes finais de Jesus:\u00a0 \u201cA insensibilidade de seus disc\u00edpulos o fazem mergulhar na solid\u00e3o e na tristeza. O comportamento deles faz-lhe ver a magnitude de seu fracasso. Reuniu em redor de si um pequeno grupo de disc\u00edpulos e disc\u00edpulas; com eles come\u00e7ou a formar uma \u201cnova fam\u00edlia\u201d, a servi\u00e7o do Reino de Deus;\u00a0 escolheu os Doze\u00a0 como n\u00famero simb\u00f3lico da restaura\u00e7\u00e3o de Israel; reuniu-os nessa recente ceia para transmitir-lhes sua confian\u00e7a em Deus. Agora os v\u00ea prestes a fugir, deixando-o s\u00f3. Tudo rui por terra. A dispers\u00e3o dos disc\u00edpulos \u00e9 o sinal mais evidente de seu fracasso. Quem os reunir\u00e1 dali em diante?\u00a0 Quem viver\u00e1 a servi\u00e7o do Reino de Deus\u201d (<em>Jesus. Aproxima\u00e7\u00e3o hist\u00f3rica, Vozes, p. 478-479<\/em>).<\/p>\n<p><strong>2.<\/strong> Teodoreto de Ciro, bispo do s\u00e9culo V, descreve de maneira tocante os momento finais da vida de Jesus: \u201cChora sobre Jerusal\u00e9m que pela incredulidade atra\u00eda para si a ru\u00edna e prediz a suprema destrui\u00e7\u00e3o do templo, outrora famoso.\u00a0 Com toda paci\u00eancia suporta ser batido na cabe\u00e7a\u00a0 por homem duplamente escravo. Esbofeteado, cuspido, injuriado, atormentado, flagelado e por fim crucificado e dado por companheiro de supl\u00edcios a dois ladr\u00f5es, contado entre\u00a0 os homicidas e celerados. Bebe o vinagre e o fel\u00a0 produzidos pela m\u00e1 videira, coroado de espinhos, em vez de louros e cachos de uva.\u00a0 Escarnecido com a p\u00farpura, batido com a cana, ferido o lado pela lan\u00e7a e enfim levado ao sepulcro\u201d (<em>Liturgia das Horas IV, p. 77<\/em>). Assim, morre o mais belo dos filhos dos homens.\u00a0 Teodoreto faz quest\u00e3o de lembrar o pormenor da ferida feita pela lan\u00e7a em seu lado.\u00a0 Estamos sempre no tema do cora\u00e7\u00e3o dilacerado e aberto.<\/p>\n<p><strong>3.<\/strong> Assim,\u00a0 contemplamos essa cavidade no peito de Jesus como express\u00e3o de um amor que vai at\u00e9 o fim. O mesmo Teodoreto continua sua reflex\u00e3o: \u201cO lado aberto,\u00a0 \u00e0 semelhan\u00e7a de Ad\u00e3o, deixa sair n\u00e3o a mulher, que por seu erro gerou a morte, mas fonte da vida\u00a0 que com dupla corrente inunda vivifica o mundo. Uma, no batist\u00e9rio,\u00a0 nos renova e nos cobre com a veste imortal: outra, \u00e0 mesa divina, alimenta os renascidos como leite aos pequeninos\u201d (<em>Idem, p.78<\/em>).<\/p>\n<p><strong>4.<\/strong> H\u00e1 a torrente do Batismo. Os homens, esses homens todos, cheios de boa vontade, mas t\u00e3o fr\u00e1geis, t\u00e3o fadados \u00e0 mediocridade, t\u00e3o afeitos ao que os destr\u00f3i, destinados a morrer.\u00a0 Esse Jesus que morre no alto da cruz\u00a0 tem o peito aberto. Deixa ele sair de suas entranhas uma \u00e1gua que lava n\u00e3o o corpo das pessoas, mas sua hist\u00f3ria, sua vida, seu passado fazendo que as pessoas renas\u00e7am, sejam criaturas novas. N\u00e3o podemos conservar apenas uma fluida evoca\u00e7\u00e3o do batismo que recebem quando crian\u00e7as. Vivemos renovando essa gra\u00e7a, em cada P\u00e1scoa, por assim dizer nascemos de novo.\u00a0 A torrente do peito de Jesus que se dirige para o batismo nos cobre das vestes novas e, no dizer de Teodoreto, veste da vida imortal.\u00a0 Tudo isso \u00e9 obra do peito aberto do Senhor. Dia ap\u00f3s dia vamos renascendo. Estamos proibidos de envelhecer porque\u00a0 somos vivificados pela \u00e1gua do peito de Jesus.\u00a0 Somos lavados na fonte viva.<\/p>\n<p><strong>5.<\/strong> S\u00e3o duas torrentes: uma se dirige ao batist\u00e9rio e a outra se derrama na mesa divina. Pensamos aqui na Eucaristia, nessa mesa do p\u00e3o e do vinho, que s\u00e3o sinais da entrega de Jesus, o p\u00e3o que \u00e9 dado, o sangue que \u00e9 derramado. Os que nascem de novo pelas \u00e1guas do batismo se aproximam da mesa do p\u00e3o e do vinho que nasceu da entrega amorosa total de Jesus. Trata-se da Eucaristia.\u00a0 Evidentemente n\u00e3o \u00e9 apenas quest\u00e3o de missa pela missa.\u00a0 O que se d\u00e1, de fato, na celebra\u00e7\u00e3o? Os fi\u00e9is se re\u00fanem em torno do sacerdote ministerial. H\u00e1 a proclama\u00e7\u00e3o das leituras.\u00a0 H\u00e1 a semente que vai caindo na vida e no cora\u00e7\u00e3o das pessoas.\u00a0 No centro da celebra\u00e7\u00e3o o presidente toma o p\u00e3o e o vinho\u00a0 e ent\u00e3o a torrente vivificante \u00a0se derrama do cora\u00e7\u00e3o de Jesus sobre o p\u00e3o e o vinho.\u00a0 Os que t\u00eam o h\u00e1bito de participar da Eucaristia, alguns at\u00e9 mesmo todos os dias, os renascidos s\u00e3o alimentados. Os que se alimentam da torrente que sai do peito de algu\u00e9m que deu a vida pelos outros, \u00a0passam, por sua vez, a se gastar pelos outros, a dar a vida no servi\u00e7o fraterno e na tentativa de colocar condi\u00e7\u00f5es de um mundo que preste aten\u00e7\u00e3o no amor. \u00a0Na Eucaristia, a torrente alimenta os renascidos como leite aos pequeninos.<\/p>\n<p><strong>6.<\/strong> Terminamos esta reflex\u00e3o com palavras de S\u00e3o Columbano, abade (sec VII).\u00a0 No seu discurso diz que Cristo \u00e9 a fonte da vida. \u201cSe tens sede, bebe da fonte da vida; se tens fome, come o p\u00e3o da vida. Felizes os que t\u00eam fome deste p\u00e3o e sede desta fonte.\u00a0 Sempre comendo e sempre bebendo, ainda desejam comer e beber. Porque \u00e9 imensamente doce\u00a0 aquilo que sempre se saboreia e sempre se deseja mais\u201d (<em>Liturgia das Horas, IV, p. 144<\/em>)<\/p>\n<p><strong>Frei Almir Ribeiro Guimar\u00e3es<\/strong><\/p>\n","protected":false},"excerpt":{"rendered":"<p>1\u00aa Sexta-feira do m\u00eas<\/p>\n","protected":false},"author":1,"featured_media":178063,"comment_status":"closed","ping_status":"closed","sticky":false,"template":"","format":"standard","meta":{"footnotes":""},"categories":[105],"tags":[106,112],"yoast_head":"<!-- This site is optimized with the Yoast SEO plugin v19.4 - https:\/\/yoast.com\/wordpress\/plugins\/seo\/ -->\n<title>Uma fonte de vida em duas torrentes - Vida Crist\u00e3 - Franciscanos<\/title>\n<meta name=\"robots\" content=\"index, follow, max-snippet:-1, max-image-preview:large, max-video-preview:-1\" \/>\n<link rel=\"canonical\" href=\"https:\/\/franciscanos.org.br\/vidacrista\/uma-fonte-de-vida-em-duas-torrentes\/\" \/>\n<meta property=\"og:locale\" content=\"pt_BR\" \/>\n<meta property=\"og:type\" content=\"article\" \/>\n<meta property=\"og:title\" content=\"Uma fonte de vida em duas torrentes - Vida Crist\u00e3 - Franciscanos\" \/>\n<meta property=\"og:description\" content=\"1\u00aa Sexta-feira do m\u00eas\" \/>\n<meta property=\"og:url\" content=\"https:\/\/franciscanos.org.br\/vidacrista\/uma-fonte-de-vida-em-duas-torrentes\/\" \/>\n<meta property=\"og:site_name\" content=\"Vida Crist\u00e3 - Franciscanos\" \/>\n<meta property=\"article:published_time\" content=\"2012-09-05T09:38:47+00:00\" \/>\n<meta property=\"article:modified_time\" content=\"2019-03-01T16:24:04+00:00\" \/>\n<meta property=\"og:image\" content=\"https:\/\/franciscanos.org.br\/vidacrista\/wp-content\/uploads\/2012\/09\/sagrado_05092012.jpg\" \/>\n\t<meta property=\"og:image:width\" content=\"273\" \/>\n\t<meta property=\"og:image:height\" content=\"181\" \/>\n\t<meta property=\"og:image:type\" content=\"image\/jpeg\" \/>\n<meta name=\"author\" content=\"admin\" \/>\n<meta name=\"twitter:card\" content=\"summary_large_image\" \/>\n<meta name=\"twitter:label1\" content=\"Escrito por\" \/>\n\t<meta name=\"twitter:data1\" content=\"admin\" \/>\n\t<meta name=\"twitter:label2\" content=\"Est. tempo de leitura\" \/>\n\t<meta name=\"twitter:data2\" content=\"5 minutos\" \/>\n<script type=\"application\/ld+json\" class=\"yoast-schema-graph\">{\"@context\":\"https:\/\/schema.org\",\"@graph\":[{\"@type\":\"WebSite\",\"@id\":\"https:\/\/franciscanos.org.br\/vidacrista\/#website\",\"url\":\"https:\/\/franciscanos.org.br\/vidacrista\/\",\"name\":\"Vida Crist\u00e3 - Franciscanos\",\"description\":\"Prov\u00edncia Franciscana da Imaculada Concei\u00e7\u00e3o do Brasil - Ordem dos Frades Menores\",\"potentialAction\":[{\"@type\":\"SearchAction\",\"target\":{\"@type\":\"EntryPoint\",\"urlTemplate\":\"https:\/\/franciscanos.org.br\/vidacrista\/?s={search_term_string}\"},\"query-input\":\"required name=search_term_string\"}],\"inLanguage\":\"pt-BR\"},{\"@type\":\"WebPage\",\"@id\":\"https:\/\/franciscanos.org.br\/vidacrista\/uma-fonte-de-vida-em-duas-torrentes\/\",\"url\":\"https:\/\/franciscanos.org.br\/vidacrista\/uma-fonte-de-vida-em-duas-torrentes\/\",\"name\":\"Uma fonte de vida em duas torrentes - Vida Crist\u00e3 - Franciscanos\",\"isPartOf\":{\"@id\":\"https:\/\/franciscanos.org.br\/vidacrista\/#website\"},\"datePublished\":\"2012-09-05T09:38:47+00:00\",\"dateModified\":\"2019-03-01T16:24:04+00:00\",\"author\":{\"@id\":\"https:\/\/franciscanos.org.br\/vidacrista\/#\/schema\/person\/133632ca93cec555316a35f76ab4153b\"},\"breadcrumb\":{\"@id\":\"https:\/\/franciscanos.org.br\/vidacrista\/uma-fonte-de-vida-em-duas-torrentes\/#breadcrumb\"},\"inLanguage\":\"pt-BR\",\"potentialAction\":[{\"@type\":\"ReadAction\",\"target\":[\"https:\/\/franciscanos.org.br\/vidacrista\/uma-fonte-de-vida-em-duas-torrentes\/\"]}]},{\"@type\":\"BreadcrumbList\",\"@id\":\"https:\/\/franciscanos.org.br\/vidacrista\/uma-fonte-de-vida-em-duas-torrentes\/#breadcrumb\",\"itemListElement\":[{\"@type\":\"ListItem\",\"position\":1,\"name\":\"Home\",\"item\":\"https:\/\/franciscanos.org.br\/vidacrista\/\"},{\"@type\":\"ListItem\",\"position\":2,\"name\":\"Uma fonte de vida em duas torrentes\"}]},{\"@type\":\"Person\",\"@id\":\"https:\/\/franciscanos.org.br\/vidacrista\/#\/schema\/person\/133632ca93cec555316a35f76ab4153b\",\"name\":\"admin\",\"image\":{\"@type\":\"ImageObject\",\"inLanguage\":\"pt-BR\",\"@id\":\"https:\/\/franciscanos.org.br\/vidacrista\/#\/schema\/person\/image\/\",\"url\":\"https:\/\/secure.gravatar.com\/avatar\/e8495742d34d0ba6448ea1c628263b3e?s=96&d=mm&r=g\",\"contentUrl\":\"https:\/\/secure.gravatar.com\/avatar\/e8495742d34d0ba6448ea1c628263b3e?s=96&d=mm&r=g\",\"caption\":\"admin\"},\"url\":\"https:\/\/franciscanos.org.br\/vidacrista\/author\/admin\/\"}]}<\/script>\n<!-- \/ Yoast SEO plugin. -->","yoast_head_json":{"title":"Uma fonte de vida em duas torrentes - Vida Crist\u00e3 - Franciscanos","robots":{"index":"index","follow":"follow","max-snippet":"max-snippet:-1","max-image-preview":"max-image-preview:large","max-video-preview":"max-video-preview:-1"},"canonical":"https:\/\/franciscanos.org.br\/vidacrista\/uma-fonte-de-vida-em-duas-torrentes\/","og_locale":"pt_BR","og_type":"article","og_title":"Uma fonte de vida em duas torrentes - Vida Crist\u00e3 - Franciscanos","og_description":"1\u00aa Sexta-feira do m\u00eas","og_url":"https:\/\/franciscanos.org.br\/vidacrista\/uma-fonte-de-vida-em-duas-torrentes\/","og_site_name":"Vida Crist\u00e3 - Franciscanos","article_published_time":"2012-09-05T09:38:47+00:00","article_modified_time":"2019-03-01T16:24:04+00:00","og_image":[{"width":273,"height":181,"url":"https:\/\/franciscanos.org.br\/vidacrista\/wp-content\/uploads\/2012\/09\/sagrado_05092012.jpg","type":"image\/jpeg"}],"author":"admin","twitter_card":"summary_large_image","twitter_misc":{"Escrito por":"admin","Est. tempo de leitura":"5 minutos"},"schema":{"@context":"https:\/\/schema.org","@graph":[{"@type":"WebSite","@id":"https:\/\/franciscanos.org.br\/vidacrista\/#website","url":"https:\/\/franciscanos.org.br\/vidacrista\/","name":"Vida Crist\u00e3 - Franciscanos","description":"Prov\u00edncia Franciscana da Imaculada Concei\u00e7\u00e3o do Brasil - Ordem dos Frades Menores","potentialAction":[{"@type":"SearchAction","target":{"@type":"EntryPoint","urlTemplate":"https:\/\/franciscanos.org.br\/vidacrista\/?s={search_term_string}"},"query-input":"required name=search_term_string"}],"inLanguage":"pt-BR"},{"@type":"WebPage","@id":"https:\/\/franciscanos.org.br\/vidacrista\/uma-fonte-de-vida-em-duas-torrentes\/","url":"https:\/\/franciscanos.org.br\/vidacrista\/uma-fonte-de-vida-em-duas-torrentes\/","name":"Uma fonte de vida em duas torrentes - Vida Crist\u00e3 - Franciscanos","isPartOf":{"@id":"https:\/\/franciscanos.org.br\/vidacrista\/#website"},"datePublished":"2012-09-05T09:38:47+00:00","dateModified":"2019-03-01T16:24:04+00:00","author":{"@id":"https:\/\/franciscanos.org.br\/vidacrista\/#\/schema\/person\/133632ca93cec555316a35f76ab4153b"},"breadcrumb":{"@id":"https:\/\/franciscanos.org.br\/vidacrista\/uma-fonte-de-vida-em-duas-torrentes\/#breadcrumb"},"inLanguage":"pt-BR","potentialAction":[{"@type":"ReadAction","target":["https:\/\/franciscanos.org.br\/vidacrista\/uma-fonte-de-vida-em-duas-torrentes\/"]}]},{"@type":"BreadcrumbList","@id":"https:\/\/franciscanos.org.br\/vidacrista\/uma-fonte-de-vida-em-duas-torrentes\/#breadcrumb","itemListElement":[{"@type":"ListItem","position":1,"name":"Home","item":"https:\/\/franciscanos.org.br\/vidacrista\/"},{"@type":"ListItem","position":2,"name":"Uma fonte de vida em duas torrentes"}]},{"@type":"Person","@id":"https:\/\/franciscanos.org.br\/vidacrista\/#\/schema\/person\/133632ca93cec555316a35f76ab4153b","name":"admin","image":{"@type":"ImageObject","inLanguage":"pt-BR","@id":"https:\/\/franciscanos.org.br\/vidacrista\/#\/schema\/person\/image\/","url":"https:\/\/secure.gravatar.com\/avatar\/e8495742d34d0ba6448ea1c628263b3e?s=96&d=mm&r=g","contentUrl":"https:\/\/secure.gravatar.com\/avatar\/e8495742d34d0ba6448ea1c628263b3e?s=96&d=mm&r=g","caption":"admin"},"url":"https:\/\/franciscanos.org.br\/vidacrista\/author\/admin\/"}]}},"_links":{"self":[{"href":"https:\/\/franciscanos.org.br\/vidacrista\/wp-json\/wp\/v2\/posts\/23362"}],"collection":[{"href":"https:\/\/franciscanos.org.br\/vidacrista\/wp-json\/wp\/v2\/posts"}],"about":[{"href":"https:\/\/franciscanos.org.br\/vidacrista\/wp-json\/wp\/v2\/types\/post"}],"author":[{"embeddable":true,"href":"https:\/\/franciscanos.org.br\/vidacrista\/wp-json\/wp\/v2\/users\/1"}],"replies":[{"embeddable":true,"href":"https:\/\/franciscanos.org.br\/vidacrista\/wp-json\/wp\/v2\/comments?post=23362"}],"version-history":[{"count":2,"href":"https:\/\/franciscanos.org.br\/vidacrista\/wp-json\/wp\/v2\/posts\/23362\/revisions"}],"predecessor-version":[{"id":178064,"href":"https:\/\/franciscanos.org.br\/vidacrista\/wp-json\/wp\/v2\/posts\/23362\/revisions\/178064"}],"wp:featuredmedia":[{"embeddable":true,"href":"https:\/\/franciscanos.org.br\/vidacrista\/wp-json\/wp\/v2\/media\/178063"}],"wp:attachment":[{"href":"https:\/\/franciscanos.org.br\/vidacrista\/wp-json\/wp\/v2\/media?parent=23362"}],"wp:term":[{"taxonomy":"category","embeddable":true,"href":"https:\/\/franciscanos.org.br\/vidacrista\/wp-json\/wp\/v2\/categories?post=23362"},{"taxonomy":"post_tag","embeddable":true,"href":"https:\/\/franciscanos.org.br\/vidacrista\/wp-json\/wp\/v2\/tags?post=23362"}],"curies":[{"name":"wp","href":"https:\/\/api.w.org\/{rel}","templated":true}]}}