{"id":20650,"date":"2008-06-06T16:06:52","date_gmt":"2008-06-06T19:06:52","guid":{"rendered":"http:\/\/new.franciscanos.org.br\/?p=20650"},"modified":"2020-05-19T13:10:56","modified_gmt":"2020-05-19T16:10:56","slug":"a-liturgia-que-celebramos-por-ocasiao-das-festas-juninas","status":"publish","type":"post","link":"https:\/\/franciscanos.org.br\/vidacrista\/a-liturgia-que-celebramos-por-ocasiao-das-festas-juninas\/","title":{"rendered":"A liturgia que celebramos por ocasi\u00e3o das festas juninas"},"content":{"rendered":"<p>&nbsp;<\/p>\n<p><img decoding=\"async\" loading=\"lazy\" class=\"alignnone size-full wp-image-180973\" src=\"https:\/\/franciscanos.org.br\/vidacrista\/wp-content\/uploads\/2008\/06\/junina.jpg\" alt=\"\" width=\"840\" height=\"510\" srcset=\"https:\/\/franciscanos.org.br\/vidacrista\/wp-content\/uploads\/2008\/06\/junina.jpg 840w, https:\/\/franciscanos.org.br\/vidacrista\/wp-content\/uploads\/2008\/06\/junina-450x273.jpg 450w, https:\/\/franciscanos.org.br\/vidacrista\/wp-content\/uploads\/2008\/06\/junina-768x466.jpg 768w, https:\/\/franciscanos.org.br\/vidacrista\/wp-content\/uploads\/2008\/06\/junina-150x91.jpg 150w\" sizes=\"(max-width: 840px) 100vw, 840px\" \/><\/p>\n<p><em><strong>Frei\u00a0 Jos\u00e9 Ariovaldo da Silva, OFM<\/strong><\/em>\u00a0(*)<\/p>\n<p><strong>Nas festas juninas&#8230;<\/strong><\/p>\n<p>M\u00eas de junho: m\u00eas das melhores festas religiosas populares brasileiras. Sem ignorar outras; \u00e9 claro. Mas estas, de junho, merecem especial considera\u00e7\u00e3o, tamb\u00e9m para quem gosta da Liturgia.<\/p>\n<p>Elas acontecem por ocasi\u00e3o de tr\u00eas datas celebrativas do calend\u00e1rio da Igreja Cat\u00f3lica: Santo Ant\u00f4nio (dia 13), S\u00e3o Jo\u00e3o (dia 24), S\u00e3o Pedro e S\u00e3o Paulo (dia 29).<\/p>\n<p>Festa junina faz lembrar tanta coisa: fogueira, som do acorde\u00e3o tocando o forr\u00f3, animada quadrilha, casamento caipira, traje e maquiagem de jeca e damas da ro\u00e7a, chap\u00e9us de palha, coloridas bandeirolas enfeitando a pra\u00e7a, a rua, o sal\u00e3o, a escola&#8230; Comida e bebida t\u00edpicas: rapadura, batata assada, pinh\u00e3o (no sul), pipoca, doces variados, canjica, quent\u00e3o&#8230; Tudo regado de contagiante alegria, anima\u00e7\u00e3o, humor e congra\u00e7amento social.<\/p>\n<p><strong>A Liturgia que celebramos<\/strong><\/p>\n<p>Enquanto isso (ou em outro momento), l\u00e1 dentro das igrejas, grupos outros de pessoas se re\u00fanem para celebrar a raiz e a fonte da festa: a divina Liturgia, em torno da Palavra de Deus e do altar da Eucaristia. \u00c0s vezes de maneira muito formal e estilizada, n\u00e3o t\u00e3o espont\u00e2nea como a festa popular. Mas se celebra&#8230; N\u00e3o deixa de ser tamb\u00e9m uma celebra\u00e7\u00e3o. E se soub\u00e9ssemos de fato o que celebramos, talvez at\u00e9 o far\u00edamos com muito mais vibra\u00e7\u00e3o&#8230;<\/p>\n<p>O Catecismo da Igreja Cat\u00f3lica v\u00ea a Liturgia como \u201cobra da Sant\u00edssima Trindade\u201d (cf. nn. 1077-111). Ent\u00e3o a gente se pergunta: Qual a Liturgia que celebramos por ocasi\u00e3o das festas juninas? Em outras palavras: qual a obra da Trindade que celebramos?&#8230;<\/p>\n<p>Uma primeira obra que pode nos vir \u00e0 mente \u00e9 a pr\u00f3pria realidade dos santos celebrados: eles s\u00e3o obra de Deus. Por isso que, no dia de Santo Ant\u00f4nio, se reza logo no in\u00edcio da missa: \u201c\u00d3 Deus&#8230;, que destes Santo Ant\u00f4nio ao vosso povo como insigne pregador e intercessor em todas as dificuldades&#8230;\u201d: Santo Ant\u00f4nio \u00e9 obra de Deus! Na festa de S\u00e3o Jo\u00e3o (dia em que comemoramos o nascimento de S\u00e3o Jo\u00e3o Batista), a ora\u00e7\u00e3o come\u00e7a assim: \u201c\u00d3 Deus, que suscitastes S\u00e3o Jo\u00e3o Batista, a fim de preparar para o Senhor um povo perfeito&#8230;\u201d: S\u00e3o Jo\u00e3o \u00e9 obra de Deus! E, na festa dos ap\u00f3stolos S\u00e3o Pedro e S\u00e3o Paulo, iniciamos a ora\u00e7\u00e3o com estas palavras: \u201c\u00d3 Deus, que hoje nos concedeis a alegria de festejar S\u00e3o Pedro e S\u00e3o Paulo&#8230;\u201d: S\u00e3o Pedro e S\u00e3o Paulo s\u00e3o obra de Deus! A alegria de celebrar estes dois grandes santos (bem como Santo Ant\u00f4nio e S\u00e3o Jo\u00e3o) \u00e9 obra de Deus:\u00a0 do Pai, pelo Filho, no Esp\u00edrito Santo. Divina Liturgia!<\/p>\n<p>Por meio de Santo Ant\u00f4nio, \u201cDeus fortaleceu a Igreja com o exemplo de sua vida, o ensinamento de sua prega\u00e7\u00e3o e o aux\u00edlio de suas preces\u201d (cf. Pref\u00e1cio do dia). S\u00e3o Jo\u00e3o Batista, precursor de Jesus e consagrado como \u201co maior entre os nascidos de mulher&#8230;, exultou com a chegada do Salvador da humanidade e seu nascimento trouxe grande alegria\u201d; e mais, \u201cfoi o \u00fanico dos profetas que mostrou o Cordeiro redentor\u201d; \u201cbatizou o pr\u00f3prio autor do Batismo&#8230; e, derramando seu sangue, mereceu dar o perfeito testemunho de Cristo\u201d (cf. Pref\u00e1cio do dia). \u201cPedro, o primeiro a proclamar a f\u00e9, fundou a Igreja primitiva sobre a heran\u00e7a de Israel. Paulo, mestre e doutor das na\u00e7\u00f5es, anunciou-lhes o Evangelho da Salva\u00e7\u00e3o. Por diferentes meios, os dois congregaram a \u00fanica fam\u00edlia de Cristo e, unidos pela coroa do mart\u00edrio, recebem hoje, por toda a terra, igual venera\u00e7\u00e3o\u201d (Pref\u00e1cio do dia). Tudo obra de Deus que celebramos&#8230;<\/p>\n<p>E em mais! Santo Ant\u00f4nio foi ungido pelo Senhor e enviado para anunciar a boa nova aos pobres (cf. Is 61 ,1-3). Como tal, tornou-se um eterno cantor do amor do Senhor (cf. Sl 88), um dos \u201cpoucos\u201d trabalhadores da grande messe (cf. Lc 10,1-9). De S\u00e3o Jo\u00e3o Batista, Deus fez luz das na\u00e7\u00f5es (cf. Is 49,1-6), transformando-o num hino de louvor e a\u00e7\u00e3o de gra\u00e7as por t\u00ea-lo formado \u201cde modo admir\u00e1vel\u201d, fazendo dele insigne pregador de um batismo de convers\u00e3o (cf. At 13,22-26): seu nome s\u00f3 tinha que ser Jo\u00e3o (cf. Lc 1,57-66.80)! Quanto a S\u00e3o Pedro, apelidado de \u201crocha\u201d pelo Senhor, recebeu \u201cas chaves do Reino dos C\u00e9us\u201d (cf. Mt 16,13-19); liberto da pris\u00e3o pelo anjo do Senhor (cf. At 12,1-11), n\u00f3s podemos com ele cantar: \u201cDe todos os temores me livrou o Senhor Deus\u201d (cf. Sl 33); e Paulo, por sua vez, depois de cumprida a miss\u00e3o que lhe dera o Senhor, podia exclamar agradecido e esperan\u00e7oso: \u201cAgora est\u00e1 reservada para mim a coroa de justi\u00e7a\u201d (cf. 2Tm 4,6-8.17-18). Tudo obra de Deus que celebramos&#8230;<\/p>\n<p>Mas a raz\u00e3o \u00faltima de tudo est\u00e1 no pr\u00f3prio mist\u00e9rio pascal de Jesus Cristo vivido na celebra\u00e7\u00e3o da divina Liturgia: a maior obra da Trindade. A vida, morte, ressurrei\u00e7\u00e3o e dom do Esp\u00edrito de Cristo \u00e9 que fez de Santo Ant\u00f4nio, S\u00e3o Jo\u00e3o Batista e S\u00e3o Pedro e S\u00e3o Paulo grandes santos, dignos de admira\u00e7\u00e3o, motivo de alegria e exemplo para todos n\u00f3s. Por isso que, na ora\u00e7\u00e3o eucar\u00edstica da missa, ao ouvir a narra\u00e7\u00e3o do mist\u00e9rio central de nossa f\u00e9, todo o povo proclama (de prefer\u00eancia at\u00e9 cantando): \u201cAnunciamos, Senhor, a vossa morte, proclamamos a vossa Ressurrei\u00e7\u00e3o. Vinde, Senhor Jesus!\u201d.<\/p>\n<p>Na hora da comunh\u00e3o, participamos desta P\u00e1scoa de Cristo, comendo do seu Corpo entregue e bebendo do seu Sangue derramado. Assim, a exemplo de Santo Ant\u00f4nio, podemos viver \u201cem cont\u00ednua a\u00e7\u00e3o de gra\u00e7as\u201d (cf. ora\u00e7\u00e3o depois da comunh\u00e3o na festa do santo); a exemplo de S\u00e3o Jo\u00e3o Batista podemos \u201creconhecer no Cristo, por ele anunciado, aquele que nos faz renascer\u201d (idem); e, enfim, \u201cperseverando na fra\u00e7\u00e3o do p\u00e3o e na doutrina dos Ap\u00f3stolos, e enraizados no amor de Deus, podemos ser\u00a0 \u201cum s\u00f3 cora\u00e7\u00e3o e uma s\u00f3 alma\u201d (idem ).<\/p>\n<p>Eis a Liturgia que celebramos por ocasi\u00e3o das festas juninas. Enquanto o povo, em seus folguedos l\u00e1 na rua, na pra\u00e7a, no sal\u00e3o, se alegra feliz e jocosamente, tendo como motivo de fundo Santo Ant\u00f4nio, S\u00e3o Jo\u00e3o, S\u00e3o Pedro e S\u00e3o Paulo, santificados pelo mist\u00e9rio de Deus, a Igreja reserva um momento especial (ou momentos especiais) para celebrar a raiz e fonte \u00faltima das festas: a Palavra viva de Deus e a Ceia memorial do Senhor que, pelo seu Esp\u00edrito, nos salva, nos alegra e nos fortalece em comunh\u00e3o com seus santos.<\/p>\n<hr \/>\n<p><em><strong>(*) Frei Jos\u00e9 Ariovaldo da Silva<\/strong>\u00a0\u00e9 Doutor em Teologia pelo Pontificio Ateneo S. Anselmo (1981) . Atualmente \u00e9 Professor Titular do Instituto Teol\u00f3gico Franciscano, onde leciona Hist\u00f3ria da Liturgia, Movimento Lit\u00fargico, Reforma da Liturgia, Hist\u00f3ria da Igreja no Brasil.<\/em><\/p>\n","protected":false},"excerpt":{"rendered":"<p>Artigo de Frei Jos\u00e9 Ariovaldo da Silva<\/p>\n","protected":false},"author":1,"featured_media":184509,"comment_status":"closed","ping_status":"closed","sticky":false,"template":"","format":"standard","meta":{"footnotes":""},"categories":[26],"tags":[236],"yoast_head":"<!-- This site is optimized with the Yoast SEO plugin v19.4 - https:\/\/yoast.com\/wordpress\/plugins\/seo\/ -->\n<title>A liturgia que celebramos por ocasi\u00e3o das festas juninas - Vida Crist\u00e3 - Franciscanos<\/title>\n<meta name=\"robots\" content=\"index, follow, max-snippet:-1, max-image-preview:large, max-video-preview:-1\" \/>\n<link rel=\"canonical\" href=\"https:\/\/franciscanos.org.br\/vidacrista\/a-liturgia-que-celebramos-por-ocasiao-das-festas-juninas\/\" \/>\n<meta property=\"og:locale\" content=\"pt_BR\" \/>\n<meta property=\"og:type\" content=\"article\" \/>\n<meta property=\"og:title\" content=\"A liturgia que celebramos por ocasi\u00e3o das festas juninas - Vida Crist\u00e3 - Franciscanos\" \/>\n<meta property=\"og:description\" content=\"Artigo de Frei Jos\u00e9 Ariovaldo da Silva\" \/>\n<meta property=\"og:url\" content=\"https:\/\/franciscanos.org.br\/vidacrista\/a-liturgia-que-celebramos-por-ocasiao-das-festas-juninas\/\" \/>\n<meta property=\"og:site_name\" content=\"Vida Crist\u00e3 - Franciscanos\" \/>\n<meta property=\"article:published_time\" content=\"2008-06-06T19:06:52+00:00\" \/>\n<meta property=\"article:modified_time\" content=\"2020-05-19T16:10:56+00:00\" \/>\n<meta property=\"og:image\" content=\"https:\/\/franciscanos.org.br\/vidacrista\/wp-content\/uploads\/2008\/06\/junina-1.jpg\" \/>\n\t<meta property=\"og:image:width\" content=\"800\" \/>\n\t<meta property=\"og:image:height\" content=\"603\" \/>\n\t<meta property=\"og:image:type\" content=\"image\/jpeg\" \/>\n<meta name=\"author\" content=\"admin\" \/>\n<meta name=\"twitter:card\" content=\"summary_large_image\" \/>\n<meta name=\"twitter:label1\" content=\"Escrito por\" \/>\n\t<meta name=\"twitter:data1\" content=\"admin\" \/>\n\t<meta name=\"twitter:label2\" content=\"Est. tempo de leitura\" \/>\n\t<meta name=\"twitter:data2\" content=\"6 minutos\" \/>\n<script type=\"application\/ld+json\" class=\"yoast-schema-graph\">{\"@context\":\"https:\/\/schema.org\",\"@graph\":[{\"@type\":\"WebSite\",\"@id\":\"https:\/\/franciscanos.org.br\/vidacrista\/#website\",\"url\":\"https:\/\/franciscanos.org.br\/vidacrista\/\",\"name\":\"Vida Crist\u00e3 - Franciscanos\",\"description\":\"Prov\u00edncia Franciscana da Imaculada Concei\u00e7\u00e3o do Brasil - Ordem dos Frades Menores\",\"potentialAction\":[{\"@type\":\"SearchAction\",\"target\":{\"@type\":\"EntryPoint\",\"urlTemplate\":\"https:\/\/franciscanos.org.br\/vidacrista\/?s={search_term_string}\"},\"query-input\":\"required name=search_term_string\"}],\"inLanguage\":\"pt-BR\"},{\"@type\":\"WebPage\",\"@id\":\"https:\/\/franciscanos.org.br\/vidacrista\/a-liturgia-que-celebramos-por-ocasiao-das-festas-juninas\/\",\"url\":\"https:\/\/franciscanos.org.br\/vidacrista\/a-liturgia-que-celebramos-por-ocasiao-das-festas-juninas\/\",\"name\":\"A liturgia que celebramos por ocasi\u00e3o das festas juninas - Vida Crist\u00e3 - Franciscanos\",\"isPartOf\":{\"@id\":\"https:\/\/franciscanos.org.br\/vidacrista\/#website\"},\"datePublished\":\"2008-06-06T19:06:52+00:00\",\"dateModified\":\"2020-05-19T16:10:56+00:00\",\"author\":{\"@id\":\"https:\/\/franciscanos.org.br\/vidacrista\/#\/schema\/person\/133632ca93cec555316a35f76ab4153b\"},\"breadcrumb\":{\"@id\":\"https:\/\/franciscanos.org.br\/vidacrista\/a-liturgia-que-celebramos-por-ocasiao-das-festas-juninas\/#breadcrumb\"},\"inLanguage\":\"pt-BR\",\"potentialAction\":[{\"@type\":\"ReadAction\",\"target\":[\"https:\/\/franciscanos.org.br\/vidacrista\/a-liturgia-que-celebramos-por-ocasiao-das-festas-juninas\/\"]}]},{\"@type\":\"BreadcrumbList\",\"@id\":\"https:\/\/franciscanos.org.br\/vidacrista\/a-liturgia-que-celebramos-por-ocasiao-das-festas-juninas\/#breadcrumb\",\"itemListElement\":[{\"@type\":\"ListItem\",\"position\":1,\"name\":\"Home\",\"item\":\"https:\/\/franciscanos.org.br\/vidacrista\/\"},{\"@type\":\"ListItem\",\"position\":2,\"name\":\"A liturgia que celebramos por ocasi\u00e3o das festas juninas\"}]},{\"@type\":\"Person\",\"@id\":\"https:\/\/franciscanos.org.br\/vidacrista\/#\/schema\/person\/133632ca93cec555316a35f76ab4153b\",\"name\":\"admin\",\"image\":{\"@type\":\"ImageObject\",\"inLanguage\":\"pt-BR\",\"@id\":\"https:\/\/franciscanos.org.br\/vidacrista\/#\/schema\/person\/image\/\",\"url\":\"https:\/\/secure.gravatar.com\/avatar\/e8495742d34d0ba6448ea1c628263b3e?s=96&d=mm&r=g\",\"contentUrl\":\"https:\/\/secure.gravatar.com\/avatar\/e8495742d34d0ba6448ea1c628263b3e?s=96&d=mm&r=g\",\"caption\":\"admin\"},\"url\":\"https:\/\/franciscanos.org.br\/vidacrista\/author\/admin\/\"}]}<\/script>\n<!-- \/ Yoast SEO plugin. -->","yoast_head_json":{"title":"A liturgia que celebramos por ocasi\u00e3o das festas juninas - Vida Crist\u00e3 - Franciscanos","robots":{"index":"index","follow":"follow","max-snippet":"max-snippet:-1","max-image-preview":"max-image-preview:large","max-video-preview":"max-video-preview:-1"},"canonical":"https:\/\/franciscanos.org.br\/vidacrista\/a-liturgia-que-celebramos-por-ocasiao-das-festas-juninas\/","og_locale":"pt_BR","og_type":"article","og_title":"A liturgia que celebramos por ocasi\u00e3o das festas juninas - Vida Crist\u00e3 - Franciscanos","og_description":"Artigo de Frei Jos\u00e9 Ariovaldo da Silva","og_url":"https:\/\/franciscanos.org.br\/vidacrista\/a-liturgia-que-celebramos-por-ocasiao-das-festas-juninas\/","og_site_name":"Vida Crist\u00e3 - Franciscanos","article_published_time":"2008-06-06T19:06:52+00:00","article_modified_time":"2020-05-19T16:10:56+00:00","og_image":[{"width":800,"height":603,"url":"https:\/\/franciscanos.org.br\/vidacrista\/wp-content\/uploads\/2008\/06\/junina-1.jpg","type":"image\/jpeg"}],"author":"admin","twitter_card":"summary_large_image","twitter_misc":{"Escrito por":"admin","Est. tempo de leitura":"6 minutos"},"schema":{"@context":"https:\/\/schema.org","@graph":[{"@type":"WebSite","@id":"https:\/\/franciscanos.org.br\/vidacrista\/#website","url":"https:\/\/franciscanos.org.br\/vidacrista\/","name":"Vida Crist\u00e3 - Franciscanos","description":"Prov\u00edncia Franciscana da Imaculada Concei\u00e7\u00e3o do Brasil - Ordem dos Frades Menores","potentialAction":[{"@type":"SearchAction","target":{"@type":"EntryPoint","urlTemplate":"https:\/\/franciscanos.org.br\/vidacrista\/?s={search_term_string}"},"query-input":"required name=search_term_string"}],"inLanguage":"pt-BR"},{"@type":"WebPage","@id":"https:\/\/franciscanos.org.br\/vidacrista\/a-liturgia-que-celebramos-por-ocasiao-das-festas-juninas\/","url":"https:\/\/franciscanos.org.br\/vidacrista\/a-liturgia-que-celebramos-por-ocasiao-das-festas-juninas\/","name":"A liturgia que celebramos por ocasi\u00e3o das festas juninas - Vida Crist\u00e3 - Franciscanos","isPartOf":{"@id":"https:\/\/franciscanos.org.br\/vidacrista\/#website"},"datePublished":"2008-06-06T19:06:52+00:00","dateModified":"2020-05-19T16:10:56+00:00","author":{"@id":"https:\/\/franciscanos.org.br\/vidacrista\/#\/schema\/person\/133632ca93cec555316a35f76ab4153b"},"breadcrumb":{"@id":"https:\/\/franciscanos.org.br\/vidacrista\/a-liturgia-que-celebramos-por-ocasiao-das-festas-juninas\/#breadcrumb"},"inLanguage":"pt-BR","potentialAction":[{"@type":"ReadAction","target":["https:\/\/franciscanos.org.br\/vidacrista\/a-liturgia-que-celebramos-por-ocasiao-das-festas-juninas\/"]}]},{"@type":"BreadcrumbList","@id":"https:\/\/franciscanos.org.br\/vidacrista\/a-liturgia-que-celebramos-por-ocasiao-das-festas-juninas\/#breadcrumb","itemListElement":[{"@type":"ListItem","position":1,"name":"Home","item":"https:\/\/franciscanos.org.br\/vidacrista\/"},{"@type":"ListItem","position":2,"name":"A liturgia que celebramos por ocasi\u00e3o das festas juninas"}]},{"@type":"Person","@id":"https:\/\/franciscanos.org.br\/vidacrista\/#\/schema\/person\/133632ca93cec555316a35f76ab4153b","name":"admin","image":{"@type":"ImageObject","inLanguage":"pt-BR","@id":"https:\/\/franciscanos.org.br\/vidacrista\/#\/schema\/person\/image\/","url":"https:\/\/secure.gravatar.com\/avatar\/e8495742d34d0ba6448ea1c628263b3e?s=96&d=mm&r=g","contentUrl":"https:\/\/secure.gravatar.com\/avatar\/e8495742d34d0ba6448ea1c628263b3e?s=96&d=mm&r=g","caption":"admin"},"url":"https:\/\/franciscanos.org.br\/vidacrista\/author\/admin\/"}]}},"_links":{"self":[{"href":"https:\/\/franciscanos.org.br\/vidacrista\/wp-json\/wp\/v2\/posts\/20650"}],"collection":[{"href":"https:\/\/franciscanos.org.br\/vidacrista\/wp-json\/wp\/v2\/posts"}],"about":[{"href":"https:\/\/franciscanos.org.br\/vidacrista\/wp-json\/wp\/v2\/types\/post"}],"author":[{"embeddable":true,"href":"https:\/\/franciscanos.org.br\/vidacrista\/wp-json\/wp\/v2\/users\/1"}],"replies":[{"embeddable":true,"href":"https:\/\/franciscanos.org.br\/vidacrista\/wp-json\/wp\/v2\/comments?post=20650"}],"version-history":[{"count":2,"href":"https:\/\/franciscanos.org.br\/vidacrista\/wp-json\/wp\/v2\/posts\/20650\/revisions"}],"predecessor-version":[{"id":180976,"href":"https:\/\/franciscanos.org.br\/vidacrista\/wp-json\/wp\/v2\/posts\/20650\/revisions\/180976"}],"wp:featuredmedia":[{"embeddable":true,"href":"https:\/\/franciscanos.org.br\/vidacrista\/wp-json\/wp\/v2\/media\/184509"}],"wp:attachment":[{"href":"https:\/\/franciscanos.org.br\/vidacrista\/wp-json\/wp\/v2\/media?parent=20650"}],"wp:term":[{"taxonomy":"category","embeddable":true,"href":"https:\/\/franciscanos.org.br\/vidacrista\/wp-json\/wp\/v2\/categories?post=20650"},{"taxonomy":"post_tag","embeddable":true,"href":"https:\/\/franciscanos.org.br\/vidacrista\/wp-json\/wp\/v2\/tags?post=20650"}],"curies":[{"name":"wp","href":"https:\/\/api.w.org\/{rel}","templated":true}]}}