{"id":197215,"date":"2026-09-04T08:43:53","date_gmt":"2026-09-04T11:43:53","guid":{"rendered":"https:\/\/franciscanos.org.br\/vidacrista\/?p=197215"},"modified":"2026-09-04T08:47:00","modified_gmt":"2026-09-04T11:47:00","slug":"jesus-e-a-democracia","status":"publish","type":"post","link":"https:\/\/franciscanos.org.br\/vidacrista\/jesus-e-a-democracia\/","title":{"rendered":"Jesus e a Democracia"},"content":{"rendered":"<p><img decoding=\"async\" loading=\"lazy\" class=\"aligncenter wp-image-197217 size-large\" src=\"https:\/\/franciscanos.org.br\/vidacrista\/wp-content\/uploads\/2026\/09\/652234-cross-1979473_1920-1024x683.jpg\" alt=\"Jesus e a Democracia \" width=\"1024\" height=\"683\" srcset=\"https:\/\/franciscanos.org.br\/vidacrista\/wp-content\/uploads\/2026\/09\/652234-cross-1979473_1920-1024x683.jpg 1024w, https:\/\/franciscanos.org.br\/vidacrista\/wp-content\/uploads\/2026\/09\/652234-cross-1979473_1920-450x300.jpg 450w, https:\/\/franciscanos.org.br\/vidacrista\/wp-content\/uploads\/2026\/09\/652234-cross-1979473_1920-768x512.jpg 768w, https:\/\/franciscanos.org.br\/vidacrista\/wp-content\/uploads\/2026\/09\/652234-cross-1979473_1920-1536x1024.jpg 1536w, https:\/\/franciscanos.org.br\/vidacrista\/wp-content\/uploads\/2026\/09\/652234-cross-1979473_1920-150x100.jpg 150w, https:\/\/franciscanos.org.br\/vidacrista\/wp-content\/uploads\/2026\/09\/652234-cross-1979473_1920.jpg 1620w\" sizes=\"(max-width: 1024px) 100vw, 1024px\" \/><\/p>\n<p><a href=\"https:\/\/www.freibetto.org\/jesus-e-a-democracia\/\">*artigo publicado originalmente em freibetto.org<\/a><\/p>\n<p class=\"wp-block-paragraph\">N\u00e3o \u00e9 poss\u00edvel escrever um relato hist\u00f3rico ou b\u00edblico sobre como Jesus praticava a democracia, pois ele n\u00e3o instituiu nenhum sistema pol\u00edtico democr\u00e1tico no sentido moderno do termo (governo do povo por meio de representantes eleitos e soberania popular). Ele fundou um movimento cuja atua\u00e7\u00e3o era deliberada em assembleias, termo que, em grego, significa \u201cigreja\u201d. Os Evangelhos apresentam Jesus como um mestre religioso com forte incid\u00eancia pol\u00edtica. N\u00e3o realizou elei\u00e7\u00f5es, nem incentivou vota\u00e7\u00f5es para decis\u00f5es comunit\u00e1rias.<\/p>\n<p class=\"wp-block-paragraph\">As pr\u00e1ticas de Jesus Cristo apresentam um modelo de conviv\u00eancia e lideran\u00e7a que ressoa profundamente com os ideais democr\u00e1ticos modernos. Embora n\u00e3o tenha atuado em um sistema pol\u00edtico democr\u00e1tico formal, pois vivia em uma monarquia, seus ensinamentos e a\u00e7\u00f5es lan\u00e7aram as bases para uma sociedade mais justa, igualit\u00e1ria e participativa.<\/p>\n<p class=\"wp-block-paragraph\">Seus ensinamentos e pr\u00e1ticas registrados nos Evangelhos ecoam valores fundamentais da cultura democr\u00e1tica: participa\u00e7\u00e3o, igualdade, valoriza\u00e7\u00e3o dos marginalizados e presta\u00e7\u00e3o de contas diante da comunidade.<\/p>\n<p class=\"wp-block-paragraph\">Jesus subverteu radicalmente os modelos de poder de sua \u00e9poca. Em vez de \u201cdominarem sobre os outros\u201d, ensinou que \u201cquem quiser tornar-se grande entre voc\u00eas dever\u00e1 ser servo\u201d (Marcos 10:43). Seu ato de lavar os p\u00e9s dos disc\u00edpulos e a afirma\u00e7\u00e3o de que veio \u201cpara servir, n\u00e3o para ser servido\u201d (Mateus 20:28) s\u00e3o pilares dessa pr\u00e1tica. Isso estabelece uma lideran\u00e7a baseada em humildade e servi\u00e7o, n\u00e3o em coer\u00e7\u00e3o ou privil\u00e9gio, similar \u00e0 presta\u00e7\u00e3o de contas esperada em uma democracia.<\/p>\n<p class=\"wp-block-paragraph\">Jesus envolvia seus disc\u00edpulos e a multid\u00e3o nas decis\u00f5es e discuss\u00f5es. Em Lucas 6:12-13, antes de escolher os doze ap\u00f3stolos, passou a noite em ora\u00e7\u00e3o \u2014 um gesto de discernimento compartilhado, n\u00e3o autorit\u00e1rio. Mas o exemplo mais claro de consulta est\u00e1 em Jo\u00e3o 6:5-7, quando pergunta a Filipe: \u201cOnde compraremos p\u00e3o para eles comerem?\u201d. Mesmo sabendo o que faria, Jesus abriu espa\u00e7o para a opini\u00e3o alheia. E considerou a fome do povo uma grave demanda a ser resolvida de imediato.<\/p>\n<p class=\"wp-block-paragraph\">Na democracia, todos t\u00eam igual valor perante a lei. Nos Evangelhos, Jesus tratava mulheres, crian\u00e7as, doentes, pobres e estrangeiros como sujeitos de dignidade. Em Mateus 20:25-28, criticou os governantes que \u201cdominam\u201d com o l\u00edder-servo: \u201cQuem quiser tornar-se grande entre voc\u00eas, que seja servo\u201d. Isso subverte hierarquias e aponta para rela\u00e7\u00e3o horizontal.<\/p>\n<p class=\"wp-block-paragraph\">Jesus praticou a \u201ccomunh\u00e3o de mesa inclusiva\u201d ao quebrar barreiras sociais e \u00e9tnicas e se relacionar com pecadores, cobradores de impostos e samaritanos, grupos marginalizados na sua sociedade. Sua famosa par\u00e1bola do Bom Samaritano (Lucas 10:25-37) \u00e9 um chamado \u00e0 compaix\u00e3o e \u00e0 supera\u00e7\u00e3o de preconceitos, expandindo a defini\u00e7\u00e3o de \u201cpr\u00f3ximo\u201d a todos, sem distin\u00e7\u00e3o. Esta pr\u00e1tica defende a dignidade de cada ser humano e a constru\u00e7\u00e3o de uma comunidade sem exclus\u00f5es, princ\u00edpio fundamental para a cidadania plena.<\/p>\n<p class=\"wp-block-paragraph\">Jesus n\u00e3o imp\u00f4s sua palavra pela for\u00e7a; ele dialogava. Em Jo\u00e3o 8:3-11, diante da mulher ad\u00faltera, escreveu no ch\u00e3o e desafiou: \u201cQuem dentre voc\u00eas n\u00e3o tiver pecado, atire a primeira pedra\u201d. A decis\u00e3o final emergiu da consci\u00eancia coletiva. Os acusadores foram embora um a um. Houve ali um princ\u00edpio de delibera\u00e7\u00e3o comunit\u00e1ria.<\/p>\n<p class=\"wp-block-paragraph\">Sua afirma\u00e7\u00e3o de que \u201cn\u00e3o disse nada em segredo\u201d (Jo\u00e3o 18:20) demonstra um compromisso com a transpar\u00eancia e a presta\u00e7\u00e3o de contas. Jesus n\u00e3o operava \u00e0s escondidas; expunha suas ideias ao escrut\u00ednio p\u00fablico, pr\u00e1tica que fortalece a confian\u00e7a e a participa\u00e7\u00e3o populares.<\/p>\n<p class=\"wp-block-paragraph\">Jesus delegou poderes aos disc\u00edpulos (Mateus 10:1, 8) e os chamou de \u201camigos\u201d, n\u00e3o de servos (Jo\u00e3o 15:15). Em Mateus 18:15-17, instituiu um processo de reconcilia\u00e7\u00e3o que envolveu os disc\u00edpulos (\u201cdiga \u00e0 comunidade\u201d), um esbo\u00e7o de resolu\u00e7\u00e3o coletiva de conflitos, algo caro \u00e0s pr\u00e1ticas democr\u00e1ticas.<\/p>\n<p class=\"wp-block-paragraph\">A democracia moderna incorpora, em princ\u00edpio, minorias e vulner\u00e1veis. Jesus, em Lucas 4:18-19 (citando Isa\u00edas), definiu sua miss\u00e3o como \u201canunciar boas not\u00edcias aos pobres, liberdade aos cativos e p\u00f4r em liberdade os oprimidos\u201d. Com frequ\u00eancia perguntava a cegos, pessoas acometidas de hansen\u00edase e estrangeiros o que queriam (Marcos 10:51: \u201cQue quer que eu lhe fa\u00e7a?\u201d), devolvendo-lhes protagonismo e voz.<\/p>\n<p class=\"wp-block-paragraph\">Quando tentaram faz\u00ea-lo rei (Jo\u00e3o 6:15), Jesus se retirou, recusou a possibilidade de dominar. N\u00e3o buscou o poder, mas uma comunidade de disc\u00edpulos baseada no amor, no servi\u00e7o e na decis\u00e3o livre \u2014 um governo sem coer\u00e7\u00e3o.<\/p>\n<p class=\"wp-block-paragraph\">Portanto, Jesus n\u00e3o foi um democrata no sentido moderno (n\u00e3o houve sufr\u00e1gio universal, parlamento ou constitui\u00e7\u00e3o). Contudo, pr\u00e1ticas evang\u00e9licas como escuta ativa, horizontalidade, valoriza\u00e7\u00e3o dos exclu\u00eddos, recusa da opress\u00e3o e do poder como dom\u00ednio, e delibera\u00e7\u00e3o em grupo oferecem inspira\u00e7\u00e3o \u00e9tica para quem deseja construir sociedades mais participativas e justas.<\/p>\n<p class=\"wp-block-paragraph\">Os Evangelhos n\u00e3o s\u00e3o manuais de ci\u00eancia pol\u00edtica, mas neles se podem ser encontrados um esp\u00edrito e uma pr\u00e1tica democr\u00e1ticos anteriores \u00e0s democracias.<\/p>\n<p class=\"wp-block-paragraph\">Na elei\u00e7\u00e3o do pr\u00f3ximo m\u00eas de outubro \u00e9 importante votar em candidatos cujas propostas e atua\u00e7\u00e3o s\u00e3o condizentes com o exemplo e os ideais de Jesus.<\/p>\n<p><a href=\"https:\/\/www.freibetto.org\/jesus-e-a-democracia\/\">*clique aqui para acessar o conte\u00fado original<\/a><\/p>\n<hr \/>\n<p class=\"has-text-align-right wp-block-paragraph\" style=\"text-align: left;\"><em>Frei Betto \u00e9 escritor e educador popular, autor de \u201c<a href=\"https:\/\/www.freibetto.org\/livro\/educacao-na-era-digital\/\" data-type=\"product\" data-id=\"5836\">Educa\u00e7\u00e3o na era digital<\/a>\u201c\u00a0(Vozes), entre outros livros.<\/em><\/p>\n","protected":false},"excerpt":{"rendered":"<p>*artigo publicado originalmente em freibetto.org N\u00e3o \u00e9 poss\u00edvel escrever um relato hist\u00f3rico ou b\u00edblico sobre como Jesus praticava a democracia, pois ele n\u00e3o instituiu nenhum sistema pol\u00edtico democr\u00e1tico no sentido moderno do termo (governo do povo por meio de representantes eleitos e soberania popular). Ele fundou um movimento cuja atua\u00e7\u00e3o era deliberada em assembleias, termo [&hellip;]<\/p>\n","protected":false},"author":15,"featured_media":197217,"comment_status":"open","ping_status":"open","sticky":false,"template":"","format":"standard","meta":{"footnotes":""},"categories":[26],"tags":[],"yoast_head":"<!-- This site is optimized with the Yoast SEO plugin v19.4 - https:\/\/yoast.com\/wordpress\/plugins\/seo\/ -->\n<title>Jesus e a Democracia - Vida Crist\u00e3 - Franciscanos<\/title>\n<meta name=\"robots\" content=\"index, follow, max-snippet:-1, max-image-preview:large, max-video-preview:-1\" \/>\n<link rel=\"canonical\" href=\"https:\/\/franciscanos.org.br\/vidacrista\/jesus-e-a-democracia\/\" \/>\n<meta property=\"og:locale\" content=\"pt_BR\" \/>\n<meta property=\"og:type\" content=\"article\" \/>\n<meta property=\"og:title\" content=\"Jesus e a Democracia - Vida Crist\u00e3 - Franciscanos\" \/>\n<meta property=\"og:description\" content=\"*artigo publicado originalmente em freibetto.org N\u00e3o \u00e9 poss\u00edvel escrever um relato hist\u00f3rico ou b\u00edblico sobre como Jesus praticava a democracia, pois ele n\u00e3o instituiu nenhum sistema pol\u00edtico democr\u00e1tico no sentido moderno do termo (governo do povo por meio de representantes eleitos e soberania popular). Ele fundou um movimento cuja atua\u00e7\u00e3o era deliberada em assembleias, termo [&hellip;]\" \/>\n<meta property=\"og:url\" content=\"https:\/\/franciscanos.org.br\/vidacrista\/jesus-e-a-democracia\/\" \/>\n<meta property=\"og:site_name\" content=\"Vida Crist\u00e3 - Franciscanos\" \/>\n<meta property=\"article:published_time\" content=\"2026-09-04T11:43:53+00:00\" \/>\n<meta property=\"article:modified_time\" content=\"2026-09-04T11:47:00+00:00\" \/>\n<meta property=\"og:image\" content=\"https:\/\/franciscanos.org.br\/vidacrista\/wp-content\/uploads\/2026\/09\/652234-cross-1979473_1920.jpg\" \/>\n\t<meta property=\"og:image:width\" content=\"1620\" \/>\n\t<meta property=\"og:image:height\" content=\"1080\" \/>\n\t<meta property=\"og:image:type\" content=\"image\/jpeg\" \/>\n<meta name=\"author\" content=\"Guilherme Rocha\" \/>\n<meta name=\"twitter:card\" content=\"summary_large_image\" \/>\n<meta name=\"twitter:label1\" content=\"Escrito por\" \/>\n\t<meta name=\"twitter:data1\" content=\"Guilherme Rocha\" \/>\n\t<meta name=\"twitter:label2\" content=\"Est. tempo de leitura\" \/>\n\t<meta name=\"twitter:data2\" content=\"5 minutos\" \/>\n<script type=\"application\/ld+json\" class=\"yoast-schema-graph\">{\"@context\":\"https:\/\/schema.org\",\"@graph\":[{\"@type\":\"WebSite\",\"@id\":\"https:\/\/franciscanos.org.br\/vidacrista\/#website\",\"url\":\"https:\/\/franciscanos.org.br\/vidacrista\/\",\"name\":\"Vida Crist\u00e3 - Franciscanos\",\"description\":\"Prov\u00edncia Franciscana da Imaculada Concei\u00e7\u00e3o do Brasil - Ordem dos Frades Menores\",\"potentialAction\":[{\"@type\":\"SearchAction\",\"target\":{\"@type\":\"EntryPoint\",\"urlTemplate\":\"https:\/\/franciscanos.org.br\/vidacrista\/?s={search_term_string}\"},\"query-input\":\"required name=search_term_string\"}],\"inLanguage\":\"pt-BR\"},{\"@type\":\"WebPage\",\"@id\":\"https:\/\/franciscanos.org.br\/vidacrista\/jesus-e-a-democracia\/\",\"url\":\"https:\/\/franciscanos.org.br\/vidacrista\/jesus-e-a-democracia\/\",\"name\":\"Jesus e a Democracia - Vida Crist\u00e3 - Franciscanos\",\"isPartOf\":{\"@id\":\"https:\/\/franciscanos.org.br\/vidacrista\/#website\"},\"datePublished\":\"2026-09-04T11:43:53+00:00\",\"dateModified\":\"2026-09-04T11:47:00+00:00\",\"author\":{\"@id\":\"https:\/\/franciscanos.org.br\/vidacrista\/#\/schema\/person\/fdcb2d6c92f263a29055e8f759356dd5\"},\"breadcrumb\":{\"@id\":\"https:\/\/franciscanos.org.br\/vidacrista\/jesus-e-a-democracia\/#breadcrumb\"},\"inLanguage\":\"pt-BR\",\"potentialAction\":[{\"@type\":\"ReadAction\",\"target\":[\"https:\/\/franciscanos.org.br\/vidacrista\/jesus-e-a-democracia\/\"]}]},{\"@type\":\"BreadcrumbList\",\"@id\":\"https:\/\/franciscanos.org.br\/vidacrista\/jesus-e-a-democracia\/#breadcrumb\",\"itemListElement\":[{\"@type\":\"ListItem\",\"position\":1,\"name\":\"Home\",\"item\":\"https:\/\/franciscanos.org.br\/vidacrista\/\"},{\"@type\":\"ListItem\",\"position\":2,\"name\":\"Jesus e a Democracia\"}]},{\"@type\":\"Person\",\"@id\":\"https:\/\/franciscanos.org.br\/vidacrista\/#\/schema\/person\/fdcb2d6c92f263a29055e8f759356dd5\",\"name\":\"Guilherme Rocha\",\"image\":{\"@type\":\"ImageObject\",\"inLanguage\":\"pt-BR\",\"@id\":\"https:\/\/franciscanos.org.br\/vidacrista\/#\/schema\/person\/image\/\",\"url\":\"https:\/\/secure.gravatar.com\/avatar\/e480fee2377f81af36f6990ed742592a?s=96&d=mm&r=g\",\"contentUrl\":\"https:\/\/secure.gravatar.com\/avatar\/e480fee2377f81af36f6990ed742592a?s=96&d=mm&r=g\",\"caption\":\"Guilherme Rocha\"},\"url\":\"https:\/\/franciscanos.org.br\/vidacrista\/author\/guilhermerocha\/\"}]}<\/script>\n<!-- \/ Yoast SEO plugin. -->","yoast_head_json":{"title":"Jesus e a Democracia - Vida Crist\u00e3 - Franciscanos","robots":{"index":"index","follow":"follow","max-snippet":"max-snippet:-1","max-image-preview":"max-image-preview:large","max-video-preview":"max-video-preview:-1"},"canonical":"https:\/\/franciscanos.org.br\/vidacrista\/jesus-e-a-democracia\/","og_locale":"pt_BR","og_type":"article","og_title":"Jesus e a Democracia - Vida Crist\u00e3 - Franciscanos","og_description":"*artigo publicado originalmente em freibetto.org N\u00e3o \u00e9 poss\u00edvel escrever um relato hist\u00f3rico ou b\u00edblico sobre como Jesus praticava a democracia, pois ele n\u00e3o instituiu nenhum sistema pol\u00edtico democr\u00e1tico no sentido moderno do termo (governo do povo por meio de representantes eleitos e soberania popular). Ele fundou um movimento cuja atua\u00e7\u00e3o era deliberada em assembleias, termo [&hellip;]","og_url":"https:\/\/franciscanos.org.br\/vidacrista\/jesus-e-a-democracia\/","og_site_name":"Vida Crist\u00e3 - Franciscanos","article_published_time":"2026-09-04T11:43:53+00:00","article_modified_time":"2026-09-04T11:47:00+00:00","og_image":[{"width":1620,"height":1080,"url":"https:\/\/franciscanos.org.br\/vidacrista\/wp-content\/uploads\/2026\/09\/652234-cross-1979473_1920.jpg","type":"image\/jpeg"}],"author":"Guilherme Rocha","twitter_card":"summary_large_image","twitter_misc":{"Escrito por":"Guilherme Rocha","Est. tempo de leitura":"5 minutos"},"schema":{"@context":"https:\/\/schema.org","@graph":[{"@type":"WebSite","@id":"https:\/\/franciscanos.org.br\/vidacrista\/#website","url":"https:\/\/franciscanos.org.br\/vidacrista\/","name":"Vida Crist\u00e3 - Franciscanos","description":"Prov\u00edncia Franciscana da Imaculada Concei\u00e7\u00e3o do Brasil - Ordem dos Frades Menores","potentialAction":[{"@type":"SearchAction","target":{"@type":"EntryPoint","urlTemplate":"https:\/\/franciscanos.org.br\/vidacrista\/?s={search_term_string}"},"query-input":"required name=search_term_string"}],"inLanguage":"pt-BR"},{"@type":"WebPage","@id":"https:\/\/franciscanos.org.br\/vidacrista\/jesus-e-a-democracia\/","url":"https:\/\/franciscanos.org.br\/vidacrista\/jesus-e-a-democracia\/","name":"Jesus e a Democracia - Vida Crist\u00e3 - Franciscanos","isPartOf":{"@id":"https:\/\/franciscanos.org.br\/vidacrista\/#website"},"datePublished":"2026-09-04T11:43:53+00:00","dateModified":"2026-09-04T11:47:00+00:00","author":{"@id":"https:\/\/franciscanos.org.br\/vidacrista\/#\/schema\/person\/fdcb2d6c92f263a29055e8f759356dd5"},"breadcrumb":{"@id":"https:\/\/franciscanos.org.br\/vidacrista\/jesus-e-a-democracia\/#breadcrumb"},"inLanguage":"pt-BR","potentialAction":[{"@type":"ReadAction","target":["https:\/\/franciscanos.org.br\/vidacrista\/jesus-e-a-democracia\/"]}]},{"@type":"BreadcrumbList","@id":"https:\/\/franciscanos.org.br\/vidacrista\/jesus-e-a-democracia\/#breadcrumb","itemListElement":[{"@type":"ListItem","position":1,"name":"Home","item":"https:\/\/franciscanos.org.br\/vidacrista\/"},{"@type":"ListItem","position":2,"name":"Jesus e a Democracia"}]},{"@type":"Person","@id":"https:\/\/franciscanos.org.br\/vidacrista\/#\/schema\/person\/fdcb2d6c92f263a29055e8f759356dd5","name":"Guilherme Rocha","image":{"@type":"ImageObject","inLanguage":"pt-BR","@id":"https:\/\/franciscanos.org.br\/vidacrista\/#\/schema\/person\/image\/","url":"https:\/\/secure.gravatar.com\/avatar\/e480fee2377f81af36f6990ed742592a?s=96&d=mm&r=g","contentUrl":"https:\/\/secure.gravatar.com\/avatar\/e480fee2377f81af36f6990ed742592a?s=96&d=mm&r=g","caption":"Guilherme Rocha"},"url":"https:\/\/franciscanos.org.br\/vidacrista\/author\/guilhermerocha\/"}]}},"_links":{"self":[{"href":"https:\/\/franciscanos.org.br\/vidacrista\/wp-json\/wp\/v2\/posts\/197215"}],"collection":[{"href":"https:\/\/franciscanos.org.br\/vidacrista\/wp-json\/wp\/v2\/posts"}],"about":[{"href":"https:\/\/franciscanos.org.br\/vidacrista\/wp-json\/wp\/v2\/types\/post"}],"author":[{"embeddable":true,"href":"https:\/\/franciscanos.org.br\/vidacrista\/wp-json\/wp\/v2\/users\/15"}],"replies":[{"embeddable":true,"href":"https:\/\/franciscanos.org.br\/vidacrista\/wp-json\/wp\/v2\/comments?post=197215"}],"version-history":[{"count":3,"href":"https:\/\/franciscanos.org.br\/vidacrista\/wp-json\/wp\/v2\/posts\/197215\/revisions"}],"predecessor-version":[{"id":197219,"href":"https:\/\/franciscanos.org.br\/vidacrista\/wp-json\/wp\/v2\/posts\/197215\/revisions\/197219"}],"wp:featuredmedia":[{"embeddable":true,"href":"https:\/\/franciscanos.org.br\/vidacrista\/wp-json\/wp\/v2\/media\/197217"}],"wp:attachment":[{"href":"https:\/\/franciscanos.org.br\/vidacrista\/wp-json\/wp\/v2\/media?parent=197215"}],"wp:term":[{"taxonomy":"category","embeddable":true,"href":"https:\/\/franciscanos.org.br\/vidacrista\/wp-json\/wp\/v2\/categories?post=197215"},{"taxonomy":"post_tag","embeddable":true,"href":"https:\/\/franciscanos.org.br\/vidacrista\/wp-json\/wp\/v2\/tags?post=197215"}],"curies":[{"name":"wp","href":"https:\/\/api.w.org\/{rel}","templated":true}]}}