{"id":197211,"date":"2026-09-01T12:22:13","date_gmt":"2026-09-01T15:22:13","guid":{"rendered":"https:\/\/franciscanos.org.br\/vidacrista\/?p=197211"},"modified":"2026-09-01T12:22:13","modified_gmt":"2026-09-01T15:22:13","slug":"cuidado-da-criacao","status":"publish","type":"post","link":"https:\/\/franciscanos.org.br\/vidacrista\/cuidado-da-criacao\/","title":{"rendered":"Cuidado da Cria\u00e7\u00e3o"},"content":{"rendered":"<p><img decoding=\"async\" loading=\"lazy\" class=\"aligncenter wp-image-197212 size-large\" src=\"https:\/\/franciscanos.org.br\/vidacrista\/wp-content\/uploads\/2026\/09\/gosiak1980-spruce-6693650_1920-1024x683.jpg\" alt=\"\" width=\"1024\" height=\"683\" srcset=\"https:\/\/franciscanos.org.br\/vidacrista\/wp-content\/uploads\/2026\/09\/gosiak1980-spruce-6693650_1920-1024x683.jpg 1024w, https:\/\/franciscanos.org.br\/vidacrista\/wp-content\/uploads\/2026\/09\/gosiak1980-spruce-6693650_1920-450x300.jpg 450w, https:\/\/franciscanos.org.br\/vidacrista\/wp-content\/uploads\/2026\/09\/gosiak1980-spruce-6693650_1920-768x512.jpg 768w, https:\/\/franciscanos.org.br\/vidacrista\/wp-content\/uploads\/2026\/09\/gosiak1980-spruce-6693650_1920-1536x1024.jpg 1536w, https:\/\/franciscanos.org.br\/vidacrista\/wp-content\/uploads\/2026\/09\/gosiak1980-spruce-6693650_1920-150x100.jpg 150w, https:\/\/franciscanos.org.br\/vidacrista\/wp-content\/uploads\/2026\/09\/gosiak1980-spruce-6693650_1920.jpg 1620w\" sizes=\"(max-width: 1024px) 100vw, 1024px\" \/><\/p>\n<p><a href=\"https:\/\/www.cnbb.org.br\/cuidado-da-criacao\/\">*artigo publicado no site da CNBB<\/a><\/p>\n<p style=\"text-align: right;\"><strong>Cardeal Jaime Spengler<\/strong><br \/>\n<strong>Arcebispo de Porto Alegre (RS)\u00a0<\/strong><\/p>\n<p>As mudan\u00e7as clim\u00e1ticas apresentam desafios que dizem respeito a toda a sociedade. J\u00e1 n\u00e3o \u00e9 poss\u00edvel limitar-se a administrar a crise por meio de medidas paliativas. N\u00e3o estamos simplesmente diante de uma quest\u00e3o ambiental, frequentemente marcada por disputas pol\u00edticas e implica\u00e7\u00f5es econ\u00f4micas, mas diante de uma realidade que toca a pr\u00f3pria condi\u00e7\u00e3o de sobreviv\u00eancia do planeta e, consequentemente, da vida humana que nele se desenvolve. H\u00e1 quem afirme, com raz\u00e3o, que n\u00e3o h\u00e1 mais tempo a perder.<\/p>\n<p>A degrada\u00e7\u00e3o ambiental destr\u00f3i ecossistemas, contamina recursos essenciais, amea\u00e7a a biodiversidade e compromete a seguran\u00e7a alimentar. Diante disso, o pr\u00f3prio modelo de desenvolvimento que prevalece em nossa sociedade precisa ser corajosamente revisto. O mito de uma modernidade tecnocr\u00e1tica, que deposita confian\u00e7a absoluta na l\u00f3gica, na ci\u00eancia e na raz\u00e3o e tende a ignorar a dimens\u00e3o da f\u00e9 e da transcend\u00eancia, acaba por fragmentar a realidade e o pr\u00f3prio ser humano. O acelerado desequil\u00edbrio ambiental e clim\u00e1tico produz inquieta\u00e7\u00e3o, sofrimento e inseguran\u00e7a. N\u00e3o se pode negar que estamos ferindo \u2014 e, em muitos casos, destruindo \u2014 as pr\u00f3prias condi\u00e7\u00f5es que sustentam a vida.<\/p>\n<p>No dia 1\u00ba de setembro, celebramos o 11\u00ba Dia Mundial de Ora\u00e7\u00e3o pelo Cuidado da Cria\u00e7\u00e3o. Somos convidados a contemplar o dom da vida e a reconhecer com gratid\u00e3o o planeta que a sustenta. Trata-se de uma oportunidade para renovar nosso compromisso com a cria\u00e7\u00e3o e promover uma consci\u00eancia social cada vez mais atenta \u00e0 necessidade de cuidar da nossa casa comum.<\/p>\n<p>Diante do uso indevido da liberdade e do poder humano, torna-se urgente um aut\u00eantico processo de convers\u00e3o, tanto pessoal quanto social. A degrada\u00e7\u00e3o ecol\u00f3gica, cada vez mais evidente, e suas consequ\u00eancias, entre elas as mudan\u00e7as clim\u00e1ticas, est\u00e3o profundamente relacionadas \u00e0quele \u201cdesequil\u00edbrio fundamental que se radica no cora\u00e7\u00e3o do ser humano\u201d (Gaudium et Spes, 10). Por isso, a transforma\u00e7\u00e3o das estruturas sociais e dos modos de produ\u00e7\u00e3o e consumo precisa ser acompanhada pela convers\u00e3o das mentes e dos cora\u00e7\u00f5es. Somente assim poderemos alimentar uma atitude de respeito, responsabilidade e gratid\u00e3o diante do dom da extraordin\u00e1ria beleza e harmonia presentes na obra da cria\u00e7\u00e3o.<\/p>\n<p>Promover o Dia Mundial de Ora\u00e7\u00e3o pelo Cuidado da Cria\u00e7\u00e3o significa cooperar para o despertar de uma consci\u00eancia mais atenta e respons\u00e1vel diante do planeta que nos permite viver. A cria\u00e7\u00e3o n\u00e3o \u00e9 apenas algo que aconteceu em um passado distante; ela \u00e9 um dom que continua a acontecer e a se renovar no presente, diante de nossos olhos e sob nossa responsabilidade.<\/p>\n<p>A emerg\u00eancia ecol\u00f3gica, cada vez mais grave, j\u00e1 afeta profundamente a vida de milh\u00f5es de pessoas e coloca em risco o futuro das pr\u00f3ximas gera\u00e7\u00f5es. Diante de uma realidade t\u00e3o complexa e urgente, unir as melhores for\u00e7as da sociedade \u2014 ci\u00eancia, educa\u00e7\u00e3o, pol\u00edtica, economia, comunidades de f\u00e9 e sociedade civil \u2014 para enfrentar essa situa\u00e7\u00e3o n\u00e3o \u00e9 apenas uma possibilidade: \u00e9 um imperativo \u00e9tico e uma responsabilidade comum.<\/p>\n<p>Cuidar da cria\u00e7\u00e3o \u00e9, portanto, cuidar da vida. \u00c9 reconhecer que a terra n\u00e3o nos pertence de modo absoluto, mas nos foi confiada. E essa confian\u00e7a exige de cada um de n\u00f3s uma resposta concreta de responsabilidade, solidariedade e compromisso com o presente e com o futuro.<\/p>\n<p><a href=\"https:\/\/www.cnbb.org.br\/cuidado-da-criacao\/\">*acesse o conte\u00fado original no site da CNBB<\/a><\/p>\n<hr \/>\n<p><em>Cardeal Jaime Spengler<\/em><\/p>\n","protected":false},"excerpt":{"rendered":"<p>*artigo publicado no site da CNBB Cardeal Jaime Spengler Arcebispo de Porto Alegre (RS)\u00a0 As mudan\u00e7as clim\u00e1ticas apresentam desafios que dizem respeito a toda a sociedade. J\u00e1 n\u00e3o \u00e9 poss\u00edvel limitar-se a administrar a crise por meio de medidas paliativas. N\u00e3o estamos simplesmente diante de uma quest\u00e3o ambiental, frequentemente marcada por disputas pol\u00edticas e implica\u00e7\u00f5es [&hellip;]<\/p>\n","protected":false},"author":15,"featured_media":197212,"comment_status":"open","ping_status":"open","sticky":false,"template":"","format":"standard","meta":{"footnotes":""},"categories":[26],"tags":[],"yoast_head":"<!-- This site is optimized with the Yoast SEO plugin v19.4 - https:\/\/yoast.com\/wordpress\/plugins\/seo\/ -->\n<title>Cuidado da Cria\u00e7\u00e3o - Vida Crist\u00e3 - Franciscanos<\/title>\n<meta name=\"robots\" content=\"index, follow, max-snippet:-1, max-image-preview:large, max-video-preview:-1\" \/>\n<link rel=\"canonical\" href=\"https:\/\/franciscanos.org.br\/vidacrista\/cuidado-da-criacao\/\" \/>\n<meta property=\"og:locale\" content=\"pt_BR\" \/>\n<meta property=\"og:type\" content=\"article\" \/>\n<meta property=\"og:title\" content=\"Cuidado da Cria\u00e7\u00e3o - Vida Crist\u00e3 - Franciscanos\" \/>\n<meta property=\"og:description\" content=\"*artigo publicado no site da CNBB Cardeal Jaime Spengler Arcebispo de Porto Alegre (RS)\u00a0 As mudan\u00e7as clim\u00e1ticas apresentam desafios que dizem respeito a toda a sociedade. J\u00e1 n\u00e3o \u00e9 poss\u00edvel limitar-se a administrar a crise por meio de medidas paliativas. N\u00e3o estamos simplesmente diante de uma quest\u00e3o ambiental, frequentemente marcada por disputas pol\u00edticas e implica\u00e7\u00f5es [&hellip;]\" \/>\n<meta property=\"og:url\" content=\"https:\/\/franciscanos.org.br\/vidacrista\/cuidado-da-criacao\/\" \/>\n<meta property=\"og:site_name\" content=\"Vida Crist\u00e3 - Franciscanos\" \/>\n<meta property=\"article:published_time\" content=\"2026-09-01T15:22:13+00:00\" \/>\n<meta property=\"og:image\" content=\"https:\/\/franciscanos.org.br\/vidacrista\/wp-content\/uploads\/2026\/09\/gosiak1980-spruce-6693650_1920.jpg\" \/>\n\t<meta property=\"og:image:width\" content=\"1620\" \/>\n\t<meta property=\"og:image:height\" content=\"1080\" \/>\n\t<meta property=\"og:image:type\" content=\"image\/jpeg\" \/>\n<meta name=\"author\" content=\"Guilherme Rocha\" \/>\n<meta name=\"twitter:card\" content=\"summary_large_image\" \/>\n<meta name=\"twitter:label1\" content=\"Escrito por\" \/>\n\t<meta name=\"twitter:data1\" content=\"Guilherme Rocha\" \/>\n\t<meta name=\"twitter:label2\" content=\"Est. tempo de leitura\" \/>\n\t<meta name=\"twitter:data2\" content=\"3 minutos\" \/>\n<script type=\"application\/ld+json\" class=\"yoast-schema-graph\">{\"@context\":\"https:\/\/schema.org\",\"@graph\":[{\"@type\":\"WebSite\",\"@id\":\"https:\/\/franciscanos.org.br\/vidacrista\/#website\",\"url\":\"https:\/\/franciscanos.org.br\/vidacrista\/\",\"name\":\"Vida Crist\u00e3 - Franciscanos\",\"description\":\"Prov\u00edncia Franciscana da Imaculada Concei\u00e7\u00e3o do Brasil - Ordem dos Frades Menores\",\"potentialAction\":[{\"@type\":\"SearchAction\",\"target\":{\"@type\":\"EntryPoint\",\"urlTemplate\":\"https:\/\/franciscanos.org.br\/vidacrista\/?s={search_term_string}\"},\"query-input\":\"required name=search_term_string\"}],\"inLanguage\":\"pt-BR\"},{\"@type\":\"WebPage\",\"@id\":\"https:\/\/franciscanos.org.br\/vidacrista\/cuidado-da-criacao\/\",\"url\":\"https:\/\/franciscanos.org.br\/vidacrista\/cuidado-da-criacao\/\",\"name\":\"Cuidado da Cria\u00e7\u00e3o - Vida Crist\u00e3 - Franciscanos\",\"isPartOf\":{\"@id\":\"https:\/\/franciscanos.org.br\/vidacrista\/#website\"},\"datePublished\":\"2026-09-01T15:22:13+00:00\",\"dateModified\":\"2026-09-01T15:22:13+00:00\",\"author\":{\"@id\":\"https:\/\/franciscanos.org.br\/vidacrista\/#\/schema\/person\/fdcb2d6c92f263a29055e8f759356dd5\"},\"breadcrumb\":{\"@id\":\"https:\/\/franciscanos.org.br\/vidacrista\/cuidado-da-criacao\/#breadcrumb\"},\"inLanguage\":\"pt-BR\",\"potentialAction\":[{\"@type\":\"ReadAction\",\"target\":[\"https:\/\/franciscanos.org.br\/vidacrista\/cuidado-da-criacao\/\"]}]},{\"@type\":\"BreadcrumbList\",\"@id\":\"https:\/\/franciscanos.org.br\/vidacrista\/cuidado-da-criacao\/#breadcrumb\",\"itemListElement\":[{\"@type\":\"ListItem\",\"position\":1,\"name\":\"Home\",\"item\":\"https:\/\/franciscanos.org.br\/vidacrista\/\"},{\"@type\":\"ListItem\",\"position\":2,\"name\":\"Cuidado da Cria\u00e7\u00e3o\"}]},{\"@type\":\"Person\",\"@id\":\"https:\/\/franciscanos.org.br\/vidacrista\/#\/schema\/person\/fdcb2d6c92f263a29055e8f759356dd5\",\"name\":\"Guilherme Rocha\",\"image\":{\"@type\":\"ImageObject\",\"inLanguage\":\"pt-BR\",\"@id\":\"https:\/\/franciscanos.org.br\/vidacrista\/#\/schema\/person\/image\/\",\"url\":\"https:\/\/secure.gravatar.com\/avatar\/e480fee2377f81af36f6990ed742592a?s=96&d=mm&r=g\",\"contentUrl\":\"https:\/\/secure.gravatar.com\/avatar\/e480fee2377f81af36f6990ed742592a?s=96&d=mm&r=g\",\"caption\":\"Guilherme Rocha\"},\"url\":\"https:\/\/franciscanos.org.br\/vidacrista\/author\/guilhermerocha\/\"}]}<\/script>\n<!-- \/ Yoast SEO plugin. -->","yoast_head_json":{"title":"Cuidado da Cria\u00e7\u00e3o - Vida Crist\u00e3 - Franciscanos","robots":{"index":"index","follow":"follow","max-snippet":"max-snippet:-1","max-image-preview":"max-image-preview:large","max-video-preview":"max-video-preview:-1"},"canonical":"https:\/\/franciscanos.org.br\/vidacrista\/cuidado-da-criacao\/","og_locale":"pt_BR","og_type":"article","og_title":"Cuidado da Cria\u00e7\u00e3o - Vida Crist\u00e3 - Franciscanos","og_description":"*artigo publicado no site da CNBB Cardeal Jaime Spengler Arcebispo de Porto Alegre (RS)\u00a0 As mudan\u00e7as clim\u00e1ticas apresentam desafios que dizem respeito a toda a sociedade. J\u00e1 n\u00e3o \u00e9 poss\u00edvel limitar-se a administrar a crise por meio de medidas paliativas. N\u00e3o estamos simplesmente diante de uma quest\u00e3o ambiental, frequentemente marcada por disputas pol\u00edticas e implica\u00e7\u00f5es [&hellip;]","og_url":"https:\/\/franciscanos.org.br\/vidacrista\/cuidado-da-criacao\/","og_site_name":"Vida Crist\u00e3 - Franciscanos","article_published_time":"2026-09-01T15:22:13+00:00","og_image":[{"width":1620,"height":1080,"url":"https:\/\/franciscanos.org.br\/vidacrista\/wp-content\/uploads\/2026\/09\/gosiak1980-spruce-6693650_1920.jpg","type":"image\/jpeg"}],"author":"Guilherme Rocha","twitter_card":"summary_large_image","twitter_misc":{"Escrito por":"Guilherme Rocha","Est. tempo de leitura":"3 minutos"},"schema":{"@context":"https:\/\/schema.org","@graph":[{"@type":"WebSite","@id":"https:\/\/franciscanos.org.br\/vidacrista\/#website","url":"https:\/\/franciscanos.org.br\/vidacrista\/","name":"Vida Crist\u00e3 - Franciscanos","description":"Prov\u00edncia Franciscana da Imaculada Concei\u00e7\u00e3o do Brasil - Ordem dos Frades Menores","potentialAction":[{"@type":"SearchAction","target":{"@type":"EntryPoint","urlTemplate":"https:\/\/franciscanos.org.br\/vidacrista\/?s={search_term_string}"},"query-input":"required name=search_term_string"}],"inLanguage":"pt-BR"},{"@type":"WebPage","@id":"https:\/\/franciscanos.org.br\/vidacrista\/cuidado-da-criacao\/","url":"https:\/\/franciscanos.org.br\/vidacrista\/cuidado-da-criacao\/","name":"Cuidado da Cria\u00e7\u00e3o - Vida Crist\u00e3 - Franciscanos","isPartOf":{"@id":"https:\/\/franciscanos.org.br\/vidacrista\/#website"},"datePublished":"2026-09-01T15:22:13+00:00","dateModified":"2026-09-01T15:22:13+00:00","author":{"@id":"https:\/\/franciscanos.org.br\/vidacrista\/#\/schema\/person\/fdcb2d6c92f263a29055e8f759356dd5"},"breadcrumb":{"@id":"https:\/\/franciscanos.org.br\/vidacrista\/cuidado-da-criacao\/#breadcrumb"},"inLanguage":"pt-BR","potentialAction":[{"@type":"ReadAction","target":["https:\/\/franciscanos.org.br\/vidacrista\/cuidado-da-criacao\/"]}]},{"@type":"BreadcrumbList","@id":"https:\/\/franciscanos.org.br\/vidacrista\/cuidado-da-criacao\/#breadcrumb","itemListElement":[{"@type":"ListItem","position":1,"name":"Home","item":"https:\/\/franciscanos.org.br\/vidacrista\/"},{"@type":"ListItem","position":2,"name":"Cuidado da Cria\u00e7\u00e3o"}]},{"@type":"Person","@id":"https:\/\/franciscanos.org.br\/vidacrista\/#\/schema\/person\/fdcb2d6c92f263a29055e8f759356dd5","name":"Guilherme Rocha","image":{"@type":"ImageObject","inLanguage":"pt-BR","@id":"https:\/\/franciscanos.org.br\/vidacrista\/#\/schema\/person\/image\/","url":"https:\/\/secure.gravatar.com\/avatar\/e480fee2377f81af36f6990ed742592a?s=96&d=mm&r=g","contentUrl":"https:\/\/secure.gravatar.com\/avatar\/e480fee2377f81af36f6990ed742592a?s=96&d=mm&r=g","caption":"Guilherme Rocha"},"url":"https:\/\/franciscanos.org.br\/vidacrista\/author\/guilhermerocha\/"}]}},"_links":{"self":[{"href":"https:\/\/franciscanos.org.br\/vidacrista\/wp-json\/wp\/v2\/posts\/197211"}],"collection":[{"href":"https:\/\/franciscanos.org.br\/vidacrista\/wp-json\/wp\/v2\/posts"}],"about":[{"href":"https:\/\/franciscanos.org.br\/vidacrista\/wp-json\/wp\/v2\/types\/post"}],"author":[{"embeddable":true,"href":"https:\/\/franciscanos.org.br\/vidacrista\/wp-json\/wp\/v2\/users\/15"}],"replies":[{"embeddable":true,"href":"https:\/\/franciscanos.org.br\/vidacrista\/wp-json\/wp\/v2\/comments?post=197211"}],"version-history":[{"count":2,"href":"https:\/\/franciscanos.org.br\/vidacrista\/wp-json\/wp\/v2\/posts\/197211\/revisions"}],"predecessor-version":[{"id":197214,"href":"https:\/\/franciscanos.org.br\/vidacrista\/wp-json\/wp\/v2\/posts\/197211\/revisions\/197214"}],"wp:featuredmedia":[{"embeddable":true,"href":"https:\/\/franciscanos.org.br\/vidacrista\/wp-json\/wp\/v2\/media\/197212"}],"wp:attachment":[{"href":"https:\/\/franciscanos.org.br\/vidacrista\/wp-json\/wp\/v2\/media?parent=197211"}],"wp:term":[{"taxonomy":"category","embeddable":true,"href":"https:\/\/franciscanos.org.br\/vidacrista\/wp-json\/wp\/v2\/categories?post=197211"},{"taxonomy":"post_tag","embeddable":true,"href":"https:\/\/franciscanos.org.br\/vidacrista\/wp-json\/wp\/v2\/tags?post=197211"}],"curies":[{"name":"wp","href":"https:\/\/api.w.org\/{rel}","templated":true}]}}