{"id":196964,"date":"2026-04-27T06:00:06","date_gmt":"2026-04-27T09:00:06","guid":{"rendered":"https:\/\/franciscanos.org.br\/vidacrista\/?p=196964"},"modified":"2026-04-27T17:22:31","modified_gmt":"2026-04-27T20:22:31","slug":"o-senhor-e-rico-em-misericordia-e-compaixao-tg-511","status":"publish","type":"post","link":"https:\/\/franciscanos.org.br\/vidacrista\/o-senhor-e-rico-em-misericordia-e-compaixao-tg-511\/","title":{"rendered":"\u201cO Senhor \u00e9 rico em miseric\u00f3rdia e compaix\u00e3o.\u201d (Tg 5,11)"},"content":{"rendered":"<p><img decoding=\"async\" loading=\"lazy\" class=\"aligncenter wp-image-196965\" src=\"https:\/\/franciscanos.org.br\/vidacrista\/wp-content\/uploads\/2026\/04\/imagem-revistaavemaria-042026-08-450x253.jpg\" alt=\"\" width=\"889\" height=\"500\" srcset=\"https:\/\/franciscanos.org.br\/vidacrista\/wp-content\/uploads\/2026\/04\/imagem-revistaavemaria-042026-08-450x253.jpg 450w, https:\/\/franciscanos.org.br\/vidacrista\/wp-content\/uploads\/2026\/04\/imagem-revistaavemaria-042026-08-1024x576.jpg 1024w, https:\/\/franciscanos.org.br\/vidacrista\/wp-content\/uploads\/2026\/04\/imagem-revistaavemaria-042026-08-768x432.jpg 768w, https:\/\/franciscanos.org.br\/vidacrista\/wp-content\/uploads\/2026\/04\/imagem-revistaavemaria-042026-08-150x84.jpg 150w, https:\/\/franciscanos.org.br\/vidacrista\/wp-content\/uploads\/2026\/04\/imagem-revistaavemaria-042026-08.jpg 1280w\" sizes=\"(max-width: 889px) 100vw, 889px\" \/><\/p>\n<p><a href=\"https:\/\/revistaavemaria.com.br\/o-senhor-e-rico-em-misericordia-e-compaixao-tg-511.html\">*artigo de Frei Augusto Luiz Gabriel para a revista Ave Maria<\/a><\/p>\n<p>A miseric\u00f3rdia \u00e9 o cora\u00e7\u00e3o pulsante do Evangelho. Em Jesus Cristo, Deus n\u00e3o se apresenta como algu\u00e9m distante, indiferente ou inacess\u00edvel, mas como aquele que se aproxima, acolhe, cura, perdoa e reconduz. O an\u00fancio querigm\u00e1tico nasce exatamente da\u00ed: Deus ama primeiro, ama sem excluir e chama cada pessoa pelo nome para voltar ao seu cora\u00e7\u00e3o, por isso, a palavra de Jesus continua atual e pessoal: \u201cVolta!\u201d. N\u00e3o se trata apenas de um convite moral, mas de um chamado de amor, capaz de devolver sentido, esperan\u00e7a e vida.<\/p>\n<p>No Evangelho, a miseric\u00f3rdia n\u00e3o \u00e9 um adorno da f\u00e9 nem uma atitude secund\u00e1ria. Ela \u00e9 a express\u00e3o concreta do modo como Deus age diante da fragilidade humana. Como nos recorda a Escritura, Deus \u00e9 \u201crico em miseric\u00f3rdia\u201d (cf. Ef 2,4) e, em Cristo, tomou sobre si nossas dores e mis\u00e9rias (cf. Mt 8,17). Onde h\u00e1 sofrimento, queda, culpa, medo, vazio ou desorienta\u00e7\u00e3o, ali se manifesta a compaix\u00e3o divina. O ser humano, com suas limita\u00e7\u00f5es e feridas, n\u00e3o \u00e9 descartado por Deus; ao contr\u00e1rio, \u00e9 justamente a\u00ed que experimenta mais profundamente o seu cuidado. A miseric\u00f3rdia revela um Deus que n\u00e3o se cansa de recome\u00e7ar com o homem, mesmo quando o homem se afasta de seu caminho.<\/p>\n<p>O Papa Francisco recorda que a miseric\u00f3rdia de Deus \u00e9 o cora\u00e7\u00e3o do Evangelho e deve alcan\u00e7ar os cora\u00e7\u00f5es e as mentes de todas as criaturas. Essa afirma\u00e7\u00e3o amplia nossa compreens\u00e3o: a miseric\u00f3rdia n\u00e3o se limita ao espa\u00e7o do templo, mas toca a vida real, concreta, ferida e complexa de cada dia. Ela alcan\u00e7a quem acorda cedo para trabalhar, quem sofre no tr\u00e2nsito, quem enfrenta o desemprego, quem carrega d\u00edvidas, depend\u00eancias, inseguran\u00e7as, solid\u00e3o e dores escondidas. A miseric\u00f3rdia de Deus se faz presen\u00e7a no cotidiano, porque \u00e9 ali que a vida acontece e onde tantos precisam recome\u00e7ar. Por esses motivos, n\u00e3o se pode falar de miseric\u00f3rdia sem falar de proximidade. Miseric\u00f3rdia \u00e9 presen\u00e7a que consola, \u00e9 cuidado que levanta, \u00e9 ternura que n\u00e3o humilha. N\u00e3o \u00e9 uma bondade improvisada ou uma a\u00e7\u00e3o apenas emocional, \u00e9 um modo de amar que se torna gesto, partilha e compromisso. Como nos ensina o pr\u00f3prio Senhor, \u201cTudo o que fizerdes a um destes meus irm\u00e3os mais pequeninos, foi a mim que o fizestes\u201d (Mt 25,40). Dar de comer aos famintos, acolher peregrinos, cuidar dos enfermos, visitar os encarcerados, consolar os aflitos e vestir os nus s\u00e3o express\u00f5es desse amor em a\u00e7\u00e3o.<\/p>\n<p>Na espiritualidade franciscana, essa verdade ganha for\u00e7a especial. S\u00e3o Francisco de Assis viveu a miseric\u00f3rdia como experi\u00eancia concreta de encontro com Deus e com os irm\u00e3os. Ao aproximar-se dos leprosos, ele n\u00e3o apenas fez uma obra de caridade, ele entrou numa nova forma de ver o mundo, de ver o outro e de ver a si mesmo. Como recorda S\u00e3o Boaventura, Francisco era movido por uma \u201cmaravilhosa miseric\u00f3rdia e compaix\u00e3o\u201d, a ponto de considerar a dor do outro como sua pr\u00f3pria dor. A miseric\u00f3rdia, para Francisco, n\u00e3o era teoria, mas convers\u00e3o de vida, por isso ele ensinou que quem recebe autoridade deve agir com miseric\u00f3rdia, tratando o irm\u00e3o como gostaria de ser tratado em situa\u00e7\u00e3o semelhante. Em Francisco, a miseric\u00f3rdia se torna crit\u00e9rio de fraternidade.<\/p>\n<p>Tamb\u00e9m Santa Clara, na mesma inspira\u00e7\u00e3o, compreendeu que a miseric\u00f3rdia \u00e9 parte essencial da vida fraterna. N\u00e3o h\u00e1 verdadeira comunidade sem compaix\u00e3o, sem cuidado m\u00fatuo, sem delicadeza no trato, sem aten\u00e7\u00e3o aos mais fr\u00e1geis. A fraternidade franciscana n\u00e3o nasce de afinidades superficiais, mas de uma mesma fonte: o amor de Deus revelado em Jesus Cristo. Sendo assim, miseric\u00f3rdia e fraternidade caminham juntas. Onde h\u00e1 miseric\u00f3rdia, h\u00e1 lugar para o outro; onde falta miseric\u00f3rdia, a rela\u00e7\u00e3o se endurece e a vida comunit\u00e1ria perde o seu sabor evang\u00e9lico.<\/p>\n<p>A miseric\u00f3rdia tamb\u00e9m tem uma dimens\u00e3o social e hist\u00f3rica. Ela n\u00e3o pode ser reduzida a um sentimento privado, porque toca a realidade concreta das periferias existenciais e materiais. H\u00e1 miseric\u00f3rdia quando se defende a dignidade humana, quando se promove justi\u00e7a, sa\u00fade, educa\u00e7\u00e3o, moradia, acolhida, paz e oportunidades reais de vida. H\u00e1 miseric\u00f3rdia quando a Igreja sai de si e vai ao encontro das dores escondidas das pessoas. N\u00e3o existe miseric\u00f3rdia aut\u00eantica quando a f\u00e9 se fecha em si mesma, quando se torna discurso bonito sem compaix\u00e3o concreta.<\/p>\n<p>Nesse sentido, o Ano da Miseric\u00f3rdia recordou \u00e0 Igreja que o tempo da gra\u00e7a \u00e9 sempre tempo de retorno. Viver a miseric\u00f3rdia \u00e9 ajudar a diminuir as l\u00e1grimas do mundo, \u00e9 abrir caminhos de reconcilia\u00e7\u00e3o, \u00e9 reconstruir o que foi ferido. O Deus revelado em Jesus n\u00e3o se imp\u00f5e pela dureza, mas atrai pela ternura. Seu poder se manifesta justamente no perd\u00e3o, na paci\u00eancia e na capacidade de reacender a esperan\u00e7a. Como lembra a tradi\u00e7\u00e3o espiritual, um pouco de miseric\u00f3rdia j\u00e1 torna o mundo menos frio e mais justo.<\/p>\n<p>Assim, podemos afirmar com convic\u00e7\u00e3o: a miseric\u00f3rdia de Deus n\u00e3o falha. Ela precede o pecado, acompanha o caminho e sustenta o retorno. Como diz o pr\u00f3prio Jesus, \u201cVinde a mim todos v\u00f3s que estais cansados e sobrecarregados, e eu vos aliviarei\u201d (Mt 11,28). Ele continua a chamar, acolher e recome\u00e7ar com cada pessoa. O seu convite permanece aberto: volta para perto dele. Volta para a casa do Pai. Volta para a vida em comunh\u00e3o. Volta para a esperan\u00e7a. Quem experimenta essa miseric\u00f3rdia \u00e9 chamado tamb\u00e9m a torn\u00e1-la vis\u00edvel no mundo com obras, palavras e gestos que anunciam, sem medo, o Evangelho do Amor.<\/p>\n<p><a href=\"https:\/\/revistaavemaria.com.br\/o-senhor-e-rico-em-misericordia-e-compaixao-tg-511.html\">*confira a postagem original da revista Ave Maria<\/a><\/p>\n<hr \/>\n<p><em>Frei Augusto Luiz Gabriel<\/em><\/p>\n","protected":false},"excerpt":{"rendered":"<p>*artigo de Frei Augusto Luiz Gabriel para a revista Ave Maria A miseric\u00f3rdia \u00e9 o cora\u00e7\u00e3o pulsante do Evangelho. Em Jesus Cristo, Deus n\u00e3o se apresenta como algu\u00e9m distante, indiferente ou inacess\u00edvel, mas como aquele que se aproxima, acolhe, cura, perdoa e reconduz. O an\u00fancio querigm\u00e1tico nasce exatamente da\u00ed: Deus ama primeiro, ama sem excluir [&hellip;]<\/p>\n","protected":false},"author":15,"featured_media":196965,"comment_status":"open","ping_status":"open","sticky":false,"template":"","format":"standard","meta":{"footnotes":""},"categories":[26],"tags":[352],"yoast_head":"<!-- This site is optimized with the Yoast SEO plugin v19.4 - https:\/\/yoast.com\/wordpress\/plugins\/seo\/ -->\n<title>\u201cO Senhor \u00e9 rico em miseric\u00f3rdia e compaix\u00e3o.\u201d (Tg 5,11) - Vida Crist\u00e3 - Franciscanos<\/title>\n<meta name=\"robots\" content=\"index, follow, max-snippet:-1, max-image-preview:large, max-video-preview:-1\" \/>\n<link rel=\"canonical\" href=\"https:\/\/franciscanos.org.br\/vidacrista\/o-senhor-e-rico-em-misericordia-e-compaixao-tg-511\/\" \/>\n<meta property=\"og:locale\" content=\"pt_BR\" \/>\n<meta property=\"og:type\" content=\"article\" \/>\n<meta property=\"og:title\" content=\"\u201cO Senhor \u00e9 rico em miseric\u00f3rdia e compaix\u00e3o.\u201d (Tg 5,11) - Vida Crist\u00e3 - Franciscanos\" \/>\n<meta property=\"og:description\" content=\"*artigo de Frei Augusto Luiz Gabriel para a revista Ave Maria A miseric\u00f3rdia \u00e9 o cora\u00e7\u00e3o pulsante do Evangelho. Em Jesus Cristo, Deus n\u00e3o se apresenta como algu\u00e9m distante, indiferente ou inacess\u00edvel, mas como aquele que se aproxima, acolhe, cura, perdoa e reconduz. O an\u00fancio querigm\u00e1tico nasce exatamente da\u00ed: Deus ama primeiro, ama sem excluir [&hellip;]\" \/>\n<meta property=\"og:url\" content=\"https:\/\/franciscanos.org.br\/vidacrista\/o-senhor-e-rico-em-misericordia-e-compaixao-tg-511\/\" \/>\n<meta property=\"og:site_name\" content=\"Vida Crist\u00e3 - Franciscanos\" \/>\n<meta property=\"article:published_time\" content=\"2026-04-27T09:00:06+00:00\" \/>\n<meta property=\"article:modified_time\" content=\"2026-04-27T20:22:31+00:00\" \/>\n<meta property=\"og:image\" content=\"https:\/\/franciscanos.org.br\/vidacrista\/wp-content\/uploads\/2026\/04\/imagem-revistaavemaria-042026-08.jpg\" \/>\n\t<meta property=\"og:image:width\" content=\"1280\" \/>\n\t<meta property=\"og:image:height\" content=\"720\" \/>\n\t<meta property=\"og:image:type\" content=\"image\/jpeg\" \/>\n<meta name=\"author\" content=\"Guilherme Rocha\" \/>\n<meta name=\"twitter:card\" content=\"summary_large_image\" \/>\n<meta name=\"twitter:label1\" content=\"Escrito por\" \/>\n\t<meta name=\"twitter:data1\" content=\"Guilherme Rocha\" \/>\n\t<meta name=\"twitter:label2\" content=\"Est. tempo de leitura\" \/>\n\t<meta name=\"twitter:data2\" content=\"5 minutos\" \/>\n<script type=\"application\/ld+json\" class=\"yoast-schema-graph\">{\"@context\":\"https:\/\/schema.org\",\"@graph\":[{\"@type\":\"WebSite\",\"@id\":\"https:\/\/franciscanos.org.br\/vidacrista\/#website\",\"url\":\"https:\/\/franciscanos.org.br\/vidacrista\/\",\"name\":\"Vida Crist\u00e3 - Franciscanos\",\"description\":\"Prov\u00edncia Franciscana da Imaculada Concei\u00e7\u00e3o do Brasil - Ordem dos Frades Menores\",\"potentialAction\":[{\"@type\":\"SearchAction\",\"target\":{\"@type\":\"EntryPoint\",\"urlTemplate\":\"https:\/\/franciscanos.org.br\/vidacrista\/?s={search_term_string}\"},\"query-input\":\"required name=search_term_string\"}],\"inLanguage\":\"pt-BR\"},{\"@type\":\"WebPage\",\"@id\":\"https:\/\/franciscanos.org.br\/vidacrista\/o-senhor-e-rico-em-misericordia-e-compaixao-tg-511\/\",\"url\":\"https:\/\/franciscanos.org.br\/vidacrista\/o-senhor-e-rico-em-misericordia-e-compaixao-tg-511\/\",\"name\":\"\u201cO Senhor \u00e9 rico em miseric\u00f3rdia e compaix\u00e3o.\u201d (Tg 5,11) - Vida Crist\u00e3 - Franciscanos\",\"isPartOf\":{\"@id\":\"https:\/\/franciscanos.org.br\/vidacrista\/#website\"},\"datePublished\":\"2026-04-27T09:00:06+00:00\",\"dateModified\":\"2026-04-27T20:22:31+00:00\",\"author\":{\"@id\":\"https:\/\/franciscanos.org.br\/vidacrista\/#\/schema\/person\/fdcb2d6c92f263a29055e8f759356dd5\"},\"breadcrumb\":{\"@id\":\"https:\/\/franciscanos.org.br\/vidacrista\/o-senhor-e-rico-em-misericordia-e-compaixao-tg-511\/#breadcrumb\"},\"inLanguage\":\"pt-BR\",\"potentialAction\":[{\"@type\":\"ReadAction\",\"target\":[\"https:\/\/franciscanos.org.br\/vidacrista\/o-senhor-e-rico-em-misericordia-e-compaixao-tg-511\/\"]}]},{\"@type\":\"BreadcrumbList\",\"@id\":\"https:\/\/franciscanos.org.br\/vidacrista\/o-senhor-e-rico-em-misericordia-e-compaixao-tg-511\/#breadcrumb\",\"itemListElement\":[{\"@type\":\"ListItem\",\"position\":1,\"name\":\"Home\",\"item\":\"https:\/\/franciscanos.org.br\/vidacrista\/\"},{\"@type\":\"ListItem\",\"position\":2,\"name\":\"\u201cO Senhor \u00e9 rico em miseric\u00f3rdia e compaix\u00e3o.\u201d (Tg 5,11)\"}]},{\"@type\":\"Person\",\"@id\":\"https:\/\/franciscanos.org.br\/vidacrista\/#\/schema\/person\/fdcb2d6c92f263a29055e8f759356dd5\",\"name\":\"Guilherme Rocha\",\"image\":{\"@type\":\"ImageObject\",\"inLanguage\":\"pt-BR\",\"@id\":\"https:\/\/franciscanos.org.br\/vidacrista\/#\/schema\/person\/image\/\",\"url\":\"https:\/\/secure.gravatar.com\/avatar\/e480fee2377f81af36f6990ed742592a?s=96&d=mm&r=g\",\"contentUrl\":\"https:\/\/secure.gravatar.com\/avatar\/e480fee2377f81af36f6990ed742592a?s=96&d=mm&r=g\",\"caption\":\"Guilherme Rocha\"},\"url\":\"https:\/\/franciscanos.org.br\/vidacrista\/author\/guilhermerocha\/\"}]}<\/script>\n<!-- \/ Yoast SEO plugin. -->","yoast_head_json":{"title":"\u201cO Senhor \u00e9 rico em miseric\u00f3rdia e compaix\u00e3o.\u201d (Tg 5,11) - Vida Crist\u00e3 - Franciscanos","robots":{"index":"index","follow":"follow","max-snippet":"max-snippet:-1","max-image-preview":"max-image-preview:large","max-video-preview":"max-video-preview:-1"},"canonical":"https:\/\/franciscanos.org.br\/vidacrista\/o-senhor-e-rico-em-misericordia-e-compaixao-tg-511\/","og_locale":"pt_BR","og_type":"article","og_title":"\u201cO Senhor \u00e9 rico em miseric\u00f3rdia e compaix\u00e3o.\u201d (Tg 5,11) - Vida Crist\u00e3 - Franciscanos","og_description":"*artigo de Frei Augusto Luiz Gabriel para a revista Ave Maria A miseric\u00f3rdia \u00e9 o cora\u00e7\u00e3o pulsante do Evangelho. Em Jesus Cristo, Deus n\u00e3o se apresenta como algu\u00e9m distante, indiferente ou inacess\u00edvel, mas como aquele que se aproxima, acolhe, cura, perdoa e reconduz. O an\u00fancio querigm\u00e1tico nasce exatamente da\u00ed: Deus ama primeiro, ama sem excluir [&hellip;]","og_url":"https:\/\/franciscanos.org.br\/vidacrista\/o-senhor-e-rico-em-misericordia-e-compaixao-tg-511\/","og_site_name":"Vida Crist\u00e3 - Franciscanos","article_published_time":"2026-04-27T09:00:06+00:00","article_modified_time":"2026-04-27T20:22:31+00:00","og_image":[{"width":1280,"height":720,"url":"https:\/\/franciscanos.org.br\/vidacrista\/wp-content\/uploads\/2026\/04\/imagem-revistaavemaria-042026-08.jpg","type":"image\/jpeg"}],"author":"Guilherme Rocha","twitter_card":"summary_large_image","twitter_misc":{"Escrito por":"Guilherme Rocha","Est. tempo de leitura":"5 minutos"},"schema":{"@context":"https:\/\/schema.org","@graph":[{"@type":"WebSite","@id":"https:\/\/franciscanos.org.br\/vidacrista\/#website","url":"https:\/\/franciscanos.org.br\/vidacrista\/","name":"Vida Crist\u00e3 - Franciscanos","description":"Prov\u00edncia Franciscana da Imaculada Concei\u00e7\u00e3o do Brasil - Ordem dos Frades Menores","potentialAction":[{"@type":"SearchAction","target":{"@type":"EntryPoint","urlTemplate":"https:\/\/franciscanos.org.br\/vidacrista\/?s={search_term_string}"},"query-input":"required name=search_term_string"}],"inLanguage":"pt-BR"},{"@type":"WebPage","@id":"https:\/\/franciscanos.org.br\/vidacrista\/o-senhor-e-rico-em-misericordia-e-compaixao-tg-511\/","url":"https:\/\/franciscanos.org.br\/vidacrista\/o-senhor-e-rico-em-misericordia-e-compaixao-tg-511\/","name":"\u201cO Senhor \u00e9 rico em miseric\u00f3rdia e compaix\u00e3o.\u201d (Tg 5,11) - Vida Crist\u00e3 - Franciscanos","isPartOf":{"@id":"https:\/\/franciscanos.org.br\/vidacrista\/#website"},"datePublished":"2026-04-27T09:00:06+00:00","dateModified":"2026-04-27T20:22:31+00:00","author":{"@id":"https:\/\/franciscanos.org.br\/vidacrista\/#\/schema\/person\/fdcb2d6c92f263a29055e8f759356dd5"},"breadcrumb":{"@id":"https:\/\/franciscanos.org.br\/vidacrista\/o-senhor-e-rico-em-misericordia-e-compaixao-tg-511\/#breadcrumb"},"inLanguage":"pt-BR","potentialAction":[{"@type":"ReadAction","target":["https:\/\/franciscanos.org.br\/vidacrista\/o-senhor-e-rico-em-misericordia-e-compaixao-tg-511\/"]}]},{"@type":"BreadcrumbList","@id":"https:\/\/franciscanos.org.br\/vidacrista\/o-senhor-e-rico-em-misericordia-e-compaixao-tg-511\/#breadcrumb","itemListElement":[{"@type":"ListItem","position":1,"name":"Home","item":"https:\/\/franciscanos.org.br\/vidacrista\/"},{"@type":"ListItem","position":2,"name":"\u201cO Senhor \u00e9 rico em miseric\u00f3rdia e compaix\u00e3o.\u201d (Tg 5,11)"}]},{"@type":"Person","@id":"https:\/\/franciscanos.org.br\/vidacrista\/#\/schema\/person\/fdcb2d6c92f263a29055e8f759356dd5","name":"Guilherme Rocha","image":{"@type":"ImageObject","inLanguage":"pt-BR","@id":"https:\/\/franciscanos.org.br\/vidacrista\/#\/schema\/person\/image\/","url":"https:\/\/secure.gravatar.com\/avatar\/e480fee2377f81af36f6990ed742592a?s=96&d=mm&r=g","contentUrl":"https:\/\/secure.gravatar.com\/avatar\/e480fee2377f81af36f6990ed742592a?s=96&d=mm&r=g","caption":"Guilherme Rocha"},"url":"https:\/\/franciscanos.org.br\/vidacrista\/author\/guilhermerocha\/"}]}},"_links":{"self":[{"href":"https:\/\/franciscanos.org.br\/vidacrista\/wp-json\/wp\/v2\/posts\/196964"}],"collection":[{"href":"https:\/\/franciscanos.org.br\/vidacrista\/wp-json\/wp\/v2\/posts"}],"about":[{"href":"https:\/\/franciscanos.org.br\/vidacrista\/wp-json\/wp\/v2\/types\/post"}],"author":[{"embeddable":true,"href":"https:\/\/franciscanos.org.br\/vidacrista\/wp-json\/wp\/v2\/users\/15"}],"replies":[{"embeddable":true,"href":"https:\/\/franciscanos.org.br\/vidacrista\/wp-json\/wp\/v2\/comments?post=196964"}],"version-history":[{"count":3,"href":"https:\/\/franciscanos.org.br\/vidacrista\/wp-json\/wp\/v2\/posts\/196964\/revisions"}],"predecessor-version":[{"id":196968,"href":"https:\/\/franciscanos.org.br\/vidacrista\/wp-json\/wp\/v2\/posts\/196964\/revisions\/196968"}],"wp:featuredmedia":[{"embeddable":true,"href":"https:\/\/franciscanos.org.br\/vidacrista\/wp-json\/wp\/v2\/media\/196965"}],"wp:attachment":[{"href":"https:\/\/franciscanos.org.br\/vidacrista\/wp-json\/wp\/v2\/media?parent=196964"}],"wp:term":[{"taxonomy":"category","embeddable":true,"href":"https:\/\/franciscanos.org.br\/vidacrista\/wp-json\/wp\/v2\/categories?post=196964"},{"taxonomy":"post_tag","embeddable":true,"href":"https:\/\/franciscanos.org.br\/vidacrista\/wp-json\/wp\/v2\/tags?post=196964"}],"curies":[{"name":"wp","href":"https:\/\/api.w.org\/{rel}","templated":true}]}}