{"id":196854,"date":"2026-03-10T11:24:04","date_gmt":"2026-03-10T14:24:04","guid":{"rendered":"https:\/\/franciscanos.org.br\/vidacrista\/?p=196854"},"modified":"2026-03-10T11:25:26","modified_gmt":"2026-03-10T14:25:26","slug":"o-que-esta-acontecendo-com-a-vida-religiosa-consagrada-parte-iii-a-transformacao-radical-do-ser","status":"publish","type":"post","link":"https:\/\/franciscanos.org.br\/vidacrista\/o-que-esta-acontecendo-com-a-vida-religiosa-consagrada-parte-iii-a-transformacao-radical-do-ser\/","title":{"rendered":"O que est\u00e1 acontecendo com a Vida Religiosa Consagrada? Parte III: a transforma\u00e7\u00e3o radical do \u00abSer\u00bb"},"content":{"rendered":"<p><img decoding=\"async\" loading=\"lazy\" class=\"aligncenter wp-image-196855 size-large\" src=\"https:\/\/franciscanos.org.br\/vidacrista\/wp-content\/uploads\/2026\/03\/vintage-photo-hand-with-bible-praying-1024x683.jpg\" alt=\"\" width=\"1024\" height=\"683\" srcset=\"https:\/\/franciscanos.org.br\/vidacrista\/wp-content\/uploads\/2026\/03\/vintage-photo-hand-with-bible-praying-1024x683.jpg 1024w, https:\/\/franciscanos.org.br\/vidacrista\/wp-content\/uploads\/2026\/03\/vintage-photo-hand-with-bible-praying-450x300.jpg 450w, https:\/\/franciscanos.org.br\/vidacrista\/wp-content\/uploads\/2026\/03\/vintage-photo-hand-with-bible-praying-768x512.jpg 768w, https:\/\/franciscanos.org.br\/vidacrista\/wp-content\/uploads\/2026\/03\/vintage-photo-hand-with-bible-praying-1536x1024.jpg 1536w, https:\/\/franciscanos.org.br\/vidacrista\/wp-content\/uploads\/2026\/03\/vintage-photo-hand-with-bible-praying-2048x1365.jpg 2048w, https:\/\/franciscanos.org.br\/vidacrista\/wp-content\/uploads\/2026\/03\/vintage-photo-hand-with-bible-praying-150x100.jpg 150w, https:\/\/franciscanos.org.br\/vidacrista\/wp-content\/uploads\/2026\/03\/vintage-photo-hand-with-bible-praying-scaled.jpg 1620w\" sizes=\"(max-width: 1024px) 100vw, 1024px\" \/><\/p>\n<p><span style=\"font-weight: 400;\">Nos dois \u00faltimos artigos foi percorrido, em linhas gerais, o caminho das origens da VRC at\u00e9 o per\u00edodo p\u00f3s-Vaticano II. Como chave de leitura, estas duas an\u00e1lises anteriores se concentraram em tr\u00eas elementos bases: a espiritualidade, a fraternidade e a miss\u00e3o, onde sublinhou-se, respectivamente, os tr\u00eas ciclos principais da VRC: o monaquismo, as ordens mendicantes e a vida religiosa moderna ou apost\u00f3lica.\u00a0<\/span><\/p>\n<p><span style=\"font-weight: 400;\">Duas conclus\u00f5es podem-se extrair at\u00e9 agora: 1\u00aa) h\u00e1 uma VRC que pertence \u00e0s origens e 2\u00aa) houve uma nova interpreta\u00e7\u00e3o da VRC das origens atrav\u00e9s do Vaticano II, esta chamada de teologia da Sequela Christi. Por\u00e9m, nesta terceira parte, levanta-se uma pergunta crucial: por que a VRC t\u00e3o radical evangelicamente, seja em suas origens que em sua teologia da Sequela, anda ultimamente afogada em uma crise? Por que n\u00e3o brilha tanto como em seus prim\u00f3rdios e nas d\u00e9cadas p\u00f3s-vaticano II?\u00a0<\/span><\/p>\n<p><span style=\"font-weight: 400;\">A nossa hip\u00f3tese \u00e9 a seguinte: o sujeito de hoje e a sociedade atual sofreram uma transforma\u00e7\u00e3o de ordem ontol\u00f3gica que n\u00e3o se pode mais nem falar de retorno \u00e0s origens nem de teologia da Sequela Christi. \u00c9 preciso, primeiramente, entender o \u00abSer\u00bb como ele est\u00e1 aparecendo em seu novo fen\u00f4meno: \u00abEsque\u00e7am o que se foi; n\u00e3o vivam no passado. Vejam, estou fazendo uma coisa nova! Ela j\u00e1 est\u00e1 surgindo! Voc\u00eas n\u00e3o o percebem?\u00bb (Is 43,18-19). Em que consiste esta coisa nova?<\/span><\/p>\n<p><span style=\"font-weight: 400;\">Para acolher a nova transforma\u00e7\u00e3o do sujeito (Ser) \u00e9 necess\u00e1rio libertar-se de um argumento muito antigo que, de certa forma, acaba transmitindo uma esperan\u00e7a aos consagrados, mas no fundo \u00e9 algo falso. O argumento \u00e9 o seguinte: a crise atual reside no esquecimento das origens. Em outras palavras: a causa do problema consiste no abismo existente entre a intui\u00e7\u00e3o original que tiveram os fundadores e a realidade atual. Pois bem, esse \u00e9 um truque mental. Diante dele, ocorre uma retrotopia: o presente est\u00e1 errado e deve ser corrigido atrav\u00e9s de um retorno \u00e0s origens.\u00a0<\/span><\/p>\n<p><span style=\"font-weight: 400;\">Esta tese foi fortemente defendida pelo te\u00f3logo jesu\u00edta Jos\u00e9 M. Castilho. Ele deixa transparecer uma vis\u00e3o essencialista dos carismas, ou seja: uma realidade que n\u00e3o pode mudar. Castilho concebe a VRC somente a partir da intui\u00e7\u00e3o primeira dos padres do deserto (cf. CASTILHO, O futuro da vida religiosa consagrada, 166-171). Ele acaba ficando ref\u00e9m de uma pris\u00e3o plat\u00f4nica, regida por um conceito est\u00e1tico de VRC. Essa \u00e9, inclusive, uma das causas dos pessimismos e do medo que afeta os consagrados:<\/span> <span style=\"font-weight: 400;\">julgam a situa\u00e7\u00e3o atual, com os olhos do passado e, ao constatar a dist\u00e2ncia das fontes com a realidade, n\u00e3o conseguem mais encontrar um caminho alternativo para viver a crise atual.<\/span><\/p>\n<p><span style=\"font-weight: 400;\">\u00c9 aqui que este artigo inicia o caminho de constru\u00e7\u00e3o de uma nova proposta: o \u00abSer\u00bb atual, gra\u00e7as \u00e0 chamada modernidade tardia (p\u00f3s-modernidade), n\u00e3o possui mais aquela armadura ontol\u00f3gica que o defendia do mundo. Agora, ele est\u00e1 despido de sua prote\u00e7\u00e3o metaf\u00edsica e sofre as influ\u00eancias da realidade: ser e realidade est\u00e3o misturados, n\u00e3o mais separados. Um se deixa tocar pelo outro.\u00a0<\/span><\/p>\n<p><span style=\"font-weight: 400;\">A crise da VRC deve ser interpretada a partir desta constata\u00e7\u00e3o: a civiliza\u00e7\u00e3o ocidental atual transformou radicalmente a natureza do \u00abSer\u00bb de tal forma que as ideias essencialistas (plat\u00f4nicas) n\u00e3o conseguem mais adaptar a realidade ao seu dom\u00ednio, pois o sujeito (o Ser) est\u00e1 com uma nova sensibilidade e n\u00e3o consegue mais vencer a tenta\u00e7\u00e3o do canto das sereias que est\u00e3o no mundo. Eis a raiz da crise.<\/span><\/p>\n<p><span style=\"font-weight: 400;\">Se, para enfrentar a crise, a volta \u00e0s origens seria a solu\u00e7\u00e3o, ent\u00e3o ocorreria uma viol\u00eancia para com esta nova sensibilidade do Ser, pois nas origens existia uma metaf\u00edsica de combate e ren\u00fancia absoluta ao mundo, algo que hoje soaria estranho; da mesma forma, se se insiste na teologia da Sequela Christi com a sua radical inser\u00e7\u00e3o na realidade e em seus problemas, ent\u00e3o parece uma desmotiva\u00e7\u00e3o vocacional a nova gera\u00e7\u00e3o de consagrados que temem desafios e aventuras ousadas.\u00a0<\/span><\/p>\n<p><span style=\"font-weight: 400;\">A quest\u00e3o agora \u00e9 a seguinte: como nasceu esta nova sensibilidade que transformou o \u00abSer\u00bb? Por que a chamada radicalidade do seguimento, que dava a identidade da VRC, n\u00e3o \u00e9 t\u00e3o clara e evidente como antes? Este ser\u00e1 o pr\u00f3ximo cap\u00edtulo deste estudo.<\/span><\/p>\n<hr \/>\n<p><em><span style=\"font-weight: 400;\">Pe. Ademir Guedes Azevedo<\/span><\/em><\/p>\n","protected":false},"excerpt":{"rendered":"<p>Nos dois \u00faltimos artigos foi percorrido, em linhas gerais, o caminho das origens da VRC at\u00e9 o per\u00edodo p\u00f3s-Vaticano II. Como chave de leitura, estas duas an\u00e1lises anteriores se concentraram em tr\u00eas elementos bases: a espiritualidade, a fraternidade e a miss\u00e3o, onde sublinhou-se, respectivamente, os tr\u00eas ciclos principais da VRC: o monaquismo, as ordens mendicantes [&hellip;]<\/p>\n","protected":false},"author":15,"featured_media":196855,"comment_status":"open","ping_status":"open","sticky":false,"template":"","format":"standard","meta":{"footnotes":""},"categories":[26],"tags":[188],"yoast_head":"<!-- This site is optimized with the Yoast SEO plugin v19.4 - https:\/\/yoast.com\/wordpress\/plugins\/seo\/ -->\n<title>O que est\u00e1 acontecendo com a Vida Religiosa Consagrada? Parte III: a transforma\u00e7\u00e3o radical do \u00abSer\u00bb - Vida Crist\u00e3 - Franciscanos<\/title>\n<meta name=\"robots\" content=\"index, follow, max-snippet:-1, max-image-preview:large, max-video-preview:-1\" \/>\n<link rel=\"canonical\" href=\"https:\/\/franciscanos.org.br\/vidacrista\/o-que-esta-acontecendo-com-a-vida-religiosa-consagrada-parte-iii-a-transformacao-radical-do-ser\/\" \/>\n<meta property=\"og:locale\" content=\"pt_BR\" \/>\n<meta property=\"og:type\" content=\"article\" \/>\n<meta property=\"og:title\" content=\"O que est\u00e1 acontecendo com a Vida Religiosa Consagrada? Parte III: a transforma\u00e7\u00e3o radical do \u00abSer\u00bb - Vida Crist\u00e3 - Franciscanos\" \/>\n<meta property=\"og:description\" content=\"Nos dois \u00faltimos artigos foi percorrido, em linhas gerais, o caminho das origens da VRC at\u00e9 o per\u00edodo p\u00f3s-Vaticano II. Como chave de leitura, estas duas an\u00e1lises anteriores se concentraram em tr\u00eas elementos bases: a espiritualidade, a fraternidade e a miss\u00e3o, onde sublinhou-se, respectivamente, os tr\u00eas ciclos principais da VRC: o monaquismo, as ordens mendicantes [&hellip;]\" \/>\n<meta property=\"og:url\" content=\"https:\/\/franciscanos.org.br\/vidacrista\/o-que-esta-acontecendo-com-a-vida-religiosa-consagrada-parte-iii-a-transformacao-radical-do-ser\/\" \/>\n<meta property=\"og:site_name\" content=\"Vida Crist\u00e3 - Franciscanos\" \/>\n<meta property=\"article:published_time\" content=\"2026-03-10T14:24:04+00:00\" \/>\n<meta property=\"article:modified_time\" content=\"2026-03-10T14:25:26+00:00\" \/>\n<meta property=\"og:image\" content=\"https:\/\/franciscanos.org.br\/vidacrista\/wp-content\/uploads\/2026\/03\/vintage-photo-hand-with-bible-praying-scaled.jpg\" \/>\n\t<meta property=\"og:image:width\" content=\"1620\" \/>\n\t<meta property=\"og:image:height\" content=\"1080\" \/>\n\t<meta property=\"og:image:type\" content=\"image\/jpeg\" \/>\n<meta name=\"author\" content=\"Guilherme Rocha\" \/>\n<meta name=\"twitter:card\" content=\"summary_large_image\" \/>\n<meta name=\"twitter:label1\" content=\"Escrito por\" \/>\n\t<meta name=\"twitter:data1\" content=\"Guilherme Rocha\" \/>\n\t<meta name=\"twitter:label2\" content=\"Est. tempo de leitura\" \/>\n\t<meta name=\"twitter:data2\" content=\"4 minutos\" \/>\n<script type=\"application\/ld+json\" class=\"yoast-schema-graph\">{\"@context\":\"https:\/\/schema.org\",\"@graph\":[{\"@type\":\"WebSite\",\"@id\":\"https:\/\/franciscanos.org.br\/vidacrista\/#website\",\"url\":\"https:\/\/franciscanos.org.br\/vidacrista\/\",\"name\":\"Vida Crist\u00e3 - Franciscanos\",\"description\":\"Prov\u00edncia Franciscana da Imaculada Concei\u00e7\u00e3o do Brasil - Ordem dos Frades Menores\",\"potentialAction\":[{\"@type\":\"SearchAction\",\"target\":{\"@type\":\"EntryPoint\",\"urlTemplate\":\"https:\/\/franciscanos.org.br\/vidacrista\/?s={search_term_string}\"},\"query-input\":\"required name=search_term_string\"}],\"inLanguage\":\"pt-BR\"},{\"@type\":\"WebPage\",\"@id\":\"https:\/\/franciscanos.org.br\/vidacrista\/o-que-esta-acontecendo-com-a-vida-religiosa-consagrada-parte-iii-a-transformacao-radical-do-ser\/\",\"url\":\"https:\/\/franciscanos.org.br\/vidacrista\/o-que-esta-acontecendo-com-a-vida-religiosa-consagrada-parte-iii-a-transformacao-radical-do-ser\/\",\"name\":\"O que est\u00e1 acontecendo com a Vida Religiosa Consagrada? Parte III: a transforma\u00e7\u00e3o radical do \u00abSer\u00bb - Vida Crist\u00e3 - Franciscanos\",\"isPartOf\":{\"@id\":\"https:\/\/franciscanos.org.br\/vidacrista\/#website\"},\"datePublished\":\"2026-03-10T14:24:04+00:00\",\"dateModified\":\"2026-03-10T14:25:26+00:00\",\"author\":{\"@id\":\"https:\/\/franciscanos.org.br\/vidacrista\/#\/schema\/person\/fdcb2d6c92f263a29055e8f759356dd5\"},\"breadcrumb\":{\"@id\":\"https:\/\/franciscanos.org.br\/vidacrista\/o-que-esta-acontecendo-com-a-vida-religiosa-consagrada-parte-iii-a-transformacao-radical-do-ser\/#breadcrumb\"},\"inLanguage\":\"pt-BR\",\"potentialAction\":[{\"@type\":\"ReadAction\",\"target\":[\"https:\/\/franciscanos.org.br\/vidacrista\/o-que-esta-acontecendo-com-a-vida-religiosa-consagrada-parte-iii-a-transformacao-radical-do-ser\/\"]}]},{\"@type\":\"BreadcrumbList\",\"@id\":\"https:\/\/franciscanos.org.br\/vidacrista\/o-que-esta-acontecendo-com-a-vida-religiosa-consagrada-parte-iii-a-transformacao-radical-do-ser\/#breadcrumb\",\"itemListElement\":[{\"@type\":\"ListItem\",\"position\":1,\"name\":\"Home\",\"item\":\"https:\/\/franciscanos.org.br\/vidacrista\/\"},{\"@type\":\"ListItem\",\"position\":2,\"name\":\"O que est\u00e1 acontecendo com a Vida Religiosa Consagrada? Parte III: a transforma\u00e7\u00e3o radical do \u00abSer\u00bb\"}]},{\"@type\":\"Person\",\"@id\":\"https:\/\/franciscanos.org.br\/vidacrista\/#\/schema\/person\/fdcb2d6c92f263a29055e8f759356dd5\",\"name\":\"Guilherme Rocha\",\"image\":{\"@type\":\"ImageObject\",\"inLanguage\":\"pt-BR\",\"@id\":\"https:\/\/franciscanos.org.br\/vidacrista\/#\/schema\/person\/image\/\",\"url\":\"https:\/\/secure.gravatar.com\/avatar\/e480fee2377f81af36f6990ed742592a?s=96&d=mm&r=g\",\"contentUrl\":\"https:\/\/secure.gravatar.com\/avatar\/e480fee2377f81af36f6990ed742592a?s=96&d=mm&r=g\",\"caption\":\"Guilherme Rocha\"},\"url\":\"https:\/\/franciscanos.org.br\/vidacrista\/author\/guilhermerocha\/\"}]}<\/script>\n<!-- \/ Yoast SEO plugin. -->","yoast_head_json":{"title":"O que est\u00e1 acontecendo com a Vida Religiosa Consagrada? Parte III: a transforma\u00e7\u00e3o radical do \u00abSer\u00bb - Vida Crist\u00e3 - Franciscanos","robots":{"index":"index","follow":"follow","max-snippet":"max-snippet:-1","max-image-preview":"max-image-preview:large","max-video-preview":"max-video-preview:-1"},"canonical":"https:\/\/franciscanos.org.br\/vidacrista\/o-que-esta-acontecendo-com-a-vida-religiosa-consagrada-parte-iii-a-transformacao-radical-do-ser\/","og_locale":"pt_BR","og_type":"article","og_title":"O que est\u00e1 acontecendo com a Vida Religiosa Consagrada? Parte III: a transforma\u00e7\u00e3o radical do \u00abSer\u00bb - Vida Crist\u00e3 - Franciscanos","og_description":"Nos dois \u00faltimos artigos foi percorrido, em linhas gerais, o caminho das origens da VRC at\u00e9 o per\u00edodo p\u00f3s-Vaticano II. Como chave de leitura, estas duas an\u00e1lises anteriores se concentraram em tr\u00eas elementos bases: a espiritualidade, a fraternidade e a miss\u00e3o, onde sublinhou-se, respectivamente, os tr\u00eas ciclos principais da VRC: o monaquismo, as ordens mendicantes [&hellip;]","og_url":"https:\/\/franciscanos.org.br\/vidacrista\/o-que-esta-acontecendo-com-a-vida-religiosa-consagrada-parte-iii-a-transformacao-radical-do-ser\/","og_site_name":"Vida Crist\u00e3 - Franciscanos","article_published_time":"2026-03-10T14:24:04+00:00","article_modified_time":"2026-03-10T14:25:26+00:00","og_image":[{"width":1620,"height":1080,"url":"https:\/\/franciscanos.org.br\/vidacrista\/wp-content\/uploads\/2026\/03\/vintage-photo-hand-with-bible-praying-scaled.jpg","type":"image\/jpeg"}],"author":"Guilherme Rocha","twitter_card":"summary_large_image","twitter_misc":{"Escrito por":"Guilherme Rocha","Est. tempo de leitura":"4 minutos"},"schema":{"@context":"https:\/\/schema.org","@graph":[{"@type":"WebSite","@id":"https:\/\/franciscanos.org.br\/vidacrista\/#website","url":"https:\/\/franciscanos.org.br\/vidacrista\/","name":"Vida Crist\u00e3 - Franciscanos","description":"Prov\u00edncia Franciscana da Imaculada Concei\u00e7\u00e3o do Brasil - Ordem dos Frades Menores","potentialAction":[{"@type":"SearchAction","target":{"@type":"EntryPoint","urlTemplate":"https:\/\/franciscanos.org.br\/vidacrista\/?s={search_term_string}"},"query-input":"required name=search_term_string"}],"inLanguage":"pt-BR"},{"@type":"WebPage","@id":"https:\/\/franciscanos.org.br\/vidacrista\/o-que-esta-acontecendo-com-a-vida-religiosa-consagrada-parte-iii-a-transformacao-radical-do-ser\/","url":"https:\/\/franciscanos.org.br\/vidacrista\/o-que-esta-acontecendo-com-a-vida-religiosa-consagrada-parte-iii-a-transformacao-radical-do-ser\/","name":"O que est\u00e1 acontecendo com a Vida Religiosa Consagrada? Parte III: a transforma\u00e7\u00e3o radical do \u00abSer\u00bb - Vida Crist\u00e3 - Franciscanos","isPartOf":{"@id":"https:\/\/franciscanos.org.br\/vidacrista\/#website"},"datePublished":"2026-03-10T14:24:04+00:00","dateModified":"2026-03-10T14:25:26+00:00","author":{"@id":"https:\/\/franciscanos.org.br\/vidacrista\/#\/schema\/person\/fdcb2d6c92f263a29055e8f759356dd5"},"breadcrumb":{"@id":"https:\/\/franciscanos.org.br\/vidacrista\/o-que-esta-acontecendo-com-a-vida-religiosa-consagrada-parte-iii-a-transformacao-radical-do-ser\/#breadcrumb"},"inLanguage":"pt-BR","potentialAction":[{"@type":"ReadAction","target":["https:\/\/franciscanos.org.br\/vidacrista\/o-que-esta-acontecendo-com-a-vida-religiosa-consagrada-parte-iii-a-transformacao-radical-do-ser\/"]}]},{"@type":"BreadcrumbList","@id":"https:\/\/franciscanos.org.br\/vidacrista\/o-que-esta-acontecendo-com-a-vida-religiosa-consagrada-parte-iii-a-transformacao-radical-do-ser\/#breadcrumb","itemListElement":[{"@type":"ListItem","position":1,"name":"Home","item":"https:\/\/franciscanos.org.br\/vidacrista\/"},{"@type":"ListItem","position":2,"name":"O que est\u00e1 acontecendo com a Vida Religiosa Consagrada? Parte III: a transforma\u00e7\u00e3o radical do \u00abSer\u00bb"}]},{"@type":"Person","@id":"https:\/\/franciscanos.org.br\/vidacrista\/#\/schema\/person\/fdcb2d6c92f263a29055e8f759356dd5","name":"Guilherme Rocha","image":{"@type":"ImageObject","inLanguage":"pt-BR","@id":"https:\/\/franciscanos.org.br\/vidacrista\/#\/schema\/person\/image\/","url":"https:\/\/secure.gravatar.com\/avatar\/e480fee2377f81af36f6990ed742592a?s=96&d=mm&r=g","contentUrl":"https:\/\/secure.gravatar.com\/avatar\/e480fee2377f81af36f6990ed742592a?s=96&d=mm&r=g","caption":"Guilherme Rocha"},"url":"https:\/\/franciscanos.org.br\/vidacrista\/author\/guilhermerocha\/"}]}},"_links":{"self":[{"href":"https:\/\/franciscanos.org.br\/vidacrista\/wp-json\/wp\/v2\/posts\/196854"}],"collection":[{"href":"https:\/\/franciscanos.org.br\/vidacrista\/wp-json\/wp\/v2\/posts"}],"about":[{"href":"https:\/\/franciscanos.org.br\/vidacrista\/wp-json\/wp\/v2\/types\/post"}],"author":[{"embeddable":true,"href":"https:\/\/franciscanos.org.br\/vidacrista\/wp-json\/wp\/v2\/users\/15"}],"replies":[{"embeddable":true,"href":"https:\/\/franciscanos.org.br\/vidacrista\/wp-json\/wp\/v2\/comments?post=196854"}],"version-history":[{"count":1,"href":"https:\/\/franciscanos.org.br\/vidacrista\/wp-json\/wp\/v2\/posts\/196854\/revisions"}],"predecessor-version":[{"id":196856,"href":"https:\/\/franciscanos.org.br\/vidacrista\/wp-json\/wp\/v2\/posts\/196854\/revisions\/196856"}],"wp:featuredmedia":[{"embeddable":true,"href":"https:\/\/franciscanos.org.br\/vidacrista\/wp-json\/wp\/v2\/media\/196855"}],"wp:attachment":[{"href":"https:\/\/franciscanos.org.br\/vidacrista\/wp-json\/wp\/v2\/media?parent=196854"}],"wp:term":[{"taxonomy":"category","embeddable":true,"href":"https:\/\/franciscanos.org.br\/vidacrista\/wp-json\/wp\/v2\/categories?post=196854"},{"taxonomy":"post_tag","embeddable":true,"href":"https:\/\/franciscanos.org.br\/vidacrista\/wp-json\/wp\/v2\/tags?post=196854"}],"curies":[{"name":"wp","href":"https:\/\/api.w.org\/{rel}","templated":true}]}}