{"id":196849,"date":"2026-03-03T15:14:43","date_gmt":"2026-03-03T18:14:43","guid":{"rendered":"https:\/\/franciscanos.org.br\/vidacrista\/?p=196849"},"modified":"2026-03-12T10:46:39","modified_gmt":"2026-03-12T13:46:39","slug":"o-que-esta-acontecendo-com-a-vida-religiosa-consagrada-parte-ii-analise-pos-concilio-vaticano-ii","status":"publish","type":"post","link":"https:\/\/franciscanos.org.br\/vidacrista\/o-que-esta-acontecendo-com-a-vida-religiosa-consagrada-parte-ii-analise-pos-concilio-vaticano-ii\/","title":{"rendered":"O que est\u00e1 acontecendo com a Vida Religiosa Consagrada? Parte II: An\u00e1lise p\u00f3s-Conc\u00edlio Vaticano II"},"content":{"rendered":"<p>&nbsp;<\/p>\n<p><img decoding=\"async\" loading=\"lazy\" class=\"size-medium wp-image-196851 aligncenter\" src=\"https:\/\/franciscanos.org.br\/vidacrista\/wp-content\/uploads\/2026\/03\/1280-x-720-px-Destaque-6-450x380.png\" alt=\"\" width=\"450\" height=\"380\" srcset=\"https:\/\/franciscanos.org.br\/vidacrista\/wp-content\/uploads\/2026\/03\/1280-x-720-px-Destaque-6-450x380.png 450w, https:\/\/franciscanos.org.br\/vidacrista\/wp-content\/uploads\/2026\/03\/1280-x-720-px-Destaque-6-1024x864.png 1024w, https:\/\/franciscanos.org.br\/vidacrista\/wp-content\/uploads\/2026\/03\/1280-x-720-px-Destaque-6-768x648.png 768w, https:\/\/franciscanos.org.br\/vidacrista\/wp-content\/uploads\/2026\/03\/1280-x-720-px-Destaque-6-150x127.png 150w, https:\/\/franciscanos.org.br\/vidacrista\/wp-content\/uploads\/2026\/03\/1280-x-720-px-Destaque-6.png 1280w\" sizes=\"(max-width: 450px) 100vw, 450px\" \/><\/p>\n<p><span style=\"font-weight: 400;\">No artigo anterior, buscou-se explicar a fenomenologia da Vida Religiosa Consagrada (VRC) a partir de seus tr\u00eas elementos fundantes, a saber: espiritualidade, fraternidade e miss\u00e3o em uma perspectiva que remetia \u00e0s origens. No artigo que segue, estes tr\u00eas aspectos substancias ser\u00e3o analisados \u00e0 luz do Conc\u00edlio Vaticano II (1962-1965), revelando uma profunda transforma\u00e7\u00e3o na maneira de compreender tais elementos. Se antes predominava uma vis\u00e3o marcada pela separa\u00e7\u00e3o e pela disciplina, o p\u00f3s-conc\u00edlio inaugurou uma teologia inspirada na Sequela Christi (Seguimento de Cristo) que recoloca a vida religiosa no cora\u00e7\u00e3o do mundo.\u00a0<\/span><\/p>\n<p><span style=\"font-weight: 400;\">Espiritualidade, fraternidade e miss\u00e3o deixam de ser vividas como dimens\u00f5es isoladas ou voltadas apenas para dentro das comunidades e passam a ser reinterpretadas como pr\u00e1ticas de inser\u00e7\u00e3o, di\u00e1logo e presen\u00e7a prof\u00e9tica. A ora\u00e7\u00e3o se abre \u00e0s ang\u00fastias da humanidade, a fraternidade se desloca para pequenas comunidades junto ao povo e a miss\u00e3o se torna estado permanente, express\u00e3o da pr\u00f3pria identidade da Igreja. Este artigo busca brevemente apresentar essa releitura conciliar, mostrando como a vida consagrada se tornou sinal de comunh\u00e3o e testemunho transformador no mundo contempor\u00e2neo. Vejamos.<\/span><\/p>\n<p><span style=\"font-weight: 400;\">I &#8211; A <\/span><b>espiritualidade<\/b><span style=\"font-weight: 400;\">, reinterpretada pela teologia da Sequela Christi, passa a incluir o mundo e suas ang\u00fastias na ora\u00e7\u00e3o dos consagrados. Isso implica uma certa horizontalidade que gera uma pr\u00e1xis muito centrada nos problemas concretos da humanidade. Ora\u00e7\u00e3o e vida se interpenetram e formam uma din\u00e2mica espiral no cotidiano dos religiosos. Em s\u00edntese, enquanto os padres do deserto tinham como objetivo contemplar Deus no contexto do mundo, a teologia da Sequela Christi propunha transformar o mundo ao mesmo tempo em que contemplava Deus.<\/span><\/p>\n<p><span style=\"font-weight: 400;\">II &#8211; A <\/span><b>fraternidade<\/b><span style=\"font-weight: 400;\"> tamb\u00e9m ganha nova configura\u00e7\u00e3o. Os consagrados no p\u00f3s-Vaticano II compreendem que a vida comunit\u00e1ria deve ser vivida em contextos geogr\u00e1ficos de desafio. Os grandes conventos s\u00e3o reduzidos a pequenas comunidades de inser\u00e7\u00e3o, onde o ritmo regular de observ\u00e2ncia interna perde express\u00e3o e cede espa\u00e7o a uma forma de vida consagrada que reza e convive mais com o povo. Seguir a Cristo como consagrado n\u00e3o faz sentido se a ora\u00e7\u00e3o e a fraternidade n\u00e3o s\u00e3o vividas dentro da vida de um determinado povo. Enquanto a fraternidade e a vida de ora\u00e7\u00e3o, no per\u00edodo pr\u00e9-conciliar, giravam mais em torno de um \u201cn\u00f3s\u201d, a teologia p\u00f3s-conciliar insistiu que a raz\u00e3o da vida consagrada consiste em um doar-se cont\u00ednuo rumo a um \u201ctu\u201d.<\/span><\/p>\n<p><span style=\"font-weight: 400;\">III &#8211; A <\/span><b>miss\u00e3o<\/b><span style=\"font-weight: 400;\">, por sua vez, deixa de ser um aspecto perif\u00e9rico ou restrito \u00e0 vida consagrada e passa a ser interpretada como a pr\u00f3pria natureza da Igreja. Evangelizar n\u00e3o \u00e9 tarefa opcional ou restrita a alguns grupos, mas voca\u00e7\u00e3o fundamental de todo o povo de Deus. Foi partindo deste pressuposto que a vida consagrada, nas pegadas da teologia da Sequela Christi, passa a falar em estado permanente de miss\u00e3o.<\/span><\/p>\n<p><span style=\"font-weight: 400;\">Portanto, no per\u00edodo p\u00f3s-conciliar, espiritualidade, fraternidade e miss\u00e3o foram reinterpretadas em chave de inser\u00e7\u00e3o, di\u00e1logo e presen\u00e7a prof\u00e9tica. A vida consagrada se insere no mundo, marcada pela comunh\u00e3o fraterna e pela miss\u00e3o cont\u00ednua, assumindo uma identidade que conjuga contempla\u00e7\u00e3o e transforma\u00e7\u00e3o da realidade.<\/span><\/p>\n<p><span style=\"font-weight: 400;\">No entanto, por que essa transforma\u00e7\u00e3o hoje se encontra em crise, tendo em vista que a espiritualidade tende a ser mais introspectiva e marcada por formas mais devocionais? Por que a fraternidade perde aquela energia de envolvimento comum e cede lugar ao chamado individualismo? Por que a miss\u00e3o parece ser tema do passado e n\u00e3o entra tanto no horizonte de consagra\u00e7\u00e3o das novas gera\u00e7\u00f5es, tendo em vista que o que mais conta \u00e9 a promo\u00e7\u00e3o est\u00e9tica da autoimagem dos consagrados? Essas quest\u00f5es preparam o caminho para a terceira parte deste debate que em breve ser\u00e1 enviada&#8230;<\/span><\/p>\n<hr \/>\n<p><em>Pe. Ademir Guedes Azevedo<\/em><\/p>\n","protected":false},"excerpt":{"rendered":"<p>&nbsp; No artigo anterior, buscou-se explicar a fenomenologia da Vida Religiosa Consagrada (VRC) a partir de seus tr\u00eas elementos fundantes, a saber: espiritualidade, fraternidade e miss\u00e3o em uma perspectiva que remetia \u00e0s origens. No artigo que segue, estes tr\u00eas aspectos substancias ser\u00e3o analisados \u00e0 luz do Conc\u00edlio Vaticano II (1962-1965), revelando uma profunda transforma\u00e7\u00e3o na [&hellip;]<\/p>\n","protected":false},"author":15,"featured_media":196851,"comment_status":"open","ping_status":"open","sticky":false,"template":"","format":"standard","meta":{"footnotes":""},"categories":[26],"tags":[],"yoast_head":"<!-- This site is optimized with the Yoast SEO plugin v19.4 - https:\/\/yoast.com\/wordpress\/plugins\/seo\/ -->\n<title>O que est\u00e1 acontecendo com a Vida Religiosa Consagrada? Parte II: An\u00e1lise p\u00f3s-Conc\u00edlio Vaticano II - Vida Crist\u00e3 - Franciscanos<\/title>\n<meta name=\"robots\" content=\"index, follow, max-snippet:-1, max-image-preview:large, max-video-preview:-1\" \/>\n<link rel=\"canonical\" href=\"https:\/\/franciscanos.org.br\/vidacrista\/o-que-esta-acontecendo-com-a-vida-religiosa-consagrada-parte-ii-analise-pos-concilio-vaticano-ii\/\" \/>\n<meta property=\"og:locale\" content=\"pt_BR\" \/>\n<meta property=\"og:type\" content=\"article\" \/>\n<meta property=\"og:title\" content=\"O que est\u00e1 acontecendo com a Vida Religiosa Consagrada? Parte II: An\u00e1lise p\u00f3s-Conc\u00edlio Vaticano II - Vida Crist\u00e3 - Franciscanos\" \/>\n<meta property=\"og:description\" content=\"&nbsp; No artigo anterior, buscou-se explicar a fenomenologia da Vida Religiosa Consagrada (VRC) a partir de seus tr\u00eas elementos fundantes, a saber: espiritualidade, fraternidade e miss\u00e3o em uma perspectiva que remetia \u00e0s origens. No artigo que segue, estes tr\u00eas aspectos substancias ser\u00e3o analisados \u00e0 luz do Conc\u00edlio Vaticano II (1962-1965), revelando uma profunda transforma\u00e7\u00e3o na [&hellip;]\" \/>\n<meta property=\"og:url\" content=\"https:\/\/franciscanos.org.br\/vidacrista\/o-que-esta-acontecendo-com-a-vida-religiosa-consagrada-parte-ii-analise-pos-concilio-vaticano-ii\/\" \/>\n<meta property=\"og:site_name\" content=\"Vida Crist\u00e3 - Franciscanos\" \/>\n<meta property=\"article:published_time\" content=\"2026-03-03T18:14:43+00:00\" \/>\n<meta property=\"article:modified_time\" content=\"2026-03-12T13:46:39+00:00\" \/>\n<meta property=\"og:image\" content=\"https:\/\/franciscanos.org.br\/vidacrista\/wp-content\/uploads\/2026\/03\/1280-x-720-px-Destaque-6.png\" \/>\n\t<meta property=\"og:image:width\" content=\"1280\" \/>\n\t<meta property=\"og:image:height\" content=\"1080\" \/>\n\t<meta property=\"og:image:type\" content=\"image\/png\" \/>\n<meta name=\"author\" content=\"Guilherme Rocha\" \/>\n<meta name=\"twitter:card\" content=\"summary_large_image\" \/>\n<meta name=\"twitter:label1\" content=\"Escrito por\" \/>\n\t<meta name=\"twitter:data1\" content=\"Guilherme Rocha\" \/>\n\t<meta name=\"twitter:label2\" content=\"Est. tempo de leitura\" \/>\n\t<meta name=\"twitter:data2\" content=\"3 minutos\" \/>\n<script type=\"application\/ld+json\" class=\"yoast-schema-graph\">{\"@context\":\"https:\/\/schema.org\",\"@graph\":[{\"@type\":\"WebSite\",\"@id\":\"https:\/\/franciscanos.org.br\/vidacrista\/#website\",\"url\":\"https:\/\/franciscanos.org.br\/vidacrista\/\",\"name\":\"Vida Crist\u00e3 - Franciscanos\",\"description\":\"Prov\u00edncia Franciscana da Imaculada Concei\u00e7\u00e3o do Brasil - Ordem dos Frades Menores\",\"potentialAction\":[{\"@type\":\"SearchAction\",\"target\":{\"@type\":\"EntryPoint\",\"urlTemplate\":\"https:\/\/franciscanos.org.br\/vidacrista\/?s={search_term_string}\"},\"query-input\":\"required name=search_term_string\"}],\"inLanguage\":\"pt-BR\"},{\"@type\":\"WebPage\",\"@id\":\"https:\/\/franciscanos.org.br\/vidacrista\/o-que-esta-acontecendo-com-a-vida-religiosa-consagrada-parte-ii-analise-pos-concilio-vaticano-ii\/\",\"url\":\"https:\/\/franciscanos.org.br\/vidacrista\/o-que-esta-acontecendo-com-a-vida-religiosa-consagrada-parte-ii-analise-pos-concilio-vaticano-ii\/\",\"name\":\"O que est\u00e1 acontecendo com a Vida Religiosa Consagrada? Parte II: An\u00e1lise p\u00f3s-Conc\u00edlio Vaticano II - Vida Crist\u00e3 - Franciscanos\",\"isPartOf\":{\"@id\":\"https:\/\/franciscanos.org.br\/vidacrista\/#website\"},\"datePublished\":\"2026-03-03T18:14:43+00:00\",\"dateModified\":\"2026-03-12T13:46:39+00:00\",\"author\":{\"@id\":\"https:\/\/franciscanos.org.br\/vidacrista\/#\/schema\/person\/fdcb2d6c92f263a29055e8f759356dd5\"},\"breadcrumb\":{\"@id\":\"https:\/\/franciscanos.org.br\/vidacrista\/o-que-esta-acontecendo-com-a-vida-religiosa-consagrada-parte-ii-analise-pos-concilio-vaticano-ii\/#breadcrumb\"},\"inLanguage\":\"pt-BR\",\"potentialAction\":[{\"@type\":\"ReadAction\",\"target\":[\"https:\/\/franciscanos.org.br\/vidacrista\/o-que-esta-acontecendo-com-a-vida-religiosa-consagrada-parte-ii-analise-pos-concilio-vaticano-ii\/\"]}]},{\"@type\":\"BreadcrumbList\",\"@id\":\"https:\/\/franciscanos.org.br\/vidacrista\/o-que-esta-acontecendo-com-a-vida-religiosa-consagrada-parte-ii-analise-pos-concilio-vaticano-ii\/#breadcrumb\",\"itemListElement\":[{\"@type\":\"ListItem\",\"position\":1,\"name\":\"Home\",\"item\":\"https:\/\/franciscanos.org.br\/vidacrista\/\"},{\"@type\":\"ListItem\",\"position\":2,\"name\":\"O que est\u00e1 acontecendo com a Vida Religiosa Consagrada? Parte II: An\u00e1lise p\u00f3s-Conc\u00edlio Vaticano II\"}]},{\"@type\":\"Person\",\"@id\":\"https:\/\/franciscanos.org.br\/vidacrista\/#\/schema\/person\/fdcb2d6c92f263a29055e8f759356dd5\",\"name\":\"Guilherme Rocha\",\"image\":{\"@type\":\"ImageObject\",\"inLanguage\":\"pt-BR\",\"@id\":\"https:\/\/franciscanos.org.br\/vidacrista\/#\/schema\/person\/image\/\",\"url\":\"https:\/\/secure.gravatar.com\/avatar\/e480fee2377f81af36f6990ed742592a?s=96&d=mm&r=g\",\"contentUrl\":\"https:\/\/secure.gravatar.com\/avatar\/e480fee2377f81af36f6990ed742592a?s=96&d=mm&r=g\",\"caption\":\"Guilherme Rocha\"},\"url\":\"https:\/\/franciscanos.org.br\/vidacrista\/author\/guilhermerocha\/\"}]}<\/script>\n<!-- \/ Yoast SEO plugin. -->","yoast_head_json":{"title":"O que est\u00e1 acontecendo com a Vida Religiosa Consagrada? Parte II: An\u00e1lise p\u00f3s-Conc\u00edlio Vaticano II - Vida Crist\u00e3 - Franciscanos","robots":{"index":"index","follow":"follow","max-snippet":"max-snippet:-1","max-image-preview":"max-image-preview:large","max-video-preview":"max-video-preview:-1"},"canonical":"https:\/\/franciscanos.org.br\/vidacrista\/o-que-esta-acontecendo-com-a-vida-religiosa-consagrada-parte-ii-analise-pos-concilio-vaticano-ii\/","og_locale":"pt_BR","og_type":"article","og_title":"O que est\u00e1 acontecendo com a Vida Religiosa Consagrada? Parte II: An\u00e1lise p\u00f3s-Conc\u00edlio Vaticano II - Vida Crist\u00e3 - Franciscanos","og_description":"&nbsp; No artigo anterior, buscou-se explicar a fenomenologia da Vida Religiosa Consagrada (VRC) a partir de seus tr\u00eas elementos fundantes, a saber: espiritualidade, fraternidade e miss\u00e3o em uma perspectiva que remetia \u00e0s origens. No artigo que segue, estes tr\u00eas aspectos substancias ser\u00e3o analisados \u00e0 luz do Conc\u00edlio Vaticano II (1962-1965), revelando uma profunda transforma\u00e7\u00e3o na [&hellip;]","og_url":"https:\/\/franciscanos.org.br\/vidacrista\/o-que-esta-acontecendo-com-a-vida-religiosa-consagrada-parte-ii-analise-pos-concilio-vaticano-ii\/","og_site_name":"Vida Crist\u00e3 - Franciscanos","article_published_time":"2026-03-03T18:14:43+00:00","article_modified_time":"2026-03-12T13:46:39+00:00","og_image":[{"width":1280,"height":1080,"url":"https:\/\/franciscanos.org.br\/vidacrista\/wp-content\/uploads\/2026\/03\/1280-x-720-px-Destaque-6.png","type":"image\/png"}],"author":"Guilherme Rocha","twitter_card":"summary_large_image","twitter_misc":{"Escrito por":"Guilherme Rocha","Est. tempo de leitura":"3 minutos"},"schema":{"@context":"https:\/\/schema.org","@graph":[{"@type":"WebSite","@id":"https:\/\/franciscanos.org.br\/vidacrista\/#website","url":"https:\/\/franciscanos.org.br\/vidacrista\/","name":"Vida Crist\u00e3 - Franciscanos","description":"Prov\u00edncia Franciscana da Imaculada Concei\u00e7\u00e3o do Brasil - Ordem dos Frades Menores","potentialAction":[{"@type":"SearchAction","target":{"@type":"EntryPoint","urlTemplate":"https:\/\/franciscanos.org.br\/vidacrista\/?s={search_term_string}"},"query-input":"required name=search_term_string"}],"inLanguage":"pt-BR"},{"@type":"WebPage","@id":"https:\/\/franciscanos.org.br\/vidacrista\/o-que-esta-acontecendo-com-a-vida-religiosa-consagrada-parte-ii-analise-pos-concilio-vaticano-ii\/","url":"https:\/\/franciscanos.org.br\/vidacrista\/o-que-esta-acontecendo-com-a-vida-religiosa-consagrada-parte-ii-analise-pos-concilio-vaticano-ii\/","name":"O que est\u00e1 acontecendo com a Vida Religiosa Consagrada? Parte II: An\u00e1lise p\u00f3s-Conc\u00edlio Vaticano II - Vida Crist\u00e3 - Franciscanos","isPartOf":{"@id":"https:\/\/franciscanos.org.br\/vidacrista\/#website"},"datePublished":"2026-03-03T18:14:43+00:00","dateModified":"2026-03-12T13:46:39+00:00","author":{"@id":"https:\/\/franciscanos.org.br\/vidacrista\/#\/schema\/person\/fdcb2d6c92f263a29055e8f759356dd5"},"breadcrumb":{"@id":"https:\/\/franciscanos.org.br\/vidacrista\/o-que-esta-acontecendo-com-a-vida-religiosa-consagrada-parte-ii-analise-pos-concilio-vaticano-ii\/#breadcrumb"},"inLanguage":"pt-BR","potentialAction":[{"@type":"ReadAction","target":["https:\/\/franciscanos.org.br\/vidacrista\/o-que-esta-acontecendo-com-a-vida-religiosa-consagrada-parte-ii-analise-pos-concilio-vaticano-ii\/"]}]},{"@type":"BreadcrumbList","@id":"https:\/\/franciscanos.org.br\/vidacrista\/o-que-esta-acontecendo-com-a-vida-religiosa-consagrada-parte-ii-analise-pos-concilio-vaticano-ii\/#breadcrumb","itemListElement":[{"@type":"ListItem","position":1,"name":"Home","item":"https:\/\/franciscanos.org.br\/vidacrista\/"},{"@type":"ListItem","position":2,"name":"O que est\u00e1 acontecendo com a Vida Religiosa Consagrada? Parte II: An\u00e1lise p\u00f3s-Conc\u00edlio Vaticano II"}]},{"@type":"Person","@id":"https:\/\/franciscanos.org.br\/vidacrista\/#\/schema\/person\/fdcb2d6c92f263a29055e8f759356dd5","name":"Guilherme Rocha","image":{"@type":"ImageObject","inLanguage":"pt-BR","@id":"https:\/\/franciscanos.org.br\/vidacrista\/#\/schema\/person\/image\/","url":"https:\/\/secure.gravatar.com\/avatar\/e480fee2377f81af36f6990ed742592a?s=96&d=mm&r=g","contentUrl":"https:\/\/secure.gravatar.com\/avatar\/e480fee2377f81af36f6990ed742592a?s=96&d=mm&r=g","caption":"Guilherme Rocha"},"url":"https:\/\/franciscanos.org.br\/vidacrista\/author\/guilhermerocha\/"}]}},"_links":{"self":[{"href":"https:\/\/franciscanos.org.br\/vidacrista\/wp-json\/wp\/v2\/posts\/196849"}],"collection":[{"href":"https:\/\/franciscanos.org.br\/vidacrista\/wp-json\/wp\/v2\/posts"}],"about":[{"href":"https:\/\/franciscanos.org.br\/vidacrista\/wp-json\/wp\/v2\/types\/post"}],"author":[{"embeddable":true,"href":"https:\/\/franciscanos.org.br\/vidacrista\/wp-json\/wp\/v2\/users\/15"}],"replies":[{"embeddable":true,"href":"https:\/\/franciscanos.org.br\/vidacrista\/wp-json\/wp\/v2\/comments?post=196849"}],"version-history":[{"count":1,"href":"https:\/\/franciscanos.org.br\/vidacrista\/wp-json\/wp\/v2\/posts\/196849\/revisions"}],"predecessor-version":[{"id":196852,"href":"https:\/\/franciscanos.org.br\/vidacrista\/wp-json\/wp\/v2\/posts\/196849\/revisions\/196852"}],"wp:featuredmedia":[{"embeddable":true,"href":"https:\/\/franciscanos.org.br\/vidacrista\/wp-json\/wp\/v2\/media\/196851"}],"wp:attachment":[{"href":"https:\/\/franciscanos.org.br\/vidacrista\/wp-json\/wp\/v2\/media?parent=196849"}],"wp:term":[{"taxonomy":"category","embeddable":true,"href":"https:\/\/franciscanos.org.br\/vidacrista\/wp-json\/wp\/v2\/categories?post=196849"},{"taxonomy":"post_tag","embeddable":true,"href":"https:\/\/franciscanos.org.br\/vidacrista\/wp-json\/wp\/v2\/tags?post=196849"}],"curies":[{"name":"wp","href":"https:\/\/api.w.org\/{rel}","templated":true}]}}