{"id":196673,"date":"2025-12-12T10:49:43","date_gmt":"2025-12-12T13:49:43","guid":{"rendered":"https:\/\/franciscanos.org.br\/vidacrista\/?p=196673"},"modified":"2025-12-12T11:29:16","modified_gmt":"2025-12-12T14:29:16","slug":"francisco-de-assis-ensina-quem-reza-serve","status":"publish","type":"post","link":"https:\/\/franciscanos.org.br\/vidacrista\/francisco-de-assis-ensina-quem-reza-serve\/","title":{"rendered":"Francisco de Assis ensina: quem reza, serve!"},"content":{"rendered":"<h1 class=\"elementor-heading-title elementor-size-default\"><\/h1>\n<p><img decoding=\"async\" loading=\"lazy\" class=\"aligncenter wp-image-196678 size-full\" src=\"https:\/\/franciscanos.org.br\/vidacrista\/wp-content\/uploads\/2025\/12\/sf.jpg\" alt=\"\" width=\"800\" height=\"550\" srcset=\"https:\/\/franciscanos.org.br\/vidacrista\/wp-content\/uploads\/2025\/12\/sf.jpg 800w, https:\/\/franciscanos.org.br\/vidacrista\/wp-content\/uploads\/2025\/12\/sf-450x309.jpg 450w, https:\/\/franciscanos.org.br\/vidacrista\/wp-content\/uploads\/2025\/12\/sf-768x528.jpg 768w, https:\/\/franciscanos.org.br\/vidacrista\/wp-content\/uploads\/2025\/12\/sf-150x103.jpg 150w\" sizes=\"(max-width: 800px) 100vw, 800px\" \/><\/p>\n<p>A ora\u00e7\u00e3o sempre ocupou lugar central na vida crist\u00e3, n\u00e3o apenas como devo\u00e7\u00e3o, mas como fonte que sustenta e inspira todas as escolhas e a\u00e7\u00f5es do disc\u00edpulo. Desde os antigos mestres espirituais, passando pela experi\u00eancia de Santo Afonso de Lig\u00f3rio, aprendemos que rezar \u00e9 reconhecer que \u201csem mim nada podeis fazer\u201d e pedir o dom do Esp\u00edrito para viver segundo o Evangelho. S\u00e3o Francisco de Assis \u00e9 testemunha luminosa dessa verdade: sua profunda vida de ora\u00e7\u00e3o, feita de sil\u00eancio, louvor, escuta e entrega, tornou-se a\u00e7\u00e3o concreta, servi\u00e7o humilde, cuidado dos pequenos e reconstru\u00e7\u00e3o da vida dos que sofrem. Por isso, a ora\u00e7\u00e3o crist\u00e3 n\u00e3o permanece apenas na interioridade; ela abre o cora\u00e7\u00e3o, purifica a inten\u00e7\u00e3o e conduz ao compromisso real com o Reino de Deus.<\/p>\n<p>Orar \u00e9 elevar a mente e o cora\u00e7\u00e3o a Deus, confiando inteiramente na sua gra\u00e7a. N\u00e3o se trata de um gesto isolado de devo\u00e7\u00e3o, mas da fonte que orienta toda a\u00e7\u00e3o crist\u00e3. Desde os antigos mestres, como Hugo de S\u00e3o V\u00edtor, e conforme a tradi\u00e7\u00e3o b\u00edblica do Livro da Sabedoria, entende-se que a ora\u00e7\u00e3o \u00e9 o caminho pelo qual se recebe a sabedoria e o Esp\u00edrito: \u201cInvoquei o Senhor, e veio a mim o esp\u00edrito da sabedoria.\u201d Hugo recorda que, sem o aux\u00edlio divino, a iniciativa humana \u00e9 insuficiente. A ora\u00e7\u00e3o, portanto, \u00e9 o acesso \u00e0 filia\u00e7\u00e3o divina e nos torna capazes de pedir e viver o dom do Esp\u00edrito. Santo Afonso refor\u00e7a essa verdade a partir do mandato de Cristo: \u201cSem mim nada podeis fazer\u201d. A ora\u00e7\u00e3o n\u00e3o \u00e9 um adorno religioso, mas a respira\u00e7\u00e3o da vida crist\u00e3. Quem reza com sinceridade e const\u00e2ncia pede, antes de tudo, o dom do Esp\u00edrito, e desse encontro nascem a f\u00e9, a esperan\u00e7a e a caridade aut\u00eanticas.<\/p>\n<p>A ora\u00e7\u00e3o genu\u00edna, por\u00e9m, n\u00e3o se limita ao interior: ela transforma e encaminha para o servi\u00e7o. Enzo Bianchi e a tradi\u00e7\u00e3o lit\u00fargica lembram que a liturgia \u00e9 \u201cparusia antecipada\u201d, sinal do Reino que j\u00e1 vem ao encontro do povo. O ministro, o celebrante e todo crist\u00e3o s\u00f3 podem comunicar aquilo que carregam no cora\u00e7\u00e3o: \u201cSe voc\u00ea n\u00e3o estiver evangelizado, n\u00e3o poder\u00e1 evangelizar; se a Palavra n\u00e3o mora em voc\u00ea, n\u00e3o poder\u00e1 comunic\u00e1-la \u00e0 assembleia.\u201d S\u00e3o Carlos Borromeu aconselhava os ministros: \u201cSe voc\u00ea administra os sacramentos, medite no que est\u00e1 fazendo. Se celebra a missa, medite no que est\u00e1 oferecendo. Se recita os salmos, medite a quem e do que est\u00e1 falando.\u201d A regra \u00e9 clara: a liturgia molda o cora\u00e7\u00e3o para a caridade; a ora\u00e7\u00e3o prepara e orienta a a\u00e7\u00e3o sacramental e pastoral. Orar e celebrar \u00e9 preparar-se para servir e levar \u00e0 vida aquilo que a Palavra e os sacramentos suscitam.<\/p>\n<p>A vida de S\u00e3o Francisco de Assis ilumina essa uni\u00e3o insepar\u00e1vel entre contempla\u00e7\u00e3o e servi\u00e7o. Seu C\u00e2ntico das Criaturas, sua ora\u00e7\u00e3o diante do crucifixo e sua intimidade com Deus revelam uma espiritualidade que transforma tudo em compaix\u00e3o e pr\u00e1tica solid\u00e1ria. Na prece diante do crucifixo, \u201cAlt\u00edssimo, glorioso Deus, ilumina as trevas do meu cora\u00e7\u00e3o. D\u00e1-me f\u00e9 reta, esperan\u00e7a certa e caridade perfeita. D\u00e1-me, Senhor, senso e discernimento para que eu cumpra o teu santo e verdadeiro mandamento\u201d, Francisco mostra a prioridade da vida crist\u00e3: pedir a gra\u00e7a para viver o Evangelho. Ele viu a cria\u00e7\u00e3o como \u201cum grande coro de onde brota cont\u00ednua ora\u00e7\u00e3o\u201d e fez da aten\u00e7\u00e3o aos pobres a consequ\u00eancia necess\u00e1ria dessa experi\u00eancia contemplativa. Para ele, a ora\u00e7\u00e3o que n\u00e3o gera partilha n\u00e3o \u00e9 conforme ao Evangelho: a verdadeira espiritualidade conduz ao encontro dos pequenos, ao cuidado dos leprosos, \u00e0 partilha do alimento, \u00e0 presen\u00e7a junto aos marginalizados. A caridade \u00e9 o fruto vis\u00edvel da alma que reza.<\/p>\n<p>Praticar a f\u00e9 significa, portanto, transformar a contempla\u00e7\u00e3o em gestos cotidianos: cultivar a Palavra, estud\u00e1-la, medit\u00e1-la, deix\u00e1-la moldar o cora\u00e7\u00e3o; buscar a reconcilia\u00e7\u00e3o com Deus e com os irm\u00e3os; ajudar os necessitados com partilha e presen\u00e7a; oferecer escuta; promover a comunh\u00e3o. A Eucaristia, centro da vida crist\u00e3, recorda esse movimento: alimentar-se do Corpo do Senhor \u00e9 assumir a responsabilidade de levar alimento e dignidade aos famintos. A espiritualidade franciscana sublinha que solidariedade \u00e9 pr\u00e1tica de amor: viver a destina\u00e7\u00e3o universal dos bens, a fraternidade e a partilha como escolhas di\u00e1rias. \u201cO que eu tenho, eu dou\u201d resume a decis\u00e3o de n\u00e3o viver para si, mas para quem precisa.<\/p>\n<p>H\u00e1, portanto, um caminho claro: a ora\u00e7\u00e3o nos d\u00e1 o Esp\u00edrito; o Esp\u00edrito fecunda a f\u00e9; a f\u00e9 se traduz em obras de amor. Tal percurso exige humildade, ser sinal pobre de Cristo, e coer\u00eancia lit\u00fargica: a celebra\u00e7\u00e3o n\u00e3o \u00e9 espet\u00e1culo, mas gesto formativo que converte. Quem preside, canta ou reza os of\u00edcios deve faz\u00ea-lo com aten\u00e7\u00e3o e rever\u00eancia, consciente de que a liturgia possui for\u00e7a evangelizadora quando \u00e9 vivida em adora\u00e7\u00e3o. Ao mesmo tempo, a pr\u00e1tica crist\u00e3 \u00e9 prof\u00e9tica: uma espiritualidade que n\u00e3o promove transforma\u00e7\u00e3o social nem se compromete com a justi\u00e7a permanece mutilada. A f\u00e9 que salva \u00e9 a que humaniza, denuncia injusti\u00e7as, reconstr\u00f3i e liberta.<\/p>\n<p>Conclu\u00edmos com o mesmo esp\u00edrito de Francisco, que inspirou gera\u00e7\u00f5es: ora\u00e7\u00e3o e a\u00e7\u00e3o s\u00e3o duas faces da mesma voca\u00e7\u00e3o. Como escreveu o Poverello pouco antes de morrer: \u201cIrm\u00e3os, at\u00e9 agora pouco ou nada fizemos; vamos recome\u00e7ar!\u201d Recome\u00e7ar na ora\u00e7\u00e3o, que desarma o ego e prepara o cora\u00e7\u00e3o; recome\u00e7ar na caridade, que torna cr\u00edvel a Palavra de Deus. Orar e praticar \u00e9 viver a f\u00e9 como caminho de amor, nas pequenas a\u00e7\u00f5es, nas decis\u00f5es corajosas, na partilha cotidiana, at\u00e9 que o mundo reconhe\u00e7a, em n\u00f3s, o rosto misericordioso de Deus.<\/p>\n<p>Paz e Bem!<\/p>\n<hr \/>\n<p><em>Fr. Augusto Luiz Gabriel<\/em><\/p>\n<h6><em>Artigo publicado originalmente na edi\u00e7\u00e3o de dezembro de 2025 da Revista Ave Maria<\/em><\/h6>\n","protected":false},"excerpt":{"rendered":"<p>A ora\u00e7\u00e3o sempre ocupou lugar central na vida crist\u00e3, n\u00e3o apenas como devo\u00e7\u00e3o, mas como fonte que sustenta e inspira todas as escolhas e a\u00e7\u00f5es do disc\u00edpulo. Desde os antigos mestres espirituais, passando pela experi\u00eancia de Santo Afonso de Lig\u00f3rio, aprendemos que rezar \u00e9 reconhecer que \u201csem mim nada podeis fazer\u201d e pedir o dom [&hellip;]<\/p>\n","protected":false},"author":15,"featured_media":196678,"comment_status":"open","ping_status":"open","sticky":false,"template":"","format":"standard","meta":{"footnotes":""},"categories":[26],"tags":[352],"yoast_head":"<!-- This site is optimized with the Yoast SEO plugin v19.4 - https:\/\/yoast.com\/wordpress\/plugins\/seo\/ -->\n<title>Francisco de Assis ensina: quem reza, serve! - Vida Crist\u00e3 - Franciscanos<\/title>\n<meta name=\"robots\" content=\"index, follow, max-snippet:-1, max-image-preview:large, max-video-preview:-1\" \/>\n<link rel=\"canonical\" href=\"https:\/\/franciscanos.org.br\/vidacrista\/francisco-de-assis-ensina-quem-reza-serve\/\" \/>\n<meta property=\"og:locale\" content=\"pt_BR\" \/>\n<meta property=\"og:type\" content=\"article\" \/>\n<meta property=\"og:title\" content=\"Francisco de Assis ensina: quem reza, serve! - Vida Crist\u00e3 - Franciscanos\" \/>\n<meta property=\"og:description\" content=\"A ora\u00e7\u00e3o sempre ocupou lugar central na vida crist\u00e3, n\u00e3o apenas como devo\u00e7\u00e3o, mas como fonte que sustenta e inspira todas as escolhas e a\u00e7\u00f5es do disc\u00edpulo. Desde os antigos mestres espirituais, passando pela experi\u00eancia de Santo Afonso de Lig\u00f3rio, aprendemos que rezar \u00e9 reconhecer que \u201csem mim nada podeis fazer\u201d e pedir o dom [&hellip;]\" \/>\n<meta property=\"og:url\" content=\"https:\/\/franciscanos.org.br\/vidacrista\/francisco-de-assis-ensina-quem-reza-serve\/\" \/>\n<meta property=\"og:site_name\" content=\"Vida Crist\u00e3 - Franciscanos\" \/>\n<meta property=\"article:published_time\" content=\"2025-12-12T13:49:43+00:00\" \/>\n<meta property=\"article:modified_time\" content=\"2025-12-12T14:29:16+00:00\" \/>\n<meta property=\"og:image\" content=\"https:\/\/franciscanos.org.br\/vidacrista\/wp-content\/uploads\/2025\/12\/sf.jpg\" \/>\n\t<meta property=\"og:image:width\" content=\"800\" \/>\n\t<meta property=\"og:image:height\" content=\"550\" \/>\n\t<meta property=\"og:image:type\" content=\"image\/jpeg\" \/>\n<meta name=\"author\" content=\"Guilherme Rocha\" \/>\n<meta name=\"twitter:card\" content=\"summary_large_image\" \/>\n<meta name=\"twitter:label1\" content=\"Escrito por\" \/>\n\t<meta name=\"twitter:data1\" content=\"Guilherme Rocha\" \/>\n\t<meta name=\"twitter:label2\" content=\"Est. tempo de leitura\" \/>\n\t<meta name=\"twitter:data2\" content=\"5 minutos\" \/>\n<script type=\"application\/ld+json\" class=\"yoast-schema-graph\">{\"@context\":\"https:\/\/schema.org\",\"@graph\":[{\"@type\":\"WebSite\",\"@id\":\"https:\/\/franciscanos.org.br\/vidacrista\/#website\",\"url\":\"https:\/\/franciscanos.org.br\/vidacrista\/\",\"name\":\"Vida Crist\u00e3 - Franciscanos\",\"description\":\"Prov\u00edncia Franciscana da Imaculada Concei\u00e7\u00e3o do Brasil - Ordem dos Frades Menores\",\"potentialAction\":[{\"@type\":\"SearchAction\",\"target\":{\"@type\":\"EntryPoint\",\"urlTemplate\":\"https:\/\/franciscanos.org.br\/vidacrista\/?s={search_term_string}\"},\"query-input\":\"required name=search_term_string\"}],\"inLanguage\":\"pt-BR\"},{\"@type\":\"WebPage\",\"@id\":\"https:\/\/franciscanos.org.br\/vidacrista\/francisco-de-assis-ensina-quem-reza-serve\/\",\"url\":\"https:\/\/franciscanos.org.br\/vidacrista\/francisco-de-assis-ensina-quem-reza-serve\/\",\"name\":\"Francisco de Assis ensina: quem reza, serve! - Vida Crist\u00e3 - Franciscanos\",\"isPartOf\":{\"@id\":\"https:\/\/franciscanos.org.br\/vidacrista\/#website\"},\"datePublished\":\"2025-12-12T13:49:43+00:00\",\"dateModified\":\"2025-12-12T14:29:16+00:00\",\"author\":{\"@id\":\"https:\/\/franciscanos.org.br\/vidacrista\/#\/schema\/person\/fdcb2d6c92f263a29055e8f759356dd5\"},\"breadcrumb\":{\"@id\":\"https:\/\/franciscanos.org.br\/vidacrista\/francisco-de-assis-ensina-quem-reza-serve\/#breadcrumb\"},\"inLanguage\":\"pt-BR\",\"potentialAction\":[{\"@type\":\"ReadAction\",\"target\":[\"https:\/\/franciscanos.org.br\/vidacrista\/francisco-de-assis-ensina-quem-reza-serve\/\"]}]},{\"@type\":\"BreadcrumbList\",\"@id\":\"https:\/\/franciscanos.org.br\/vidacrista\/francisco-de-assis-ensina-quem-reza-serve\/#breadcrumb\",\"itemListElement\":[{\"@type\":\"ListItem\",\"position\":1,\"name\":\"Home\",\"item\":\"https:\/\/franciscanos.org.br\/vidacrista\/\"},{\"@type\":\"ListItem\",\"position\":2,\"name\":\"Francisco de Assis ensina: quem reza, serve!\"}]},{\"@type\":\"Person\",\"@id\":\"https:\/\/franciscanos.org.br\/vidacrista\/#\/schema\/person\/fdcb2d6c92f263a29055e8f759356dd5\",\"name\":\"Guilherme Rocha\",\"image\":{\"@type\":\"ImageObject\",\"inLanguage\":\"pt-BR\",\"@id\":\"https:\/\/franciscanos.org.br\/vidacrista\/#\/schema\/person\/image\/\",\"url\":\"https:\/\/secure.gravatar.com\/avatar\/e480fee2377f81af36f6990ed742592a?s=96&d=mm&r=g\",\"contentUrl\":\"https:\/\/secure.gravatar.com\/avatar\/e480fee2377f81af36f6990ed742592a?s=96&d=mm&r=g\",\"caption\":\"Guilherme Rocha\"},\"url\":\"https:\/\/franciscanos.org.br\/vidacrista\/author\/guilhermerocha\/\"}]}<\/script>\n<!-- \/ Yoast SEO plugin. -->","yoast_head_json":{"title":"Francisco de Assis ensina: quem reza, serve! - Vida Crist\u00e3 - Franciscanos","robots":{"index":"index","follow":"follow","max-snippet":"max-snippet:-1","max-image-preview":"max-image-preview:large","max-video-preview":"max-video-preview:-1"},"canonical":"https:\/\/franciscanos.org.br\/vidacrista\/francisco-de-assis-ensina-quem-reza-serve\/","og_locale":"pt_BR","og_type":"article","og_title":"Francisco de Assis ensina: quem reza, serve! - Vida Crist\u00e3 - Franciscanos","og_description":"A ora\u00e7\u00e3o sempre ocupou lugar central na vida crist\u00e3, n\u00e3o apenas como devo\u00e7\u00e3o, mas como fonte que sustenta e inspira todas as escolhas e a\u00e7\u00f5es do disc\u00edpulo. Desde os antigos mestres espirituais, passando pela experi\u00eancia de Santo Afonso de Lig\u00f3rio, aprendemos que rezar \u00e9 reconhecer que \u201csem mim nada podeis fazer\u201d e pedir o dom [&hellip;]","og_url":"https:\/\/franciscanos.org.br\/vidacrista\/francisco-de-assis-ensina-quem-reza-serve\/","og_site_name":"Vida Crist\u00e3 - Franciscanos","article_published_time":"2025-12-12T13:49:43+00:00","article_modified_time":"2025-12-12T14:29:16+00:00","og_image":[{"width":800,"height":550,"url":"https:\/\/franciscanos.org.br\/vidacrista\/wp-content\/uploads\/2025\/12\/sf.jpg","type":"image\/jpeg"}],"author":"Guilherme Rocha","twitter_card":"summary_large_image","twitter_misc":{"Escrito por":"Guilherme Rocha","Est. tempo de leitura":"5 minutos"},"schema":{"@context":"https:\/\/schema.org","@graph":[{"@type":"WebSite","@id":"https:\/\/franciscanos.org.br\/vidacrista\/#website","url":"https:\/\/franciscanos.org.br\/vidacrista\/","name":"Vida Crist\u00e3 - Franciscanos","description":"Prov\u00edncia Franciscana da Imaculada Concei\u00e7\u00e3o do Brasil - Ordem dos Frades Menores","potentialAction":[{"@type":"SearchAction","target":{"@type":"EntryPoint","urlTemplate":"https:\/\/franciscanos.org.br\/vidacrista\/?s={search_term_string}"},"query-input":"required name=search_term_string"}],"inLanguage":"pt-BR"},{"@type":"WebPage","@id":"https:\/\/franciscanos.org.br\/vidacrista\/francisco-de-assis-ensina-quem-reza-serve\/","url":"https:\/\/franciscanos.org.br\/vidacrista\/francisco-de-assis-ensina-quem-reza-serve\/","name":"Francisco de Assis ensina: quem reza, serve! - Vida Crist\u00e3 - Franciscanos","isPartOf":{"@id":"https:\/\/franciscanos.org.br\/vidacrista\/#website"},"datePublished":"2025-12-12T13:49:43+00:00","dateModified":"2025-12-12T14:29:16+00:00","author":{"@id":"https:\/\/franciscanos.org.br\/vidacrista\/#\/schema\/person\/fdcb2d6c92f263a29055e8f759356dd5"},"breadcrumb":{"@id":"https:\/\/franciscanos.org.br\/vidacrista\/francisco-de-assis-ensina-quem-reza-serve\/#breadcrumb"},"inLanguage":"pt-BR","potentialAction":[{"@type":"ReadAction","target":["https:\/\/franciscanos.org.br\/vidacrista\/francisco-de-assis-ensina-quem-reza-serve\/"]}]},{"@type":"BreadcrumbList","@id":"https:\/\/franciscanos.org.br\/vidacrista\/francisco-de-assis-ensina-quem-reza-serve\/#breadcrumb","itemListElement":[{"@type":"ListItem","position":1,"name":"Home","item":"https:\/\/franciscanos.org.br\/vidacrista\/"},{"@type":"ListItem","position":2,"name":"Francisco de Assis ensina: quem reza, serve!"}]},{"@type":"Person","@id":"https:\/\/franciscanos.org.br\/vidacrista\/#\/schema\/person\/fdcb2d6c92f263a29055e8f759356dd5","name":"Guilherme Rocha","image":{"@type":"ImageObject","inLanguage":"pt-BR","@id":"https:\/\/franciscanos.org.br\/vidacrista\/#\/schema\/person\/image\/","url":"https:\/\/secure.gravatar.com\/avatar\/e480fee2377f81af36f6990ed742592a?s=96&d=mm&r=g","contentUrl":"https:\/\/secure.gravatar.com\/avatar\/e480fee2377f81af36f6990ed742592a?s=96&d=mm&r=g","caption":"Guilherme Rocha"},"url":"https:\/\/franciscanos.org.br\/vidacrista\/author\/guilhermerocha\/"}]}},"_links":{"self":[{"href":"https:\/\/franciscanos.org.br\/vidacrista\/wp-json\/wp\/v2\/posts\/196673"}],"collection":[{"href":"https:\/\/franciscanos.org.br\/vidacrista\/wp-json\/wp\/v2\/posts"}],"about":[{"href":"https:\/\/franciscanos.org.br\/vidacrista\/wp-json\/wp\/v2\/types\/post"}],"author":[{"embeddable":true,"href":"https:\/\/franciscanos.org.br\/vidacrista\/wp-json\/wp\/v2\/users\/15"}],"replies":[{"embeddable":true,"href":"https:\/\/franciscanos.org.br\/vidacrista\/wp-json\/wp\/v2\/comments?post=196673"}],"version-history":[{"count":6,"href":"https:\/\/franciscanos.org.br\/vidacrista\/wp-json\/wp\/v2\/posts\/196673\/revisions"}],"predecessor-version":[{"id":196681,"href":"https:\/\/franciscanos.org.br\/vidacrista\/wp-json\/wp\/v2\/posts\/196673\/revisions\/196681"}],"wp:featuredmedia":[{"embeddable":true,"href":"https:\/\/franciscanos.org.br\/vidacrista\/wp-json\/wp\/v2\/media\/196678"}],"wp:attachment":[{"href":"https:\/\/franciscanos.org.br\/vidacrista\/wp-json\/wp\/v2\/media?parent=196673"}],"wp:term":[{"taxonomy":"category","embeddable":true,"href":"https:\/\/franciscanos.org.br\/vidacrista\/wp-json\/wp\/v2\/categories?post=196673"},{"taxonomy":"post_tag","embeddable":true,"href":"https:\/\/franciscanos.org.br\/vidacrista\/wp-json\/wp\/v2\/tags?post=196673"}],"curies":[{"name":"wp","href":"https:\/\/api.w.org\/{rel}","templated":true}]}}