{"id":196594,"date":"2025-12-02T09:01:24","date_gmt":"2025-12-02T12:01:24","guid":{"rendered":"https:\/\/franciscanos.org.br\/vidacrista\/?p=196594"},"modified":"2025-12-02T09:03:46","modified_gmt":"2025-12-02T12:03:46","slug":"apelos-do-advento","status":"publish","type":"post","link":"https:\/\/franciscanos.org.br\/vidacrista\/apelos-do-advento\/","title":{"rendered":"Apelos do Advento"},"content":{"rendered":"<p><img decoding=\"async\" loading=\"lazy\" class=\"wp-image-196595 size-full aligncenter\" src=\"https:\/\/franciscanos.org.br\/vidacrista\/wp-content\/uploads\/2025\/12\/1280-x-720-px-720-x-1080-px-720-x-720-px-540-x-540-px-800-x-550-px.png\" alt=\"\" width=\"800\" height=\"550\" srcset=\"https:\/\/franciscanos.org.br\/vidacrista\/wp-content\/uploads\/2025\/12\/1280-x-720-px-720-x-1080-px-720-x-720-px-540-x-540-px-800-x-550-px.png 800w, https:\/\/franciscanos.org.br\/vidacrista\/wp-content\/uploads\/2025\/12\/1280-x-720-px-720-x-1080-px-720-x-720-px-540-x-540-px-800-x-550-px-450x309.png 450w, https:\/\/franciscanos.org.br\/vidacrista\/wp-content\/uploads\/2025\/12\/1280-x-720-px-720-x-1080-px-720-x-720-px-540-x-540-px-800-x-550-px-768x528.png 768w, https:\/\/franciscanos.org.br\/vidacrista\/wp-content\/uploads\/2025\/12\/1280-x-720-px-720-x-1080-px-720-x-720-px-540-x-540-px-800-x-550-px-150x103.png 150w\" sizes=\"(max-width: 800px) 100vw, 800px\" \/><\/p>\n<p>O ano novo na espiritualidade crist\u00e3 cat\u00f3lica come\u00e7a com o Tempo do Advento, que prepara a humanidade para o Natal do Senhor. Este \u201cano novo\u201d \u00e9 precedido da festa lit\u00fargica de Cristo Rei do Universo, inscrevendo no caminho existencial de cada pessoa um horizonte transformador: viver a servi\u00e7o da vida plena, pela oferta de si, a exemplo do Mestre Jesus que tem sua realeza vivida no \u201ctrono\u201d da cruz, seu altar de obla\u00e7\u00e3o, com a coroa de espinhos. A cruz, que se torna trono, e a coroa de espinhos remetem \u00e0 obedi\u00eancia amorosa de Cristo ao des\u00edgnio redentor e salv\u00edfico de Deus. Assim, o tempo do Advento, para al\u00e9m dos enfeites e das luzes, \u00e9 per\u00edodo lit\u00fargico celebrativo com riquezas abundantes, expressas em ritos, gestos e, sobretudo, na proclama\u00e7\u00e3o da Palavra de Deus. Riquezas que devem tocar profundamente a dimens\u00e3o existencial do ser humano, sempre carente de qualifica\u00e7\u00e3o.<\/p>\n<p>Viver o tempo do Advento \u00e9 oportunidade imperd\u00edvel para se acolher o convite \u00e0 convers\u00e3o, iluminando-se com as luzes da esperan\u00e7a que v\u00eam de uma experi\u00eancia com for\u00e7a de transforma\u00e7\u00e3o. Essa viv\u00eancia contribui para que sejam alcan\u00e7adas novas respostas humanas, sociais e pol\u00edticas capazes de ajudar a sociedade a tornar-se mais justa, igualit\u00e1ria, a caminho do Reino de Deus. A espiritualidade do Advento permite um qualificado investimento para que seja encontrado o sentido aut\u00eantico do viver humano, possibilitando corre\u00e7\u00f5es inadi\u00e1veis na conduta cidad\u00e3. Inspira, assim, nova postura na rela\u00e7\u00e3o com a casa comum e com o semelhante, marcada pela solidariedade. O tempo do Advento constitui, pois, um percurso espiritual para efetivar o que se expressa nos votos natalinos. O percurso espiritual que se inicia pede dedica\u00e7\u00e3o \u00e0 ora\u00e7\u00e3o, \u00e0 escuta de Deus, a partir da viv\u00eancia da Novena de Natal, das celebra\u00e7\u00f5es nas comunidades de f\u00e9, de um olhar compassivo e interpelante dirigido aos pobres. Trilhar inadequadamente esse percurso leva ao risco de se experimentar ou de se acentuar um vazio existencial. Significa reduzir a beleza e riqueza do tempo de convers\u00e3o \u00e0 apenas uma busca exagerada por comidas, bebidas e\u00a0compras que expressam um extravagante consumismo.<\/p>\n<p>Vivenciar inadequadamente o tempo do Advento e o Natal tem um pre\u00e7o alto cobrado por meio das\u00a0lacunas e perdas para o ano lit\u00fargico que se inicia e, consequentemente, com atrasos e contradi\u00e7\u00f5es no dia a dia do ano civil. Sem a adequada dedica\u00e7\u00e3o \u00e0 espiritualidade, a viol\u00eancia social se recrudesce, a desigualdade se agrava, a gananciosa depreda\u00e7\u00e3o do meio ambiente avan\u00e7a ainda mais. A sociedade fica, cada vez mais, desfigurada. A espiritualidade \u00e9 tempero que n\u00e3o pode faltar nos empreendimentos, nos programas e projetos de vida. Sua aus\u00eancia \u00e9 respons\u00e1vel pela falta de sabedoria para se efetivar escolhas, pois n\u00e3o se consegue discernir o que \u00e9 essencial \u00e0 constru\u00e7\u00e3o de um tempo novo, no horizonte do sonho de Deus para a humanidade. O horizonte do Advento interage, pois, com incont\u00e1veis campos da vida, promovendo incid\u00eancias na dimens\u00e3o pessoal e no contexto social.<\/p>\n<p>Vale refletir sobre a for\u00e7a da espiritualidade no enfrentamento dos desafios da sociedade, engolida por uma avalanche de disputas, gan\u00e2ncias e mesquinhez.\u00a0 Esses males podem ser enfrentados a partir de um princ\u00edpio crist\u00e3o que dissipa a avidez: a caridade. A caridade se fortalece no horizonte de uma festa em que ser \u201cbem alimentado\u201d significa servir aos outros, sobretudo aos pobres, mais do que a si mesmo. Um exerc\u00edcio que possibilita importante aprendizado: saber dar, a cada um, a sua justa medida. Investir na espiritualidade \u00e9 caminho que ilumina no horizonte a esperan\u00e7a de uma vida eterna. Ao mesmo tempo, \u00e9 rem\u00e9dio aos apegos e \u00e0 valoriza\u00e7\u00e3o irracional dos bens terrenos, consequ\u00eancia do distanciamento de Deus que adoece o ser humano e perpetua condutas perversas.<\/p>\n<p>O mundo padece quando o amor \u00e9 reduzido a um conjunto de interesses, sem qualquer espa\u00e7o para se viver ren\u00fancias e aprender a amar Deus sobre todas as coisas, comprometendo a pr\u00e1tica do amor fraterno e universal. A falta de abertura ao amor genu\u00edno impede o cora\u00e7\u00e3o humano de alcan\u00e7ar a nobreza que o protege de se deixar dominar pelos males da corrup\u00e7\u00e3o e da manipula\u00e7\u00e3o, que levam a irrepar\u00e1veis perdas sociais, pol\u00edticas e humanit\u00e1rias. Preparar-se bem para celebrar o Natal e viv\u00ea-lo adequadamente s\u00e3o exerc\u00edcios que sublinham essencial convic\u00e7\u00e3o: a prioridade de cada pessoa deve ser seguir Cristo, pela singular for\u00e7a transformadora que o encontro com Ele proporciona. \u00c9 preciso reconhecer o gesto nobre de Jesus, que vem ao encontro da humanidade. Natal \u00e9 a festa de seu nascimento, da encarna\u00e7\u00e3o do Verbo de Deus. Bem preparado e celebrado, Natal \u00e9 a consci\u00eancia renovada de que Deus est\u00e1 sempre por perto, na interioridade de cada ser humano.<\/p>\n<p>O tempo do Advento \u00e9 convite para exercitar o di\u00e1logo com Deus em Jesus Cristo, procurando ouvi-Lo, com o cora\u00e7\u00e3o aberto. Nesse di\u00e1logo, partilhar com Jesus sobre os pr\u00f3prios projetos, neg\u00f3cios, sonhos e sofrimentos, lembrando que Deus n\u00e3o costuma falar a almas que n\u00e3o lhe falam. Advento \u00e9 tempo de consolidar Cristo como fundamento da pr\u00f3pria vida. Assim, a celebra\u00e7\u00e3o do Natal ser\u00e1 fecundada pela experi\u00eancia de reencontrar Aquele que vem ao encontro da humanidade, para ajud\u00e1-la a reconhecer o caminho da vida. \u00c9 necess\u00e1rio preparar-se para compreender, em profundidade, o verdadeiro sentido do amor de Deus pela humanidade, escolhendo ir a Ele, que vem ao encontro de todos. Na condi\u00e7\u00e3o de peregrinos, \u00e9 tempo de alimentar a esperan\u00e7a.\u00a0 Uma esperan\u00e7a que vence escravid\u00f5es pesadas, gera humildade e ajuda o cora\u00e7\u00e3o humano a superar o medo, fonte para a soberba e a mesquinhez.<\/p>\n<p>Alimentar a esperan\u00e7a no tempo do Advento possibilita fazer do Natal uma nova p\u00e1gina para a vida, livre de amarras que desqualificam a exist\u00eancia humana, chamada \u00e0 nobreza do amor. Advento \u00e9 tempo de pedir a Deus, a exemplo dos orantes que se inscreveram na hist\u00f3ria, bastante vida para reconstruir, em cada um, o templo de Deus, manjedoura do Menino Jesus, restaurando as ru\u00ednas humanas e, ao mesmo tempo, encontrando um abrigo seguro em Deus, que sempre vem!<\/p>\n<hr \/>\n<p><em>Dom Walmor Oliveira de Azevedo<\/em><br \/>\n<em>Arcebispo metropolitano de Belo Horizonte<\/em><\/p>\n","protected":false},"excerpt":{"rendered":"<p>O ano novo na espiritualidade crist\u00e3 cat\u00f3lica come\u00e7a com o Tempo do Advento, que prepara a humanidade para o Natal do Senhor. Este \u201cano novo\u201d \u00e9 precedido da festa lit\u00fargica de Cristo Rei do Universo, inscrevendo no caminho existencial de cada pessoa um horizonte transformador: viver a servi\u00e7o da vida plena, pela oferta de si, [&hellip;]<\/p>\n","protected":false},"author":15,"featured_media":196598,"comment_status":"open","ping_status":"open","sticky":false,"template":"","format":"standard","meta":{"footnotes":""},"categories":[26],"tags":[271],"yoast_head":"<!-- This site is optimized with the Yoast SEO plugin v19.4 - https:\/\/yoast.com\/wordpress\/plugins\/seo\/ -->\n<title>Apelos do Advento - Vida Crist\u00e3 - Franciscanos<\/title>\n<meta name=\"robots\" content=\"index, follow, max-snippet:-1, max-image-preview:large, max-video-preview:-1\" \/>\n<link rel=\"canonical\" href=\"https:\/\/franciscanos.org.br\/vidacrista\/apelos-do-advento\/\" \/>\n<meta property=\"og:locale\" content=\"pt_BR\" \/>\n<meta property=\"og:type\" content=\"article\" \/>\n<meta property=\"og:title\" content=\"Apelos do Advento - Vida Crist\u00e3 - Franciscanos\" \/>\n<meta property=\"og:description\" content=\"O ano novo na espiritualidade crist\u00e3 cat\u00f3lica come\u00e7a com o Tempo do Advento, que prepara a humanidade para o Natal do Senhor. Este \u201cano novo\u201d \u00e9 precedido da festa lit\u00fargica de Cristo Rei do Universo, inscrevendo no caminho existencial de cada pessoa um horizonte transformador: viver a servi\u00e7o da vida plena, pela oferta de si, [&hellip;]\" \/>\n<meta property=\"og:url\" content=\"https:\/\/franciscanos.org.br\/vidacrista\/apelos-do-advento\/\" \/>\n<meta property=\"og:site_name\" content=\"Vida Crist\u00e3 - Franciscanos\" \/>\n<meta property=\"article:published_time\" content=\"2025-12-02T12:01:24+00:00\" \/>\n<meta property=\"article:modified_time\" content=\"2025-12-02T12:03:46+00:00\" \/>\n<meta property=\"og:image\" content=\"https:\/\/franciscanos.org.br\/vidacrista\/wp-content\/uploads\/2025\/12\/vela-scaled.jpg\" \/>\n\t<meta property=\"og:image:width\" content=\"810\" \/>\n\t<meta property=\"og:image:height\" content=\"1080\" \/>\n\t<meta property=\"og:image:type\" content=\"image\/jpeg\" \/>\n<meta name=\"author\" content=\"Guilherme Rocha\" \/>\n<meta name=\"twitter:card\" content=\"summary_large_image\" \/>\n<meta name=\"twitter:label1\" content=\"Escrito por\" \/>\n\t<meta name=\"twitter:data1\" content=\"Guilherme Rocha\" \/>\n\t<meta name=\"twitter:label2\" content=\"Est. tempo de leitura\" \/>\n\t<meta name=\"twitter:data2\" content=\"5 minutos\" \/>\n<script type=\"application\/ld+json\" class=\"yoast-schema-graph\">{\"@context\":\"https:\/\/schema.org\",\"@graph\":[{\"@type\":\"WebSite\",\"@id\":\"https:\/\/franciscanos.org.br\/vidacrista\/#website\",\"url\":\"https:\/\/franciscanos.org.br\/vidacrista\/\",\"name\":\"Vida Crist\u00e3 - Franciscanos\",\"description\":\"Prov\u00edncia Franciscana da Imaculada Concei\u00e7\u00e3o do Brasil - Ordem dos Frades Menores\",\"potentialAction\":[{\"@type\":\"SearchAction\",\"target\":{\"@type\":\"EntryPoint\",\"urlTemplate\":\"https:\/\/franciscanos.org.br\/vidacrista\/?s={search_term_string}\"},\"query-input\":\"required name=search_term_string\"}],\"inLanguage\":\"pt-BR\"},{\"@type\":\"WebPage\",\"@id\":\"https:\/\/franciscanos.org.br\/vidacrista\/apelos-do-advento\/\",\"url\":\"https:\/\/franciscanos.org.br\/vidacrista\/apelos-do-advento\/\",\"name\":\"Apelos do Advento - Vida Crist\u00e3 - Franciscanos\",\"isPartOf\":{\"@id\":\"https:\/\/franciscanos.org.br\/vidacrista\/#website\"},\"datePublished\":\"2025-12-02T12:01:24+00:00\",\"dateModified\":\"2025-12-02T12:03:46+00:00\",\"author\":{\"@id\":\"https:\/\/franciscanos.org.br\/vidacrista\/#\/schema\/person\/fdcb2d6c92f263a29055e8f759356dd5\"},\"breadcrumb\":{\"@id\":\"https:\/\/franciscanos.org.br\/vidacrista\/apelos-do-advento\/#breadcrumb\"},\"inLanguage\":\"pt-BR\",\"potentialAction\":[{\"@type\":\"ReadAction\",\"target\":[\"https:\/\/franciscanos.org.br\/vidacrista\/apelos-do-advento\/\"]}]},{\"@type\":\"BreadcrumbList\",\"@id\":\"https:\/\/franciscanos.org.br\/vidacrista\/apelos-do-advento\/#breadcrumb\",\"itemListElement\":[{\"@type\":\"ListItem\",\"position\":1,\"name\":\"Home\",\"item\":\"https:\/\/franciscanos.org.br\/vidacrista\/\"},{\"@type\":\"ListItem\",\"position\":2,\"name\":\"Apelos do Advento\"}]},{\"@type\":\"Person\",\"@id\":\"https:\/\/franciscanos.org.br\/vidacrista\/#\/schema\/person\/fdcb2d6c92f263a29055e8f759356dd5\",\"name\":\"Guilherme Rocha\",\"image\":{\"@type\":\"ImageObject\",\"inLanguage\":\"pt-BR\",\"@id\":\"https:\/\/franciscanos.org.br\/vidacrista\/#\/schema\/person\/image\/\",\"url\":\"https:\/\/secure.gravatar.com\/avatar\/e480fee2377f81af36f6990ed742592a?s=96&d=mm&r=g\",\"contentUrl\":\"https:\/\/secure.gravatar.com\/avatar\/e480fee2377f81af36f6990ed742592a?s=96&d=mm&r=g\",\"caption\":\"Guilherme Rocha\"},\"url\":\"https:\/\/franciscanos.org.br\/vidacrista\/author\/guilhermerocha\/\"}]}<\/script>\n<!-- \/ Yoast SEO plugin. -->","yoast_head_json":{"title":"Apelos do Advento - Vida Crist\u00e3 - Franciscanos","robots":{"index":"index","follow":"follow","max-snippet":"max-snippet:-1","max-image-preview":"max-image-preview:large","max-video-preview":"max-video-preview:-1"},"canonical":"https:\/\/franciscanos.org.br\/vidacrista\/apelos-do-advento\/","og_locale":"pt_BR","og_type":"article","og_title":"Apelos do Advento - Vida Crist\u00e3 - Franciscanos","og_description":"O ano novo na espiritualidade crist\u00e3 cat\u00f3lica come\u00e7a com o Tempo do Advento, que prepara a humanidade para o Natal do Senhor. Este \u201cano novo\u201d \u00e9 precedido da festa lit\u00fargica de Cristo Rei do Universo, inscrevendo no caminho existencial de cada pessoa um horizonte transformador: viver a servi\u00e7o da vida plena, pela oferta de si, [&hellip;]","og_url":"https:\/\/franciscanos.org.br\/vidacrista\/apelos-do-advento\/","og_site_name":"Vida Crist\u00e3 - Franciscanos","article_published_time":"2025-12-02T12:01:24+00:00","article_modified_time":"2025-12-02T12:03:46+00:00","og_image":[{"width":810,"height":1080,"url":"https:\/\/franciscanos.org.br\/vidacrista\/wp-content\/uploads\/2025\/12\/vela-scaled.jpg","type":"image\/jpeg"}],"author":"Guilherme Rocha","twitter_card":"summary_large_image","twitter_misc":{"Escrito por":"Guilherme Rocha","Est. tempo de leitura":"5 minutos"},"schema":{"@context":"https:\/\/schema.org","@graph":[{"@type":"WebSite","@id":"https:\/\/franciscanos.org.br\/vidacrista\/#website","url":"https:\/\/franciscanos.org.br\/vidacrista\/","name":"Vida Crist\u00e3 - Franciscanos","description":"Prov\u00edncia Franciscana da Imaculada Concei\u00e7\u00e3o do Brasil - Ordem dos Frades Menores","potentialAction":[{"@type":"SearchAction","target":{"@type":"EntryPoint","urlTemplate":"https:\/\/franciscanos.org.br\/vidacrista\/?s={search_term_string}"},"query-input":"required name=search_term_string"}],"inLanguage":"pt-BR"},{"@type":"WebPage","@id":"https:\/\/franciscanos.org.br\/vidacrista\/apelos-do-advento\/","url":"https:\/\/franciscanos.org.br\/vidacrista\/apelos-do-advento\/","name":"Apelos do Advento - Vida Crist\u00e3 - Franciscanos","isPartOf":{"@id":"https:\/\/franciscanos.org.br\/vidacrista\/#website"},"datePublished":"2025-12-02T12:01:24+00:00","dateModified":"2025-12-02T12:03:46+00:00","author":{"@id":"https:\/\/franciscanos.org.br\/vidacrista\/#\/schema\/person\/fdcb2d6c92f263a29055e8f759356dd5"},"breadcrumb":{"@id":"https:\/\/franciscanos.org.br\/vidacrista\/apelos-do-advento\/#breadcrumb"},"inLanguage":"pt-BR","potentialAction":[{"@type":"ReadAction","target":["https:\/\/franciscanos.org.br\/vidacrista\/apelos-do-advento\/"]}]},{"@type":"BreadcrumbList","@id":"https:\/\/franciscanos.org.br\/vidacrista\/apelos-do-advento\/#breadcrumb","itemListElement":[{"@type":"ListItem","position":1,"name":"Home","item":"https:\/\/franciscanos.org.br\/vidacrista\/"},{"@type":"ListItem","position":2,"name":"Apelos do Advento"}]},{"@type":"Person","@id":"https:\/\/franciscanos.org.br\/vidacrista\/#\/schema\/person\/fdcb2d6c92f263a29055e8f759356dd5","name":"Guilherme Rocha","image":{"@type":"ImageObject","inLanguage":"pt-BR","@id":"https:\/\/franciscanos.org.br\/vidacrista\/#\/schema\/person\/image\/","url":"https:\/\/secure.gravatar.com\/avatar\/e480fee2377f81af36f6990ed742592a?s=96&d=mm&r=g","contentUrl":"https:\/\/secure.gravatar.com\/avatar\/e480fee2377f81af36f6990ed742592a?s=96&d=mm&r=g","caption":"Guilherme Rocha"},"url":"https:\/\/franciscanos.org.br\/vidacrista\/author\/guilhermerocha\/"}]}},"_links":{"self":[{"href":"https:\/\/franciscanos.org.br\/vidacrista\/wp-json\/wp\/v2\/posts\/196594"}],"collection":[{"href":"https:\/\/franciscanos.org.br\/vidacrista\/wp-json\/wp\/v2\/posts"}],"about":[{"href":"https:\/\/franciscanos.org.br\/vidacrista\/wp-json\/wp\/v2\/types\/post"}],"author":[{"embeddable":true,"href":"https:\/\/franciscanos.org.br\/vidacrista\/wp-json\/wp\/v2\/users\/15"}],"replies":[{"embeddable":true,"href":"https:\/\/franciscanos.org.br\/vidacrista\/wp-json\/wp\/v2\/comments?post=196594"}],"version-history":[{"count":4,"href":"https:\/\/franciscanos.org.br\/vidacrista\/wp-json\/wp\/v2\/posts\/196594\/revisions"}],"predecessor-version":[{"id":196603,"href":"https:\/\/franciscanos.org.br\/vidacrista\/wp-json\/wp\/v2\/posts\/196594\/revisions\/196603"}],"wp:featuredmedia":[{"embeddable":true,"href":"https:\/\/franciscanos.org.br\/vidacrista\/wp-json\/wp\/v2\/media\/196598"}],"wp:attachment":[{"href":"https:\/\/franciscanos.org.br\/vidacrista\/wp-json\/wp\/v2\/media?parent=196594"}],"wp:term":[{"taxonomy":"category","embeddable":true,"href":"https:\/\/franciscanos.org.br\/vidacrista\/wp-json\/wp\/v2\/categories?post=196594"},{"taxonomy":"post_tag","embeddable":true,"href":"https:\/\/franciscanos.org.br\/vidacrista\/wp-json\/wp\/v2\/tags?post=196594"}],"curies":[{"name":"wp","href":"https:\/\/api.w.org\/{rel}","templated":true}]}}