{"id":196451,"date":"2025-10-09T15:52:57","date_gmt":"2025-10-09T18:52:57","guid":{"rendered":"https:\/\/franciscanos.org.br\/vidacrista\/?p=196451"},"modified":"2025-10-09T16:04:39","modified_gmt":"2025-10-09T19:04:39","slug":"dilexi-te-o-amor-aos-pobres-no-coracao-da-nova-exortacao-apostolica-de-leao-xiv","status":"publish","type":"post","link":"https:\/\/franciscanos.org.br\/vidacrista\/dilexi-te-o-amor-aos-pobres-no-coracao-da-nova-exortacao-apostolica-de-leao-xiv\/","title":{"rendered":"\u201cDilexi te\u201d: o amor aos pobres no cora\u00e7\u00e3o da nova Exorta\u00e7\u00e3o Apost\u00f3lica do Papa Le\u00e3o XIV"},"content":{"rendered":"<p><img decoding=\"async\" loading=\"lazy\" class=\"aligncenter wp-image-196453 size-full\" src=\"https:\/\/franciscanos.org.br\/vidacrista\/wp-content\/uploads\/2025\/10\/materia1.jpg\" alt=\"\" width=\"1280\" height=\"720\" srcset=\"https:\/\/franciscanos.org.br\/vidacrista\/wp-content\/uploads\/2025\/10\/materia1.jpg 1280w, https:\/\/franciscanos.org.br\/vidacrista\/wp-content\/uploads\/2025\/10\/materia1-450x253.jpg 450w, https:\/\/franciscanos.org.br\/vidacrista\/wp-content\/uploads\/2025\/10\/materia1-1024x576.jpg 1024w, https:\/\/franciscanos.org.br\/vidacrista\/wp-content\/uploads\/2025\/10\/materia1-768x432.jpg 768w, https:\/\/franciscanos.org.br\/vidacrista\/wp-content\/uploads\/2025\/10\/materia1-150x84.jpg 150w\" sizes=\"(max-width: 1280px) 100vw, 1280px\" \/><\/p>\n<p>\u201cNo rosto ferido dos pobres encontramos impresso o sofrimento dos inocentes e, portanto, o pr\u00f3prio sofrimento de Cristo\u201d (DT 9). Em um clamor pela vida e pela humanidade, foi apresentada nesta quinta-feira, 9 de outubro, a primeira Exorta\u00e7\u00e3o Apost\u00f3lica do Papa Le\u00e3o XIV, <strong><em>Dilexi te<\/em><\/strong> (\u201cEu te amei\u201d). O documento, assinado pelo Pont\u00edfice no dia 4 de outubro, Solenidade de S\u00e3o Francisco de Assis, chega como um convite a redescobrir a centralidade do amor aos pobres no cora\u00e7\u00e3o do Evangelho. A reda\u00e7\u00e3o iniciada pelo Papa Francisco, d\u00e1 continuidade espiritual e teol\u00f3gica \u00e0 Enc\u00edclica <strong><em>Dilexit nos<\/em><\/strong> (2024), reafirmando que o amor de Cristo se manifesta, de modo particular, na proximidade com os mais fr\u00e1geis e marginalizados.<\/p>\n<p>A apresenta\u00e7\u00e3o oficial da exorta\u00e7\u00e3o ocorreu na Sala de Imprensa da Santa S\u00e9, \u00e0s 12h (hora de Roma). Participaram da coletiva o Cardeal Michael Czerny SJ, prefeito do Dicast\u00e9rio para o Servi\u00e7o do Desenvolvimento Humano Integral; o Cardeal Konrad Krajewski, esmoler de Sua Santidade e prefeito do Dicast\u00e9rio para o Servi\u00e7o da Caridade (Esmoleria Apost\u00f3lica); Frei Fr\u00e9d\u00e9ric-Marie Le M\u00e9haut\u00e9, OFM, provincial dos Frades Menores da Fran\u00e7a\/B\u00e9lgica e doutor em Teologia; e a Irm\u00e3 Cl\u00e9mence, da Fraternidade das Tr\u00eas Fontes, em Roma. O Dicast\u00e9rio para o Servi\u00e7o do Desenvolvimento Humano Integral preparou uma s\u00edntese e recursos pastorais para auxiliar o aprofundamento do texto.<\/p>\n<h4><a href=\"https:\/\/franciscanos.org.br\/banca\/wp-content\/uploads\/2025\/10\/Resumo-da-Exortacao-Apostolica.pdf\"><span style=\"color: #333399;\"><strong>Clique e acesse o resumo do documento<\/strong><\/span><\/a><\/h4>\n<p>Desde as primeiras linhas do documento, Papa Le\u00e3o XIV prop\u00f5e uma reflex\u00e3o que vai al\u00e9m da simples filantropia ou de a\u00e7\u00f5es de caridade isoladas: trata-se de reencontrar, no rosto dos pobres, o pr\u00f3prio rosto de Cristo. \u201cO afeto pelo Senhor une-se ao afeto pelos pobres\u201d, escreve o Papa, recordando que n\u00e3o h\u00e1 verdadeiro culto a Deus sem compaix\u00e3o. O amor aos pobres, portanto, n\u00e3o \u00e9 um gesto opcional, mas \u201ccrit\u00e9rio do verdadeiro culto\u201d, uma dimens\u00e3o essencial da f\u00e9 crist\u00e3 e da miss\u00e3o eclesial.<\/p>\n<h3><strong><img decoding=\"async\" loading=\"lazy\" class=\"aligncenter wp-image-196454 size-full\" src=\"https:\/\/franciscanos.org.br\/vidacrista\/wp-content\/uploads\/2025\/10\/materia-8.jpg\" alt=\"\" width=\"1280\" height=\"720\" srcset=\"https:\/\/franciscanos.org.br\/vidacrista\/wp-content\/uploads\/2025\/10\/materia-8.jpg 1280w, https:\/\/franciscanos.org.br\/vidacrista\/wp-content\/uploads\/2025\/10\/materia-8-450x253.jpg 450w, https:\/\/franciscanos.org.br\/vidacrista\/wp-content\/uploads\/2025\/10\/materia-8-1024x576.jpg 1024w, https:\/\/franciscanos.org.br\/vidacrista\/wp-content\/uploads\/2025\/10\/materia-8-768x432.jpg 768w, https:\/\/franciscanos.org.br\/vidacrista\/wp-content\/uploads\/2025\/10\/materia-8-150x84.jpg 150w\" sizes=\"(max-width: 1280px) 100vw, 1280px\" \/><\/strong><\/h3>\n<h3><strong>Heran\u00e7a espiritual do pontificado<\/strong><\/h3>\n<p>Le\u00e3o XIV, ao assumir este texto como sua primeira exorta\u00e7\u00e3o apost\u00f3lica, manifesta profunda gratid\u00e3o e continuidade em rela\u00e7\u00e3o ao legado de Francisco, conforme apresentado no site do Dicast\u00e9rio. \u201cAo receber como heran\u00e7a este projeto, sinto-me feliz ao assumi-lo como meu \u2013 acrescentando algumas reflex\u00f5es \u2013 e ao apresent\u00e1-lo no in\u00edcio do meu pontificado, partilhando o desejo do meu amado Predecessor de que todos os crist\u00e3os possam perceber a forte liga\u00e7\u00e3o existente entre o amor de Cristo e o seu chamamento a tornarmo-nos pr\u00f3ximos dos pobres\u201d, escreveu o Papa Le\u00e3o (DT 3).<\/p>\n<p>O Pont\u00edfice afirma que esse caminho de santifica\u00e7\u00e3o se revela justamente \u201cno apelo a reconhec\u00ea-Lo nos pobres e atribulados\u201d, pois ali se manifesta \u201co pr\u00f3prio cora\u00e7\u00e3o de Cristo, os seus sentimentos e as suas op\u00e7\u00f5es mais profundas\u201d.<\/p>\n<h3><strong>A op\u00e7\u00e3o preferencial pelos pobres<\/strong><\/h3>\n<p>Um dos eixos centrais de Dilexi te \u00e9 a reafirma\u00e7\u00e3o da op\u00e7\u00e3o preferencial pelos pobres, heran\u00e7a do Evangelho e da Doutrina Social da Igreja. Le\u00e3o XIV declara estar \u201cconvencido de que a op\u00e7\u00e3o preferencial pelos pobres gera uma renova\u00e7\u00e3o extraordin\u00e1ria tanto na Igreja como na sociedade, quando somos capazes de nos libertar da autorreferencialidade e conseguimos ouvir o seu clamor\u201d (DT 7).<\/p>\n<p>O Santo Padre adverte, por\u00e9m, que essa prefer\u00eancia \u201cnunca diz respeito a um exclusivismo ou a uma discrimina\u00e7\u00e3o em rela\u00e7\u00e3o a outros grupos, que em Deus seria imposs\u00edvel\u201d. Ao contr\u00e1rio, ela expressa \u201co agir de Deus que, por compaix\u00e3o, se dirige \u00e0 pobreza e \u00e0 fraqueza da humanidade inteira e que, querendo inaugurar um Reino de justi\u00e7a, fraternidade e solidariedade, tem particularmente a peito aqueles que s\u00e3o discriminados e oprimidos, pedindo-nos tamb\u00e9m a n\u00f3s, sua Igreja, uma decidida e radical posi\u00e7\u00e3o em favor dos mais fracos\u201d (DT 16).<\/p>\n<p>Nesse sentido, Papa Le\u00e3o XIV destaca que a Igreja \u00e9 chamada a ser n\u00e3o apenas \u201cuma Igreja com os pobres\u201d, mas \u201cuma Igreja para os pobres\u201d, recordando que \u201cn\u00e3o estamos no horizonte da benefic\u00eancia, mas no da Revela\u00e7\u00e3o\u201d (DT 5). O documento resgata \u201cnumerosas p\u00e1ginas do Antigo Testamento, nas quais Deus \u00e9 apresentado como amigo e libertador dos pobres\u201d, e reafirma: \u201cNo cora\u00e7\u00e3o de Deus, ocupam lugar preferencial os pobres [\u2026]. Todo o caminho da nossa reden\u00e7\u00e3o est\u00e1 assinalado pelos pobres\u201d (DT 17).<\/p>\n<h3><strong><img decoding=\"async\" loading=\"lazy\" class=\"aligncenter wp-image-196455 size-full\" src=\"https:\/\/franciscanos.org.br\/vidacrista\/wp-content\/uploads\/2025\/10\/materia-2.jpg\" alt=\"\" width=\"1280\" height=\"720\" srcset=\"https:\/\/franciscanos.org.br\/vidacrista\/wp-content\/uploads\/2025\/10\/materia-2.jpg 1280w, https:\/\/franciscanos.org.br\/vidacrista\/wp-content\/uploads\/2025\/10\/materia-2-450x253.jpg 450w, https:\/\/franciscanos.org.br\/vidacrista\/wp-content\/uploads\/2025\/10\/materia-2-1024x576.jpg 1024w, https:\/\/franciscanos.org.br\/vidacrista\/wp-content\/uploads\/2025\/10\/materia-2-768x432.jpg 768w, https:\/\/franciscanos.org.br\/vidacrista\/wp-content\/uploads\/2025\/10\/materia-2-150x84.jpg 150w\" sizes=\"(max-width: 1280px) 100vw, 1280px\" \/><\/strong><\/h3>\n<h3><strong>Os pobres: mestres do Evangelho<\/strong><\/h3>\n<p>A exorta\u00e7\u00e3o prop\u00f5e uma mudan\u00e7a profunda de olhar e de atitude diante da pobreza. \u201cOs mais pobres n\u00e3o s\u00e3o mero objeto da nossa compaix\u00e3o, mas mestres do Evangelho. N\u00e3o se trata de lhes \u2018levar Deus\u2019, mas de encontr\u00e1-Lo ali\u201d (DT 79), ensina o Papa. A rela\u00e7\u00e3o com os pobres, portanto, n\u00e3o pode ser reduzida a uma dimens\u00e3o pastoral ou assistencial.<\/p>\n<p>\u201cO crist\u00e3o n\u00e3o pode considerar os pobres apenas como um problema social: eles s\u00e3o uma \u2018quest\u00e3o familiar\u2019. Pertencem \u2018aos nossos\u2019. A rela\u00e7\u00e3o com eles n\u00e3o pode ser reduzida a uma atividade ou departamento da Igreja\u201d (DT 104). O Santo Padre cita S\u00e3o Jo\u00e3o Paulo II para recordar o papel ativo dos pobres na renova\u00e7\u00e3o da Igreja e da sociedade, \u201cdeixando para tr\u00e1s o paternalismo da mera assist\u00eancia \u00e0s suas imediatas necessidades\u201d (DT 87).<\/p>\n<p>Le\u00e3o XIV vai ainda mais longe ao afirmar que a experi\u00eancia crist\u00e3 se transforma quando se reconhece que \u201cs\u00e3o precisamente os pobres que nos evangelizam\u201d (DT 109). Essa invers\u00e3o de perspectiva, t\u00e3o caracter\u00edstica da tradi\u00e7\u00e3o evang\u00e9lica e franciscana, desafia cada batizado a viver a f\u00e9 como encontro e partilha, e n\u00e3o como superioridade ou posse.<\/p>\n<h3><strong>Convers\u00e3o, compromisso e santifica\u00e7\u00e3o<\/strong><\/h3>\n<p><strong><em>Dilexi te<\/em><\/strong> convida a Igreja a uma renova\u00e7\u00e3o profunda da pr\u00f3pria identidade, voltando-se para os pobres n\u00e3o como destinat\u00e1rios, mas como protagonistas da f\u00e9. \u201cSe n\u00e3o quisermos sair da corrente viva da Igreja que brota do Evangelho e fecunda cada momento hist\u00f3rico, n\u00e3o podemos esquecer os pobres\u201d, adverte o Pont\u00edfice.<\/p>\n<p>O documento tamb\u00e9m denuncia a cultura da indiferen\u00e7a e do descarte, reafirmando que a caridade crist\u00e3 exige transforma\u00e7\u00e3o estrutural e pessoal. A op\u00e7\u00e3o pelos pobres, lembra o Papa, n\u00e3o \u00e9 apenas um ato de solidariedade, mas um caminho de santifica\u00e7\u00e3o, no qual o disc\u00edpulo de Cristo se configura ao seu Mestre.<\/p>\n<h3><strong>A heran\u00e7a franciscana do amor aos pobres<\/strong><\/h3>\n<p>N\u00e3o \u00e9 coincid\u00eancia que Dilexi te tenha sido assinada no dia de S\u00e3o Francisco de Assis. O \u201cPoverello\u201d permanece como \u00edcone do amor radical aos pobres e da total identifica\u00e7\u00e3o com o Cristo crucificado. Ao escolher essa data, Le\u00e3o XIV manifesta o desejo de inscrever seu pontificado na mesma linhagem espiritual de Francisco: uma Igreja simples, pr\u00f3xima, despojada e misericordiosa.<\/p>\n<p>A espiritualidade franciscana sempre viu nos pobres a presen\u00e7a viva do Senhor. S\u00e3o Francisco n\u00e3o os servia apenas; ele se fazia um deles. A pobreza, para o santo de Assis, era o caminho da comunh\u00e3o e da liberdade interior, express\u00e3o de confian\u00e7a absoluta em Deus.<\/p>\n<p>Em suas palavras finais, Le\u00e3o XIV expressa o desejo de que todos os crist\u00e3os se tornem sinais concretos do amor de Cristo:<\/p>\n<p>\u201cQuer atrav\u00e9s do vosso trabalho, quer atrav\u00e9s do vosso empenho em mudar as estruturas sociais injustas, quer atrav\u00e9s daquele gesto de ajuda simples, muito pessoal e pr\u00f3ximo, ser\u00e1 poss\u00edvel que aquele pobre sinta serem para ele as palavras de Jesus: \u2018Eu te amei\u2019\u201d (DT 121).<\/p>\n<p><a href=\"https:\/\/franciscanos.org.br\/banca\/wp-content\/uploads\/2025\/10\/Exortacao-Apostolica-Dilexi-Te-do-Santo-Padre-Leao-XIV-sobre-o-amor-para-com-os-pobres-4-de-outubro-de-2025.pdf\"><span style=\"color: #333399;\"><strong>CLIQUE E ACESSE O DOCUMENTO NA \u00cdNTEGRA<\/strong><\/span><\/a><\/p>\n<hr \/>\n<p>&nbsp;<\/p>\n<p><em>Adriana Rabelo Rodrigues<\/em><\/p>\n<p>Fontes: www.vaticannews.va \/ www.cnbb.org.br\/\u00a0 www.humandevelopment.va<\/p>\n<p><strong>Acesse os infogr\u00e1ficos produzidos pela Dicast\u00e9rio para o Servi\u00e7o do Desenvolvimento Humano Integral:<\/strong><\/p>\n<p><a href=\"https:\/\/franciscanos.org.br\/banca\/wp-content\/uploads\/2025\/10\/01-PT-Infographic-Dilexi-Te.pdf\">https:\/\/franciscanos.org.br\/banca\/wp-content\/uploads\/2025\/10\/01-PT-Infographic-Dilexi-Te.pdf<\/a><\/p>\n<p><a href=\"https:\/\/franciscanos.org.br\/banca\/wp-content\/uploads\/2025\/10\/02-PT-Infographic-Dilexi-Te.pdf\">https:\/\/franciscanos.org.br\/banca\/wp-content\/uploads\/2025\/10\/02-PT-Infographic-Dilexi-Te.pdf<\/a><\/p>\n<p><a href=\"https:\/\/franciscanos.org.br\/banca\/wp-content\/uploads\/2025\/10\/03-PT-Infographic-Dilexi-Te.pdf\">https:\/\/franciscanos.org.br\/banca\/wp-content\/uploads\/2025\/10\/03-PT-Infographic-Dilexi-Te.pdf<\/a><\/p>\n","protected":false},"excerpt":{"rendered":"<p>Exorta\u00e7\u00e3o Apost\u00f3lica Dilexi te<\/p>\n","protected":false},"author":10,"featured_media":196452,"comment_status":"open","ping_status":"open","sticky":false,"template":"","format":"standard","meta":{"footnotes":""},"categories":[22],"tags":[418,417,419],"yoast_head":"<!-- This site is optimized with the Yoast SEO plugin v19.4 - https:\/\/yoast.com\/wordpress\/plugins\/seo\/ -->\n<title>\u201cDilexi te\u201d: o amor aos pobres no cora\u00e7\u00e3o da nova Exorta\u00e7\u00e3o Apost\u00f3lica do Papa Le\u00e3o XIV - Vida Crist\u00e3 - Franciscanos<\/title>\n<meta name=\"robots\" content=\"index, follow, max-snippet:-1, max-image-preview:large, max-video-preview:-1\" \/>\n<link rel=\"canonical\" href=\"https:\/\/franciscanos.org.br\/vidacrista\/dilexi-te-o-amor-aos-pobres-no-coracao-da-nova-exortacao-apostolica-de-leao-xiv\/\" \/>\n<meta property=\"og:locale\" content=\"pt_BR\" \/>\n<meta property=\"og:type\" content=\"article\" \/>\n<meta property=\"og:title\" content=\"\u201cDilexi te\u201d: o amor aos pobres no cora\u00e7\u00e3o da nova Exorta\u00e7\u00e3o Apost\u00f3lica do Papa Le\u00e3o XIV - Vida Crist\u00e3 - Franciscanos\" \/>\n<meta property=\"og:description\" content=\"Exorta\u00e7\u00e3o Apost\u00f3lica Dilexi te\" \/>\n<meta property=\"og:url\" content=\"https:\/\/franciscanos.org.br\/vidacrista\/dilexi-te-o-amor-aos-pobres-no-coracao-da-nova-exortacao-apostolica-de-leao-xiv\/\" \/>\n<meta property=\"og:site_name\" content=\"Vida Crist\u00e3 - Franciscanos\" \/>\n<meta property=\"article:published_time\" content=\"2025-10-09T18:52:57+00:00\" \/>\n<meta property=\"article:modified_time\" content=\"2025-10-09T19:04:39+00:00\" \/>\n<meta property=\"og:image\" content=\"https:\/\/franciscanos.org.br\/vidacrista\/wp-content\/uploads\/2025\/10\/chamada-2.jpg\" \/>\n\t<meta property=\"og:image:width\" content=\"800\" \/>\n\t<meta property=\"og:image:height\" content=\"550\" \/>\n\t<meta property=\"og:image:type\" content=\"image\/jpeg\" \/>\n<meta name=\"author\" content=\"Adriana Rabelo\" \/>\n<meta name=\"twitter:card\" content=\"summary_large_image\" \/>\n<meta name=\"twitter:label1\" content=\"Escrito por\" \/>\n\t<meta name=\"twitter:data1\" content=\"Adriana Rabelo\" \/>\n\t<meta name=\"twitter:label2\" content=\"Est. tempo de leitura\" \/>\n\t<meta name=\"twitter:data2\" content=\"7 minutos\" \/>\n<script type=\"application\/ld+json\" class=\"yoast-schema-graph\">{\"@context\":\"https:\/\/schema.org\",\"@graph\":[{\"@type\":\"WebSite\",\"@id\":\"https:\/\/franciscanos.org.br\/vidacrista\/#website\",\"url\":\"https:\/\/franciscanos.org.br\/vidacrista\/\",\"name\":\"Vida Crist\u00e3 - Franciscanos\",\"description\":\"Prov\u00edncia Franciscana da Imaculada Concei\u00e7\u00e3o do Brasil - Ordem dos Frades Menores\",\"potentialAction\":[{\"@type\":\"SearchAction\",\"target\":{\"@type\":\"EntryPoint\",\"urlTemplate\":\"https:\/\/franciscanos.org.br\/vidacrista\/?s={search_term_string}\"},\"query-input\":\"required name=search_term_string\"}],\"inLanguage\":\"pt-BR\"},{\"@type\":\"WebPage\",\"@id\":\"https:\/\/franciscanos.org.br\/vidacrista\/dilexi-te-o-amor-aos-pobres-no-coracao-da-nova-exortacao-apostolica-de-leao-xiv\/\",\"url\":\"https:\/\/franciscanos.org.br\/vidacrista\/dilexi-te-o-amor-aos-pobres-no-coracao-da-nova-exortacao-apostolica-de-leao-xiv\/\",\"name\":\"\u201cDilexi te\u201d: o amor aos pobres no cora\u00e7\u00e3o da nova Exorta\u00e7\u00e3o Apost\u00f3lica do Papa Le\u00e3o XIV - Vida Crist\u00e3 - Franciscanos\",\"isPartOf\":{\"@id\":\"https:\/\/franciscanos.org.br\/vidacrista\/#website\"},\"datePublished\":\"2025-10-09T18:52:57+00:00\",\"dateModified\":\"2025-10-09T19:04:39+00:00\",\"author\":{\"@id\":\"https:\/\/franciscanos.org.br\/vidacrista\/#\/schema\/person\/a0cbb2edfc0aecf8ac498802d1cb57b5\"},\"breadcrumb\":{\"@id\":\"https:\/\/franciscanos.org.br\/vidacrista\/dilexi-te-o-amor-aos-pobres-no-coracao-da-nova-exortacao-apostolica-de-leao-xiv\/#breadcrumb\"},\"inLanguage\":\"pt-BR\",\"potentialAction\":[{\"@type\":\"ReadAction\",\"target\":[\"https:\/\/franciscanos.org.br\/vidacrista\/dilexi-te-o-amor-aos-pobres-no-coracao-da-nova-exortacao-apostolica-de-leao-xiv\/\"]}]},{\"@type\":\"BreadcrumbList\",\"@id\":\"https:\/\/franciscanos.org.br\/vidacrista\/dilexi-te-o-amor-aos-pobres-no-coracao-da-nova-exortacao-apostolica-de-leao-xiv\/#breadcrumb\",\"itemListElement\":[{\"@type\":\"ListItem\",\"position\":1,\"name\":\"Home\",\"item\":\"https:\/\/franciscanos.org.br\/vidacrista\/\"},{\"@type\":\"ListItem\",\"position\":2,\"name\":\"\u201cDilexi te\u201d: o amor aos pobres no cora\u00e7\u00e3o da nova Exorta\u00e7\u00e3o Apost\u00f3lica do Papa Le\u00e3o XIV\"}]},{\"@type\":\"Person\",\"@id\":\"https:\/\/franciscanos.org.br\/vidacrista\/#\/schema\/person\/a0cbb2edfc0aecf8ac498802d1cb57b5\",\"name\":\"Adriana Rabelo\",\"image\":{\"@type\":\"ImageObject\",\"inLanguage\":\"pt-BR\",\"@id\":\"https:\/\/franciscanos.org.br\/vidacrista\/#\/schema\/person\/image\/\",\"url\":\"https:\/\/secure.gravatar.com\/avatar\/0a937b7500cd7df77540cfb8bede877d?s=96&d=mm&r=g\",\"contentUrl\":\"https:\/\/secure.gravatar.com\/avatar\/0a937b7500cd7df77540cfb8bede877d?s=96&d=mm&r=g\",\"caption\":\"Adriana Rabelo\"},\"url\":\"https:\/\/franciscanos.org.br\/vidacrista\/author\/adrianarabelo\/\"}]}<\/script>\n<!-- \/ Yoast SEO plugin. -->","yoast_head_json":{"title":"\u201cDilexi te\u201d: o amor aos pobres no cora\u00e7\u00e3o da nova Exorta\u00e7\u00e3o Apost\u00f3lica do Papa Le\u00e3o XIV - Vida Crist\u00e3 - Franciscanos","robots":{"index":"index","follow":"follow","max-snippet":"max-snippet:-1","max-image-preview":"max-image-preview:large","max-video-preview":"max-video-preview:-1"},"canonical":"https:\/\/franciscanos.org.br\/vidacrista\/dilexi-te-o-amor-aos-pobres-no-coracao-da-nova-exortacao-apostolica-de-leao-xiv\/","og_locale":"pt_BR","og_type":"article","og_title":"\u201cDilexi te\u201d: o amor aos pobres no cora\u00e7\u00e3o da nova Exorta\u00e7\u00e3o Apost\u00f3lica do Papa Le\u00e3o XIV - Vida Crist\u00e3 - Franciscanos","og_description":"Exorta\u00e7\u00e3o Apost\u00f3lica Dilexi te","og_url":"https:\/\/franciscanos.org.br\/vidacrista\/dilexi-te-o-amor-aos-pobres-no-coracao-da-nova-exortacao-apostolica-de-leao-xiv\/","og_site_name":"Vida Crist\u00e3 - Franciscanos","article_published_time":"2025-10-09T18:52:57+00:00","article_modified_time":"2025-10-09T19:04:39+00:00","og_image":[{"width":800,"height":550,"url":"https:\/\/franciscanos.org.br\/vidacrista\/wp-content\/uploads\/2025\/10\/chamada-2.jpg","type":"image\/jpeg"}],"author":"Adriana Rabelo","twitter_card":"summary_large_image","twitter_misc":{"Escrito por":"Adriana Rabelo","Est. tempo de leitura":"7 minutos"},"schema":{"@context":"https:\/\/schema.org","@graph":[{"@type":"WebSite","@id":"https:\/\/franciscanos.org.br\/vidacrista\/#website","url":"https:\/\/franciscanos.org.br\/vidacrista\/","name":"Vida Crist\u00e3 - Franciscanos","description":"Prov\u00edncia Franciscana da Imaculada Concei\u00e7\u00e3o do Brasil - Ordem dos Frades Menores","potentialAction":[{"@type":"SearchAction","target":{"@type":"EntryPoint","urlTemplate":"https:\/\/franciscanos.org.br\/vidacrista\/?s={search_term_string}"},"query-input":"required name=search_term_string"}],"inLanguage":"pt-BR"},{"@type":"WebPage","@id":"https:\/\/franciscanos.org.br\/vidacrista\/dilexi-te-o-amor-aos-pobres-no-coracao-da-nova-exortacao-apostolica-de-leao-xiv\/","url":"https:\/\/franciscanos.org.br\/vidacrista\/dilexi-te-o-amor-aos-pobres-no-coracao-da-nova-exortacao-apostolica-de-leao-xiv\/","name":"\u201cDilexi te\u201d: o amor aos pobres no cora\u00e7\u00e3o da nova Exorta\u00e7\u00e3o Apost\u00f3lica do Papa Le\u00e3o XIV - Vida Crist\u00e3 - Franciscanos","isPartOf":{"@id":"https:\/\/franciscanos.org.br\/vidacrista\/#website"},"datePublished":"2025-10-09T18:52:57+00:00","dateModified":"2025-10-09T19:04:39+00:00","author":{"@id":"https:\/\/franciscanos.org.br\/vidacrista\/#\/schema\/person\/a0cbb2edfc0aecf8ac498802d1cb57b5"},"breadcrumb":{"@id":"https:\/\/franciscanos.org.br\/vidacrista\/dilexi-te-o-amor-aos-pobres-no-coracao-da-nova-exortacao-apostolica-de-leao-xiv\/#breadcrumb"},"inLanguage":"pt-BR","potentialAction":[{"@type":"ReadAction","target":["https:\/\/franciscanos.org.br\/vidacrista\/dilexi-te-o-amor-aos-pobres-no-coracao-da-nova-exortacao-apostolica-de-leao-xiv\/"]}]},{"@type":"BreadcrumbList","@id":"https:\/\/franciscanos.org.br\/vidacrista\/dilexi-te-o-amor-aos-pobres-no-coracao-da-nova-exortacao-apostolica-de-leao-xiv\/#breadcrumb","itemListElement":[{"@type":"ListItem","position":1,"name":"Home","item":"https:\/\/franciscanos.org.br\/vidacrista\/"},{"@type":"ListItem","position":2,"name":"\u201cDilexi te\u201d: o amor aos pobres no cora\u00e7\u00e3o da nova Exorta\u00e7\u00e3o Apost\u00f3lica do Papa Le\u00e3o XIV"}]},{"@type":"Person","@id":"https:\/\/franciscanos.org.br\/vidacrista\/#\/schema\/person\/a0cbb2edfc0aecf8ac498802d1cb57b5","name":"Adriana Rabelo","image":{"@type":"ImageObject","inLanguage":"pt-BR","@id":"https:\/\/franciscanos.org.br\/vidacrista\/#\/schema\/person\/image\/","url":"https:\/\/secure.gravatar.com\/avatar\/0a937b7500cd7df77540cfb8bede877d?s=96&d=mm&r=g","contentUrl":"https:\/\/secure.gravatar.com\/avatar\/0a937b7500cd7df77540cfb8bede877d?s=96&d=mm&r=g","caption":"Adriana Rabelo"},"url":"https:\/\/franciscanos.org.br\/vidacrista\/author\/adrianarabelo\/"}]}},"_links":{"self":[{"href":"https:\/\/franciscanos.org.br\/vidacrista\/wp-json\/wp\/v2\/posts\/196451"}],"collection":[{"href":"https:\/\/franciscanos.org.br\/vidacrista\/wp-json\/wp\/v2\/posts"}],"about":[{"href":"https:\/\/franciscanos.org.br\/vidacrista\/wp-json\/wp\/v2\/types\/post"}],"author":[{"embeddable":true,"href":"https:\/\/franciscanos.org.br\/vidacrista\/wp-json\/wp\/v2\/users\/10"}],"replies":[{"embeddable":true,"href":"https:\/\/franciscanos.org.br\/vidacrista\/wp-json\/wp\/v2\/comments?post=196451"}],"version-history":[{"count":3,"href":"https:\/\/franciscanos.org.br\/vidacrista\/wp-json\/wp\/v2\/posts\/196451\/revisions"}],"predecessor-version":[{"id":196459,"href":"https:\/\/franciscanos.org.br\/vidacrista\/wp-json\/wp\/v2\/posts\/196451\/revisions\/196459"}],"wp:featuredmedia":[{"embeddable":true,"href":"https:\/\/franciscanos.org.br\/vidacrista\/wp-json\/wp\/v2\/media\/196452"}],"wp:attachment":[{"href":"https:\/\/franciscanos.org.br\/vidacrista\/wp-json\/wp\/v2\/media?parent=196451"}],"wp:term":[{"taxonomy":"category","embeddable":true,"href":"https:\/\/franciscanos.org.br\/vidacrista\/wp-json\/wp\/v2\/categories?post=196451"},{"taxonomy":"post_tag","embeddable":true,"href":"https:\/\/franciscanos.org.br\/vidacrista\/wp-json\/wp\/v2\/tags?post=196451"}],"curies":[{"name":"wp","href":"https:\/\/api.w.org\/{rel}","templated":true}]}}