{"id":196404,"date":"2025-10-09T11:27:08","date_gmt":"2025-10-09T14:27:08","guid":{"rendered":"https:\/\/franciscanos.org.br\/vidacrista\/?p=196404"},"modified":"2025-10-09T13:50:55","modified_gmt":"2025-10-09T16:50:55","slug":"memorias-franciscanas-na-ilha-do-fundao-a-historia-do-convento-bom-jesus","status":"publish","type":"post","link":"https:\/\/franciscanos.org.br\/vidacrista\/memorias-franciscanas-na-ilha-do-fundao-a-historia-do-convento-bom-jesus\/","title":{"rendered":"Mem\u00f3rias franciscanas na Ilha do Fund\u00e3o: a hist\u00f3ria do Convento Bom Jesus"},"content":{"rendered":"<p><img decoding=\"async\" loading=\"lazy\" class=\"aligncenter wp-image-196405 size-full\" src=\"https:\/\/franciscanos.org.br\/vidacrista\/wp-content\/uploads\/2025\/10\/MATERIA-1.jpg\" alt=\"\" width=\"1280\" height=\"720\" srcset=\"https:\/\/franciscanos.org.br\/vidacrista\/wp-content\/uploads\/2025\/10\/MATERIA-1.jpg 1280w, https:\/\/franciscanos.org.br\/vidacrista\/wp-content\/uploads\/2025\/10\/MATERIA-1-450x253.jpg 450w, https:\/\/franciscanos.org.br\/vidacrista\/wp-content\/uploads\/2025\/10\/MATERIA-1-1024x576.jpg 1024w, https:\/\/franciscanos.org.br\/vidacrista\/wp-content\/uploads\/2025\/10\/MATERIA-1-768x432.jpg 768w, https:\/\/franciscanos.org.br\/vidacrista\/wp-content\/uploads\/2025\/10\/MATERIA-1-150x84.jpg 150w\" sizes=\"(max-width: 1280px) 100vw, 1280px\" \/><\/p>\n<p>No dia 05 de junho de 2025 a equipe do ITF fez uma visita t\u00e9cnica ao Convento Santo Ant\u00f4nio, no Rio de Janeiro, para preparar o Congresso Franciscano. Na volta, o grupo fez uma parada na Ilha do Fund\u00e3o, na Ba\u00eda da Guanabara, para visitar a Igreja de Bom Jesus da Ilha. Poucos conhecem este templo, que, diga-se de passagem, \u00e9 muito bem conservado. Frei Sandro Roberto da Costa, Diretor do ITF, conseguiu o contato do Capel\u00e3o que cuida atualmente da Igreja, Padre Lindemberg, que muito solicitamente anuiu ao pedido, colocando \u00e0 disposi\u00e7\u00e3o uma religiosa, Irm\u00e3 Eva, para guiar a equipe durante a visita. A Igreja \u00e9 hoje o \u00fanico pr\u00e9dio remanescente daquele que um dia foi um convento franciscano, no meio da Ba\u00eda da Guanabara.<\/p>\n<h3><strong>Um pouco de hist\u00f3ria<\/strong><\/h3>\n<p><img decoding=\"async\" loading=\"lazy\" class=\"size-medium wp-image-196410 alignright\" src=\"https:\/\/franciscanos.org.br\/vidacrista\/wp-content\/uploads\/2025\/10\/IMG-20251008-WA0005-338x450.jpg\" alt=\"\" width=\"338\" height=\"450\" srcset=\"https:\/\/franciscanos.org.br\/vidacrista\/wp-content\/uploads\/2025\/10\/IMG-20251008-WA0005-338x450.jpg 338w, https:\/\/franciscanos.org.br\/vidacrista\/wp-content\/uploads\/2025\/10\/IMG-20251008-WA0005-768x1024.jpg 768w, https:\/\/franciscanos.org.br\/vidacrista\/wp-content\/uploads\/2025\/10\/IMG-20251008-WA0005-150x200.jpg 150w, https:\/\/franciscanos.org.br\/vidacrista\/wp-content\/uploads\/2025\/10\/IMG-20251008-WA0005.jpg 810w\" sizes=\"(max-width: 338px) 100vw, 338px\" \/>A constru\u00e7\u00e3o do convento de Bom Jesus da Ilha iniciou-se em 1704. O local era conhecido como Ilha da Caqueira, uma das oito ilhas que compunham o conjunto de ilhas, que, entre 1940 e 1950, foram soterradas e agrupadas, para possibilitar a constru\u00e7\u00e3o da Universidade Federal do Rio de Janeiro. Depois disso, passou a denominar-se Ilha do Fund\u00e3o.<\/p>\n<p>A constru\u00e7\u00e3o do Convento e Igreja foi motivada pela necessidade de a Prov\u00edncia ter um lugar adequado para acolher os frades doentes. A enfermaria do Convento Santo Ant\u00f4nio, em fins de 1600, estava abarrotada. A escolha do lugar deu-se pelo motivo de os frades j\u00e1 terem uma pequena casa na ilha, usada em momentos de passeio e recrea\u00e7\u00e3o, desde fins de 1600. A pequena ilha original foi doada aos frades por D. In\u00eas de Andrade, vi\u00fava do Capit\u00e3o Francisco Teles Barreto, por escritura no ano de 1704. A pedra fundamental foi colocada no ano seguinte. Cinco anos depois, em 1710, o convento ficou pronto. A \u201cIlha da Caqueira\u201d tornou-se a \u201cIlha dos frades\u201d e, depois da constru\u00e7\u00e3o, por causa do padroeiro, tornou-se a \u201cIlha do Bom Jesus\u201d.<\/p>\n<p>Embora fosse constru\u00eddo originalmente para receber os doentes e convalescentes da Prov\u00edncia, o convento tamb\u00e9m recebeu estudantes de filosofia e teologia. E funcionou tamb\u00e9m como noviciado da Prov\u00edncia. Todos os anos, por ocasi\u00e3o da oitava de S\u00e3o Francisco (os dias que se seguem \u00e0 festa de S\u00e3o Francisco, 04 de outubro), D. Jo\u00e3o VI, sua fam\u00edlia e comitiva iam ao convento. Visitavam os frades, depois passavam alguns dias na ilha.<\/p>\n<h3><strong>As requisi\u00e7\u00f5es do Governo Imperial e o fim da presen\u00e7a franciscana<\/strong><\/h3>\n<p>Com o advento da decad\u00eancia e a diminui\u00e7\u00e3o num\u00e9rica n\u00e3o s\u00f3 dos franciscanos, mas dos religiosos em geral no Imp\u00e9rio, a Prov\u00edncia n\u00e3o conseguia preencher todos os cargos nos conventos. O Governo Imperial, por sua vez, n\u00e3o apoiava a vida religiosa. O grande edif\u00edcio, localizado relativamente pr\u00f3ximo do centro da cidade, mas ao mesmo tempo isolado, foi seguidamente solicitado pelo governo para acolher doentes, principalmente aqueles que exigiam isolamento, devido ao risco de cont\u00e1gio. No ano de 1822 o convento foi requisitado para servir de \u201cHospital de L\u00e1zaros\u201d (Lepros\u00e1rio). Foi permitido \u00e0 Prov\u00edncia deixar um ou dois religiosos para cuidar das alfaias e celebrar a missa para os enfermos. Em 1836 uma outra requisi\u00e7\u00e3o foi feita, desta vez para abrigar os Colonos espanh\u00f3is das Can\u00e1rias, v\u00edtimas das \u201cfebres\u201d. Neste per\u00edodo ainda havia um frade como guardi\u00e3o do convento. Em 1850 foi a vez do convento acolher os doentes de c\u00f3lera, que grassava na Bahia.<\/p>\n<p><img decoding=\"async\" loading=\"lazy\" class=\"aligncenter wp-image-196414 size-full\" src=\"https:\/\/franciscanos.org.br\/vidacrista\/wp-content\/uploads\/2025\/10\/materia-10.jpg\" alt=\"\" width=\"1280\" height=\"720\" srcset=\"https:\/\/franciscanos.org.br\/vidacrista\/wp-content\/uploads\/2025\/10\/materia-10.jpg 1280w, https:\/\/franciscanos.org.br\/vidacrista\/wp-content\/uploads\/2025\/10\/materia-10-450x253.jpg 450w, https:\/\/franciscanos.org.br\/vidacrista\/wp-content\/uploads\/2025\/10\/materia-10-1024x576.jpg 1024w, https:\/\/franciscanos.org.br\/vidacrista\/wp-content\/uploads\/2025\/10\/materia-10-768x432.jpg 768w, https:\/\/franciscanos.org.br\/vidacrista\/wp-content\/uploads\/2025\/10\/materia-10-150x84.jpg 150w\" sizes=\"(max-width: 1280px) 100vw, 1280px\" \/><\/p>\n<p>No ano de 1852, o convento e todas as propriedades existentes na ilha, foram cedidos em usufruto, gratuitamente, por vinte anos, \u00e0s Irm\u00e3s alem\u00e3s do Sagrado Cora\u00e7\u00e3o de Maria, que se encarregava da educa\u00e7\u00e3o de meninas. As irm\u00e3s ficaram apenas quatro anos no local. Em 1857, mais uma vez o convento recebia os doentes de febre amarela, por apenas um ano. No ano seguinte, atrav\u00e9s de um contrato entre o governo e a Associa\u00e7\u00e3o Cultural de Coloniza\u00e7\u00e3o, esta \u00faltima passava a gozar do usufruto do convento por cinco anos, devendo pagar, anualmente, 400 contos de r\u00e9is \u00e0 Prov\u00edncia. Devia tamb\u00e9m reservar tr\u00eas celas e um sal\u00e3o ao lado da Igreja, para o guardi\u00e3o ou outros religiosos por ocasi\u00e3o de solenidades. Em 1865 este contrato passou para o Minist\u00e9rio da Guerra, que passou a usar o convento para aquartelamento das tropas, pagando 800 contos de r\u00e9is por ano. Nesta \u00e9poca o n\u00famero de frades na Prov\u00edncia era reduzido. Desde o Aviso do Minist\u00e9rio da Justi\u00e7a, do dia 19 de maio de 1855, os religiosos do Brasil ficavam proibidos de receber novi\u00e7os. A Prov\u00edncia definhava a olhos vistos. O convento, por sua vez, tamb\u00e9m carecia de cuidados, de manuten\u00e7\u00e3o e reforma.<\/p>\n<p><img decoding=\"async\" loading=\"lazy\" class=\"aligncenter wp-image-196408 size-full\" src=\"https:\/\/franciscanos.org.br\/vidacrista\/wp-content\/uploads\/2025\/10\/materia-4.jpg\" alt=\"\" width=\"1280\" height=\"720\" srcset=\"https:\/\/franciscanos.org.br\/vidacrista\/wp-content\/uploads\/2025\/10\/materia-4.jpg 1280w, https:\/\/franciscanos.org.br\/vidacrista\/wp-content\/uploads\/2025\/10\/materia-4-450x253.jpg 450w, https:\/\/franciscanos.org.br\/vidacrista\/wp-content\/uploads\/2025\/10\/materia-4-1024x576.jpg 1024w, https:\/\/franciscanos.org.br\/vidacrista\/wp-content\/uploads\/2025\/10\/materia-4-768x432.jpg 768w, https:\/\/franciscanos.org.br\/vidacrista\/wp-content\/uploads\/2025\/10\/materia-4-150x84.jpg 150w\" sizes=\"(max-width: 1280px) 100vw, 1280px\" \/><\/p>\n<p>Durante a Guerra do Paraguai (1864-1870), o Governo cogitou construir um edif\u00edcio para acolher os soldados mutilados ou doentes que regressavam da guerra. O nome dado \u00e0 constru\u00e7\u00e3o na \u00e9poca era grandiloquente: Asilo para os Inv\u00e1lidos da P\u00e1tria. O terreno do convento foi o escolhido. Consta que os frades n\u00e3o foram consultados. O fato \u00e9 que, no dia 29 de julho de 1868, era inaugurado solenemente, na Ilha do Bom Jesus, o Asilo dos Inv\u00e1lidos da P\u00e1tria. Era uma constru\u00e7\u00e3o nova (ainda n\u00e3o totalmente acabada), mas que tamb\u00e9m ocupava parte do convento. No ano de 1875 foram feitas as negocia\u00e7\u00f5es com a Prov\u00edncia, para a legaliza\u00e7\u00e3o da venda do terreno e do convento ao Governo. O convento e a ilha foram vendidos por 60 ap\u00f3lices da d\u00edvida p\u00fablica, de 1 conto de r\u00e9is cada uma. O \u00faltimo frade que morava na ilha, frei Manuel de Santa Isabel Brand\u00e3o, que servia como Capel\u00e3o do Asilo, foi exonerado em 1875.<\/p>\n<h3><strong>Complexo art\u00edstico e arquitet\u00f4nico<\/strong><\/h3>\n<p>A igreja \u00e9 constitu\u00edda de um bel\u00edssimo altar mor, com ret\u00e1bulo feito de talha dourada, muito bem conservado. Imagens barrocas de S\u00e3o Francisco, Santo Ant\u00f4nio e da Imaculada Concei\u00e7\u00e3o encimam o altar. Chama a aten\u00e7\u00e3o, no entanto, a bel\u00edssima imagem, em tamanho natural, do Senhor Bom Jesus atado \u00e0 Coluna, que d\u00e1 nome ao convento. Dois anjos tocheiros barrocos, em tamanho natural, de madeira, tamb\u00e9m se destacam pela harmonia barroca. H\u00e1 ainda dois altares laterais, mais simples. \u00c9 digno de nota a imagem de Sant\u2019anna, que, segundo afirmam, foi trazida da Fortaleza do Humait\u00e1, pelos soldados que retornaram da Guerra do Paraguai.<\/p>\n\n\t\t<style type=\"text\/css\">\n\t\t\t#gallery-1 {\n\t\t\t\tmargin: auto;\n\t\t\t}\n\t\t\t#gallery-1 .gallery-item {\n\t\t\t\tfloat: left;\n\t\t\t\tmargin-top: 10px;\n\t\t\t\ttext-align: center;\n\t\t\t\twidth: 25%;\n\t\t\t}\n\t\t\t#gallery-1 img {\n\t\t\t\tborder: 2px solid #cfcfcf;\n\t\t\t}\n\t\t\t#gallery-1 .gallery-caption {\n\t\t\t\tmargin-left: 0;\n\t\t\t}\n\t\t\t\/* see gallery_shortcode() in wp-includes\/media.php *\/\n\t\t<\/style>\n\t\t<div id='gallery-1' class='gallery galleryid-196404 gallery-columns-4 gallery-size-thumbnail'><dl class='gallery-item'>\n\t\t\t<dt class='gallery-icon portrait'>\n\t\t\t\t<a href='https:\/\/franciscanos.org.br\/vidacrista\/wp-content\/uploads\/2025\/10\/Imagem-do-WhatsApp-de-2025-10-09-as-12.24.15_513b5192.jpg'><img width=\"300\" height=\"300\" src=\"https:\/\/franciscanos.org.br\/vidacrista\/wp-content\/uploads\/2025\/10\/Imagem-do-WhatsApp-de-2025-10-09-as-12.24.15_513b5192-300x300.jpg\" class=\"attachment-thumbnail size-thumbnail\" alt=\"\" decoding=\"async\" loading=\"lazy\" srcset=\"https:\/\/franciscanos.org.br\/vidacrista\/wp-content\/uploads\/2025\/10\/Imagem-do-WhatsApp-de-2025-10-09-as-12.24.15_513b5192-300x300.jpg 300w, https:\/\/franciscanos.org.br\/vidacrista\/wp-content\/uploads\/2025\/10\/Imagem-do-WhatsApp-de-2025-10-09-as-12.24.15_513b5192-400x400.jpg 400w\" sizes=\"(max-width: 300px) 100vw, 300px\" \/><\/a>\n\t\t\t<\/dt><\/dl><dl class='gallery-item'>\n\t\t\t<dt class='gallery-icon portrait'>\n\t\t\t\t<a href='https:\/\/franciscanos.org.br\/vidacrista\/wp-content\/uploads\/2025\/10\/Imagem-do-WhatsApp-de-2025-10-09-as-12.24.16_2d37a8a0.jpg'><img width=\"300\" height=\"300\" src=\"https:\/\/franciscanos.org.br\/vidacrista\/wp-content\/uploads\/2025\/10\/Imagem-do-WhatsApp-de-2025-10-09-as-12.24.16_2d37a8a0-300x300.jpg\" class=\"attachment-thumbnail size-thumbnail\" alt=\"\" decoding=\"async\" loading=\"lazy\" srcset=\"https:\/\/franciscanos.org.br\/vidacrista\/wp-content\/uploads\/2025\/10\/Imagem-do-WhatsApp-de-2025-10-09-as-12.24.16_2d37a8a0-300x300.jpg 300w, https:\/\/franciscanos.org.br\/vidacrista\/wp-content\/uploads\/2025\/10\/Imagem-do-WhatsApp-de-2025-10-09-as-12.24.16_2d37a8a0-400x400.jpg 400w\" sizes=\"(max-width: 300px) 100vw, 300px\" \/><\/a>\n\t\t\t<\/dt><\/dl><dl class='gallery-item'>\n\t\t\t<dt class='gallery-icon portrait'>\n\t\t\t\t<a href='https:\/\/franciscanos.org.br\/vidacrista\/wp-content\/uploads\/2025\/10\/IMG-20251009-WA0025.jpg'><img width=\"300\" height=\"300\" src=\"https:\/\/franciscanos.org.br\/vidacrista\/wp-content\/uploads\/2025\/10\/IMG-20251009-WA0025-300x300.jpg\" class=\"attachment-thumbnail size-thumbnail\" alt=\"\" decoding=\"async\" loading=\"lazy\" srcset=\"https:\/\/franciscanos.org.br\/vidacrista\/wp-content\/uploads\/2025\/10\/IMG-20251009-WA0025-300x300.jpg 300w, https:\/\/franciscanos.org.br\/vidacrista\/wp-content\/uploads\/2025\/10\/IMG-20251009-WA0025-400x400.jpg 400w\" sizes=\"(max-width: 300px) 100vw, 300px\" \/><\/a>\n\t\t\t<\/dt><\/dl><dl class='gallery-item'>\n\t\t\t<dt class='gallery-icon portrait'>\n\t\t\t\t<a href='https:\/\/franciscanos.org.br\/vidacrista\/wp-content\/uploads\/2025\/10\/IMG-20251009-WA0023.jpg'><img width=\"300\" height=\"300\" src=\"https:\/\/franciscanos.org.br\/vidacrista\/wp-content\/uploads\/2025\/10\/IMG-20251009-WA0023-300x300.jpg\" class=\"attachment-thumbnail size-thumbnail\" alt=\"\" decoding=\"async\" loading=\"lazy\" srcset=\"https:\/\/franciscanos.org.br\/vidacrista\/wp-content\/uploads\/2025\/10\/IMG-20251009-WA0023-300x300.jpg 300w, https:\/\/franciscanos.org.br\/vidacrista\/wp-content\/uploads\/2025\/10\/IMG-20251009-WA0023-400x400.jpg 400w\" sizes=\"(max-width: 300px) 100vw, 300px\" \/><\/a>\n\t\t\t<\/dt><\/dl><br style=\"clear: both\" \/>\n\t\t<\/div>\n\n<p>Logo abaixo do altar m\u00f3r, na frente, no corredor central, h\u00e1 uma bela l\u00e1pide, de pedra de lioz, onde consta o nome do filho da doadora, Ant\u00f4nio Teles de Menezes, que foi padroeiro do convento, mandado fazer por seu filho, Francisco Teles de Barreto de Menezes. No centro do corredor h\u00e1 uma cripta (catacumba), \u00e0 qual \u00e9 poss\u00edvel ter acesso erguendo-se uma porta de madeira.\u00a0 Interessante que \u00e9 a \u00fanica igreja da Prov\u00edncia que tem esta constru\u00e7\u00e3o. Esta cripta foi aterrada e cimentada na \u00e9poca da ocupa\u00e7\u00e3o do convento pelos militares. Mas, n\u00e3o sabemos em que \u00e9poca, foi desaterrada e hoje \u00e9 poss\u00edvel visit\u00e1-la. \u00c9 constitu\u00edda de tr\u00eas carneiros (sepulturas), uma no centro, e duas nas laterais. Nela guarda-se uma urna de metal com os ossos de duas mulheres, parentes dos doadores do terreno.<\/p>\n\n\t\t<style type=\"text\/css\">\n\t\t\t#gallery-2 {\n\t\t\t\tmargin: auto;\n\t\t\t}\n\t\t\t#gallery-2 .gallery-item {\n\t\t\t\tfloat: left;\n\t\t\t\tmargin-top: 10px;\n\t\t\t\ttext-align: center;\n\t\t\t\twidth: 33%;\n\t\t\t}\n\t\t\t#gallery-2 img {\n\t\t\t\tborder: 2px solid #cfcfcf;\n\t\t\t}\n\t\t\t#gallery-2 .gallery-caption {\n\t\t\t\tmargin-left: 0;\n\t\t\t}\n\t\t\t\/* see gallery_shortcode() in wp-includes\/media.php *\/\n\t\t<\/style>\n\t\t<div id='gallery-2' class='gallery galleryid-196404 gallery-columns-3 gallery-size-thumbnail'><dl class='gallery-item'>\n\t\t\t<dt class='gallery-icon portrait'>\n\t\t\t\t<a href='https:\/\/franciscanos.org.br\/vidacrista\/wp-content\/uploads\/2025\/10\/IMG-20251009-WA0018.jpg'><img width=\"300\" height=\"300\" src=\"https:\/\/franciscanos.org.br\/vidacrista\/wp-content\/uploads\/2025\/10\/IMG-20251009-WA0018-300x300.jpg\" class=\"attachment-thumbnail size-thumbnail\" alt=\"\" decoding=\"async\" loading=\"lazy\" srcset=\"https:\/\/franciscanos.org.br\/vidacrista\/wp-content\/uploads\/2025\/10\/IMG-20251009-WA0018-300x300.jpg 300w, https:\/\/franciscanos.org.br\/vidacrista\/wp-content\/uploads\/2025\/10\/IMG-20251009-WA0018-400x400.jpg 400w\" sizes=\"(max-width: 300px) 100vw, 300px\" \/><\/a>\n\t\t\t<\/dt><\/dl><dl class='gallery-item'>\n\t\t\t<dt class='gallery-icon portrait'>\n\t\t\t\t<a href='https:\/\/franciscanos.org.br\/vidacrista\/wp-content\/uploads\/2025\/10\/IMG-20251009-WA0022.jpg'><img width=\"300\" height=\"300\" src=\"https:\/\/franciscanos.org.br\/vidacrista\/wp-content\/uploads\/2025\/10\/IMG-20251009-WA0022-300x300.jpg\" class=\"attachment-thumbnail size-thumbnail\" alt=\"\" decoding=\"async\" loading=\"lazy\" srcset=\"https:\/\/franciscanos.org.br\/vidacrista\/wp-content\/uploads\/2025\/10\/IMG-20251009-WA0022-300x300.jpg 300w, https:\/\/franciscanos.org.br\/vidacrista\/wp-content\/uploads\/2025\/10\/IMG-20251009-WA0022-400x400.jpg 400w\" sizes=\"(max-width: 300px) 100vw, 300px\" \/><\/a>\n\t\t\t<\/dt><\/dl><dl class='gallery-item'>\n\t\t\t<dt class='gallery-icon portrait'>\n\t\t\t\t<a href='https:\/\/franciscanos.org.br\/vidacrista\/wp-content\/uploads\/2025\/10\/IMG-20251009-WA0031.jpg'><img width=\"300\" height=\"300\" src=\"https:\/\/franciscanos.org.br\/vidacrista\/wp-content\/uploads\/2025\/10\/IMG-20251009-WA0031-300x300.jpg\" class=\"attachment-thumbnail size-thumbnail\" alt=\"\" decoding=\"async\" loading=\"lazy\" srcset=\"https:\/\/franciscanos.org.br\/vidacrista\/wp-content\/uploads\/2025\/10\/IMG-20251009-WA0031-300x300.jpg 300w, https:\/\/franciscanos.org.br\/vidacrista\/wp-content\/uploads\/2025\/10\/IMG-20251009-WA0031-400x400.jpg 400w\" sizes=\"(max-width: 300px) 100vw, 300px\" \/><\/a>\n\t\t\t<\/dt><\/dl><br style=\"clear: both\" \/>\n\t\t<\/div>\n\n<p>No lado direito da igreja ainda existe um corredor espa\u00e7oso, que \u00e9 parte daquilo que um dia foi o claustro do convento. O mesmo corredor encontra-se tamb\u00e9m na parte de cima. Esses amplos corredores ao longo de todo o cumprimento da Igreja permitem ter uma ideia da grandiosidade daquela constru\u00e7\u00e3o. Nas fotos antigas percebe-se que existiam dois claustros, um de cada lado da igreja. Hoje o que sobrou \u00e9 apenas a igreja. H\u00e1 ainda a torre sineira, com o sino. Tamb\u00e9m desapareceu o arco cruzeiro, que ficava em frente \u00e0 Igreja. Hoje tamb\u00e9m n\u00e3o h\u00e1 nem sinais dos alicerces do antigo convento. O Asilo dos Inv\u00e1lidos, por sua vez, tamb\u00e9m est\u00e1 em ru\u00ednas, como podemos constatar pelas fotos.<\/p>\n<h3><strong>A igreja hoje<\/strong><\/h3>\n<p>&nbsp;<\/p>\n<p><img decoding=\"async\" loading=\"lazy\" class=\"aligncenter wp-image-196412 size-full\" src=\"https:\/\/franciscanos.org.br\/vidacrista\/wp-content\/uploads\/2025\/10\/materia8.jpg\" alt=\"\" width=\"1280\" height=\"720\" srcset=\"https:\/\/franciscanos.org.br\/vidacrista\/wp-content\/uploads\/2025\/10\/materia8.jpg 1280w, https:\/\/franciscanos.org.br\/vidacrista\/wp-content\/uploads\/2025\/10\/materia8-450x253.jpg 450w, https:\/\/franciscanos.org.br\/vidacrista\/wp-content\/uploads\/2025\/10\/materia8-1024x576.jpg 1024w, https:\/\/franciscanos.org.br\/vidacrista\/wp-content\/uploads\/2025\/10\/materia8-768x432.jpg 768w, https:\/\/franciscanos.org.br\/vidacrista\/wp-content\/uploads\/2025\/10\/materia8-150x84.jpg 150w\" sizes=\"(max-width: 1280px) 100vw, 1280px\" \/><\/p>\n<p>Numa foto em preto e branco do ano de 1909 ainda \u00e9 poss\u00edvel ver-se o complexo todo do que era o convento de Bom Jesus da Ilha. Ao lado da igreja, \u00e0 direita e \u00e0 esquerda est\u00e3o as duas constru\u00e7\u00f5es, que constitu\u00edam os claustros. N\u00e3o conseguimos descobrir em que ano come\u00e7aram as demoli\u00e7\u00f5es do pr\u00e9dio. O fato \u00e9 que, entre 1940 e 1950 foram feitos os aterramentos das v\u00e1rias ilhas, para a constru\u00e7\u00e3o da Cidade Universit\u00e1ria da Universidade federal do Rio de Janeiro. Muito provavelmente todo o material que constitu\u00eda a secular constru\u00e7\u00e3o acabou servindo de aterro para este imenso projeto. S\u00e3o conjecturas, que s\u00f3 uma pesquisa mais acurada, principalmente nos arquivos da Prefeitura do Rio, no Departamento de Obras, ou no Arquivo do Ex\u00e9rcito poder\u00e3o esclarecer. A igreja foi tombada pelo Instituto do Patrim\u00f4nio Hist\u00f3rico e Art\u00edstico Nacional (IPHAN), em 1937. Atualmente est\u00e1 em territ\u00f3rio militar, e tem o t\u00edtulo de &#8220;Santu\u00e1rio Militar Bom Jesus da Coluna&#8221;. Nela s\u00e3o celebradas missas aos domingos, \u00e0s 10 horas, abertas ao p\u00fablico.<\/p>\n<hr \/>\n<p><em>Frei Sandro Roberto da Costa<\/em><\/p>\n\n\t\t<style type=\"text\/css\">\n\t\t\t#gallery-3 {\n\t\t\t\tmargin: auto;\n\t\t\t}\n\t\t\t#gallery-3 .gallery-item {\n\t\t\t\tfloat: left;\n\t\t\t\tmargin-top: 10px;\n\t\t\t\ttext-align: center;\n\t\t\t\twidth: 25%;\n\t\t\t}\n\t\t\t#gallery-3 img {\n\t\t\t\tborder: 2px solid #cfcfcf;\n\t\t\t}\n\t\t\t#gallery-3 .gallery-caption {\n\t\t\t\tmargin-left: 0;\n\t\t\t}\n\t\t\t\/* see gallery_shortcode() in wp-includes\/media.php *\/\n\t\t<\/style>\n\t\t<div id='gallery-3' class='gallery galleryid-196404 gallery-columns-4 gallery-size-thumbnail'><dl class='gallery-item'>\n\t\t\t<dt class='gallery-icon portrait'>\n\t\t\t\t<a href='https:\/\/franciscanos.org.br\/vidacrista\/memorias-franciscanas-na-ilha-do-fundao-a-historia-do-convento-bom-jesus\/img-20251009-wa0025\/'><img width=\"300\" height=\"300\" src=\"https:\/\/franciscanos.org.br\/vidacrista\/wp-content\/uploads\/2025\/10\/IMG-20251009-WA0025-300x300.jpg\" class=\"attachment-thumbnail size-thumbnail\" alt=\"\" decoding=\"async\" loading=\"lazy\" srcset=\"https:\/\/franciscanos.org.br\/vidacrista\/wp-content\/uploads\/2025\/10\/IMG-20251009-WA0025-300x300.jpg 300w, https:\/\/franciscanos.org.br\/vidacrista\/wp-content\/uploads\/2025\/10\/IMG-20251009-WA0025-400x400.jpg 400w\" sizes=\"(max-width: 300px) 100vw, 300px\" \/><\/a>\n\t\t\t<\/dt><\/dl><dl class='gallery-item'>\n\t\t\t<dt class='gallery-icon portrait'>\n\t\t\t\t<a href='https:\/\/franciscanos.org.br\/vidacrista\/memorias-franciscanas-na-ilha-do-fundao-a-historia-do-convento-bom-jesus\/img-20251009-wa0011\/'><img width=\"300\" height=\"300\" src=\"https:\/\/franciscanos.org.br\/vidacrista\/wp-content\/uploads\/2025\/10\/IMG-20251009-WA0011-300x300.jpg\" class=\"attachment-thumbnail size-thumbnail\" alt=\"\" decoding=\"async\" loading=\"lazy\" srcset=\"https:\/\/franciscanos.org.br\/vidacrista\/wp-content\/uploads\/2025\/10\/IMG-20251009-WA0011-300x300.jpg 300w, https:\/\/franciscanos.org.br\/vidacrista\/wp-content\/uploads\/2025\/10\/IMG-20251009-WA0011-400x400.jpg 400w\" sizes=\"(max-width: 300px) 100vw, 300px\" \/><\/a>\n\t\t\t<\/dt><\/dl><dl class='gallery-item'>\n\t\t\t<dt class='gallery-icon portrait'>\n\t\t\t\t<a href='https:\/\/franciscanos.org.br\/vidacrista\/memorias-franciscanas-na-ilha-do-fundao-a-historia-do-convento-bom-jesus\/img-20251009-wa0023\/'><img width=\"300\" height=\"300\" src=\"https:\/\/franciscanos.org.br\/vidacrista\/wp-content\/uploads\/2025\/10\/IMG-20251009-WA0023-300x300.jpg\" class=\"attachment-thumbnail size-thumbnail\" alt=\"\" decoding=\"async\" loading=\"lazy\" srcset=\"https:\/\/franciscanos.org.br\/vidacrista\/wp-content\/uploads\/2025\/10\/IMG-20251009-WA0023-300x300.jpg 300w, https:\/\/franciscanos.org.br\/vidacrista\/wp-content\/uploads\/2025\/10\/IMG-20251009-WA0023-400x400.jpg 400w\" sizes=\"(max-width: 300px) 100vw, 300px\" \/><\/a>\n\t\t\t<\/dt><\/dl><dl class='gallery-item'>\n\t\t\t<dt class='gallery-icon portrait'>\n\t\t\t\t<a href='https:\/\/franciscanos.org.br\/vidacrista\/memorias-franciscanas-na-ilha-do-fundao-a-historia-do-convento-bom-jesus\/imagem-do-whatsapp-de-2025-10-09-as-12-24-16_7422c14d-2\/'><img width=\"300\" height=\"300\" src=\"https:\/\/franciscanos.org.br\/vidacrista\/wp-content\/uploads\/2025\/10\/Imagem-do-WhatsApp-de-2025-10-09-as-12.24.16_7422c14d-1-300x300.jpg\" class=\"attachment-thumbnail size-thumbnail\" alt=\"\" decoding=\"async\" loading=\"lazy\" srcset=\"https:\/\/franciscanos.org.br\/vidacrista\/wp-content\/uploads\/2025\/10\/Imagem-do-WhatsApp-de-2025-10-09-as-12.24.16_7422c14d-1-300x300.jpg 300w, https:\/\/franciscanos.org.br\/vidacrista\/wp-content\/uploads\/2025\/10\/Imagem-do-WhatsApp-de-2025-10-09-as-12.24.16_7422c14d-1-400x400.jpg 400w\" sizes=\"(max-width: 300px) 100vw, 300px\" \/><\/a>\n\t\t\t<\/dt><\/dl><br style=\"clear: both\" \/><dl class='gallery-item'>\n\t\t\t<dt class='gallery-icon portrait'>\n\t\t\t\t<a href='https:\/\/franciscanos.org.br\/vidacrista\/memorias-franciscanas-na-ilha-do-fundao-a-historia-do-convento-bom-jesus\/img-20251008-wa0002\/'><img width=\"300\" height=\"300\" src=\"https:\/\/franciscanos.org.br\/vidacrista\/wp-content\/uploads\/2025\/10\/IMG-20251008-WA0002-300x300.jpg\" class=\"attachment-thumbnail size-thumbnail\" alt=\"\" decoding=\"async\" loading=\"lazy\" srcset=\"https:\/\/franciscanos.org.br\/vidacrista\/wp-content\/uploads\/2025\/10\/IMG-20251008-WA0002-300x300.jpg 300w, https:\/\/franciscanos.org.br\/vidacrista\/wp-content\/uploads\/2025\/10\/IMG-20251008-WA0002-400x400.jpg 400w\" sizes=\"(max-width: 300px) 100vw, 300px\" \/><\/a>\n\t\t\t<\/dt><\/dl><dl class='gallery-item'>\n\t\t\t<dt class='gallery-icon portrait'>\n\t\t\t\t<a href='https:\/\/franciscanos.org.br\/vidacrista\/memorias-franciscanas-na-ilha-do-fundao-a-historia-do-convento-bom-jesus\/img-20251009-wa0009\/'><img width=\"300\" height=\"300\" src=\"https:\/\/franciscanos.org.br\/vidacrista\/wp-content\/uploads\/2025\/10\/IMG-20251009-WA0009-300x300.jpg\" class=\"attachment-thumbnail size-thumbnail\" alt=\"\" decoding=\"async\" loading=\"lazy\" srcset=\"https:\/\/franciscanos.org.br\/vidacrista\/wp-content\/uploads\/2025\/10\/IMG-20251009-WA0009-300x300.jpg 300w, https:\/\/franciscanos.org.br\/vidacrista\/wp-content\/uploads\/2025\/10\/IMG-20251009-WA0009-400x400.jpg 400w\" sizes=\"(max-width: 300px) 100vw, 300px\" \/><\/a>\n\t\t\t<\/dt><\/dl><dl class='gallery-item'>\n\t\t\t<dt class='gallery-icon portrait'>\n\t\t\t\t<a href='https:\/\/franciscanos.org.br\/vidacrista\/memorias-franciscanas-na-ilha-do-fundao-a-historia-do-convento-bom-jesus\/img-20251009-wa0010\/'><img width=\"300\" height=\"300\" src=\"https:\/\/franciscanos.org.br\/vidacrista\/wp-content\/uploads\/2025\/10\/IMG-20251009-WA0010-300x300.jpg\" class=\"attachment-thumbnail size-thumbnail\" alt=\"\" decoding=\"async\" loading=\"lazy\" srcset=\"https:\/\/franciscanos.org.br\/vidacrista\/wp-content\/uploads\/2025\/10\/IMG-20251009-WA0010-300x300.jpg 300w, https:\/\/franciscanos.org.br\/vidacrista\/wp-content\/uploads\/2025\/10\/IMG-20251009-WA0010-400x400.jpg 400w\" sizes=\"(max-width: 300px) 100vw, 300px\" \/><\/a>\n\t\t\t<\/dt><\/dl><dl class='gallery-item'>\n\t\t\t<dt class='gallery-icon portrait'>\n\t\t\t\t<a href='https:\/\/franciscanos.org.br\/vidacrista\/memorias-franciscanas-na-ilha-do-fundao-a-historia-do-convento-bom-jesus\/img-20251009-wa0011-2\/'><img width=\"300\" height=\"300\" src=\"https:\/\/franciscanos.org.br\/vidacrista\/wp-content\/uploads\/2025\/10\/IMG-20251009-WA0011-1-300x300.jpg\" class=\"attachment-thumbnail size-thumbnail\" alt=\"\" decoding=\"async\" loading=\"lazy\" srcset=\"https:\/\/franciscanos.org.br\/vidacrista\/wp-content\/uploads\/2025\/10\/IMG-20251009-WA0011-1-300x300.jpg 300w, https:\/\/franciscanos.org.br\/vidacrista\/wp-content\/uploads\/2025\/10\/IMG-20251009-WA0011-1-400x400.jpg 400w\" sizes=\"(max-width: 300px) 100vw, 300px\" \/><\/a>\n\t\t\t<\/dt><\/dl><br style=\"clear: both\" \/><dl class='gallery-item'>\n\t\t\t<dt class='gallery-icon portrait'>\n\t\t\t\t<a href='https:\/\/franciscanos.org.br\/vidacrista\/memorias-franciscanas-na-ilha-do-fundao-a-historia-do-convento-bom-jesus\/img-20251009-wa0012\/'><img width=\"300\" height=\"300\" src=\"https:\/\/franciscanos.org.br\/vidacrista\/wp-content\/uploads\/2025\/10\/IMG-20251009-WA0012-300x300.jpg\" class=\"attachment-thumbnail size-thumbnail\" alt=\"\" decoding=\"async\" loading=\"lazy\" srcset=\"https:\/\/franciscanos.org.br\/vidacrista\/wp-content\/uploads\/2025\/10\/IMG-20251009-WA0012-300x300.jpg 300w, https:\/\/franciscanos.org.br\/vidacrista\/wp-content\/uploads\/2025\/10\/IMG-20251009-WA0012-400x400.jpg 400w\" sizes=\"(max-width: 300px) 100vw, 300px\" \/><\/a>\n\t\t\t<\/dt><\/dl><dl class='gallery-item'>\n\t\t\t<dt class='gallery-icon portrait'>\n\t\t\t\t<a href='https:\/\/franciscanos.org.br\/vidacrista\/memorias-franciscanas-na-ilha-do-fundao-a-historia-do-convento-bom-jesus\/img-20251009-wa0013\/'><img width=\"300\" height=\"300\" src=\"https:\/\/franciscanos.org.br\/vidacrista\/wp-content\/uploads\/2025\/10\/IMG-20251009-WA0013-300x300.jpg\" class=\"attachment-thumbnail size-thumbnail\" alt=\"\" decoding=\"async\" loading=\"lazy\" srcset=\"https:\/\/franciscanos.org.br\/vidacrista\/wp-content\/uploads\/2025\/10\/IMG-20251009-WA0013-300x300.jpg 300w, https:\/\/franciscanos.org.br\/vidacrista\/wp-content\/uploads\/2025\/10\/IMG-20251009-WA0013-400x400.jpg 400w\" sizes=\"(max-width: 300px) 100vw, 300px\" \/><\/a>\n\t\t\t<\/dt><\/dl><dl class='gallery-item'>\n\t\t\t<dt class='gallery-icon portrait'>\n\t\t\t\t<a href='https:\/\/franciscanos.org.br\/vidacrista\/memorias-franciscanas-na-ilha-do-fundao-a-historia-do-convento-bom-jesus\/img-20251009-wa0016\/'><img width=\"300\" height=\"300\" src=\"https:\/\/franciscanos.org.br\/vidacrista\/wp-content\/uploads\/2025\/10\/IMG-20251009-WA0016-300x300.jpg\" class=\"attachment-thumbnail size-thumbnail\" alt=\"\" decoding=\"async\" loading=\"lazy\" srcset=\"https:\/\/franciscanos.org.br\/vidacrista\/wp-content\/uploads\/2025\/10\/IMG-20251009-WA0016-300x300.jpg 300w, https:\/\/franciscanos.org.br\/vidacrista\/wp-content\/uploads\/2025\/10\/IMG-20251009-WA0016-400x400.jpg 400w\" sizes=\"(max-width: 300px) 100vw, 300px\" \/><\/a>\n\t\t\t<\/dt><\/dl><dl class='gallery-item'>\n\t\t\t<dt class='gallery-icon portrait'>\n\t\t\t\t<a href='https:\/\/franciscanos.org.br\/vidacrista\/memorias-franciscanas-na-ilha-do-fundao-a-historia-do-convento-bom-jesus\/img-20251009-wa0017\/'><img width=\"300\" height=\"300\" src=\"https:\/\/franciscanos.org.br\/vidacrista\/wp-content\/uploads\/2025\/10\/IMG-20251009-WA0017-300x300.jpg\" class=\"attachment-thumbnail size-thumbnail\" alt=\"\" decoding=\"async\" loading=\"lazy\" srcset=\"https:\/\/franciscanos.org.br\/vidacrista\/wp-content\/uploads\/2025\/10\/IMG-20251009-WA0017-300x300.jpg 300w, https:\/\/franciscanos.org.br\/vidacrista\/wp-content\/uploads\/2025\/10\/IMG-20251009-WA0017-400x400.jpg 400w\" sizes=\"(max-width: 300px) 100vw, 300px\" \/><\/a>\n\t\t\t<\/dt><\/dl><br style=\"clear: both\" \/><dl class='gallery-item'>\n\t\t\t<dt class='gallery-icon portrait'>\n\t\t\t\t<a href='https:\/\/franciscanos.org.br\/vidacrista\/memorias-franciscanas-na-ilha-do-fundao-a-historia-do-convento-bom-jesus\/img-20251009-wa0019\/'><img width=\"300\" height=\"300\" src=\"https:\/\/franciscanos.org.br\/vidacrista\/wp-content\/uploads\/2025\/10\/IMG-20251009-WA0019-300x300.jpg\" class=\"attachment-thumbnail size-thumbnail\" alt=\"\" decoding=\"async\" loading=\"lazy\" srcset=\"https:\/\/franciscanos.org.br\/vidacrista\/wp-content\/uploads\/2025\/10\/IMG-20251009-WA0019-300x300.jpg 300w, https:\/\/franciscanos.org.br\/vidacrista\/wp-content\/uploads\/2025\/10\/IMG-20251009-WA0019-400x400.jpg 400w\" sizes=\"(max-width: 300px) 100vw, 300px\" \/><\/a>\n\t\t\t<\/dt><\/dl><dl class='gallery-item'>\n\t\t\t<dt class='gallery-icon portrait'>\n\t\t\t\t<a href='https:\/\/franciscanos.org.br\/vidacrista\/memorias-franciscanas-na-ilha-do-fundao-a-historia-do-convento-bom-jesus\/img-20251009-wa0020\/'><img width=\"300\" height=\"300\" src=\"https:\/\/franciscanos.org.br\/vidacrista\/wp-content\/uploads\/2025\/10\/IMG-20251009-WA0020-300x300.jpg\" class=\"attachment-thumbnail size-thumbnail\" alt=\"\" decoding=\"async\" loading=\"lazy\" srcset=\"https:\/\/franciscanos.org.br\/vidacrista\/wp-content\/uploads\/2025\/10\/IMG-20251009-WA0020-300x300.jpg 300w, https:\/\/franciscanos.org.br\/vidacrista\/wp-content\/uploads\/2025\/10\/IMG-20251009-WA0020-400x400.jpg 400w\" sizes=\"(max-width: 300px) 100vw, 300px\" \/><\/a>\n\t\t\t<\/dt><\/dl><dl class='gallery-item'>\n\t\t\t<dt class='gallery-icon portrait'>\n\t\t\t\t<a href='https:\/\/franciscanos.org.br\/vidacrista\/memorias-franciscanas-na-ilha-do-fundao-a-historia-do-convento-bom-jesus\/img-20251009-wa0021\/'><img width=\"300\" height=\"300\" src=\"https:\/\/franciscanos.org.br\/vidacrista\/wp-content\/uploads\/2025\/10\/IMG-20251009-WA0021-300x300.jpg\" class=\"attachment-thumbnail size-thumbnail\" alt=\"\" decoding=\"async\" loading=\"lazy\" srcset=\"https:\/\/franciscanos.org.br\/vidacrista\/wp-content\/uploads\/2025\/10\/IMG-20251009-WA0021-300x300.jpg 300w, https:\/\/franciscanos.org.br\/vidacrista\/wp-content\/uploads\/2025\/10\/IMG-20251009-WA0021-400x400.jpg 400w\" sizes=\"(max-width: 300px) 100vw, 300px\" \/><\/a>\n\t\t\t<\/dt><\/dl><dl class='gallery-item'>\n\t\t\t<dt class='gallery-icon portrait'>\n\t\t\t\t<a href='https:\/\/franciscanos.org.br\/vidacrista\/memorias-franciscanas-na-ilha-do-fundao-a-historia-do-convento-bom-jesus\/img-20251009-wa0022-2\/'><img width=\"300\" height=\"300\" src=\"https:\/\/franciscanos.org.br\/vidacrista\/wp-content\/uploads\/2025\/10\/IMG-20251009-WA0022-1-300x300.jpg\" class=\"attachment-thumbnail size-thumbnail\" alt=\"\" decoding=\"async\" loading=\"lazy\" srcset=\"https:\/\/franciscanos.org.br\/vidacrista\/wp-content\/uploads\/2025\/10\/IMG-20251009-WA0022-1-300x300.jpg 300w, https:\/\/franciscanos.org.br\/vidacrista\/wp-content\/uploads\/2025\/10\/IMG-20251009-WA0022-1-400x400.jpg 400w\" sizes=\"(max-width: 300px) 100vw, 300px\" \/><\/a>\n\t\t\t<\/dt><\/dl><br style=\"clear: both\" \/><dl class='gallery-item'>\n\t\t\t<dt class='gallery-icon portrait'>\n\t\t\t\t<a href='https:\/\/franciscanos.org.br\/vidacrista\/memorias-franciscanas-na-ilha-do-fundao-a-historia-do-convento-bom-jesus\/img-20251009-wa0030\/'><img width=\"300\" height=\"300\" src=\"https:\/\/franciscanos.org.br\/vidacrista\/wp-content\/uploads\/2025\/10\/IMG-20251009-WA0030-300x300.jpg\" class=\"attachment-thumbnail size-thumbnail\" alt=\"\" decoding=\"async\" loading=\"lazy\" srcset=\"https:\/\/franciscanos.org.br\/vidacrista\/wp-content\/uploads\/2025\/10\/IMG-20251009-WA0030-300x300.jpg 300w, https:\/\/franciscanos.org.br\/vidacrista\/wp-content\/uploads\/2025\/10\/IMG-20251009-WA0030-400x400.jpg 400w\" sizes=\"(max-width: 300px) 100vw, 300px\" \/><\/a>\n\t\t\t<\/dt><\/dl><dl class='gallery-item'>\n\t\t\t<dt class='gallery-icon portrait'>\n\t\t\t\t<a href='https:\/\/franciscanos.org.br\/vidacrista\/memorias-franciscanas-na-ilha-do-fundao-a-historia-do-convento-bom-jesus\/img-20251009-wa0031-2\/'><img width=\"300\" height=\"300\" src=\"https:\/\/franciscanos.org.br\/vidacrista\/wp-content\/uploads\/2025\/10\/IMG-20251009-WA0031-1-300x300.jpg\" class=\"attachment-thumbnail size-thumbnail\" alt=\"\" decoding=\"async\" loading=\"lazy\" srcset=\"https:\/\/franciscanos.org.br\/vidacrista\/wp-content\/uploads\/2025\/10\/IMG-20251009-WA0031-1-300x300.jpg 300w, https:\/\/franciscanos.org.br\/vidacrista\/wp-content\/uploads\/2025\/10\/IMG-20251009-WA0031-1-400x400.jpg 400w\" sizes=\"(max-width: 300px) 100vw, 300px\" \/><\/a>\n\t\t\t<\/dt><\/dl><dl class='gallery-item'>\n\t\t\t<dt class='gallery-icon portrait'>\n\t\t\t\t<a href='https:\/\/franciscanos.org.br\/vidacrista\/memorias-franciscanas-na-ilha-do-fundao-a-historia-do-convento-bom-jesus\/img-20251009-wa0032\/'><img width=\"300\" height=\"300\" src=\"https:\/\/franciscanos.org.br\/vidacrista\/wp-content\/uploads\/2025\/10\/IMG-20251009-WA0032-300x300.jpg\" class=\"attachment-thumbnail size-thumbnail\" alt=\"\" decoding=\"async\" loading=\"lazy\" srcset=\"https:\/\/franciscanos.org.br\/vidacrista\/wp-content\/uploads\/2025\/10\/IMG-20251009-WA0032-300x300.jpg 300w, https:\/\/franciscanos.org.br\/vidacrista\/wp-content\/uploads\/2025\/10\/IMG-20251009-WA0032-400x400.jpg 400w\" sizes=\"(max-width: 300px) 100vw, 300px\" \/><\/a>\n\t\t\t<\/dt><\/dl><dl class='gallery-item'>\n\t\t\t<dt class='gallery-icon portrait'>\n\t\t\t\t<a href='https:\/\/franciscanos.org.br\/vidacrista\/memorias-franciscanas-na-ilha-do-fundao-a-historia-do-convento-bom-jesus\/img-20251009-wa0033\/'><img width=\"300\" height=\"300\" src=\"https:\/\/franciscanos.org.br\/vidacrista\/wp-content\/uploads\/2025\/10\/IMG-20251009-WA0033-300x300.jpg\" class=\"attachment-thumbnail size-thumbnail\" alt=\"\" decoding=\"async\" loading=\"lazy\" srcset=\"https:\/\/franciscanos.org.br\/vidacrista\/wp-content\/uploads\/2025\/10\/IMG-20251009-WA0033-300x300.jpg 300w, https:\/\/franciscanos.org.br\/vidacrista\/wp-content\/uploads\/2025\/10\/IMG-20251009-WA0033-400x400.jpg 400w\" sizes=\"(max-width: 300px) 100vw, 300px\" \/><\/a>\n\t\t\t<\/dt><\/dl><br style=\"clear: both\" \/><dl class='gallery-item'>\n\t\t\t<dt class='gallery-icon portrait'>\n\t\t\t\t<a href='https:\/\/franciscanos.org.br\/vidacrista\/memorias-franciscanas-na-ilha-do-fundao-a-historia-do-convento-bom-jesus\/img-20251009-wa0034\/'><img width=\"300\" height=\"300\" src=\"https:\/\/franciscanos.org.br\/vidacrista\/wp-content\/uploads\/2025\/10\/IMG-20251009-WA0034-300x300.jpg\" class=\"attachment-thumbnail size-thumbnail\" alt=\"\" decoding=\"async\" loading=\"lazy\" srcset=\"https:\/\/franciscanos.org.br\/vidacrista\/wp-content\/uploads\/2025\/10\/IMG-20251009-WA0034-300x300.jpg 300w, https:\/\/franciscanos.org.br\/vidacrista\/wp-content\/uploads\/2025\/10\/IMG-20251009-WA0034-400x400.jpg 400w\" sizes=\"(max-width: 300px) 100vw, 300px\" \/><\/a>\n\t\t\t<\/dt><\/dl><dl class='gallery-item'>\n\t\t\t<dt class='gallery-icon portrait'>\n\t\t\t\t<a href='https:\/\/franciscanos.org.br\/vidacrista\/memorias-franciscanas-na-ilha-do-fundao-a-historia-do-convento-bom-jesus\/img-20251009-wa0035\/'><img width=\"300\" height=\"300\" src=\"https:\/\/franciscanos.org.br\/vidacrista\/wp-content\/uploads\/2025\/10\/IMG-20251009-WA0035-300x300.jpg\" class=\"attachment-thumbnail size-thumbnail\" alt=\"\" decoding=\"async\" loading=\"lazy\" srcset=\"https:\/\/franciscanos.org.br\/vidacrista\/wp-content\/uploads\/2025\/10\/IMG-20251009-WA0035-300x300.jpg 300w, https:\/\/franciscanos.org.br\/vidacrista\/wp-content\/uploads\/2025\/10\/IMG-20251009-WA0035-400x400.jpg 400w\" sizes=\"(max-width: 300px) 100vw, 300px\" \/><\/a>\n\t\t\t<\/dt><\/dl><dl class='gallery-item'>\n\t\t\t<dt class='gallery-icon portrait'>\n\t\t\t\t<a href='https:\/\/franciscanos.org.br\/vidacrista\/memorias-franciscanas-na-ilha-do-fundao-a-historia-do-convento-bom-jesus\/img-20251009-wa0036\/'><img width=\"300\" height=\"300\" src=\"https:\/\/franciscanos.org.br\/vidacrista\/wp-content\/uploads\/2025\/10\/IMG-20251009-WA0036-300x300.jpg\" class=\"attachment-thumbnail size-thumbnail\" alt=\"\" decoding=\"async\" loading=\"lazy\" srcset=\"https:\/\/franciscanos.org.br\/vidacrista\/wp-content\/uploads\/2025\/10\/IMG-20251009-WA0036-300x300.jpg 300w, https:\/\/franciscanos.org.br\/vidacrista\/wp-content\/uploads\/2025\/10\/IMG-20251009-WA0036-400x400.jpg 400w\" sizes=\"(max-width: 300px) 100vw, 300px\" \/><\/a>\n\t\t\t<\/dt><\/dl><dl class='gallery-item'>\n\t\t\t<dt class='gallery-icon portrait'>\n\t\t\t\t<a href='https:\/\/franciscanos.org.br\/vidacrista\/memorias-franciscanas-na-ilha-do-fundao-a-historia-do-convento-bom-jesus\/img-20251009-wa0037\/'><img width=\"300\" height=\"300\" src=\"https:\/\/franciscanos.org.br\/vidacrista\/wp-content\/uploads\/2025\/10\/IMG-20251009-WA0037-300x300.jpg\" class=\"attachment-thumbnail size-thumbnail\" alt=\"\" decoding=\"async\" loading=\"lazy\" srcset=\"https:\/\/franciscanos.org.br\/vidacrista\/wp-content\/uploads\/2025\/10\/IMG-20251009-WA0037-300x300.jpg 300w, https:\/\/franciscanos.org.br\/vidacrista\/wp-content\/uploads\/2025\/10\/IMG-20251009-WA0037-400x400.jpg 400w\" sizes=\"(max-width: 300px) 100vw, 300px\" \/><\/a>\n\t\t\t<\/dt><\/dl><br style=\"clear: both\" \/><dl class='gallery-item'>\n\t\t\t<dt class='gallery-icon portrait'>\n\t\t\t\t<a href='https:\/\/franciscanos.org.br\/vidacrista\/memorias-franciscanas-na-ilha-do-fundao-a-historia-do-convento-bom-jesus\/img-20251009-wa0042\/'><img width=\"300\" height=\"300\" src=\"https:\/\/franciscanos.org.br\/vidacrista\/wp-content\/uploads\/2025\/10\/IMG-20251009-WA0042-300x300.jpg\" class=\"attachment-thumbnail size-thumbnail\" alt=\"\" decoding=\"async\" loading=\"lazy\" srcset=\"https:\/\/franciscanos.org.br\/vidacrista\/wp-content\/uploads\/2025\/10\/IMG-20251009-WA0042-300x300.jpg 300w, https:\/\/franciscanos.org.br\/vidacrista\/wp-content\/uploads\/2025\/10\/IMG-20251009-WA0042-400x400.jpg 400w\" sizes=\"(max-width: 300px) 100vw, 300px\" \/><\/a>\n\t\t\t<\/dt><\/dl><dl class='gallery-item'>\n\t\t\t<dt class='gallery-icon portrait'>\n\t\t\t\t<a href='https:\/\/franciscanos.org.br\/vidacrista\/memorias-franciscanas-na-ilha-do-fundao-a-historia-do-convento-bom-jesus\/img-20251009-wa0043\/'><img width=\"300\" height=\"300\" src=\"https:\/\/franciscanos.org.br\/vidacrista\/wp-content\/uploads\/2025\/10\/IMG-20251009-WA0043-300x300.jpg\" class=\"attachment-thumbnail size-thumbnail\" alt=\"\" decoding=\"async\" loading=\"lazy\" srcset=\"https:\/\/franciscanos.org.br\/vidacrista\/wp-content\/uploads\/2025\/10\/IMG-20251009-WA0043-300x300.jpg 300w, https:\/\/franciscanos.org.br\/vidacrista\/wp-content\/uploads\/2025\/10\/IMG-20251009-WA0043-400x400.jpg 400w\" sizes=\"(max-width: 300px) 100vw, 300px\" \/><\/a>\n\t\t\t<\/dt><\/dl><dl class='gallery-item'>\n\t\t\t<dt class='gallery-icon portrait'>\n\t\t\t\t<a href='https:\/\/franciscanos.org.br\/vidacrista\/memorias-franciscanas-na-ilha-do-fundao-a-historia-do-convento-bom-jesus\/img-20251009-wa0050\/'><img width=\"300\" height=\"300\" src=\"https:\/\/franciscanos.org.br\/vidacrista\/wp-content\/uploads\/2025\/10\/IMG-20251009-WA0050-300x300.jpg\" class=\"attachment-thumbnail size-thumbnail\" alt=\"\" decoding=\"async\" loading=\"lazy\" srcset=\"https:\/\/franciscanos.org.br\/vidacrista\/wp-content\/uploads\/2025\/10\/IMG-20251009-WA0050-300x300.jpg 300w, https:\/\/franciscanos.org.br\/vidacrista\/wp-content\/uploads\/2025\/10\/IMG-20251009-WA0050-400x400.jpg 400w\" sizes=\"(max-width: 300px) 100vw, 300px\" \/><\/a>\n\t\t\t<\/dt><\/dl><dl class='gallery-item'>\n\t\t\t<dt class='gallery-icon landscape'>\n\t\t\t\t<a href='https:\/\/franciscanos.org.br\/vidacrista\/memorias-franciscanas-na-ilha-do-fundao-a-historia-do-convento-bom-jesus\/img-20251009-wa0046\/'><img width=\"300\" height=\"300\" src=\"https:\/\/franciscanos.org.br\/vidacrista\/wp-content\/uploads\/2025\/10\/IMG-20251009-WA0046-300x300.jpg\" class=\"attachment-thumbnail size-thumbnail\" alt=\"\" decoding=\"async\" loading=\"lazy\" srcset=\"https:\/\/franciscanos.org.br\/vidacrista\/wp-content\/uploads\/2025\/10\/IMG-20251009-WA0046-300x300.jpg 300w, https:\/\/franciscanos.org.br\/vidacrista\/wp-content\/uploads\/2025\/10\/IMG-20251009-WA0046-400x400.jpg 400w\" sizes=\"(max-width: 300px) 100vw, 300px\" \/><\/a>\n\t\t\t<\/dt><\/dl><br style=\"clear: both\" \/>\n\t\t<\/div>\n\n","protected":false},"excerpt":{"rendered":"<p>Frei Sandro Roberto da Costa<\/p>\n","protected":false},"author":10,"featured_media":196406,"comment_status":"open","ping_status":"open","sticky":false,"template":"","format":"standard","meta":{"footnotes":""},"categories":[26],"tags":[209],"yoast_head":"<!-- This site is optimized with the Yoast SEO plugin v19.4 - https:\/\/yoast.com\/wordpress\/plugins\/seo\/ -->\n<title>Mem\u00f3rias franciscanas na Ilha do Fund\u00e3o: a hist\u00f3ria do Convento Bom Jesus - Vida Crist\u00e3 - Franciscanos<\/title>\n<meta name=\"robots\" content=\"index, follow, max-snippet:-1, max-image-preview:large, max-video-preview:-1\" \/>\n<link rel=\"canonical\" href=\"https:\/\/franciscanos.org.br\/vidacrista\/memorias-franciscanas-na-ilha-do-fundao-a-historia-do-convento-bom-jesus\/\" \/>\n<meta property=\"og:locale\" content=\"pt_BR\" \/>\n<meta property=\"og:type\" content=\"article\" \/>\n<meta property=\"og:title\" content=\"Mem\u00f3rias franciscanas na Ilha do Fund\u00e3o: a hist\u00f3ria do Convento Bom Jesus - Vida Crist\u00e3 - Franciscanos\" \/>\n<meta property=\"og:description\" content=\"Frei Sandro Roberto da Costa\" \/>\n<meta property=\"og:url\" content=\"https:\/\/franciscanos.org.br\/vidacrista\/memorias-franciscanas-na-ilha-do-fundao-a-historia-do-convento-bom-jesus\/\" \/>\n<meta property=\"og:site_name\" content=\"Vida Crist\u00e3 - Franciscanos\" \/>\n<meta property=\"article:published_time\" content=\"2025-10-09T14:27:08+00:00\" \/>\n<meta property=\"article:modified_time\" content=\"2025-10-09T16:50:55+00:00\" \/>\n<meta property=\"og:image\" content=\"https:\/\/franciscanos.org.br\/vidacrista\/wp-content\/uploads\/2025\/10\/chamada-1.jpg\" \/>\n\t<meta property=\"og:image:width\" content=\"800\" \/>\n\t<meta property=\"og:image:height\" content=\"550\" \/>\n\t<meta property=\"og:image:type\" content=\"image\/jpeg\" \/>\n<meta name=\"author\" content=\"Adriana Rabelo\" \/>\n<meta name=\"twitter:card\" content=\"summary_large_image\" \/>\n<meta name=\"twitter:label1\" content=\"Escrito por\" \/>\n\t<meta name=\"twitter:data1\" content=\"Adriana Rabelo\" \/>\n\t<meta name=\"twitter:label2\" content=\"Est. tempo de leitura\" \/>\n\t<meta name=\"twitter:data2\" content=\"8 minutos\" \/>\n<script type=\"application\/ld+json\" class=\"yoast-schema-graph\">{\"@context\":\"https:\/\/schema.org\",\"@graph\":[{\"@type\":\"WebSite\",\"@id\":\"https:\/\/franciscanos.org.br\/vidacrista\/#website\",\"url\":\"https:\/\/franciscanos.org.br\/vidacrista\/\",\"name\":\"Vida Crist\u00e3 - Franciscanos\",\"description\":\"Prov\u00edncia Franciscana da Imaculada Concei\u00e7\u00e3o do Brasil - Ordem dos Frades Menores\",\"potentialAction\":[{\"@type\":\"SearchAction\",\"target\":{\"@type\":\"EntryPoint\",\"urlTemplate\":\"https:\/\/franciscanos.org.br\/vidacrista\/?s={search_term_string}\"},\"query-input\":\"required name=search_term_string\"}],\"inLanguage\":\"pt-BR\"},{\"@type\":\"WebPage\",\"@id\":\"https:\/\/franciscanos.org.br\/vidacrista\/memorias-franciscanas-na-ilha-do-fundao-a-historia-do-convento-bom-jesus\/\",\"url\":\"https:\/\/franciscanos.org.br\/vidacrista\/memorias-franciscanas-na-ilha-do-fundao-a-historia-do-convento-bom-jesus\/\",\"name\":\"Mem\u00f3rias franciscanas na Ilha do Fund\u00e3o: a hist\u00f3ria do Convento Bom Jesus - Vida Crist\u00e3 - Franciscanos\",\"isPartOf\":{\"@id\":\"https:\/\/franciscanos.org.br\/vidacrista\/#website\"},\"datePublished\":\"2025-10-09T14:27:08+00:00\",\"dateModified\":\"2025-10-09T16:50:55+00:00\",\"author\":{\"@id\":\"https:\/\/franciscanos.org.br\/vidacrista\/#\/schema\/person\/a0cbb2edfc0aecf8ac498802d1cb57b5\"},\"breadcrumb\":{\"@id\":\"https:\/\/franciscanos.org.br\/vidacrista\/memorias-franciscanas-na-ilha-do-fundao-a-historia-do-convento-bom-jesus\/#breadcrumb\"},\"inLanguage\":\"pt-BR\",\"potentialAction\":[{\"@type\":\"ReadAction\",\"target\":[\"https:\/\/franciscanos.org.br\/vidacrista\/memorias-franciscanas-na-ilha-do-fundao-a-historia-do-convento-bom-jesus\/\"]}]},{\"@type\":\"BreadcrumbList\",\"@id\":\"https:\/\/franciscanos.org.br\/vidacrista\/memorias-franciscanas-na-ilha-do-fundao-a-historia-do-convento-bom-jesus\/#breadcrumb\",\"itemListElement\":[{\"@type\":\"ListItem\",\"position\":1,\"name\":\"Home\",\"item\":\"https:\/\/franciscanos.org.br\/vidacrista\/\"},{\"@type\":\"ListItem\",\"position\":2,\"name\":\"Mem\u00f3rias franciscanas na Ilha do Fund\u00e3o: a hist\u00f3ria do Convento Bom Jesus\"}]},{\"@type\":\"Person\",\"@id\":\"https:\/\/franciscanos.org.br\/vidacrista\/#\/schema\/person\/a0cbb2edfc0aecf8ac498802d1cb57b5\",\"name\":\"Adriana Rabelo\",\"image\":{\"@type\":\"ImageObject\",\"inLanguage\":\"pt-BR\",\"@id\":\"https:\/\/franciscanos.org.br\/vidacrista\/#\/schema\/person\/image\/\",\"url\":\"https:\/\/secure.gravatar.com\/avatar\/0a937b7500cd7df77540cfb8bede877d?s=96&d=mm&r=g\",\"contentUrl\":\"https:\/\/secure.gravatar.com\/avatar\/0a937b7500cd7df77540cfb8bede877d?s=96&d=mm&r=g\",\"caption\":\"Adriana Rabelo\"},\"url\":\"https:\/\/franciscanos.org.br\/vidacrista\/author\/adrianarabelo\/\"}]}<\/script>\n<!-- \/ Yoast SEO plugin. -->","yoast_head_json":{"title":"Mem\u00f3rias franciscanas na Ilha do Fund\u00e3o: a hist\u00f3ria do Convento Bom Jesus - Vida Crist\u00e3 - Franciscanos","robots":{"index":"index","follow":"follow","max-snippet":"max-snippet:-1","max-image-preview":"max-image-preview:large","max-video-preview":"max-video-preview:-1"},"canonical":"https:\/\/franciscanos.org.br\/vidacrista\/memorias-franciscanas-na-ilha-do-fundao-a-historia-do-convento-bom-jesus\/","og_locale":"pt_BR","og_type":"article","og_title":"Mem\u00f3rias franciscanas na Ilha do Fund\u00e3o: a hist\u00f3ria do Convento Bom Jesus - Vida Crist\u00e3 - Franciscanos","og_description":"Frei Sandro Roberto da Costa","og_url":"https:\/\/franciscanos.org.br\/vidacrista\/memorias-franciscanas-na-ilha-do-fundao-a-historia-do-convento-bom-jesus\/","og_site_name":"Vida Crist\u00e3 - Franciscanos","article_published_time":"2025-10-09T14:27:08+00:00","article_modified_time":"2025-10-09T16:50:55+00:00","og_image":[{"width":800,"height":550,"url":"https:\/\/franciscanos.org.br\/vidacrista\/wp-content\/uploads\/2025\/10\/chamada-1.jpg","type":"image\/jpeg"}],"author":"Adriana Rabelo","twitter_card":"summary_large_image","twitter_misc":{"Escrito por":"Adriana Rabelo","Est. tempo de leitura":"8 minutos"},"schema":{"@context":"https:\/\/schema.org","@graph":[{"@type":"WebSite","@id":"https:\/\/franciscanos.org.br\/vidacrista\/#website","url":"https:\/\/franciscanos.org.br\/vidacrista\/","name":"Vida Crist\u00e3 - Franciscanos","description":"Prov\u00edncia Franciscana da Imaculada Concei\u00e7\u00e3o do Brasil - Ordem dos Frades Menores","potentialAction":[{"@type":"SearchAction","target":{"@type":"EntryPoint","urlTemplate":"https:\/\/franciscanos.org.br\/vidacrista\/?s={search_term_string}"},"query-input":"required name=search_term_string"}],"inLanguage":"pt-BR"},{"@type":"WebPage","@id":"https:\/\/franciscanos.org.br\/vidacrista\/memorias-franciscanas-na-ilha-do-fundao-a-historia-do-convento-bom-jesus\/","url":"https:\/\/franciscanos.org.br\/vidacrista\/memorias-franciscanas-na-ilha-do-fundao-a-historia-do-convento-bom-jesus\/","name":"Mem\u00f3rias franciscanas na Ilha do Fund\u00e3o: a hist\u00f3ria do Convento Bom Jesus - Vida Crist\u00e3 - Franciscanos","isPartOf":{"@id":"https:\/\/franciscanos.org.br\/vidacrista\/#website"},"datePublished":"2025-10-09T14:27:08+00:00","dateModified":"2025-10-09T16:50:55+00:00","author":{"@id":"https:\/\/franciscanos.org.br\/vidacrista\/#\/schema\/person\/a0cbb2edfc0aecf8ac498802d1cb57b5"},"breadcrumb":{"@id":"https:\/\/franciscanos.org.br\/vidacrista\/memorias-franciscanas-na-ilha-do-fundao-a-historia-do-convento-bom-jesus\/#breadcrumb"},"inLanguage":"pt-BR","potentialAction":[{"@type":"ReadAction","target":["https:\/\/franciscanos.org.br\/vidacrista\/memorias-franciscanas-na-ilha-do-fundao-a-historia-do-convento-bom-jesus\/"]}]},{"@type":"BreadcrumbList","@id":"https:\/\/franciscanos.org.br\/vidacrista\/memorias-franciscanas-na-ilha-do-fundao-a-historia-do-convento-bom-jesus\/#breadcrumb","itemListElement":[{"@type":"ListItem","position":1,"name":"Home","item":"https:\/\/franciscanos.org.br\/vidacrista\/"},{"@type":"ListItem","position":2,"name":"Mem\u00f3rias franciscanas na Ilha do Fund\u00e3o: a hist\u00f3ria do Convento Bom Jesus"}]},{"@type":"Person","@id":"https:\/\/franciscanos.org.br\/vidacrista\/#\/schema\/person\/a0cbb2edfc0aecf8ac498802d1cb57b5","name":"Adriana Rabelo","image":{"@type":"ImageObject","inLanguage":"pt-BR","@id":"https:\/\/franciscanos.org.br\/vidacrista\/#\/schema\/person\/image\/","url":"https:\/\/secure.gravatar.com\/avatar\/0a937b7500cd7df77540cfb8bede877d?s=96&d=mm&r=g","contentUrl":"https:\/\/secure.gravatar.com\/avatar\/0a937b7500cd7df77540cfb8bede877d?s=96&d=mm&r=g","caption":"Adriana Rabelo"},"url":"https:\/\/franciscanos.org.br\/vidacrista\/author\/adrianarabelo\/"}]}},"_links":{"self":[{"href":"https:\/\/franciscanos.org.br\/vidacrista\/wp-json\/wp\/v2\/posts\/196404"}],"collection":[{"href":"https:\/\/franciscanos.org.br\/vidacrista\/wp-json\/wp\/v2\/posts"}],"about":[{"href":"https:\/\/franciscanos.org.br\/vidacrista\/wp-json\/wp\/v2\/types\/post"}],"author":[{"embeddable":true,"href":"https:\/\/franciscanos.org.br\/vidacrista\/wp-json\/wp\/v2\/users\/10"}],"replies":[{"embeddable":true,"href":"https:\/\/franciscanos.org.br\/vidacrista\/wp-json\/wp\/v2\/comments?post=196404"}],"version-history":[{"count":4,"href":"https:\/\/franciscanos.org.br\/vidacrista\/wp-json\/wp\/v2\/posts\/196404\/revisions"}],"predecessor-version":[{"id":196450,"href":"https:\/\/franciscanos.org.br\/vidacrista\/wp-json\/wp\/v2\/posts\/196404\/revisions\/196450"}],"wp:featuredmedia":[{"embeddable":true,"href":"https:\/\/franciscanos.org.br\/vidacrista\/wp-json\/wp\/v2\/media\/196406"}],"wp:attachment":[{"href":"https:\/\/franciscanos.org.br\/vidacrista\/wp-json\/wp\/v2\/media?parent=196404"}],"wp:term":[{"taxonomy":"category","embeddable":true,"href":"https:\/\/franciscanos.org.br\/vidacrista\/wp-json\/wp\/v2\/categories?post=196404"},{"taxonomy":"post_tag","embeddable":true,"href":"https:\/\/franciscanos.org.br\/vidacrista\/wp-json\/wp\/v2\/tags?post=196404"}],"curies":[{"name":"wp","href":"https:\/\/api.w.org\/{rel}","templated":true}]}}