{"id":196324,"date":"2025-09-12T16:00:54","date_gmt":"2025-09-12T19:00:54","guid":{"rendered":"https:\/\/franciscanos.org.br\/vidacrista\/?p=196324"},"modified":"2025-09-15T11:46:19","modified_gmt":"2025-09-15T14:46:19","slug":"o-real-sentido-da-cruz-na-historia-e-no-cristianismo-na-inspiracao-de-nm-214-9","status":"publish","type":"post","link":"https:\/\/franciscanos.org.br\/vidacrista\/o-real-sentido-da-cruz-na-historia-e-no-cristianismo-na-inspiracao-de-nm-214-9\/","title":{"rendered":"O real sentido da cruz na hist\u00f3ria e no cristianismo, na inspira\u00e7\u00e3o de Nm 21,4-9"},"content":{"rendered":"<p><img decoding=\"async\" loading=\"lazy\" class=\"aligncenter wp-image-196326 size-full\" src=\"https:\/\/franciscanos.org.br\/vidacrista\/wp-content\/uploads\/2025\/09\/frei-jacir-cruz-2.jpg\" alt=\"\" width=\"1280\" height=\"720\" srcset=\"https:\/\/franciscanos.org.br\/vidacrista\/wp-content\/uploads\/2025\/09\/frei-jacir-cruz-2.jpg 1280w, https:\/\/franciscanos.org.br\/vidacrista\/wp-content\/uploads\/2025\/09\/frei-jacir-cruz-2-450x253.jpg 450w, https:\/\/franciscanos.org.br\/vidacrista\/wp-content\/uploads\/2025\/09\/frei-jacir-cruz-2-1024x576.jpg 1024w, https:\/\/franciscanos.org.br\/vidacrista\/wp-content\/uploads\/2025\/09\/frei-jacir-cruz-2-768x432.jpg 768w, https:\/\/franciscanos.org.br\/vidacrista\/wp-content\/uploads\/2025\/09\/frei-jacir-cruz-2-150x84.jpg 150w\" sizes=\"(max-width: 1280px) 100vw, 1280px\" \/><\/p>\n<p>O texto sobre o qual vamos refletir \u00e9 Nm 21,4-9 na sua rela\u00e7\u00e3o com a festa da Exalta\u00e7\u00e3o da Santa Cruz. A origem dessa festa, celebrada no dia 14 de setembro, remonta \u00e0 descoberta dos restos da cruz em que Jesus fora crucificado. Essa descoberta foi feita pela m\u00e3e do imperador Constantino, o Grande (272-337 E.C.), a Imperatriz Helena (246-330 E.C.), mais tarde, Santa Helena. Convertida ao cristianismo, ela rezava pela convers\u00e3o do filho. J\u00e1 idosa, em viagem a Jerusal\u00e9m, ela encontrou tr\u00eas cruzes de crucificados no local identificado como G\u00f3lgota, no monte Calv\u00e1rio. A tradi\u00e7\u00e3o reza que ela conversou com o bispo de Jerusal\u00e9m, Dom Mac\u00e1rio, para identificar o local da crucifix\u00e3o de Jesus. Ao encontrar as tr\u00eas cruzes, ela chamou o bispo, o qual rezou e chamou uma mulher gravemente enferma para tocar nas tr\u00eas cruzes. Ao tocar na que Jesus foi crucificado, a mulher foi curada. Essa cruz foi considera a Vera Cruz (verdadeira cruz). Helena levou uma parte dela para Roma.<\/p>\n<p>Outra tradi\u00e7\u00e3o diz que, na v\u00e9spera da batalha do imperador Constantino contra Max\u00eansio, na disputa pela supremacia do Imp\u00e9rio Romano no Ocidente, ele teve um sonho, uma vis\u00e3o. Uma cruz luminosa apareceu para ele e lhe disse: \u201cCom esse sinal vencer\u00e1s\u201d. Na mesma noite, Jesus lhe apareceu em sonho com uma cruz semelhante. Ele n\u00e3o teve d\u00favida. Mandou escrever, no seu estandarte e nas roupas dos soldados, as letras XP, iniciais do nome Cristo em grego (\u03a7\u03c1\u03b9\u03c3\u03c4\u03cc\u03c2: Cristo). Ainda que seu ex\u00e9rcito fosse a metade do rival, ele venceu a batalha, no dia 28 de outubro, na ponte M\u00edlvia, e se converteu ao cristianismo. Era o ano de 312 E.C. No ano seguinte, ele publicou um edito concedendo liberdade aos crist\u00e3os e reconhecendo o cristianismo como \u00fanica religi\u00e3o do imp\u00e9rio romano.<\/p>\n<p>Em 336 E.C., Constantino mantou construir a Bas\u00edlica do Santo Sepulcro, onde sua m\u00e3e havia encontrado a suposta cruz da crucifix\u00e3o de Jesus. Destru\u00edda e reconstru\u00edda v\u00e1rias vezes, a bas\u00edlica recorda o fim da trajet\u00f3ria da paix\u00e3o de Jesus. A partir de 336 E.C., a cruz de Jerusal\u00e9m foi apresentada ao povo, em solene liturgia, como sinal de ressurrei\u00e7\u00e3o. A partir dessa data, 14 de setembro, come\u00e7aram as celebra\u00e7\u00f5es da festa da exalta\u00e7\u00e3o da Santa Cruz.<\/p>\n<p>&nbsp;<br \/>\n<iframe loading=\"lazy\" width=\"100%\" height=\"480\" src=\"https:\/\/www.youtube.com\/embed\/USPfprX-7_Y?si=ti7pma688-fwgCJI\" title=\"YouTube video player\" frameborder=\"0\" allow=\"accelerometer; autoplay; clipboard-write; encrypted-media; gyroscope; picture-in-picture; web-share\" referrerpolicy=\"strict-origin-when-cross-origin\" allowfullscreen><\/iframe><\/p>\n<p>A atual bas\u00edlica do Santo Sepulcro est\u00e1 sob a cust\u00f3dia dos crist\u00e3os cat\u00f3licos (franciscanos), desde 1309, mas tamb\u00e9m sob a dos gregos ortodoxos, arm\u00eanios ortodoxos e coptas ortodoxos. Pitoresco nesta hist\u00f3ria da bas\u00edlica \u00e9 o fato de ela ser, hoje, propriedade de duas fam\u00edlias mu\u00e7ulmanas, que receberam de presente, uma a chave e a outra o templo, em 1400, do rei mameluco, do Egito. Antes da assinatura de um documento que levou o nome de <em>Status Quo dos Lugares Santos<\/em>, assinado em 1852, conforme estabelece o artigo LXII do Tratado de Berlim (1878), os peregrinos deviam pagar para ter acesso \u00e0 bas\u00edlica. Solenemente, \u00e0s 19h de cada dia, sob a vigil\u00e2ncia da pol\u00edcia israelense, a porta do Santo Sepulcro \u00e9 fechada pelos descendentes da fam\u00edlia mu\u00e7ulmana, a qual recebe uma quantia em dinheiro paga pelas quatro entidades. Quando a porta fecha, ningu\u00e9m mais pode sair da bas\u00edlica. Os franciscanos, que t\u00eam um convento nos fundos do Santo Sepulcro, ali permanecem sem acesso ao mundo exterior ap\u00f3s esse hor\u00e1rio.<\/p>\n<p>Voltemos ao simbolismo da cruz para n\u00f3s, os crist\u00e3os. Ela aparece nos evangelhos sin\u00f3ticos com uma frase emblem\u00e1tica: \u201cSe algu\u00e9m quer vir ap\u00f3s mim, negue-se a si mesmo, tome a sua cruz e siga-me!\u201d (Mc 8,34\u20149,1; Mt 16,21-27; Lc 9,23-27). Jesus coloca a cruz como condi\u00e7\u00e3o para segui-lo, o que n\u00e3o significa, necessariamente, sofrimento, mas largar a comodidade da vida e lutar por um mundo novo.<\/p>\n<p>No Primeiro Testamento, temos o simbolismo da haste e, no Segundo Testamento, o da cruz. A cruz sempre foi o s\u00edmbolo dos crist\u00e3os? Vejamos! A rela\u00e7\u00e3o de Mois\u00e9s com uma haste, n\u00e3o uma cruz, com a serpente sobre ela, significa o fato de ela devolver a vida ao povo sofrido nas andan\u00e7as do deserto, ao sair, ap\u00f3s 430 anos de escravid\u00e3o no Egito. O gesto recorda a sobreviv\u00eancia que emana da serpente, sinal de vida na cultura eg\u00edpcia. No Egito, o fara\u00f3 tinha uma serpente sobre a sua cabe\u00e7a, para representar o seu poder, a vida e sua imortalidade. Acrescente-se a isso o fato de a serpente, em aramaico <em>jiwya, <\/em>derivar da raiz <em>jwy<\/em>, que significa <em>viver<\/em> ou <em>fazer viver<\/em>, que se relaciona de forma sem\u00e2ntica com o hebraico <em>Jweh<\/em>, o nome de Deus revelado a Mois\u00e9s (Ex 3). Portanto, a serpente era s\u00edmbolo de vida pelo fato de ela viver sobre a terra, a grande m\u00e3e, e trocar de pele.<\/p>\n<p>Na mitologia grega, a vara do deus da medicina possui serpentes enroscadas, o que permanece at\u00e9 hoje como s\u00edmbolo na \u00e1rea m\u00e9dica. Na Babil\u00f4nia, a divindade principal, Marduk, era representada por uma serpente-drag\u00e3o. Em Israel, a partir de Gn, a serpente passou a significar a for\u00e7a do mal e express\u00e3o religiosa, uma concorrente de Jav\u00e9, o Deus de Israel.<\/p>\n<p>Com Mois\u00e9s, todo israelita que olhasse para a serpente bronze seria curado. \u201cFaze uma serpente de bronze e coloca-a como sinal sobre uma haste; aquele que for mordido e olhar para ela, viver\u00e1\u201d (Nm 21, 8), diz Deus para Mois\u00e9s. Deus n\u00e3o extermina as serpentes, mas d\u00e1 seu recado: \u2018Quem estiver do lado de Mois\u00e9s vai continuar salvo da escravid\u00e3o\u2019. Ele \u00e9 a lideran\u00e7a, o mediador, que fala em nome de Deus e tem o seu poder nas m\u00e3os, o cajado com uma serpente (Deus) que cura.<\/p>\n<p>A cruz, por causa de suas hastes vertical e horizontal, c\u00e9u e terra, muito antes do cristianismo, j\u00e1 fazia parte do imagin\u00e1rio de povos. Os primeiros crist\u00e3os n\u00e3o a tinham como s\u00edmbolo do cristianismo, mas o peixe, que era utilizado nas celebra\u00e7\u00f5es eucar\u00edsticas. Foi somente a partir dos s\u00e9culos terceiro e quarto que a cruz foi identificada com os crist\u00e3os, os quais passaram a ser chamados de \u201cos devotos da Cruz\u201d. Tertuliano, morto em 240 E.C., atesta que os crist\u00e3os faziam o sinal da cruz antes das refei\u00e7\u00f5es e ao deitar-se. Somente a partir de Constantino que a cruz passou a simbolizar a f\u00e9 na morte e na ressurrei\u00e7\u00e3o de Jesus que nos concedeu o perd\u00e3o dos pecados, a salva\u00e7\u00e3o e nos ajuda a lidar com os sofrimentos da vida humana a caminho da vida eterna.<\/p>\n<p>Na Idade M\u00e9dia, os portugueses que chegaram ao Brasil, assim como os espanh\u00f3is na Am\u00e9rica Latina, trouxeram nos navios a cruz e a espada. Em nome da cruz da catequese, eles mataram \u00e0 espada os ind\u00edgenas que n\u00e3o aceitavam a f\u00e9. Nos outeiros, nos montes, por onde passavam, os portugueses fincavam cruzes para simbolizar a posse, a conquista da terra para Cristo, isto \u00e9, para o imp\u00e9rio. Nas estradas, no local onde morria uma pessoa, colocavam uma cruz para defender a alma do falecido das garras do Capeta, que poderia lev\u00e1-la para o Inferno.<\/p>\n<p>Ser crist\u00e3o \u00e9 assumir a cruz e suas consequ\u00eancias. Pertencer ao grupo de Jesus era e \u00e9 algo muito perigoso, subversivo. O imp\u00e9rio Romano, o dos primeiros s\u00e9culos do cristianismo, estava matando os seguidores do Nazareno. O medo diante da morte, da persegui\u00e7\u00e3o romana, transformou-se, por causa da lembran\u00e7a da cruz de Jesus, em resist\u00eancia. A cruz de Jesus, entendida \u00e0 \u00e9poca, por alguns, como fracasso, tornou-se sinal de vida, de ressurrei\u00e7\u00e3o e, como consequ\u00eancia, da atua\u00e7\u00e3o pol\u00edtica de Jesus e de seus seguidores.<\/p>\n<p>Jesus n\u00e3o devia e nem quis morrer na cruz. Suas \u00faltimas palavras foram de dor, de questionamento ao seu Pai que o havia abandonado, conforme atestam os evangelhos. No instante, ele compreendeu que a sua morte poderia ser redentora, ao perguntar: \u201cPai, por que me abandonates\u201d (Mt 27,46; Mc 15,34). S\u00f3 assim, ele conseguiu entregar o seu Esp\u00edrito a Deus. Que possamos superar as cruzes de nossas vidas, com f\u00e9 e esperan\u00e7a, exaltando a justi\u00e7a, a paz e bem, em tempos de imp\u00e9rios que insistem no poder que mata e subjuga povos ao seu dom\u00ednio.<\/p>\n<hr \/>\n<p><a href=\"#_ftnref1\" name=\"_ftn1\"><\/a> <em>Frei Jacir de Freitas Faria, OFM<\/em><\/p>\n","protected":false},"excerpt":{"rendered":"<p>Frei Jacir de Freitas Faria<\/p>\n","protected":false},"author":10,"featured_media":196325,"comment_status":"open","ping_status":"open","sticky":false,"template":"","format":"standard","meta":{"footnotes":""},"categories":[26],"tags":[414,43],"yoast_head":"<!-- This site is optimized with the Yoast SEO plugin v19.4 - https:\/\/yoast.com\/wordpress\/plugins\/seo\/ -->\n<title>O real sentido da cruz na hist\u00f3ria e no cristianismo, na inspira\u00e7\u00e3o de Nm 21,4-9 - Vida Crist\u00e3 - Franciscanos<\/title>\n<meta name=\"robots\" content=\"index, follow, max-snippet:-1, max-image-preview:large, max-video-preview:-1\" \/>\n<link rel=\"canonical\" href=\"https:\/\/franciscanos.org.br\/vidacrista\/o-real-sentido-da-cruz-na-historia-e-no-cristianismo-na-inspiracao-de-nm-214-9\/\" \/>\n<meta property=\"og:locale\" content=\"pt_BR\" \/>\n<meta property=\"og:type\" content=\"article\" \/>\n<meta property=\"og:title\" content=\"O real sentido da cruz na hist\u00f3ria e no cristianismo, na inspira\u00e7\u00e3o de Nm 21,4-9 - Vida Crist\u00e3 - Franciscanos\" \/>\n<meta property=\"og:description\" content=\"Frei Jacir de Freitas Faria\" \/>\n<meta property=\"og:url\" content=\"https:\/\/franciscanos.org.br\/vidacrista\/o-real-sentido-da-cruz-na-historia-e-no-cristianismo-na-inspiracao-de-nm-214-9\/\" \/>\n<meta property=\"og:site_name\" content=\"Vida Crist\u00e3 - Franciscanos\" \/>\n<meta property=\"article:published_time\" content=\"2025-09-12T19:00:54+00:00\" \/>\n<meta property=\"article:modified_time\" content=\"2025-09-15T14:46:19+00:00\" \/>\n<meta property=\"og:image\" content=\"https:\/\/franciscanos.org.br\/vidacrista\/wp-content\/uploads\/2025\/09\/frei-jacir-cruz-chamada.jpg\" \/>\n\t<meta property=\"og:image:width\" content=\"800\" \/>\n\t<meta property=\"og:image:height\" content=\"550\" \/>\n\t<meta property=\"og:image:type\" content=\"image\/jpeg\" \/>\n<meta name=\"author\" content=\"Adriana Rabelo\" \/>\n<meta name=\"twitter:card\" content=\"summary_large_image\" \/>\n<meta name=\"twitter:label1\" content=\"Escrito por\" \/>\n\t<meta name=\"twitter:data1\" content=\"Adriana Rabelo\" \/>\n\t<meta name=\"twitter:label2\" content=\"Est. tempo de leitura\" \/>\n\t<meta name=\"twitter:data2\" content=\"7 minutos\" \/>\n<script type=\"application\/ld+json\" class=\"yoast-schema-graph\">{\"@context\":\"https:\/\/schema.org\",\"@graph\":[{\"@type\":\"WebSite\",\"@id\":\"https:\/\/franciscanos.org.br\/vidacrista\/#website\",\"url\":\"https:\/\/franciscanos.org.br\/vidacrista\/\",\"name\":\"Vida Crist\u00e3 - Franciscanos\",\"description\":\"Prov\u00edncia Franciscana da Imaculada Concei\u00e7\u00e3o do Brasil - Ordem dos Frades Menores\",\"potentialAction\":[{\"@type\":\"SearchAction\",\"target\":{\"@type\":\"EntryPoint\",\"urlTemplate\":\"https:\/\/franciscanos.org.br\/vidacrista\/?s={search_term_string}\"},\"query-input\":\"required name=search_term_string\"}],\"inLanguage\":\"pt-BR\"},{\"@type\":\"WebPage\",\"@id\":\"https:\/\/franciscanos.org.br\/vidacrista\/o-real-sentido-da-cruz-na-historia-e-no-cristianismo-na-inspiracao-de-nm-214-9\/\",\"url\":\"https:\/\/franciscanos.org.br\/vidacrista\/o-real-sentido-da-cruz-na-historia-e-no-cristianismo-na-inspiracao-de-nm-214-9\/\",\"name\":\"O real sentido da cruz na hist\u00f3ria e no cristianismo, na inspira\u00e7\u00e3o de Nm 21,4-9 - Vida Crist\u00e3 - Franciscanos\",\"isPartOf\":{\"@id\":\"https:\/\/franciscanos.org.br\/vidacrista\/#website\"},\"datePublished\":\"2025-09-12T19:00:54+00:00\",\"dateModified\":\"2025-09-15T14:46:19+00:00\",\"author\":{\"@id\":\"https:\/\/franciscanos.org.br\/vidacrista\/#\/schema\/person\/a0cbb2edfc0aecf8ac498802d1cb57b5\"},\"breadcrumb\":{\"@id\":\"https:\/\/franciscanos.org.br\/vidacrista\/o-real-sentido-da-cruz-na-historia-e-no-cristianismo-na-inspiracao-de-nm-214-9\/#breadcrumb\"},\"inLanguage\":\"pt-BR\",\"potentialAction\":[{\"@type\":\"ReadAction\",\"target\":[\"https:\/\/franciscanos.org.br\/vidacrista\/o-real-sentido-da-cruz-na-historia-e-no-cristianismo-na-inspiracao-de-nm-214-9\/\"]}]},{\"@type\":\"BreadcrumbList\",\"@id\":\"https:\/\/franciscanos.org.br\/vidacrista\/o-real-sentido-da-cruz-na-historia-e-no-cristianismo-na-inspiracao-de-nm-214-9\/#breadcrumb\",\"itemListElement\":[{\"@type\":\"ListItem\",\"position\":1,\"name\":\"Home\",\"item\":\"https:\/\/franciscanos.org.br\/vidacrista\/\"},{\"@type\":\"ListItem\",\"position\":2,\"name\":\"O real sentido da cruz na hist\u00f3ria e no cristianismo, na inspira\u00e7\u00e3o de Nm 21,4-9\"}]},{\"@type\":\"Person\",\"@id\":\"https:\/\/franciscanos.org.br\/vidacrista\/#\/schema\/person\/a0cbb2edfc0aecf8ac498802d1cb57b5\",\"name\":\"Adriana Rabelo\",\"image\":{\"@type\":\"ImageObject\",\"inLanguage\":\"pt-BR\",\"@id\":\"https:\/\/franciscanos.org.br\/vidacrista\/#\/schema\/person\/image\/\",\"url\":\"https:\/\/secure.gravatar.com\/avatar\/0a937b7500cd7df77540cfb8bede877d?s=96&d=mm&r=g\",\"contentUrl\":\"https:\/\/secure.gravatar.com\/avatar\/0a937b7500cd7df77540cfb8bede877d?s=96&d=mm&r=g\",\"caption\":\"Adriana Rabelo\"},\"url\":\"https:\/\/franciscanos.org.br\/vidacrista\/author\/adrianarabelo\/\"}]}<\/script>\n<!-- \/ Yoast SEO plugin. -->","yoast_head_json":{"title":"O real sentido da cruz na hist\u00f3ria e no cristianismo, na inspira\u00e7\u00e3o de Nm 21,4-9 - Vida Crist\u00e3 - Franciscanos","robots":{"index":"index","follow":"follow","max-snippet":"max-snippet:-1","max-image-preview":"max-image-preview:large","max-video-preview":"max-video-preview:-1"},"canonical":"https:\/\/franciscanos.org.br\/vidacrista\/o-real-sentido-da-cruz-na-historia-e-no-cristianismo-na-inspiracao-de-nm-214-9\/","og_locale":"pt_BR","og_type":"article","og_title":"O real sentido da cruz na hist\u00f3ria e no cristianismo, na inspira\u00e7\u00e3o de Nm 21,4-9 - Vida Crist\u00e3 - Franciscanos","og_description":"Frei Jacir de Freitas Faria","og_url":"https:\/\/franciscanos.org.br\/vidacrista\/o-real-sentido-da-cruz-na-historia-e-no-cristianismo-na-inspiracao-de-nm-214-9\/","og_site_name":"Vida Crist\u00e3 - Franciscanos","article_published_time":"2025-09-12T19:00:54+00:00","article_modified_time":"2025-09-15T14:46:19+00:00","og_image":[{"width":800,"height":550,"url":"https:\/\/franciscanos.org.br\/vidacrista\/wp-content\/uploads\/2025\/09\/frei-jacir-cruz-chamada.jpg","type":"image\/jpeg"}],"author":"Adriana Rabelo","twitter_card":"summary_large_image","twitter_misc":{"Escrito por":"Adriana Rabelo","Est. tempo de leitura":"7 minutos"},"schema":{"@context":"https:\/\/schema.org","@graph":[{"@type":"WebSite","@id":"https:\/\/franciscanos.org.br\/vidacrista\/#website","url":"https:\/\/franciscanos.org.br\/vidacrista\/","name":"Vida Crist\u00e3 - Franciscanos","description":"Prov\u00edncia Franciscana da Imaculada Concei\u00e7\u00e3o do Brasil - Ordem dos Frades Menores","potentialAction":[{"@type":"SearchAction","target":{"@type":"EntryPoint","urlTemplate":"https:\/\/franciscanos.org.br\/vidacrista\/?s={search_term_string}"},"query-input":"required name=search_term_string"}],"inLanguage":"pt-BR"},{"@type":"WebPage","@id":"https:\/\/franciscanos.org.br\/vidacrista\/o-real-sentido-da-cruz-na-historia-e-no-cristianismo-na-inspiracao-de-nm-214-9\/","url":"https:\/\/franciscanos.org.br\/vidacrista\/o-real-sentido-da-cruz-na-historia-e-no-cristianismo-na-inspiracao-de-nm-214-9\/","name":"O real sentido da cruz na hist\u00f3ria e no cristianismo, na inspira\u00e7\u00e3o de Nm 21,4-9 - Vida Crist\u00e3 - Franciscanos","isPartOf":{"@id":"https:\/\/franciscanos.org.br\/vidacrista\/#website"},"datePublished":"2025-09-12T19:00:54+00:00","dateModified":"2025-09-15T14:46:19+00:00","author":{"@id":"https:\/\/franciscanos.org.br\/vidacrista\/#\/schema\/person\/a0cbb2edfc0aecf8ac498802d1cb57b5"},"breadcrumb":{"@id":"https:\/\/franciscanos.org.br\/vidacrista\/o-real-sentido-da-cruz-na-historia-e-no-cristianismo-na-inspiracao-de-nm-214-9\/#breadcrumb"},"inLanguage":"pt-BR","potentialAction":[{"@type":"ReadAction","target":["https:\/\/franciscanos.org.br\/vidacrista\/o-real-sentido-da-cruz-na-historia-e-no-cristianismo-na-inspiracao-de-nm-214-9\/"]}]},{"@type":"BreadcrumbList","@id":"https:\/\/franciscanos.org.br\/vidacrista\/o-real-sentido-da-cruz-na-historia-e-no-cristianismo-na-inspiracao-de-nm-214-9\/#breadcrumb","itemListElement":[{"@type":"ListItem","position":1,"name":"Home","item":"https:\/\/franciscanos.org.br\/vidacrista\/"},{"@type":"ListItem","position":2,"name":"O real sentido da cruz na hist\u00f3ria e no cristianismo, na inspira\u00e7\u00e3o de Nm 21,4-9"}]},{"@type":"Person","@id":"https:\/\/franciscanos.org.br\/vidacrista\/#\/schema\/person\/a0cbb2edfc0aecf8ac498802d1cb57b5","name":"Adriana Rabelo","image":{"@type":"ImageObject","inLanguage":"pt-BR","@id":"https:\/\/franciscanos.org.br\/vidacrista\/#\/schema\/person\/image\/","url":"https:\/\/secure.gravatar.com\/avatar\/0a937b7500cd7df77540cfb8bede877d?s=96&d=mm&r=g","contentUrl":"https:\/\/secure.gravatar.com\/avatar\/0a937b7500cd7df77540cfb8bede877d?s=96&d=mm&r=g","caption":"Adriana Rabelo"},"url":"https:\/\/franciscanos.org.br\/vidacrista\/author\/adrianarabelo\/"}]}},"_links":{"self":[{"href":"https:\/\/franciscanos.org.br\/vidacrista\/wp-json\/wp\/v2\/posts\/196324"}],"collection":[{"href":"https:\/\/franciscanos.org.br\/vidacrista\/wp-json\/wp\/v2\/posts"}],"about":[{"href":"https:\/\/franciscanos.org.br\/vidacrista\/wp-json\/wp\/v2\/types\/post"}],"author":[{"embeddable":true,"href":"https:\/\/franciscanos.org.br\/vidacrista\/wp-json\/wp\/v2\/users\/10"}],"replies":[{"embeddable":true,"href":"https:\/\/franciscanos.org.br\/vidacrista\/wp-json\/wp\/v2\/comments?post=196324"}],"version-history":[{"count":2,"href":"https:\/\/franciscanos.org.br\/vidacrista\/wp-json\/wp\/v2\/posts\/196324\/revisions"}],"predecessor-version":[{"id":196328,"href":"https:\/\/franciscanos.org.br\/vidacrista\/wp-json\/wp\/v2\/posts\/196324\/revisions\/196328"}],"wp:featuredmedia":[{"embeddable":true,"href":"https:\/\/franciscanos.org.br\/vidacrista\/wp-json\/wp\/v2\/media\/196325"}],"wp:attachment":[{"href":"https:\/\/franciscanos.org.br\/vidacrista\/wp-json\/wp\/v2\/media?parent=196324"}],"wp:term":[{"taxonomy":"category","embeddable":true,"href":"https:\/\/franciscanos.org.br\/vidacrista\/wp-json\/wp\/v2\/categories?post=196324"},{"taxonomy":"post_tag","embeddable":true,"href":"https:\/\/franciscanos.org.br\/vidacrista\/wp-json\/wp\/v2\/tags?post=196324"}],"curies":[{"name":"wp","href":"https:\/\/api.w.org\/{rel}","templated":true}]}}