{"id":196177,"date":"2025-08-11T09:48:34","date_gmt":"2025-08-11T12:48:34","guid":{"rendered":"https:\/\/franciscanos.org.br\/vidacrista\/?p=196177"},"modified":"2025-08-11T09:52:52","modified_gmt":"2025-08-11T12:52:52","slug":"clara-de-assis-um-clamor-de-paz","status":"publish","type":"post","link":"https:\/\/franciscanos.org.br\/vidacrista\/clara-de-assis-um-clamor-de-paz\/","title":{"rendered":"Clara de Assis, um clamor de paz"},"content":{"rendered":"<p><img decoding=\"async\" loading=\"lazy\" class=\"aligncenter wp-image-196178 size-full\" src=\"https:\/\/franciscanos.org.br\/vidacrista\/wp-content\/uploads\/2025\/08\/materia-fidencio.png\" alt=\"\" width=\"1280\" height=\"720\" srcset=\"https:\/\/franciscanos.org.br\/vidacrista\/wp-content\/uploads\/2025\/08\/materia-fidencio.png 1280w, https:\/\/franciscanos.org.br\/vidacrista\/wp-content\/uploads\/2025\/08\/materia-fidencio-450x253.png 450w, https:\/\/franciscanos.org.br\/vidacrista\/wp-content\/uploads\/2025\/08\/materia-fidencio-1024x576.png 1024w, https:\/\/franciscanos.org.br\/vidacrista\/wp-content\/uploads\/2025\/08\/materia-fidencio-768x432.png 768w, https:\/\/franciscanos.org.br\/vidacrista\/wp-content\/uploads\/2025\/08\/materia-fidencio-150x84.png 150w\" sizes=\"(max-width: 1280px) 100vw, 1280px\" \/><\/p>\n<p>Santa Clara de Assis, admirada e conhecida como fiel disc\u00edpula de S\u00e3o Francisco que, por sua vez, a iniciou no seguimento do caminho do Filho de Deus, foi a grande mulher orante, contemplativa e intercessora, recolhida com as suas Irm\u00e3s Pobres no estreito convento do Mosteiro de S\u00e3o Dami\u00e3o de Assis. Ela escolheu viver uma vida \u201csegundo a perfei\u00e7\u00e3o do santo Evangelho\u201d (RSC VI 3) e abra\u00e7ou a sant\u00edssima vida de pobreza, morando \u00e0 beira da estrada, fora da seguran\u00e7a dos muros de Assis. Clara jamais se isolou das afli\u00e7\u00f5es e dores dos homens e das mulheres do seu tempo: sejam as pessoas que habitavam na seguran\u00e7a fortificada da cidade de Assis, como as que, como ela, viviam do \u201clado de fora\u201d a sorte dos pobres, leprosos, marginalizados e de todos que depositavam sua \u00fanica e \u00faltima confian\u00e7a na provid\u00eancia de Deus.<\/p>\n<p>Mesmo vivendo no recolhimento de um pequeno campo, distante do ru\u00eddo do mundo, em diferentes momentos Clara viveu as contrariedades da vida que muitas vezes causaram inseguran\u00e7a, apreens\u00e3o e medo, consequ\u00eancias das tens\u00f5es pol\u00edticas e religiosas da \u00e9poca. Basta citar as aspira\u00e7\u00f5es de Frederico II, o imperador do Sacro Imp\u00e9rio Romano-Germ\u00e2nico que, de um lado, alimentava a ambi\u00e7\u00e3o de consolidar seu dom\u00ednio sobre a It\u00e1lia, incluindo os territ\u00f3rios controlados pelo papado. E, do outro lado, estava o Papa Greg\u00f3rio IX que via nas a\u00e7\u00f5es de Frederico II uma afronta \u00e0 sua autoridade, especialmente no que dizia respeito aos territ\u00f3rios da Igreja e \u00e0 interfer\u00eancia imperial nos assuntos eclesi\u00e1sticos. Paralelamente a estes conflitos, houve o ataque de um grupo de \u201csarracenos\u201d que, al\u00e9m de assombrar a cidade de Assis, amea\u00e7ou a integridade daquelas mulheres pobres e indefesas, t\u00e3o vulner\u00e1veis e expostas que habitavam no Mosteiro de S\u00e3o Dami\u00e3o.<\/p>\n<p><img decoding=\"async\" loading=\"lazy\" class=\"size-medium wp-image-196180 alignright\" src=\"https:\/\/franciscanos.org.br\/vidacrista\/wp-content\/uploads\/2025\/08\/1108-santa_clara-450x338.jpg\" alt=\"\" width=\"450\" height=\"338\" srcset=\"https:\/\/franciscanos.org.br\/vidacrista\/wp-content\/uploads\/2025\/08\/1108-santa_clara-450x338.jpg 450w, https:\/\/franciscanos.org.br\/vidacrista\/wp-content\/uploads\/2025\/08\/1108-santa_clara-1024x768.jpg 1024w, https:\/\/franciscanos.org.br\/vidacrista\/wp-content\/uploads\/2025\/08\/1108-santa_clara-768x576.jpg 768w, https:\/\/franciscanos.org.br\/vidacrista\/wp-content\/uploads\/2025\/08\/1108-santa_clara-1536x1152.jpg 1536w, https:\/\/franciscanos.org.br\/vidacrista\/wp-content\/uploads\/2025\/08\/1108-santa_clara-150x113.jpg 150w, https:\/\/franciscanos.org.br\/vidacrista\/wp-content\/uploads\/2025\/08\/1108-santa_clara.jpg 1600w\" sizes=\"(max-width: 450px) 100vw, 450px\" \/>Irm\u00e3 Francisca, uma das testemunhas no Processo da Canoniza\u00e7\u00e3o de Santa Clara, assim narrou: \u201cRespondeu que uma vez, tendo os sarracenos entrado no claustro do mosteiro, a senhora pediu que a carregassem at\u00e9 a porta do refeit\u00f3rio e pusessem diante dela uma caixinha onde estava o santo Sacramento do Corpo de Nosso Senhor Jesus Cristo. Prostrou-se por terra em ora\u00e7\u00e3o e orou com l\u00e1grimas, dizendo estas palavras entre outras: \u201c<em>Senhor, guardai V\u00f3s estas vossas servas, porque eu n\u00e3o as posso guardar<\/em>. Ent\u00e3o a testemunha ouviu uma voz de maravilhosa suavidade que dizia: \u201c<em>Eu te defenderei para sempre<\/em>\u201d. Ent\u00e3o a senhora orou tamb\u00e9m pela cidade, dizendo: \u201c<em>Senhor, que vos apraza defender tamb\u00e9m a esta vossa cidade<\/em>\u201d. A mesma voz soou: \u201c<em>A cidade sofrer\u00e1 muitos perigos, mas ser\u00e1 defendida<\/em>\u201d. Ent\u00e3o a senhora se voltou para as Irm\u00e3s e lhes disse: \u201c<em>N\u00e3o fiquem com medo, porque eu sou a sua garantia de que n\u00e3o v\u00e3o passar nenhum mal, nem agora nem no futuro, enquanto se dispuserem a obedecer aos mandamentos de Deus<\/em>\u201d. Os sarracenos foram embora sem fazer mal ou causar preju\u00edzo\u201d (PC 9, 2).<\/p>\n<p>Este testemunho da Irm\u00e3 Francisca faz eco nas palavras das outras irm\u00e3s que, individualmente, deram o seu depoimento no Processo de Canoniza\u00e7\u00e3o de Santa Clara: Irm\u00e3 Benvinda (PC 2, 20), Irm\u00e3 Filipa (PC 3,18), Irm\u00e3s In\u00eas (PC 10, 9), Irm\u00e3 Beatriz (PC 12,8), e o senhor Messer Rain\u00e9rio que assim testemunhou: \u201cE firmemente creem todos os cidad\u00e3os que, pelas ora\u00e7\u00f5es e m\u00e9ritos da predita senhora Santa Clara, o mosteiro foi defendido e a cidade foi libertada de seus inimigos\u201d (PC 18,6).<\/p>\n<p>As perguntas que aqui fa\u00e7o s\u00e3o: A atitude de Santa Clara diante do ataque e amea\u00e7a violenta da tropa de Vital de Aversa e dos sarracenos tem algo a nos dizer nos dias atuais? De onde Clara tirou todas as energias para transmitir serenidade \u00e0s Irm\u00e3s e invocar a prote\u00e7\u00e3o divina sobre o mosteiro e a sua cidade de Assis? \u00a0Clara tamb\u00e9m abra\u00e7ou a \u201clega\u00e7\u00e3o da paz\u201d (1Cel 24) abra\u00e7ada por Frei Bernardo e primeiros companheiros de S\u00e3o Francisco: o que significa esta miss\u00e3o de paz?<\/p>\n<p>Sem d\u00favida, a resson\u00e2ncia dos dois epis\u00f3dios medievais n\u00e3o difere daquilo que hoje o mundo vivencia, certamente com maior sutilidade e agressividade. Vejamos:<\/p>\n<p><strong><img decoding=\"async\" loading=\"lazy\" class=\"size-medium wp-image-196182 alignleft\" src=\"https:\/\/franciscanos.org.br\/vidacrista\/wp-content\/uploads\/2025\/08\/a0626f878ba95d15dc90d1eafdbc79f6-450x345.jpg\" alt=\"\" width=\"450\" height=\"345\" srcset=\"https:\/\/franciscanos.org.br\/vidacrista\/wp-content\/uploads\/2025\/08\/a0626f878ba95d15dc90d1eafdbc79f6-450x345.jpg 450w, https:\/\/franciscanos.org.br\/vidacrista\/wp-content\/uploads\/2025\/08\/a0626f878ba95d15dc90d1eafdbc79f6-150x115.jpg 150w, https:\/\/franciscanos.org.br\/vidacrista\/wp-content\/uploads\/2025\/08\/a0626f878ba95d15dc90d1eafdbc79f6.jpg 469w\" sizes=\"(max-width: 450px) 100vw, 450px\" \/>1.<\/strong> Podemos afirmar que a gan\u00e2ncia e a sede pelo poder que cega o homem, o desejo insaci\u00e1vel pela riqueza ou status, o ego\u00edsmo predat\u00f3rio que fere a vida e a natureza, a prepot\u00eancia e a autorreferencialidade, etc., entra em crise quando se depara com uma realidade oposta, isto \u00e9, a absoluta e santa pobreza vivida em S\u00e3o Dami\u00e3o. Nada de valores materiais, apenas nobres mulheres revestidas com a armadura da santa pobreza que afasta e envergonha toda a avareza humana: \u201cO Senhor libertou dos inimigos o mosteiro e as Irm\u00e3s. E os sarracenos que j\u00e1 tinham entrado foram embora\u201d (PC 2,20). Se confirma aqui uma das admoesta\u00e7\u00f5es de S\u00e3o Francisco: \u201cOnde h\u00e1 pobreza com alegria, a\u00ed n\u00e3o h\u00e1 nem gan\u00e2ncia nem avareza\u201d (Adm XXVII,3).<\/p>\n<p>&nbsp;<\/p>\n<p><strong>2.<\/strong> A mulher, t\u00e3o estigmatizada na Idade M\u00e9dia por ser considerada inferior f\u00edsica e intelectualmente ao homem e, quando n\u00e3o, vista como figura do maligno e das desgra\u00e7as do homem, na aud\u00e1cia de Santa Clara de Assis recupera a nobreza de um livramento de todos os preconceitos, particularmente os atuais atos de viol\u00eancia e discrimina\u00e7\u00e3o na quest\u00e3o de g\u00eanero, com o objetivo de causar danos f\u00edsicos, psicol\u00f3gicos, sexuais, morais ou patrimoniais \u00e0 grandeza da alma feminina. Clara de Assis, sem d\u00favida, \u00e9 a grande mulher aliada \u00e0s pessoas que combatem todas as formas de misoginia e prepot\u00eancia machista. Clara, mesmo descrevendo a sua comunidade feminina como um grupo \u201cfr\u00e1gil e fisicamente sem for\u00e7as\u201d (TestC 27), diante da ferocidade dos sarracenos, busca no Senhor uma for\u00e7a sobrenatural de resist\u00eancia: \u201cE foi tanta a for\u00e7a dessa ora\u00e7\u00e3o que os inimigos sarracenos foram embora sem fazer mal algum, como se tivessem sido expulsos, tanto que n\u00e3o tocaram em ningu\u00e9m da casa\u201d (PC 3,18).<\/p>\n<p><strong>3.<\/strong> A forma\u00e7\u00e3o de Clara, orientada pela compreens\u00e3o do casamento na nobreza e da consequente responsabilidade que deveria assumir para ser mulher forte e determinada, tamb\u00e9m se mostrou evidente nessa encruzilhada entre a fragilidade f\u00edsica e a coragem para n\u00e3o dar espa\u00e7o ao fracasso ou \u00e0 derrota diante das amea\u00e7as e ataques dos homens impiedosos e rudes. Ali\u00e1s, experi\u00eancia j\u00e1 vivida no seu processo de convers\u00e3o e na fuga da sua irm\u00e3 Catarina (Irm\u00e3 In\u00eas). Clara, m\u00e3e-pastora das Irm\u00e3s, assume sua responsabilidade no cuidado daquele pequeno rebanho (cf. PC VI,2) e de ser, ao mesmo tempo, \u201cauxiliar do pr\u00f3prio Deus, sustent\u00e1culo dos membros vacilantes de seu corpo inef\u00e1vel\u201d (3CtIn 8) da sua pr\u00f3pria cidade natal: \u201cPois Deus por suas ora\u00e7\u00f5es defendeu o mosteiro dos sarracenos e a cidade de Assis do ass\u00e9dio dos inimigos\u201d (PC 12,8).<\/p>\n<p><strong>4.<\/strong> Santa Clara, invocada como padroeira e intercessora da cidade de Assis, tamb\u00e9m fez ecoar seu clamor pelo bem da paz aos seus concidad\u00e3os diante das amea\u00e7as de Vital de Aversa, descrito pela Legenda de Santa Clara como \u201chomem cobi\u00e7oso de gl\u00f3ria e intr\u00e9pido nas batalhas, moveu contra Assis o ex\u00e9rcito imperial, que comandava. Despiu a terra de suas \u00e1rvores, assolou todos os arredores e acabou pondo cerco \u00e0 cidade [&#8230;] Quando Clara, a serva de Cristo, soube disso, suspirou veementemente, chamou as Irm\u00e3s e disse: Filhas queridas, recebemos todos os dias muitos bens da cidade. Seria muita ingratid\u00e3o se, na hora em que precisa, n\u00e3o a socorr\u00eassemos como podemos. Mandou trazer cinza, disse \u00e0s irm\u00e3s que descobrissem a cabe\u00e7a. E, primeiro, espalhou cinza sobre a cabe\u00e7a nua. Colocou-a depois tamb\u00e9m sobre as cabe\u00e7as delas. Ent\u00e3o disse: V\u00e3o suplicar a nosso Senhor com todo o cora\u00e7\u00e3o a liberta\u00e7\u00e3o da cidade\u201d [&#8230;]. Na manh\u00e3 seguinte, Deus misericordioso deu a sa\u00edda para o perigo: o ex\u00e9rcito debandou, e o soberbo, contra os planos, foi embora e nunca mais oprimiu aquelas terras\u201d (LSC 23).<\/p>\n<p>Mais uma vez a prepot\u00eancia dos destruidores da vida e da natureza, os promotores da desgra\u00e7a alheia, s\u00e3o vencidos por um ritual penitencial de cinzas e ora\u00e7\u00f5es, semelhante \u00e0s preces e penit\u00eancia dos ninivitas (Jn 3,5). Prece que chegou aos c\u00e9us e tocou profundamente os habitantes de Assis que passaram a ver em Clara e suas Irm\u00e3s as restauradoras da paz e da esperan\u00e7a por dias melhores. Assim, tamb\u00e9m para os nossos dias, Santa Clara nos provoca a buscar no Senhor a verdadeira paz para promovermos a paz no mundo.<\/p>\n<p>Concluindo, podemos afirmar que Santa Clara de Assis, ao lado de S\u00e3o Francisco, \u00e9 a mais nobre inspira\u00e7\u00e3o feminina de um mundo que busca a paz. Ela nos ensina a cultivar a paz interior em Deus e com Deus e, assim integrada, provoca-nos a buscar uma verdadeira justi\u00e7a social da qual as mulheres exercem o seu protagonismo, a busca harm\u00f4nica de direitos e deveres entre os filhos e filhas de Deus, buscando tornar o mundo mais justo, sustent\u00e1vel e inclusivo, focado na \u201ceconomia de Francisco e Clara\u201d, para o bem-estar da nossa M\u00e3e-Terra que nos sustenta e governa.<\/p>\n<p>S\u00e3o Paulo, na festa de Santa Clara de 2025.<\/p>\n<hr \/>\n<p><em>Frei Fid\u00eancio Vanboemmel, OFM.<\/em><\/p>\n<p><a href=\"https:\/\/franciscanos.org.br\/carisma\/especiais\/santa-clara-plantinha-do-carisma-franciscano#gsc.tab=0\"><span style=\"color: #0000ff;\"><strong>O TEXTO TAMB\u00c9M EST\u00c1 DISPON\u00cdVEL NO ESPECIAL SANTA CLARA<\/strong><\/span><\/a><\/p>\n","protected":false},"excerpt":{"rendered":"<p>Frei Fid\u00eancio Vanboemmel<\/p>\n","protected":false},"author":10,"featured_media":196179,"comment_status":"open","ping_status":"open","sticky":false,"template":"","format":"standard","meta":{"footnotes":""},"categories":[26],"tags":[255],"yoast_head":"<!-- This site is optimized with the Yoast SEO plugin v19.4 - https:\/\/yoast.com\/wordpress\/plugins\/seo\/ -->\n<title>Clara de Assis, um clamor de paz - Vida Crist\u00e3 - Franciscanos<\/title>\n<meta name=\"robots\" content=\"index, follow, max-snippet:-1, max-image-preview:large, max-video-preview:-1\" \/>\n<link rel=\"canonical\" href=\"https:\/\/franciscanos.org.br\/vidacrista\/clara-de-assis-um-clamor-de-paz\/\" \/>\n<meta property=\"og:locale\" content=\"pt_BR\" \/>\n<meta property=\"og:type\" content=\"article\" \/>\n<meta property=\"og:title\" content=\"Clara de Assis, um clamor de paz - Vida Crist\u00e3 - Franciscanos\" \/>\n<meta property=\"og:description\" content=\"Frei Fid\u00eancio Vanboemmel\" \/>\n<meta property=\"og:url\" content=\"https:\/\/franciscanos.org.br\/vidacrista\/clara-de-assis-um-clamor-de-paz\/\" \/>\n<meta property=\"og:site_name\" content=\"Vida Crist\u00e3 - Franciscanos\" \/>\n<meta property=\"article:published_time\" content=\"2025-08-11T12:48:34+00:00\" \/>\n<meta property=\"article:modified_time\" content=\"2025-08-11T12:52:52+00:00\" \/>\n<meta property=\"og:image\" content=\"https:\/\/franciscanos.org.br\/vidacrista\/wp-content\/uploads\/2025\/08\/chamada-fidencio.png\" \/>\n\t<meta property=\"og:image:width\" content=\"800\" \/>\n\t<meta property=\"og:image:height\" content=\"550\" \/>\n\t<meta property=\"og:image:type\" content=\"image\/png\" \/>\n<meta name=\"author\" content=\"Adriana Rabelo\" \/>\n<meta name=\"twitter:card\" content=\"summary_large_image\" \/>\n<meta name=\"twitter:label1\" content=\"Escrito por\" \/>\n\t<meta name=\"twitter:data1\" content=\"Adriana Rabelo\" \/>\n\t<meta name=\"twitter:label2\" content=\"Est. tempo de leitura\" \/>\n\t<meta name=\"twitter:data2\" content=\"8 minutos\" \/>\n<script type=\"application\/ld+json\" class=\"yoast-schema-graph\">{\"@context\":\"https:\/\/schema.org\",\"@graph\":[{\"@type\":\"WebSite\",\"@id\":\"https:\/\/franciscanos.org.br\/vidacrista\/#website\",\"url\":\"https:\/\/franciscanos.org.br\/vidacrista\/\",\"name\":\"Vida Crist\u00e3 - Franciscanos\",\"description\":\"Prov\u00edncia Franciscana da Imaculada Concei\u00e7\u00e3o do Brasil - Ordem dos Frades Menores\",\"potentialAction\":[{\"@type\":\"SearchAction\",\"target\":{\"@type\":\"EntryPoint\",\"urlTemplate\":\"https:\/\/franciscanos.org.br\/vidacrista\/?s={search_term_string}\"},\"query-input\":\"required name=search_term_string\"}],\"inLanguage\":\"pt-BR\"},{\"@type\":\"WebPage\",\"@id\":\"https:\/\/franciscanos.org.br\/vidacrista\/clara-de-assis-um-clamor-de-paz\/\",\"url\":\"https:\/\/franciscanos.org.br\/vidacrista\/clara-de-assis-um-clamor-de-paz\/\",\"name\":\"Clara de Assis, um clamor de paz - Vida Crist\u00e3 - Franciscanos\",\"isPartOf\":{\"@id\":\"https:\/\/franciscanos.org.br\/vidacrista\/#website\"},\"datePublished\":\"2025-08-11T12:48:34+00:00\",\"dateModified\":\"2025-08-11T12:52:52+00:00\",\"author\":{\"@id\":\"https:\/\/franciscanos.org.br\/vidacrista\/#\/schema\/person\/a0cbb2edfc0aecf8ac498802d1cb57b5\"},\"breadcrumb\":{\"@id\":\"https:\/\/franciscanos.org.br\/vidacrista\/clara-de-assis-um-clamor-de-paz\/#breadcrumb\"},\"inLanguage\":\"pt-BR\",\"potentialAction\":[{\"@type\":\"ReadAction\",\"target\":[\"https:\/\/franciscanos.org.br\/vidacrista\/clara-de-assis-um-clamor-de-paz\/\"]}]},{\"@type\":\"BreadcrumbList\",\"@id\":\"https:\/\/franciscanos.org.br\/vidacrista\/clara-de-assis-um-clamor-de-paz\/#breadcrumb\",\"itemListElement\":[{\"@type\":\"ListItem\",\"position\":1,\"name\":\"Home\",\"item\":\"https:\/\/franciscanos.org.br\/vidacrista\/\"},{\"@type\":\"ListItem\",\"position\":2,\"name\":\"Clara de Assis, um clamor de paz\"}]},{\"@type\":\"Person\",\"@id\":\"https:\/\/franciscanos.org.br\/vidacrista\/#\/schema\/person\/a0cbb2edfc0aecf8ac498802d1cb57b5\",\"name\":\"Adriana Rabelo\",\"image\":{\"@type\":\"ImageObject\",\"inLanguage\":\"pt-BR\",\"@id\":\"https:\/\/franciscanos.org.br\/vidacrista\/#\/schema\/person\/image\/\",\"url\":\"https:\/\/secure.gravatar.com\/avatar\/0a937b7500cd7df77540cfb8bede877d?s=96&d=mm&r=g\",\"contentUrl\":\"https:\/\/secure.gravatar.com\/avatar\/0a937b7500cd7df77540cfb8bede877d?s=96&d=mm&r=g\",\"caption\":\"Adriana Rabelo\"},\"url\":\"https:\/\/franciscanos.org.br\/vidacrista\/author\/adrianarabelo\/\"}]}<\/script>\n<!-- \/ Yoast SEO plugin. -->","yoast_head_json":{"title":"Clara de Assis, um clamor de paz - Vida Crist\u00e3 - Franciscanos","robots":{"index":"index","follow":"follow","max-snippet":"max-snippet:-1","max-image-preview":"max-image-preview:large","max-video-preview":"max-video-preview:-1"},"canonical":"https:\/\/franciscanos.org.br\/vidacrista\/clara-de-assis-um-clamor-de-paz\/","og_locale":"pt_BR","og_type":"article","og_title":"Clara de Assis, um clamor de paz - Vida Crist\u00e3 - Franciscanos","og_description":"Frei Fid\u00eancio Vanboemmel","og_url":"https:\/\/franciscanos.org.br\/vidacrista\/clara-de-assis-um-clamor-de-paz\/","og_site_name":"Vida Crist\u00e3 - Franciscanos","article_published_time":"2025-08-11T12:48:34+00:00","article_modified_time":"2025-08-11T12:52:52+00:00","og_image":[{"width":800,"height":550,"url":"https:\/\/franciscanos.org.br\/vidacrista\/wp-content\/uploads\/2025\/08\/chamada-fidencio.png","type":"image\/png"}],"author":"Adriana Rabelo","twitter_card":"summary_large_image","twitter_misc":{"Escrito por":"Adriana Rabelo","Est. tempo de leitura":"8 minutos"},"schema":{"@context":"https:\/\/schema.org","@graph":[{"@type":"WebSite","@id":"https:\/\/franciscanos.org.br\/vidacrista\/#website","url":"https:\/\/franciscanos.org.br\/vidacrista\/","name":"Vida Crist\u00e3 - Franciscanos","description":"Prov\u00edncia Franciscana da Imaculada Concei\u00e7\u00e3o do Brasil - Ordem dos Frades Menores","potentialAction":[{"@type":"SearchAction","target":{"@type":"EntryPoint","urlTemplate":"https:\/\/franciscanos.org.br\/vidacrista\/?s={search_term_string}"},"query-input":"required name=search_term_string"}],"inLanguage":"pt-BR"},{"@type":"WebPage","@id":"https:\/\/franciscanos.org.br\/vidacrista\/clara-de-assis-um-clamor-de-paz\/","url":"https:\/\/franciscanos.org.br\/vidacrista\/clara-de-assis-um-clamor-de-paz\/","name":"Clara de Assis, um clamor de paz - Vida Crist\u00e3 - Franciscanos","isPartOf":{"@id":"https:\/\/franciscanos.org.br\/vidacrista\/#website"},"datePublished":"2025-08-11T12:48:34+00:00","dateModified":"2025-08-11T12:52:52+00:00","author":{"@id":"https:\/\/franciscanos.org.br\/vidacrista\/#\/schema\/person\/a0cbb2edfc0aecf8ac498802d1cb57b5"},"breadcrumb":{"@id":"https:\/\/franciscanos.org.br\/vidacrista\/clara-de-assis-um-clamor-de-paz\/#breadcrumb"},"inLanguage":"pt-BR","potentialAction":[{"@type":"ReadAction","target":["https:\/\/franciscanos.org.br\/vidacrista\/clara-de-assis-um-clamor-de-paz\/"]}]},{"@type":"BreadcrumbList","@id":"https:\/\/franciscanos.org.br\/vidacrista\/clara-de-assis-um-clamor-de-paz\/#breadcrumb","itemListElement":[{"@type":"ListItem","position":1,"name":"Home","item":"https:\/\/franciscanos.org.br\/vidacrista\/"},{"@type":"ListItem","position":2,"name":"Clara de Assis, um clamor de paz"}]},{"@type":"Person","@id":"https:\/\/franciscanos.org.br\/vidacrista\/#\/schema\/person\/a0cbb2edfc0aecf8ac498802d1cb57b5","name":"Adriana Rabelo","image":{"@type":"ImageObject","inLanguage":"pt-BR","@id":"https:\/\/franciscanos.org.br\/vidacrista\/#\/schema\/person\/image\/","url":"https:\/\/secure.gravatar.com\/avatar\/0a937b7500cd7df77540cfb8bede877d?s=96&d=mm&r=g","contentUrl":"https:\/\/secure.gravatar.com\/avatar\/0a937b7500cd7df77540cfb8bede877d?s=96&d=mm&r=g","caption":"Adriana Rabelo"},"url":"https:\/\/franciscanos.org.br\/vidacrista\/author\/adrianarabelo\/"}]}},"_links":{"self":[{"href":"https:\/\/franciscanos.org.br\/vidacrista\/wp-json\/wp\/v2\/posts\/196177"}],"collection":[{"href":"https:\/\/franciscanos.org.br\/vidacrista\/wp-json\/wp\/v2\/posts"}],"about":[{"href":"https:\/\/franciscanos.org.br\/vidacrista\/wp-json\/wp\/v2\/types\/post"}],"author":[{"embeddable":true,"href":"https:\/\/franciscanos.org.br\/vidacrista\/wp-json\/wp\/v2\/users\/10"}],"replies":[{"embeddable":true,"href":"https:\/\/franciscanos.org.br\/vidacrista\/wp-json\/wp\/v2\/comments?post=196177"}],"version-history":[{"count":6,"href":"https:\/\/franciscanos.org.br\/vidacrista\/wp-json\/wp\/v2\/posts\/196177\/revisions"}],"predecessor-version":[{"id":196188,"href":"https:\/\/franciscanos.org.br\/vidacrista\/wp-json\/wp\/v2\/posts\/196177\/revisions\/196188"}],"wp:featuredmedia":[{"embeddable":true,"href":"https:\/\/franciscanos.org.br\/vidacrista\/wp-json\/wp\/v2\/media\/196179"}],"wp:attachment":[{"href":"https:\/\/franciscanos.org.br\/vidacrista\/wp-json\/wp\/v2\/media?parent=196177"}],"wp:term":[{"taxonomy":"category","embeddable":true,"href":"https:\/\/franciscanos.org.br\/vidacrista\/wp-json\/wp\/v2\/categories?post=196177"},{"taxonomy":"post_tag","embeddable":true,"href":"https:\/\/franciscanos.org.br\/vidacrista\/wp-json\/wp\/v2\/tags?post=196177"}],"curies":[{"name":"wp","href":"https:\/\/api.w.org\/{rel}","templated":true}]}}