{"id":196136,"date":"2025-07-30T16:15:06","date_gmt":"2025-07-30T19:15:06","guid":{"rendered":"https:\/\/franciscanos.org.br\/vidacrista\/?p=196136"},"modified":"2025-07-30T16:15:06","modified_gmt":"2025-07-30T19:15:06","slug":"a-relevancia-da-compaixao-na-situacao-atual","status":"publish","type":"post","link":"https:\/\/franciscanos.org.br\/vidacrista\/a-relevancia-da-compaixao-na-situacao-atual\/","title":{"rendered":"A relev\u00e2ncia da compaix\u00e3o na situa\u00e7\u00e3o atual"},"content":{"rendered":"<p><img decoding=\"async\" loading=\"lazy\" class=\"aligncenter wp-image-196139 size-full\" src=\"https:\/\/franciscanos.org.br\/vidacrista\/wp-content\/uploads\/2025\/07\/Frei-Leonardo-Boff-materia-1.png\" alt=\"\" width=\"1280\" height=\"720\" srcset=\"https:\/\/franciscanos.org.br\/vidacrista\/wp-content\/uploads\/2025\/07\/Frei-Leonardo-Boff-materia-1.png 1280w, https:\/\/franciscanos.org.br\/vidacrista\/wp-content\/uploads\/2025\/07\/Frei-Leonardo-Boff-materia-1-450x253.png 450w, https:\/\/franciscanos.org.br\/vidacrista\/wp-content\/uploads\/2025\/07\/Frei-Leonardo-Boff-materia-1-1024x576.png 1024w, https:\/\/franciscanos.org.br\/vidacrista\/wp-content\/uploads\/2025\/07\/Frei-Leonardo-Boff-materia-1-768x432.png 768w, https:\/\/franciscanos.org.br\/vidacrista\/wp-content\/uploads\/2025\/07\/Frei-Leonardo-Boff-materia-1-150x84.png 150w\" sizes=\"(max-width: 1280px) 100vw, 1280px\" \/><\/p>\n<p>Estamos assistindo nos dias atuais a guerras em muitos pa\u00edses, especialmente na Faixa de Gaza onde ocorre um dos maiores genoc\u00eddios da hist\u00f3ria presente, na guerra contra a Ucr\u00e2nia na qual milhares, especialmente, jovens s\u00e3o mortos sob o ataque implac\u00e1vel da R\u00fassia e assim em outros lugares, em particular, na \u00c1frica.<\/p>\n<p>Como n\u00e3o se indignar contra o genoc\u00eddio de milhares de crian\u00e7as inocentes que nada t\u00eam a ver com a guerra que Israel move contra o Hamas, atingindo indiscriminadamente toda a popula\u00e7\u00e3o da Faixa de Gaza e visando exterminar especialmente crian\u00e7as e jovens que no futuro poderiam ser contra o Estado de Israel.<\/p>\n<p>A \u00e9tica para ser plenamente humana, precisa incorporar a compaix\u00e3o. H\u00e1 muito sofrimento na hist\u00f3ria, sangue demasiado em nossos caminhos e intermin\u00e1vel solid\u00e3o de milh\u00f5es e milh\u00f5es de pessoas, carregando sozinhas, em seu cora\u00e7\u00e3o, a cruz da injusti\u00e7a, da incompreens\u00e3o e da amargura. O ethos que se compadece quer incluir a todos esses no \u201cethos\u201d planet\u00e1rio, vale dizer, na Casa Comum na qual h\u00e1 acolhida e as l\u00e1grimas podem ser choradas sem vergonha ou enxugadas carinhosamente.<\/p>\n<p>A compaix\u00e3o \u00e9 a \u00e9tica natural dos operadores de sa\u00fade, especialmente daqueles que assumiram os servi\u00e7os de cuidados paliativos, agora aprovados para serem feitos atrav\u00e9s do SUS. O movimento nacional Premier Cuidados Paliativos promovido pelo generoso Dr. Samir Salman, de S\u00e3o Paulo, superintendente do Instituto Premier, envolve centenas de m\u00e9dicos, medicas e corpo de enfermagem que assumiram a pr\u00e1tica dos cuidados paliativos.<\/p>\n<p>Para Tom\u00e1s de Aquino \u201ca compaix\u00e3o \u00e9 a mais elevada de todas as virtudes porque n\u00e3o somente abre a pessoa para a outra, mas porque a abre tamb\u00e9m para a mais fraca e mais necessitada de ajuda; nesse sentido constitui uma caracter\u00edstica essencial da Divindade\u201d (S.Theologica II.q.30 a.4 c).<\/p>\n<p>Mas precisamos, antes, fazer uma terapia da linguagem pois, a compaix\u00e3o possui, na compreens\u00e3o comum, conota\u00e7\u00f5es pejorativas. Ter compaix\u00e3o significa apiedar-se do outro, porque o considera desamparado, sem energia interior para se erguer. Sup\u00f5e a atitude de quem olha de cima para baixo, humilhando-o.<\/p>\n<p>No cristianismo dos prim\u00f3rdios, no entanto, compaix\u00e3o era sin\u00f4nimo de miseric\u00f3rdia, aquela atitude generosa que quer compartir a paix\u00e3o com o outro e n\u00e3o o deixar sozinho em sua dor. Isso n\u00e3o \u00e9 fazer \u201ccaridade\u201d, criticada pelo poeta cantante argentino Atauhalpa Yupanqui: \u201ceu desprezo a \u201ccaridade\u201d pela vergonha que encerra. Sou como o le\u00e3o da serra que vive e morre em solid\u00e3o\u201d. Diversamente os seres humanos s\u00e3o, em geral, acompanhados no tramontar de suas vidas, por pessoas queridas e que os cercaram com os cuidados paliativos.<\/p>\n<p>No budismo a compaix\u00e3o \u00e9 considerada a virtude pessoal de Buda. Por isso \u00e9 central e tem a ver com a quest\u00e3o que fez nascer o budismo como caminho espiritual: \u201cqual \u00e9 o melhor meio para libertar-nos do sofrimento\u201d? A resposta de Buda foi: \u201cpela compaix\u00e3o, pela infinita com\u2013paix\u00e3o\u201d. Dalai Lama atualiza essa ancestral resposta desta forma: \u201cajude os outros sempre que puder e se n\u00e3o puder, jamais os prejudique e tenha sempre compaix\u00e3o\u201d.<\/p>\n<p>Duas virtudes realizam a compaix\u00e3o: o desapego e o cuidado. Pelo desapego renunciamos a qualquer sentimento de superioridade face ao outro e o respeitamos assim como ele \u00e9. Pelo cuidado nos aproximamos dele e zelamos pelo seu bem-estar socorrendo-o no sofrimento.<\/p>\n<p>A compaix\u00e3o talvez seja a contribui\u00e7\u00e3o \u00e9tica e espiritual maior que o Oriente deu \u00e0 cultura mundial. O que torna o sofrimento penoso n\u00e3o \u00e9 tanto o pr\u00f3prio sofrimento. Mas a solid\u00e3o no sofrimento. O budismo e tamb\u00e9m o cristianismo convocam a estabelecer uma comunh\u00e3o no sofrimento para que ningu\u00e9m fique s\u00f3 e desamparado em sua dor.<\/p>\n<p>A grande vergonha \u00e9 constatar que os pa\u00edses europeus, de raiz crist\u00e3, criadores dos direitos do homem e da ideia de democracia, apoiaram a guerra genocida de Netanhyau contra o Hamas e o povo palestino.<\/p>\n<p>Como o amor e o cuidado, assim a compaix\u00e3o tem um campo ilimitado de realiza\u00e7\u00e3o. N\u00e3o se restringe apenas aos seres humanos. Mas a todos os seres vivos e ao cosmos.\u00a0 O ideal budista e franciscano de compaix\u00e3o nos ensina como nos relacionar adequadamente com a comunidade de vida: primeiro respeitar cada ser em sua alteridade, em seguida estabelecer um la\u00e7o afetivo para com ele, cuidar dele e especialmente regenerar aqueles seres que sofrem ou est\u00e3o sob amea\u00e7a de extin\u00e7\u00e3o. S\u00f3 ent\u00e3o n\u00f3s podemos beneficiar com seus dons, na justa medida e com responsabilidade, em fun\u00e7\u00e3o daquilo que precisamos para viver de forma suficiente e decente.<\/p>\n<p>Face a tantos padecimentos na humanidade e as agress\u00f5es sistem\u00e1ticas \u00e0 M\u00e3e Terra a compaix\u00e3o \u00e9 um imperativo human\u00edstico e \u00e9tico.<\/p>\n<hr \/>\n<p><em>Leonardo Boff <\/em><\/p>\n<p><em>Em parceria com Werner M\u00fcller escreveu O princ\u00edpio de compaix\u00e3o e de cuidado, Vozes 2000; A justa medida: como equilibrar o planeta Terra, Vozes 2023.<\/em><\/p>\n","protected":false},"excerpt":{"rendered":"<p>Leonardo Boff<\/p>\n","protected":false},"author":10,"featured_media":196138,"comment_status":"open","ping_status":"open","sticky":false,"template":"","format":"standard","meta":{"footnotes":""},"categories":[26],"tags":[59],"yoast_head":"<!-- This site is optimized with the Yoast SEO plugin v19.4 - https:\/\/yoast.com\/wordpress\/plugins\/seo\/ -->\n<title>A relev\u00e2ncia da compaix\u00e3o na situa\u00e7\u00e3o atual - Vida Crist\u00e3 - Franciscanos<\/title>\n<meta name=\"robots\" content=\"index, follow, max-snippet:-1, max-image-preview:large, max-video-preview:-1\" \/>\n<link rel=\"canonical\" href=\"https:\/\/franciscanos.org.br\/vidacrista\/a-relevancia-da-compaixao-na-situacao-atual\/\" \/>\n<meta property=\"og:locale\" content=\"pt_BR\" \/>\n<meta property=\"og:type\" content=\"article\" \/>\n<meta property=\"og:title\" content=\"A relev\u00e2ncia da compaix\u00e3o na situa\u00e7\u00e3o atual - Vida Crist\u00e3 - Franciscanos\" \/>\n<meta property=\"og:description\" content=\"Leonardo Boff\" \/>\n<meta property=\"og:url\" content=\"https:\/\/franciscanos.org.br\/vidacrista\/a-relevancia-da-compaixao-na-situacao-atual\/\" \/>\n<meta property=\"og:site_name\" content=\"Vida Crist\u00e3 - Franciscanos\" \/>\n<meta property=\"article:published_time\" content=\"2025-07-30T19:15:06+00:00\" \/>\n<meta property=\"og:image\" content=\"https:\/\/franciscanos.org.br\/vidacrista\/wp-content\/uploads\/2025\/07\/Frei-Leonardo-Boff-chamada.png\" \/>\n\t<meta property=\"og:image:width\" content=\"800\" \/>\n\t<meta property=\"og:image:height\" content=\"550\" \/>\n\t<meta property=\"og:image:type\" content=\"image\/png\" \/>\n<meta name=\"author\" content=\"Adriana Rabelo\" \/>\n<meta name=\"twitter:card\" content=\"summary_large_image\" \/>\n<meta name=\"twitter:label1\" content=\"Escrito por\" \/>\n\t<meta name=\"twitter:data1\" content=\"Adriana Rabelo\" \/>\n\t<meta name=\"twitter:label2\" content=\"Est. tempo de leitura\" \/>\n\t<meta name=\"twitter:data2\" content=\"4 minutos\" \/>\n<script type=\"application\/ld+json\" class=\"yoast-schema-graph\">{\"@context\":\"https:\/\/schema.org\",\"@graph\":[{\"@type\":\"WebSite\",\"@id\":\"https:\/\/franciscanos.org.br\/vidacrista\/#website\",\"url\":\"https:\/\/franciscanos.org.br\/vidacrista\/\",\"name\":\"Vida Crist\u00e3 - Franciscanos\",\"description\":\"Prov\u00edncia Franciscana da Imaculada Concei\u00e7\u00e3o do Brasil - Ordem dos Frades Menores\",\"potentialAction\":[{\"@type\":\"SearchAction\",\"target\":{\"@type\":\"EntryPoint\",\"urlTemplate\":\"https:\/\/franciscanos.org.br\/vidacrista\/?s={search_term_string}\"},\"query-input\":\"required name=search_term_string\"}],\"inLanguage\":\"pt-BR\"},{\"@type\":\"WebPage\",\"@id\":\"https:\/\/franciscanos.org.br\/vidacrista\/a-relevancia-da-compaixao-na-situacao-atual\/\",\"url\":\"https:\/\/franciscanos.org.br\/vidacrista\/a-relevancia-da-compaixao-na-situacao-atual\/\",\"name\":\"A relev\u00e2ncia da compaix\u00e3o na situa\u00e7\u00e3o atual - Vida Crist\u00e3 - Franciscanos\",\"isPartOf\":{\"@id\":\"https:\/\/franciscanos.org.br\/vidacrista\/#website\"},\"datePublished\":\"2025-07-30T19:15:06+00:00\",\"dateModified\":\"2025-07-30T19:15:06+00:00\",\"author\":{\"@id\":\"https:\/\/franciscanos.org.br\/vidacrista\/#\/schema\/person\/a0cbb2edfc0aecf8ac498802d1cb57b5\"},\"breadcrumb\":{\"@id\":\"https:\/\/franciscanos.org.br\/vidacrista\/a-relevancia-da-compaixao-na-situacao-atual\/#breadcrumb\"},\"inLanguage\":\"pt-BR\",\"potentialAction\":[{\"@type\":\"ReadAction\",\"target\":[\"https:\/\/franciscanos.org.br\/vidacrista\/a-relevancia-da-compaixao-na-situacao-atual\/\"]}]},{\"@type\":\"BreadcrumbList\",\"@id\":\"https:\/\/franciscanos.org.br\/vidacrista\/a-relevancia-da-compaixao-na-situacao-atual\/#breadcrumb\",\"itemListElement\":[{\"@type\":\"ListItem\",\"position\":1,\"name\":\"Home\",\"item\":\"https:\/\/franciscanos.org.br\/vidacrista\/\"},{\"@type\":\"ListItem\",\"position\":2,\"name\":\"A relev\u00e2ncia da compaix\u00e3o na situa\u00e7\u00e3o atual\"}]},{\"@type\":\"Person\",\"@id\":\"https:\/\/franciscanos.org.br\/vidacrista\/#\/schema\/person\/a0cbb2edfc0aecf8ac498802d1cb57b5\",\"name\":\"Adriana Rabelo\",\"image\":{\"@type\":\"ImageObject\",\"inLanguage\":\"pt-BR\",\"@id\":\"https:\/\/franciscanos.org.br\/vidacrista\/#\/schema\/person\/image\/\",\"url\":\"https:\/\/secure.gravatar.com\/avatar\/0a937b7500cd7df77540cfb8bede877d?s=96&d=mm&r=g\",\"contentUrl\":\"https:\/\/secure.gravatar.com\/avatar\/0a937b7500cd7df77540cfb8bede877d?s=96&d=mm&r=g\",\"caption\":\"Adriana Rabelo\"},\"url\":\"https:\/\/franciscanos.org.br\/vidacrista\/author\/adrianarabelo\/\"}]}<\/script>\n<!-- \/ Yoast SEO plugin. -->","yoast_head_json":{"title":"A relev\u00e2ncia da compaix\u00e3o na situa\u00e7\u00e3o atual - Vida Crist\u00e3 - Franciscanos","robots":{"index":"index","follow":"follow","max-snippet":"max-snippet:-1","max-image-preview":"max-image-preview:large","max-video-preview":"max-video-preview:-1"},"canonical":"https:\/\/franciscanos.org.br\/vidacrista\/a-relevancia-da-compaixao-na-situacao-atual\/","og_locale":"pt_BR","og_type":"article","og_title":"A relev\u00e2ncia da compaix\u00e3o na situa\u00e7\u00e3o atual - Vida Crist\u00e3 - Franciscanos","og_description":"Leonardo Boff","og_url":"https:\/\/franciscanos.org.br\/vidacrista\/a-relevancia-da-compaixao-na-situacao-atual\/","og_site_name":"Vida Crist\u00e3 - Franciscanos","article_published_time":"2025-07-30T19:15:06+00:00","og_image":[{"width":800,"height":550,"url":"https:\/\/franciscanos.org.br\/vidacrista\/wp-content\/uploads\/2025\/07\/Frei-Leonardo-Boff-chamada.png","type":"image\/png"}],"author":"Adriana Rabelo","twitter_card":"summary_large_image","twitter_misc":{"Escrito por":"Adriana Rabelo","Est. tempo de leitura":"4 minutos"},"schema":{"@context":"https:\/\/schema.org","@graph":[{"@type":"WebSite","@id":"https:\/\/franciscanos.org.br\/vidacrista\/#website","url":"https:\/\/franciscanos.org.br\/vidacrista\/","name":"Vida Crist\u00e3 - Franciscanos","description":"Prov\u00edncia Franciscana da Imaculada Concei\u00e7\u00e3o do Brasil - Ordem dos Frades Menores","potentialAction":[{"@type":"SearchAction","target":{"@type":"EntryPoint","urlTemplate":"https:\/\/franciscanos.org.br\/vidacrista\/?s={search_term_string}"},"query-input":"required name=search_term_string"}],"inLanguage":"pt-BR"},{"@type":"WebPage","@id":"https:\/\/franciscanos.org.br\/vidacrista\/a-relevancia-da-compaixao-na-situacao-atual\/","url":"https:\/\/franciscanos.org.br\/vidacrista\/a-relevancia-da-compaixao-na-situacao-atual\/","name":"A relev\u00e2ncia da compaix\u00e3o na situa\u00e7\u00e3o atual - Vida Crist\u00e3 - Franciscanos","isPartOf":{"@id":"https:\/\/franciscanos.org.br\/vidacrista\/#website"},"datePublished":"2025-07-30T19:15:06+00:00","dateModified":"2025-07-30T19:15:06+00:00","author":{"@id":"https:\/\/franciscanos.org.br\/vidacrista\/#\/schema\/person\/a0cbb2edfc0aecf8ac498802d1cb57b5"},"breadcrumb":{"@id":"https:\/\/franciscanos.org.br\/vidacrista\/a-relevancia-da-compaixao-na-situacao-atual\/#breadcrumb"},"inLanguage":"pt-BR","potentialAction":[{"@type":"ReadAction","target":["https:\/\/franciscanos.org.br\/vidacrista\/a-relevancia-da-compaixao-na-situacao-atual\/"]}]},{"@type":"BreadcrumbList","@id":"https:\/\/franciscanos.org.br\/vidacrista\/a-relevancia-da-compaixao-na-situacao-atual\/#breadcrumb","itemListElement":[{"@type":"ListItem","position":1,"name":"Home","item":"https:\/\/franciscanos.org.br\/vidacrista\/"},{"@type":"ListItem","position":2,"name":"A relev\u00e2ncia da compaix\u00e3o na situa\u00e7\u00e3o atual"}]},{"@type":"Person","@id":"https:\/\/franciscanos.org.br\/vidacrista\/#\/schema\/person\/a0cbb2edfc0aecf8ac498802d1cb57b5","name":"Adriana Rabelo","image":{"@type":"ImageObject","inLanguage":"pt-BR","@id":"https:\/\/franciscanos.org.br\/vidacrista\/#\/schema\/person\/image\/","url":"https:\/\/secure.gravatar.com\/avatar\/0a937b7500cd7df77540cfb8bede877d?s=96&d=mm&r=g","contentUrl":"https:\/\/secure.gravatar.com\/avatar\/0a937b7500cd7df77540cfb8bede877d?s=96&d=mm&r=g","caption":"Adriana Rabelo"},"url":"https:\/\/franciscanos.org.br\/vidacrista\/author\/adrianarabelo\/"}]}},"_links":{"self":[{"href":"https:\/\/franciscanos.org.br\/vidacrista\/wp-json\/wp\/v2\/posts\/196136"}],"collection":[{"href":"https:\/\/franciscanos.org.br\/vidacrista\/wp-json\/wp\/v2\/posts"}],"about":[{"href":"https:\/\/franciscanos.org.br\/vidacrista\/wp-json\/wp\/v2\/types\/post"}],"author":[{"embeddable":true,"href":"https:\/\/franciscanos.org.br\/vidacrista\/wp-json\/wp\/v2\/users\/10"}],"replies":[{"embeddable":true,"href":"https:\/\/franciscanos.org.br\/vidacrista\/wp-json\/wp\/v2\/comments?post=196136"}],"version-history":[{"count":2,"href":"https:\/\/franciscanos.org.br\/vidacrista\/wp-json\/wp\/v2\/posts\/196136\/revisions"}],"predecessor-version":[{"id":196141,"href":"https:\/\/franciscanos.org.br\/vidacrista\/wp-json\/wp\/v2\/posts\/196136\/revisions\/196141"}],"wp:featuredmedia":[{"embeddable":true,"href":"https:\/\/franciscanos.org.br\/vidacrista\/wp-json\/wp\/v2\/media\/196138"}],"wp:attachment":[{"href":"https:\/\/franciscanos.org.br\/vidacrista\/wp-json\/wp\/v2\/media?parent=196136"}],"wp:term":[{"taxonomy":"category","embeddable":true,"href":"https:\/\/franciscanos.org.br\/vidacrista\/wp-json\/wp\/v2\/categories?post=196136"},{"taxonomy":"post_tag","embeddable":true,"href":"https:\/\/franciscanos.org.br\/vidacrista\/wp-json\/wp\/v2\/tags?post=196136"}],"curies":[{"name":"wp","href":"https:\/\/api.w.org\/{rel}","templated":true}]}}