{"id":196063,"date":"2025-07-02T10:06:55","date_gmt":"2025-07-02T13:06:55","guid":{"rendered":"https:\/\/franciscanos.org.br\/vidacrista\/?p=196063"},"modified":"2025-07-02T10:06:55","modified_gmt":"2025-07-02T13:06:55","slug":"vamos-falar-sobre-a-doutrina-social-da-igreja","status":"publish","type":"post","link":"https:\/\/franciscanos.org.br\/vidacrista\/vamos-falar-sobre-a-doutrina-social-da-igreja\/","title":{"rendered":"Vamos falar sobre a Doutrina Social da Igreja?"},"content":{"rendered":"<p>&nbsp;<\/p>\n<p><strong><img decoding=\"async\" loading=\"lazy\" class=\"aligncenter wp-image-196067 size-full\" src=\"https:\/\/franciscanos.org.br\/vidacrista\/wp-content\/uploads\/2025\/07\/materia-2.png\" alt=\"\" width=\"1280\" height=\"720\" srcset=\"https:\/\/franciscanos.org.br\/vidacrista\/wp-content\/uploads\/2025\/07\/materia-2.png 1280w, https:\/\/franciscanos.org.br\/vidacrista\/wp-content\/uploads\/2025\/07\/materia-2-450x253.png 450w, https:\/\/franciscanos.org.br\/vidacrista\/wp-content\/uploads\/2025\/07\/materia-2-1024x576.png 1024w, https:\/\/franciscanos.org.br\/vidacrista\/wp-content\/uploads\/2025\/07\/materia-2-768x432.png 768w, https:\/\/franciscanos.org.br\/vidacrista\/wp-content\/uploads\/2025\/07\/materia-2-150x84.png 150w\" sizes=\"(max-width: 1280px) 100vw, 1280px\" \/><\/strong><\/p>\n<h4><strong>Por que a f\u00e9 crist\u00e3 se importa com as estruturas da sociedade?<\/strong><\/h4>\n<p>A Doutrina Social da Igreja (DSI) \u00e9 a resposta hist\u00f3rica e teol\u00f3gica da f\u00e9 crist\u00e3 \u00e0s grandes quest\u00f5es do mundo moderno. Longe de ser uma mera cole\u00e7\u00e3o de normas ou posturas morais, ela nasce do encontro entre o Evangelho de Jesus Cristo e as desafiadoras realidades sociais, pol\u00edticas e econ\u00f4micas da humanidade. Trata-se, em ess\u00eancia, de um caminho de discernimento e a\u00e7\u00e3o que busca transformar o mundo segundo o des\u00edgnio de Deus.<\/p>\n<p>A Igreja entende que n\u00e3o pode ser indiferente diante da pobreza, da explora\u00e7\u00e3o, da exclus\u00e3o e da desigualdade. Por isso, a DSI proclama a primazia dos bens espirituais e morais sobre os materiais, reafirma a dignidade inviol\u00e1vel de cada ser humano, valoriza o trabalho como meio de realiza\u00e7\u00e3o pessoal e constru\u00e7\u00e3o do bem comum e convoca todos os crist\u00e3os \u00e0 solidariedade concreta com os mais vulner\u00e1veis.<\/p>\n<h4><\/h4>\n<h4><strong>Um ponto de partida: a Rerum Novarum<\/strong><\/h4>\n<p>Embora j\u00e1 houvesse iniciativas e reflex\u00f5es sociais por parte de cat\u00f3licos desde os s\u00e9culos anteriores, foi com a Enc\u00edclica Rerum Novarum, publicada por Le\u00e3o XIII em 15 de maio de 1891, que o magist\u00e9rio da Igreja deu um passo decisivo. Este documento nasceu em um contexto marcado pelas transforma\u00e7\u00f5es da Revolu\u00e7\u00e3o Industrial, com suas f\u00e1bricas, grandes cidades, explora\u00e7\u00e3o da m\u00e3o de obra e concentra\u00e7\u00e3o de riqueza.<\/p>\n<p>A enc\u00edclica \u00e9 a primeira a tratar concretamente de temas ligados \u00e0 Doutrina Social da Igreja, de modo especial a condi\u00e7\u00e3o dos trabalhadores. Por isso, denunciou as graves desigualdades sociais e as condi\u00e7\u00f5es de trabalho prec\u00e1rias da \u00e9poca, especialmente aquelas enfrentadas pelos oper\u00e1rios na Revolu\u00e7\u00e3o Industrial, defendendo a interven\u00e7\u00e3o do Estado para garantir justi\u00e7a social e dignidade laboral.<\/p>\n<p>A Rerum Novarum \u00e9 frequentemente chamada de \u201ccarta magna da atividade crist\u00e3 no campo social\u201d e marcou o in\u00edcio de uma nova fase da Igreja, comprometida com a leitura dos sinais dos tempos e com a constru\u00e7\u00e3o de uma sociedade mais justa e solid\u00e1ria. Desde ent\u00e3o, o pensamento social da Igreja se desenvolveu continuamente por meio de documentos posteriores, como Quadragesimo Anno, Mater et Magistra, Populorum Progressio, Centesimus Annus, entre outros.<\/p>\n<h4><strong>Papa Le\u00e3o XIV e os desafios do presente<\/strong><\/h4>\n<p>Recentemente eleito, o Papa Le\u00e3o XIV tem dado novo vigor \u00e0 Doutrina Social da Igreja, reconhecendo sua relev\u00e2ncia para os desafios contempor\u00e2neos. Desde o in\u00edcio de seu pontificado, ele tem feito refer\u00eancias frequentes \u00e0 Rerum Novarum, resgatando os princ\u00edpios de Le\u00e3o XIII e aplicando-os ao mundo de hoje.<\/p>\n<p>Para Le\u00e3o XIV, a DSI \u00e9 um guia para a a\u00e7\u00e3o crist\u00e3 na sociedade, oferecendo chaves interpretativas para quest\u00f5es como a desigualdade global, a crise ambiental, o desemprego estrutural, os conflitos armados, o populismo pol\u00edtico \u2014 e agora tamb\u00e9m os impactos da Intelig\u00eancia Artificial (IA) e dos algoritmos. Ele descreveu a IA como \u201coutra revolu\u00e7\u00e3o industrial\u201d, apontando que seus avan\u00e7os no campo digital exigem a mesma aten\u00e7\u00e3o da Igreja para defender \u201ca dignidade humana, a justi\u00e7a e o trabalho\u201d.<\/p>\n<p>Le\u00e3o XIV advertiu sobre o risco de a intelig\u00eancia artificial comprometer o desenvolvimento intelectual, emocional e espiritual das crian\u00e7as e jovens, alertando que o acesso a dados \u201cn\u00e3o \u00e9 sin\u00f4nimo de intelig\u00eancia verdadeira\u201d. Ele enfatizou que, embora a IA possa ajudar na democratiza\u00e7\u00e3o do conhecimento e acelerar a pesquisa, seu uso sem crit\u00e9rios \u00e9ticos pode gerar injusti\u00e7a, conflitos e uma forma de \u201cperda do que \u00e9 humano\u201d.<\/p>\n<p>O Sumo Pont\u00edfice conclama governantes, empresas de tecnologia e a pr\u00f3pria comunidade cient\u00edfica a adotarem \u201cresponsabilidade e discernimento\u201d na governan\u00e7a da IA, garantindo que ela esteja sempre a servi\u00e7o do bem comum, do respeito \u00e0 dignidade da pessoa e da integralidade do desenvolvimento humano.<\/p>\n<p>Seus primeiros discursos convidam a Igreja a escutar as dores do povo, a dialogar com outras tradi\u00e7\u00f5es e a discernir com coragem. O Papa tem chamado aten\u00e7\u00e3o para a import\u00e2ncia de se considerar sempre a perspectiva dos pobres e exclu\u00eddos, reconhecendo neles os verdadeiros protagonistas da transforma\u00e7\u00e3o social e da atualiza\u00e7\u00e3o da DSI.<\/p>\n<p>Sua elei\u00e7\u00e3o e a escolha do nome Le\u00e3o XIV s\u00e3o amplamente vistas como um tributo ao legado de Le\u00e3o XIII, reafirmando o compromisso da Igreja com a miss\u00e3o social do Evangelho. Seu pontificado promete ser marcado por uma firme busca de uma sociedade mais justa, fraterna e pac\u00edfica, alicer\u00e7ada na f\u00e9 crist\u00e3 e nos ensinamentos da tradi\u00e7\u00e3o social da Igreja.<\/p>\n<p>Falar de Doutrina Social da Igreja \u00e9 falar de esperan\u00e7a, mas tamb\u00e9m de responsabilidade. \u00c9 reconhecer que a f\u00e9 n\u00e3o se fecha em templos, mas se projeta sobre a hist\u00f3ria. Como afirmava Le\u00e3o XIII no s\u00e9culo XIX e como refor\u00e7a Le\u00e3o XIV hoje, a miss\u00e3o da Igreja passa tamb\u00e9m pelo cuidado com a casa comum, com o trabalhador, com os pobres e com todas as estruturas que devem servir \u00e0 vida. Diante de tantos desafios, a Doutrina Social da Igreja continua sendo um farol que ilumina e provoca: para onde estamos caminhando e o que estamos fazendo com os nossos irm\u00e3os e irm\u00e3s? A resposta, como sempre, est\u00e1 no Evangelho encarnado atrav\u00e9s de a\u00e7\u00f5es concretas que transformam a vida social.<\/p>\n<hr \/>\n<p><em>Frei Augusto Luiz Gabriel<\/em><\/p>\n<h6><em>Artigo publicado originalmente na edi\u00e7\u00e3o de julho de 2025 da Revista Ave Maria<\/em><\/h6>\n","protected":false},"excerpt":{"rendered":"<p>Frei Augusto Luiz Gabriel<\/p>\n","protected":false},"author":10,"featured_media":196071,"comment_status":"open","ping_status":"open","sticky":false,"template":"","format":"standard","meta":{"footnotes":""},"categories":[26],"tags":[352,411],"yoast_head":"<!-- This site is optimized with the Yoast SEO plugin v19.4 - https:\/\/yoast.com\/wordpress\/plugins\/seo\/ -->\n<title>Vamos falar sobre a Doutrina Social da Igreja? - Vida Crist\u00e3 - Franciscanos<\/title>\n<meta name=\"robots\" content=\"index, follow, max-snippet:-1, max-image-preview:large, max-video-preview:-1\" \/>\n<link rel=\"canonical\" href=\"https:\/\/franciscanos.org.br\/vidacrista\/vamos-falar-sobre-a-doutrina-social-da-igreja\/\" \/>\n<meta property=\"og:locale\" content=\"pt_BR\" \/>\n<meta property=\"og:type\" content=\"article\" \/>\n<meta property=\"og:title\" content=\"Vamos falar sobre a Doutrina Social da Igreja? - Vida Crist\u00e3 - Franciscanos\" \/>\n<meta property=\"og:description\" content=\"Frei Augusto Luiz Gabriel\" \/>\n<meta property=\"og:url\" content=\"https:\/\/franciscanos.org.br\/vidacrista\/vamos-falar-sobre-a-doutrina-social-da-igreja\/\" \/>\n<meta property=\"og:site_name\" content=\"Vida Crist\u00e3 - Franciscanos\" \/>\n<meta property=\"article:published_time\" content=\"2025-07-02T13:06:55+00:00\" \/>\n<meta property=\"og:image\" content=\"https:\/\/franciscanos.org.br\/vidacrista\/wp-content\/uploads\/2025\/07\/chamada-2.png\" \/>\n\t<meta property=\"og:image:width\" content=\"800\" \/>\n\t<meta property=\"og:image:height\" content=\"550\" \/>\n\t<meta property=\"og:image:type\" content=\"image\/png\" \/>\n<meta name=\"author\" content=\"Adriana Rabelo\" \/>\n<meta name=\"twitter:card\" content=\"summary_large_image\" \/>\n<meta name=\"twitter:label1\" content=\"Escrito por\" \/>\n\t<meta name=\"twitter:data1\" content=\"Adriana Rabelo\" \/>\n\t<meta name=\"twitter:label2\" content=\"Est. tempo de leitura\" \/>\n\t<meta name=\"twitter:data2\" content=\"5 minutos\" \/>\n<script type=\"application\/ld+json\" class=\"yoast-schema-graph\">{\"@context\":\"https:\/\/schema.org\",\"@graph\":[{\"@type\":\"WebSite\",\"@id\":\"https:\/\/franciscanos.org.br\/vidacrista\/#website\",\"url\":\"https:\/\/franciscanos.org.br\/vidacrista\/\",\"name\":\"Vida Crist\u00e3 - Franciscanos\",\"description\":\"Prov\u00edncia Franciscana da Imaculada Concei\u00e7\u00e3o do Brasil - Ordem dos Frades Menores\",\"potentialAction\":[{\"@type\":\"SearchAction\",\"target\":{\"@type\":\"EntryPoint\",\"urlTemplate\":\"https:\/\/franciscanos.org.br\/vidacrista\/?s={search_term_string}\"},\"query-input\":\"required name=search_term_string\"}],\"inLanguage\":\"pt-BR\"},{\"@type\":\"WebPage\",\"@id\":\"https:\/\/franciscanos.org.br\/vidacrista\/vamos-falar-sobre-a-doutrina-social-da-igreja\/\",\"url\":\"https:\/\/franciscanos.org.br\/vidacrista\/vamos-falar-sobre-a-doutrina-social-da-igreja\/\",\"name\":\"Vamos falar sobre a Doutrina Social da Igreja? - Vida Crist\u00e3 - Franciscanos\",\"isPartOf\":{\"@id\":\"https:\/\/franciscanos.org.br\/vidacrista\/#website\"},\"datePublished\":\"2025-07-02T13:06:55+00:00\",\"dateModified\":\"2025-07-02T13:06:55+00:00\",\"author\":{\"@id\":\"https:\/\/franciscanos.org.br\/vidacrista\/#\/schema\/person\/a0cbb2edfc0aecf8ac498802d1cb57b5\"},\"breadcrumb\":{\"@id\":\"https:\/\/franciscanos.org.br\/vidacrista\/vamos-falar-sobre-a-doutrina-social-da-igreja\/#breadcrumb\"},\"inLanguage\":\"pt-BR\",\"potentialAction\":[{\"@type\":\"ReadAction\",\"target\":[\"https:\/\/franciscanos.org.br\/vidacrista\/vamos-falar-sobre-a-doutrina-social-da-igreja\/\"]}]},{\"@type\":\"BreadcrumbList\",\"@id\":\"https:\/\/franciscanos.org.br\/vidacrista\/vamos-falar-sobre-a-doutrina-social-da-igreja\/#breadcrumb\",\"itemListElement\":[{\"@type\":\"ListItem\",\"position\":1,\"name\":\"Home\",\"item\":\"https:\/\/franciscanos.org.br\/vidacrista\/\"},{\"@type\":\"ListItem\",\"position\":2,\"name\":\"Vamos falar sobre a Doutrina Social da Igreja?\"}]},{\"@type\":\"Person\",\"@id\":\"https:\/\/franciscanos.org.br\/vidacrista\/#\/schema\/person\/a0cbb2edfc0aecf8ac498802d1cb57b5\",\"name\":\"Adriana Rabelo\",\"image\":{\"@type\":\"ImageObject\",\"inLanguage\":\"pt-BR\",\"@id\":\"https:\/\/franciscanos.org.br\/vidacrista\/#\/schema\/person\/image\/\",\"url\":\"https:\/\/secure.gravatar.com\/avatar\/0a937b7500cd7df77540cfb8bede877d?s=96&d=mm&r=g\",\"contentUrl\":\"https:\/\/secure.gravatar.com\/avatar\/0a937b7500cd7df77540cfb8bede877d?s=96&d=mm&r=g\",\"caption\":\"Adriana Rabelo\"},\"url\":\"https:\/\/franciscanos.org.br\/vidacrista\/author\/adrianarabelo\/\"}]}<\/script>\n<!-- \/ Yoast SEO plugin. -->","yoast_head_json":{"title":"Vamos falar sobre a Doutrina Social da Igreja? - Vida Crist\u00e3 - Franciscanos","robots":{"index":"index","follow":"follow","max-snippet":"max-snippet:-1","max-image-preview":"max-image-preview:large","max-video-preview":"max-video-preview:-1"},"canonical":"https:\/\/franciscanos.org.br\/vidacrista\/vamos-falar-sobre-a-doutrina-social-da-igreja\/","og_locale":"pt_BR","og_type":"article","og_title":"Vamos falar sobre a Doutrina Social da Igreja? - Vida Crist\u00e3 - Franciscanos","og_description":"Frei Augusto Luiz Gabriel","og_url":"https:\/\/franciscanos.org.br\/vidacrista\/vamos-falar-sobre-a-doutrina-social-da-igreja\/","og_site_name":"Vida Crist\u00e3 - Franciscanos","article_published_time":"2025-07-02T13:06:55+00:00","og_image":[{"width":800,"height":550,"url":"https:\/\/franciscanos.org.br\/vidacrista\/wp-content\/uploads\/2025\/07\/chamada-2.png","type":"image\/png"}],"author":"Adriana Rabelo","twitter_card":"summary_large_image","twitter_misc":{"Escrito por":"Adriana Rabelo","Est. tempo de leitura":"5 minutos"},"schema":{"@context":"https:\/\/schema.org","@graph":[{"@type":"WebSite","@id":"https:\/\/franciscanos.org.br\/vidacrista\/#website","url":"https:\/\/franciscanos.org.br\/vidacrista\/","name":"Vida Crist\u00e3 - Franciscanos","description":"Prov\u00edncia Franciscana da Imaculada Concei\u00e7\u00e3o do Brasil - Ordem dos Frades Menores","potentialAction":[{"@type":"SearchAction","target":{"@type":"EntryPoint","urlTemplate":"https:\/\/franciscanos.org.br\/vidacrista\/?s={search_term_string}"},"query-input":"required name=search_term_string"}],"inLanguage":"pt-BR"},{"@type":"WebPage","@id":"https:\/\/franciscanos.org.br\/vidacrista\/vamos-falar-sobre-a-doutrina-social-da-igreja\/","url":"https:\/\/franciscanos.org.br\/vidacrista\/vamos-falar-sobre-a-doutrina-social-da-igreja\/","name":"Vamos falar sobre a Doutrina Social da Igreja? - Vida Crist\u00e3 - Franciscanos","isPartOf":{"@id":"https:\/\/franciscanos.org.br\/vidacrista\/#website"},"datePublished":"2025-07-02T13:06:55+00:00","dateModified":"2025-07-02T13:06:55+00:00","author":{"@id":"https:\/\/franciscanos.org.br\/vidacrista\/#\/schema\/person\/a0cbb2edfc0aecf8ac498802d1cb57b5"},"breadcrumb":{"@id":"https:\/\/franciscanos.org.br\/vidacrista\/vamos-falar-sobre-a-doutrina-social-da-igreja\/#breadcrumb"},"inLanguage":"pt-BR","potentialAction":[{"@type":"ReadAction","target":["https:\/\/franciscanos.org.br\/vidacrista\/vamos-falar-sobre-a-doutrina-social-da-igreja\/"]}]},{"@type":"BreadcrumbList","@id":"https:\/\/franciscanos.org.br\/vidacrista\/vamos-falar-sobre-a-doutrina-social-da-igreja\/#breadcrumb","itemListElement":[{"@type":"ListItem","position":1,"name":"Home","item":"https:\/\/franciscanos.org.br\/vidacrista\/"},{"@type":"ListItem","position":2,"name":"Vamos falar sobre a Doutrina Social da Igreja?"}]},{"@type":"Person","@id":"https:\/\/franciscanos.org.br\/vidacrista\/#\/schema\/person\/a0cbb2edfc0aecf8ac498802d1cb57b5","name":"Adriana Rabelo","image":{"@type":"ImageObject","inLanguage":"pt-BR","@id":"https:\/\/franciscanos.org.br\/vidacrista\/#\/schema\/person\/image\/","url":"https:\/\/secure.gravatar.com\/avatar\/0a937b7500cd7df77540cfb8bede877d?s=96&d=mm&r=g","contentUrl":"https:\/\/secure.gravatar.com\/avatar\/0a937b7500cd7df77540cfb8bede877d?s=96&d=mm&r=g","caption":"Adriana Rabelo"},"url":"https:\/\/franciscanos.org.br\/vidacrista\/author\/adrianarabelo\/"}]}},"_links":{"self":[{"href":"https:\/\/franciscanos.org.br\/vidacrista\/wp-json\/wp\/v2\/posts\/196063"}],"collection":[{"href":"https:\/\/franciscanos.org.br\/vidacrista\/wp-json\/wp\/v2\/posts"}],"about":[{"href":"https:\/\/franciscanos.org.br\/vidacrista\/wp-json\/wp\/v2\/types\/post"}],"author":[{"embeddable":true,"href":"https:\/\/franciscanos.org.br\/vidacrista\/wp-json\/wp\/v2\/users\/10"}],"replies":[{"embeddable":true,"href":"https:\/\/franciscanos.org.br\/vidacrista\/wp-json\/wp\/v2\/comments?post=196063"}],"version-history":[{"count":4,"href":"https:\/\/franciscanos.org.br\/vidacrista\/wp-json\/wp\/v2\/posts\/196063\/revisions"}],"predecessor-version":[{"id":196073,"href":"https:\/\/franciscanos.org.br\/vidacrista\/wp-json\/wp\/v2\/posts\/196063\/revisions\/196073"}],"wp:featuredmedia":[{"embeddable":true,"href":"https:\/\/franciscanos.org.br\/vidacrista\/wp-json\/wp\/v2\/media\/196071"}],"wp:attachment":[{"href":"https:\/\/franciscanos.org.br\/vidacrista\/wp-json\/wp\/v2\/media?parent=196063"}],"wp:term":[{"taxonomy":"category","embeddable":true,"href":"https:\/\/franciscanos.org.br\/vidacrista\/wp-json\/wp\/v2\/categories?post=196063"},{"taxonomy":"post_tag","embeddable":true,"href":"https:\/\/franciscanos.org.br\/vidacrista\/wp-json\/wp\/v2\/tags?post=196063"}],"curies":[{"name":"wp","href":"https:\/\/api.w.org\/{rel}","templated":true}]}}